{"id":1872,"date":"2025-01-19T19:58:11","date_gmt":"2025-01-19T19:58:11","guid":{"rendered":"https:\/\/www.diario21.tv\/noticias\/alerta-de-salud-hospitales-bajo-presion-por-aumento-de-virus-respiratorios\/"},"modified":"2025-01-19T19:58:12","modified_gmt":"2025-01-19T19:58:12","slug":"alerta-de-salud-hospitales-bajo-presion-por-aumento-de-virus-respiratorios","status":"publish","type":"post","link":"https:\/\/www.diario21.tv\/noticias\/alerta-de-salud-hospitales-bajo-presion-por-aumento-de-virus-respiratorios\/","title":{"rendered":"\u00a1Alerta de salud! Hospitales bajo presi\u00f3n por aumento de virus respiratorios"},"content":{"rendered":"<h2>El aumento de infecciones respiratorias agudiza la situaci\u00f3n en los centros hospitalarios<\/h2>\n<p>En los \u00faltimos tiempos, se ha observado un significativo incremento en los casos de enfermedades respiratorias, lo cual est\u00e1 provocando una sobrecarga en las instalaciones hospitalarias a nivel global. Este fen\u00f3meno no solo repercute en la capacidad de atenci\u00f3n de los pacientes con otras dolencias, sino que tambi\u00e9n pone a prueba la resistencia de los sistemas de salud que a\u00fan se recuperan de las oleadas anteriores de la pandemia de COVID-19.<\/p>\n<h3>Impacto en el sistema de salud<\/h3>\n<p>Los hospitales, ya de por s\u00ed estresados por la atenci\u00f3n continua a pacientes con COVID-19, ahora enfrentan un nuevo desaf\u00edo con el aumento de casos de influenza y otros virus respiratorios. Esto ha llevado a un uso intensivo de recursos m\u00e9dicos, incluyendo camas de hospital, personal m\u00e9dico y equipo especializado. En muchas \u00e1reas, esto ha resultado en tiempos de espera m\u00e1s largos para tratamientos y procedimientos no urgentes, afectando negativamente la calidad del servicio de salud ofrecido a la comunidad.<\/p>\n<p>Adem\u00e1s, el personal de salud ha reportado niveles crecientes de fatiga y estr\u00e9s, dado que deben manejar no solo un mayor n\u00famero de pacientes, sino tambi\u00e9n la complejidad de tratar m\u00faltiples virus respiratorios que pueden presentar s\u00edntomas similares pero que requieren tratamientos espec\u00edficos.<\/p>\n<h3>Estrategias de gesti\u00f3n y prevenci\u00f3n<\/h3>\n<p>Ante este panorama, las autoridades de salud p\u00fablica y los administradores hospitalarios han empezado a implementar diversas estrategias para gestionar mejor la carga de trabajo y optimizar la atenci\u00f3n. Estas medidas incluyen el aumento de campa\u00f1as de vacunaci\u00f3n, especialmente dirigidas a grupos vulnerables como ancianos, ni\u00f1os y personas con condiciones preexistentes que los hacen m\u00e1s susceptibles a complicaciones graves.<\/p>\n<p>Otra estrategia ha sido la promoci\u00f3n de medidas preventivas generales, como el uso de mascarillas, lavado frecuente de manos y el mantenimiento de la distancia social en lugares p\u00fablicos. Adem\u00e1s, se ha incentivado a la poblaci\u00f3n a acudir a consultas m\u00e9dicas y buscar atenci\u00f3n temprana al presentar s\u00edntomas de infecciones respiratorias, para evitar complicaciones y reducir la presi\u00f3n sobre los servicios de urgencia.<\/p>\n<h3>Conclusi\u00f3n<\/h3>\n<p>El repunte de los virus respiratorios representa un desaf\u00edo adicional para los sistemas de salud que a\u00fan luchan por recuperarse y estabilizarse despu\u00e9s de los impactos prolongados de la pandemia de COVID-19. La implementaci\u00f3n efectiva de medidas preventivas y estrategias de gesti\u00f3n ser\u00e1 crucial para mitigar los efectos de este aumento en las infecciones respiratorias y para asegurar que los hospitales puedan continuar brindando atenci\u00f3n m\u00e9dica de calidad a todos los pacientes.<\/p>\n\n\n<div class=\"kk-star-ratings kksr-auto kksr-align-left kksr-valign-bottom\"\n    data-payload='{&quot;align&quot;:&quot;left&quot;,&quot;id&quot;:&quot;1872&quot;,&quot;slug&quot;:&quot;default&quot;,&quot;valign&quot;:&quot;bottom&quot;,&quot;ignore&quot;:&quot;&quot;,&quot;reference&quot;:&quot;auto&quot;,&quot;class&quot;:&quot;&quot;,&quot;count&quot;:&quot;0&quot;,&quot;legendonly&quot;:&quot;&quot;,&quot;readonly&quot;:&quot;&quot;,&quot;score&quot;:&quot;0&quot;,&quot;starsonly&quot;:&quot;&quot;,&quot;best&quot;:&quot;5&quot;,&quot;gap&quot;:&quot;5&quot;,&quot;greet&quot;:&quot;Valora este post&quot;,&quot;legend&quot;:&quot;0\\\/5 - (0 votes)&quot;,&quot;size&quot;:&quot;22&quot;,&quot;title&quot;:&quot;\u00a1Alerta de salud! Hospitales bajo presi\u00f3n por aumento de virus respiratorios&quot;,&quot;width&quot;:&quot;0&quot;,&quot;_legend&quot;:&quot;{score}\\\/{best} - ({count} {votes})&quot;,&quot;font_factor&quot;:&quot;1.25&quot;}'>\n            \n<div class=\"kksr-stars\">\n    \n<div class=\"kksr-stars-inactive\">\n            <div class=\"kksr-star\" data-star=\"1\" style=\"padding-right: 5px\">\n            \n\n<div class=\"kksr-icon\" style=\"width: 22px; height: 22px;\"><\/div>\n        <\/div>\n            <div class=\"kksr-star\" data-star=\"2\" style=\"padding-right: 5px\">\n            \n\n<div class=\"kksr-icon\" style=\"width: 22px; height: 22px;\"><\/div>\n        <\/div>\n            <div class=\"kksr-star\" data-star=\"3\" style=\"padding-right: 5px\">\n            \n\n<div class=\"kksr-icon\" style=\"width: 22px; height: 22px;\"><\/div>\n        <\/div>\n            <div class=\"kksr-star\" data-star=\"4\" style=\"padding-right: 5px\">\n            \n\n<div class=\"kksr-icon\" style=\"width: 22px; height: 22px;\"><\/div>\n        <\/div>\n            <div class=\"kksr-star\" data-star=\"5\" style=\"padding-right: 5px\">\n            \n\n<div class=\"kksr-icon\" style=\"width: 22px; height: 22px;\"><\/div>\n        <\/div>\n    <\/div>\n    \n<div class=\"kksr-stars-active\" style=\"width: 0px;\">\n            <div class=\"kksr-star\" style=\"padding-right: 5px\">\n            \n\n<div class=\"kksr-icon\" style=\"width: 22px; height: 22px;\"><\/div>\n        <\/div>\n            <div class=\"kksr-star\" style=\"padding-right: 5px\">\n            \n\n<div class=\"kksr-icon\" style=\"width: 22px; height: 22px;\"><\/div>\n        <\/div>\n            <div class=\"kksr-star\" style=\"padding-right: 5px\">\n            \n\n<div class=\"kksr-icon\" style=\"width: 22px; height: 22px;\"><\/div>\n        <\/div>\n            <div class=\"kksr-star\" style=\"padding-right: 5px\">\n            \n\n<div class=\"kksr-icon\" style=\"width: 22px; height: 22px;\"><\/div>\n        <\/div>\n            <div class=\"kksr-star\" style=\"padding-right: 5px\">\n            \n\n<div class=\"kksr-icon\" style=\"width: 22px; height: 22px;\"><\/div>\n        <\/div>\n    <\/div>\n<\/div>\n                \n\n<div class=\"kksr-legend\" style=\"font-size: 17.6px;\">\n            <span class=\"kksr-muted\">Valora este post<\/span>\n    <\/div>\n    <\/div>\n","protected":false},"excerpt":{"rendered":"<p>El aumento de infecciones respiratorias agudiza la situaci\u00f3n en los centros hospitalarios En los \u00faltimos tiempos, se ha observado un significativo incremento en los casos de &#8230; <a title=\"\u00a1Alerta de salud! Hospitales bajo presi\u00f3n por aumento de virus respiratorios\" class=\"read-more\" href=\"https:\/\/www.diario21.tv\/noticias\/alerta-de-salud-hospitales-bajo-presion-por-aumento-de-virus-respiratorios\/\" aria-label=\"Leer m\u00e1s sobre \u00a1Alerta de salud! Hospitales bajo presi\u00f3n por aumento de virus respiratorios\">Seguir leyendo &rarr;<\/a><\/p>\n","protected":false},"author":20,"featured_media":1873,"comment_status":"open","ping_status":"open","sticky":false,"template":"","format":"standard","meta":{"footnotes":""},"categories":[13],"tags":[],"class_list":["post-1872","post","type-post","status-publish","format-standard","has-post-thumbnail","hentry","category-portada"],"yoast_head":"<!-- This site is optimized with the Yoast SEO plugin v25.6 - https:\/\/yoast.com\/wordpress\/plugins\/seo\/ -->\n<title>\u00a1Alerta de salud! Hospitales bajo presi\u00f3n por aumento de virus respiratorios - Diario 21<\/title>\n<meta name=\"robots\" content=\"index, follow, max-snippet:-1, max-image-preview:large, max-video-preview:-1\" \/>\n<link rel=\"canonical\" href=\"https:\/\/www.diario21.tv\/noticias\/alerta-de-salud-hospitales-bajo-presion-por-aumento-de-virus-respiratorios\/\" \/>\n<meta property=\"og:locale\" content=\"es_ES\" \/>\n<meta property=\"og:type\" content=\"article\" \/>\n<meta property=\"og:title\" content=\"\u00a1Alerta de salud! Hospitales bajo presi\u00f3n por aumento de virus respiratorios - Diario 21\" \/>\n<meta property=\"og:description\" content=\"El aumento de infecciones respiratorias agudiza la situaci\u00f3n en los centros hospitalarios En los \u00faltimos tiempos, se ha observado un significativo incremento en los casos de ... Seguir leyendo &rarr;\" \/>\n<meta property=\"og:url\" content=\"https:\/\/www.diario21.tv\/noticias\/alerta-de-salud-hospitales-bajo-presion-por-aumento-de-virus-respiratorios\/\" \/>\n<meta property=\"og:site_name\" content=\"Diario 21\" \/>\n<meta property=\"article:published_time\" content=\"2025-01-19T19:58:11+00:00\" \/>\n<meta property=\"article:modified_time\" content=\"2025-01-19T19:58:12+00:00\" \/>\n<meta property=\"og:image\" content=\"https:\/\/www.diario21.tv\/noticias\/wp-content\/uploads\/2025\/01\/\u00a1Alerta-de-salud-Hospitales-bajo-presion-por-aumento-de-virus.jpg\" \/>\n\t<meta property=\"og:image:width\" content=\"1920\" \/>\n\t<meta property=\"og:image:height\" content=\"1080\" \/>\n\t<meta property=\"og:image:type\" content=\"image\/jpeg\" \/>\n<meta name=\"author\" content=\"Juan P\u00e9rez\" \/>\n<meta name=\"twitter:card\" content=\"summary_large_image\" \/>\n<meta name=\"twitter:label1\" content=\"Escrito por\" \/>\n\t<meta name=\"twitter:data1\" content=\"Juan P\u00e9rez\" \/>\n\t<meta name=\"twitter:label2\" content=\"Tiempo de lectura\" \/>\n\t<meta name=\"twitter:data2\" content=\"2 minutos\" \/>\n<script type=\"application\/ld+json\" class=\"yoast-schema-graph\">{\"@context\":\"https:\/\/schema.org\",\"@graph\":[{\"@type\":\"WebPage\",\"@id\":\"https:\/\/www.diario21.tv\/noticias\/alerta-de-salud-hospitales-bajo-presion-por-aumento-de-virus-respiratorios\/\",\"url\":\"https:\/\/www.diario21.tv\/noticias\/alerta-de-salud-hospitales-bajo-presion-por-aumento-de-virus-respiratorios\/\",\"name\":\"\u00a1Alerta de salud! Hospitales bajo presi\u00f3n por aumento de virus respiratorios - Diario 21\",\"isPartOf\":{\"@id\":\"https:\/\/www.diario21.tv\/noticias\/#website\"},\"primaryImageOfPage\":{\"@id\":\"https:\/\/www.diario21.tv\/noticias\/alerta-de-salud-hospitales-bajo-presion-por-aumento-de-virus-respiratorios\/#primaryimage\"},\"image\":{\"@id\":\"https:\/\/www.diario21.tv\/noticias\/alerta-de-salud-hospitales-bajo-presion-por-aumento-de-virus-respiratorios\/#primaryimage\"},\"thumbnailUrl\":\"https:\/\/www.diario21.tv\/noticias\/wp-content\/uploads\/2025\/01\/\u00a1Alerta-de-salud-Hospitales-bajo-presion-por-aumento-de-virus.jpg\",\"datePublished\":\"2025-01-19T19:58:11+00:00\",\"dateModified\":\"2025-01-19T19:58:12+00:00\",\"author\":{\"@id\":\"https:\/\/www.diario21.tv\/noticias\/#\/schema\/person\/dfb778f73814d8f09f302618446a526b\"},\"breadcrumb\":{\"@id\":\"https:\/\/www.diario21.tv\/noticias\/alerta-de-salud-hospitales-bajo-presion-por-aumento-de-virus-respiratorios\/#breadcrumb\"},\"inLanguage\":\"es-AR\",\"potentialAction\":[{\"@type\":\"ReadAction\",\"target\":[\"https:\/\/www.diario21.tv\/noticias\/alerta-de-salud-hospitales-bajo-presion-por-aumento-de-virus-respiratorios\/\"]}]},{\"@type\":\"ImageObject\",\"inLanguage\":\"es-AR\",\"@id\":\"https:\/\/www.diario21.tv\/noticias\/alerta-de-salud-hospitales-bajo-presion-por-aumento-de-virus-respiratorios\/#primaryimage\",\"url\":\"https:\/\/www.diario21.tv\/noticias\/wp-content\/uploads\/2025\/01\/\u00a1Alerta-de-salud-Hospitales-bajo-presion-por-aumento-de-virus.jpg\",\"contentUrl\":\"https:\/\/www.diario21.tv\/noticias\/wp-content\/uploads\/2025\/01\/\u00a1Alerta-de-salud-Hospitales-bajo-presion-por-aumento-de-virus.jpg\",\"width\":1920,\"height\":1080,\"caption\":\"El repunte de los virus respiratorios aumenta la presi\u00f3n sobre los hospitales\"},{\"@type\":\"BreadcrumbList\",\"@id\":\"https:\/\/www.diario21.tv\/noticias\/alerta-de-salud-hospitales-bajo-presion-por-aumento-de-virus-respiratorios\/#breadcrumb\",\"itemListElement\":[{\"@type\":\"ListItem\",\"position\":1,\"name\":\"Accueil\",\"item\":\"https:\/\/www.diario21.tv\/noticias\/\"},{\"@type\":\"ListItem\",\"position\":2,\"name\":\"\u00a1Alerta de salud! Hospitales bajo presi\u00f3n por aumento de virus respiratorios\"}]},{\"@type\":\"WebSite\",\"@id\":\"https:\/\/www.diario21.tv\/noticias\/#website\",\"url\":\"https:\/\/www.diario21.tv\/noticias\/\",\"name\":\"Diario 21\",\"description\":\"\",\"potentialAction\":[{\"@type\":\"SearchAction\",\"target\":{\"@type\":\"EntryPoint\",\"urlTemplate\":\"https:\/\/www.diario21.tv\/noticias\/?s={search_term_string}\"},\"query-input\":{\"@type\":\"PropertyValueSpecification\",\"valueRequired\":true,\"valueName\":\"search_term_string\"}}],\"inLanguage\":\"es-AR\"},{\"@type\":\"Person\",\"@id\":\"https:\/\/www.diario21.tv\/noticias\/#\/schema\/person\/dfb778f73814d8f09f302618446a526b\",\"name\":\"Juan P\u00e9rez\",\"image\":{\"@type\":\"ImageObject\",\"inLanguage\":\"es-AR\",\"@id\":\"https:\/\/www.diario21.tv\/noticias\/#\/schema\/person\/image\/\",\"url\":\"https:\/\/secure.gravatar.com\/avatar\/c478a405bd10621167f4c3167cc770f5?s=96&d=mm&r=g\",\"contentUrl\":\"https:\/\/secure.gravatar.com\/avatar\/c478a405bd10621167f4c3167cc770f5?s=96&d=mm&r=g\",\"caption\":\"Juan P\u00e9rez\"},\"description\":\"Juan P\u00e9rez es el redactor en jefe de Diario 21. Con m\u00e1s de 10 a\u00f1os de experiencia en el periodismo, se especializa en pol\u00edtica nacional y an\u00e1lisis socioecon\u00f3mico. Su enfoque cr\u00edtico y riguroso aporta una perspectiva \u00fanica a cada art\u00edculo.\",\"sameAs\":[\"https:\/\/www.diario21.tv\/noticias\/\"],\"url\":\"https:\/\/www.diario21.tv\/noticias\/author\/juan-perez\/\"}]}<\/script>\n<!-- \/ Yoast SEO plugin. -->","yoast_head_json":{"title":"\u00a1Alerta de salud! Hospitales bajo presi\u00f3n por aumento de virus respiratorios - Diario 21","robots":{"index":"index","follow":"follow","max-snippet":"max-snippet:-1","max-image-preview":"max-image-preview:large","max-video-preview":"max-video-preview:-1"},"canonical":"https:\/\/www.diario21.tv\/noticias\/alerta-de-salud-hospitales-bajo-presion-por-aumento-de-virus-respiratorios\/","og_locale":"es_ES","og_type":"article","og_title":"\u00a1Alerta de salud! Hospitales bajo presi\u00f3n por aumento de virus respiratorios - Diario 21","og_description":"El aumento de infecciones respiratorias agudiza la situaci\u00f3n en los centros hospitalarios En los \u00faltimos tiempos, se ha observado un significativo incremento en los casos de ... Seguir leyendo &rarr;","og_url":"https:\/\/www.diario21.tv\/noticias\/alerta-de-salud-hospitales-bajo-presion-por-aumento-de-virus-respiratorios\/","og_site_name":"Diario 21","article_published_time":"2025-01-19T19:58:11+00:00","article_modified_time":"2025-01-19T19:58:12+00:00","og_image":[{"width":1920,"height":1080,"url":"https:\/\/www.diario21.tv\/noticias\/wp-content\/uploads\/2025\/01\/\u00a1Alerta-de-salud-Hospitales-bajo-presion-por-aumento-de-virus.jpg","type":"image\/jpeg"}],"author":"Juan P\u00e9rez","twitter_card":"summary_large_image","twitter_misc":{"Escrito por":"Juan P\u00e9rez","Tiempo de lectura":"2 minutos"},"schema":{"@context":"https:\/\/schema.org","@graph":[{"@type":"WebPage","@id":"https:\/\/www.diario21.tv\/noticias\/alerta-de-salud-hospitales-bajo-presion-por-aumento-de-virus-respiratorios\/","url":"https:\/\/www.diario21.tv\/noticias\/alerta-de-salud-hospitales-bajo-presion-por-aumento-de-virus-respiratorios\/","name":"\u00a1Alerta de salud! Hospitales bajo presi\u00f3n por aumento de virus respiratorios - Diario 21","isPartOf":{"@id":"https:\/\/www.diario21.tv\/noticias\/#website"},"primaryImageOfPage":{"@id":"https:\/\/www.diario21.tv\/noticias\/alerta-de-salud-hospitales-bajo-presion-por-aumento-de-virus-respiratorios\/#primaryimage"},"image":{"@id":"https:\/\/www.diario21.tv\/noticias\/alerta-de-salud-hospitales-bajo-presion-por-aumento-de-virus-respiratorios\/#primaryimage"},"thumbnailUrl":"https:\/\/www.diario21.tv\/noticias\/wp-content\/uploads\/2025\/01\/\u00a1Alerta-de-salud-Hospitales-bajo-presion-por-aumento-de-virus.jpg","datePublished":"2025-01-19T19:58:11+00:00","dateModified":"2025-01-19T19:58:12+00:00","author":{"@id":"https:\/\/www.diario21.tv\/noticias\/#\/schema\/person\/dfb778f73814d8f09f302618446a526b"},"breadcrumb":{"@id":"https:\/\/www.diario21.tv\/noticias\/alerta-de-salud-hospitales-bajo-presion-por-aumento-de-virus-respiratorios\/#breadcrumb"},"inLanguage":"es-AR","potentialAction":[{"@type":"ReadAction","target":["https:\/\/www.diario21.tv\/noticias\/alerta-de-salud-hospitales-bajo-presion-por-aumento-de-virus-respiratorios\/"]}]},{"@type":"ImageObject","inLanguage":"es-AR","@id":"https:\/\/www.diario21.tv\/noticias\/alerta-de-salud-hospitales-bajo-presion-por-aumento-de-virus-respiratorios\/#primaryimage","url":"https:\/\/www.diario21.tv\/noticias\/wp-content\/uploads\/2025\/01\/\u00a1Alerta-de-salud-Hospitales-bajo-presion-por-aumento-de-virus.jpg","contentUrl":"https:\/\/www.diario21.tv\/noticias\/wp-content\/uploads\/2025\/01\/\u00a1Alerta-de-salud-Hospitales-bajo-presion-por-aumento-de-virus.jpg","width":1920,"height":1080,"caption":"El repunte de los virus respiratorios aumenta la presi\u00f3n sobre los hospitales"},{"@type":"BreadcrumbList","@id":"https:\/\/www.diario21.tv\/noticias\/alerta-de-salud-hospitales-bajo-presion-por-aumento-de-virus-respiratorios\/#breadcrumb","itemListElement":[{"@type":"ListItem","position":1,"name":"Accueil","item":"https:\/\/www.diario21.tv\/noticias\/"},{"@type":"ListItem","position":2,"name":"\u00a1Alerta de salud! Hospitales bajo presi\u00f3n por aumento de virus respiratorios"}]},{"@type":"WebSite","@id":"https:\/\/www.diario21.tv\/noticias\/#website","url":"https:\/\/www.diario21.tv\/noticias\/","name":"Diario 21","description":"","potentialAction":[{"@type":"SearchAction","target":{"@type":"EntryPoint","urlTemplate":"https:\/\/www.diario21.tv\/noticias\/?s={search_term_string}"},"query-input":{"@type":"PropertyValueSpecification","valueRequired":true,"valueName":"search_term_string"}}],"inLanguage":"es-AR"},{"@type":"Person","@id":"https:\/\/www.diario21.tv\/noticias\/#\/schema\/person\/dfb778f73814d8f09f302618446a526b","name":"Juan P\u00e9rez","image":{"@type":"ImageObject","inLanguage":"es-AR","@id":"https:\/\/www.diario21.tv\/noticias\/#\/schema\/person\/image\/","url":"https:\/\/secure.gravatar.com\/avatar\/c478a405bd10621167f4c3167cc770f5?s=96&d=mm&r=g","contentUrl":"https:\/\/secure.gravatar.com\/avatar\/c478a405bd10621167f4c3167cc770f5?s=96&d=mm&r=g","caption":"Juan P\u00e9rez"},"description":"Juan P\u00e9rez es el redactor en jefe de Diario 21. Con m\u00e1s de 10 a\u00f1os de experiencia en el periodismo, se especializa en pol\u00edtica nacional y an\u00e1lisis socioecon\u00f3mico. Su enfoque cr\u00edtico y riguroso aporta una perspectiva \u00fanica a cada art\u00edculo.","sameAs":["https:\/\/www.diario21.tv\/noticias\/"],"url":"https:\/\/www.diario21.tv\/noticias\/author\/juan-perez\/"}]}},"_links":{"self":[{"href":"https:\/\/www.diario21.tv\/noticias\/wp-json\/wp\/v2\/posts\/1872"}],"collection":[{"href":"https:\/\/www.diario21.tv\/noticias\/wp-json\/wp\/v2\/posts"}],"about":[{"href":"https:\/\/www.diario21.tv\/noticias\/wp-json\/wp\/v2\/types\/post"}],"author":[{"embeddable":true,"href":"https:\/\/www.diario21.tv\/noticias\/wp-json\/wp\/v2\/users\/20"}],"replies":[{"embeddable":true,"href":"https:\/\/www.diario21.tv\/noticias\/wp-json\/wp\/v2\/comments?post=1872"}],"version-history":[{"count":1,"href":"https:\/\/www.diario21.tv\/noticias\/wp-json\/wp\/v2\/posts\/1872\/revisions"}],"predecessor-version":[{"id":1874,"href":"https:\/\/www.diario21.tv\/noticias\/wp-json\/wp\/v2\/posts\/1872\/revisions\/1874"}],"wp:featuredmedia":[{"embeddable":true,"href":"https:\/\/www.diario21.tv\/noticias\/wp-json\/wp\/v2\/media\/1873"}],"wp:attachment":[{"href":"https:\/\/www.diario21.tv\/noticias\/wp-json\/wp\/v2\/media?parent=1872"}],"wp:term":[{"taxonomy":"category","embeddable":true,"href":"https:\/\/www.diario21.tv\/noticias\/wp-json\/wp\/v2\/categories?post=1872"},{"taxonomy":"post_tag","embeddable":true,"href":"https:\/\/www.diario21.tv\/noticias\/wp-json\/wp\/v2\/tags?post=1872"}],"curies":[{"name":"wp","href":"https:\/\/api.w.org\/{rel}","templated":true}]}}