{"id":1866,"date":"2025-01-19T07:54:17","date_gmt":"2025-01-19T07:54:17","guid":{"rendered":"https:\/\/www.diario21.tv\/noticias\/alerta-en-europa-investigacion-sobre-ozempic-y-su-posible-vinculo-con-una-rara-ceguera\/"},"modified":"2025-01-19T07:54:18","modified_gmt":"2025-01-19T07:54:18","slug":"alerta-en-europa-investigacion-sobre-ozempic-y-su-posible-vinculo-con-una-rara-ceguera","status":"publish","type":"post","link":"https:\/\/www.diario21.tv\/noticias\/alerta-en-europa-investigacion-sobre-ozempic-y-su-posible-vinculo-con-una-rara-ceguera\/","title":{"rendered":"\u00a1Alerta en Europa! Investigaci\u00f3n sobre Ozempic y su posible v\u00ednculo con una rara ceguera"},"content":{"rendered":"<h2>Europa examina posibles v\u00ednculos entre Ozempic y un inusual tipo de p\u00e9rdida visual<\/h2>\n<p>Las autoridades sanitarias europeas est\u00e1n actualmente evaluando si existe una conexi\u00f3n entre el medicamento para la diabetes, Ozempic, y un incremento en el riesgo de padecer una forma poco com\u00fan de ceguera. Esta investigaci\u00f3n surge tras reportes que sugieren que algunos usuarios de Ozempic podr\u00edan estar experimentando complicaciones visuales severas.<\/p>\n<h3>\u00bfQu\u00e9 es Ozempic?<\/h3>\n<p>Ozempic, cuyo principio activo es semaglutida, es un tratamiento ampliamente prescrito a nivel mundial para personas con diabetes tipo 2. Este medicamento, administrado mediante inyecci\u00f3n semanal, ayuda a controlar los niveles de az\u00facar en sangre. Adem\u00e1s de su uso en la diabetes, Ozempic ha ganado popularidad por su efecto secundario de p\u00e9rdida de peso, lo cual ha llevado a un aumento en su uso fuera de las indicaciones aprobadas oficialmente.<\/p>\n<h3>Investigaci\u00f3n sobre la seguridad de Ozempic<\/h3>\n<p>La preocupaci\u00f3n actual radica en informes que asocian el uso de Ozempic con la aparici\u00f3n de una neuropat\u00eda \u00f3ptica isqu\u00e9mica anterior no arter\u00edtica (NAION), una afecci\u00f3n que puede resultar en una p\u00e9rdida de visi\u00f3n repentina y posiblemente permanente. La NAION ocurre cuando se reduce el flujo sangu\u00edneo al nervio \u00f3ptico, causando da\u00f1o y afectando la visi\u00f3n.<\/p>\n<p>Las autoridades de salud de Europa, incluyendo la Agencia Europea de Medicamentos (EMA), han comenzado a revisar los datos disponibles para determinar si el riesgo de NAION es mayor en pacientes que toman Ozempic en comparaci\u00f3n con aquellos que no utilizan este medicamento. Este proceso involucra el an\u00e1lisis de los casos reportados, estudios cl\u00ednicos previos y datos de seguridad existentes.<\/p>\n<h3>Reacciones de la comunidad m\u00e9dica y de pacientes<\/h3>\n<p>Mientras que la investigaci\u00f3n est\u00e1 en curso, la comunidad m\u00e9dica ha reaccionado con cautela. Algunos profesionales de la salud est\u00e1n revisando los tratamientos actuales de sus pacientes y considerando alternativas, especialmente para aquellos que pueden estar en mayor riesgo de problemas oculares. Por otro lado, pacientes que utilizan Ozempic han expresado su preocupaci\u00f3n y buscan m\u00e1s informaci\u00f3n sobre los potenciales riesgos que este medicamento podr\u00eda implicar para su salud visual.<\/p>\n<h3>Recomendaciones para los consumidores de Ozempic<\/h3>\n<p>Aunque la investigaci\u00f3n a\u00fan no ha concluido, se aconseja a los pacientes que no dejen de tomar Ozempic sin antes consultar con su m\u00e9dico. Interrumpir el tratamiento de manera abrupta puede llevar a descontrol en los niveles de az\u00facar en sangre, lo que representa sus propios riesgos. Es crucial que los pacientes discutan cualquier preocupaci\u00f3n con su m\u00e9dico, quien puede proporcionar orientaci\u00f3n basada en el perfil individual de riesgo y beneficio.<\/p>\n<h3>Conclusi\u00f3n<\/h3>\n<p>La seguridad de los pacientes es de suma importancia, y las autoridades sanitarias europeas est\u00e1n comprometidas a clarificar esta posible asociaci\u00f3n entre Ozempic y el aumento en el riesgo de NAION. A medida que avanza la investigaci\u00f3n, es importante que tanto m\u00e9dicos como pacientes mantengan una comunicaci\u00f3n abierta y basada en la evidencia para manejar de manera efectiva la diabetes y prevenir posibles complicaciones adversas.<\/p>\n\n\n<div class=\"kk-star-ratings kksr-auto kksr-align-left kksr-valign-bottom\"\n    data-payload='{&quot;align&quot;:&quot;left&quot;,&quot;id&quot;:&quot;1866&quot;,&quot;slug&quot;:&quot;default&quot;,&quot;valign&quot;:&quot;bottom&quot;,&quot;ignore&quot;:&quot;&quot;,&quot;reference&quot;:&quot;auto&quot;,&quot;class&quot;:&quot;&quot;,&quot;count&quot;:&quot;0&quot;,&quot;legendonly&quot;:&quot;&quot;,&quot;readonly&quot;:&quot;&quot;,&quot;score&quot;:&quot;0&quot;,&quot;starsonly&quot;:&quot;&quot;,&quot;best&quot;:&quot;5&quot;,&quot;gap&quot;:&quot;5&quot;,&quot;greet&quot;:&quot;Valora este post&quot;,&quot;legend&quot;:&quot;0\\\/5 - (0 votes)&quot;,&quot;size&quot;:&quot;22&quot;,&quot;title&quot;:&quot;\u00a1Alerta en Europa! Investigaci\u00f3n sobre Ozempic y su posible v\u00ednculo con una rara ceguera&quot;,&quot;width&quot;:&quot;0&quot;,&quot;_legend&quot;:&quot;{score}\\\/{best} - ({count} {votes})&quot;,&quot;font_factor&quot;:&quot;1.25&quot;}'>\n            \n<div class=\"kksr-stars\">\n    \n<div class=\"kksr-stars-inactive\">\n            <div class=\"kksr-star\" data-star=\"1\" style=\"padding-right: 5px\">\n            \n\n<div class=\"kksr-icon\" style=\"width: 22px; height: 22px;\"><\/div>\n        <\/div>\n            <div class=\"kksr-star\" data-star=\"2\" style=\"padding-right: 5px\">\n            \n\n<div class=\"kksr-icon\" style=\"width: 22px; height: 22px;\"><\/div>\n        <\/div>\n            <div class=\"kksr-star\" data-star=\"3\" style=\"padding-right: 5px\">\n            \n\n<div class=\"kksr-icon\" style=\"width: 22px; height: 22px;\"><\/div>\n        <\/div>\n            <div class=\"kksr-star\" data-star=\"4\" style=\"padding-right: 5px\">\n            \n\n<div class=\"kksr-icon\" style=\"width: 22px; height: 22px;\"><\/div>\n        <\/div>\n            <div class=\"kksr-star\" data-star=\"5\" style=\"padding-right: 5px\">\n            \n\n<div class=\"kksr-icon\" style=\"width: 22px; height: 22px;\"><\/div>\n        <\/div>\n    <\/div>\n    \n<div class=\"kksr-stars-active\" style=\"width: 0px;\">\n            <div class=\"kksr-star\" style=\"padding-right: 5px\">\n            \n\n<div class=\"kksr-icon\" style=\"width: 22px; height: 22px;\"><\/div>\n        <\/div>\n            <div class=\"kksr-star\" style=\"padding-right: 5px\">\n            \n\n<div class=\"kksr-icon\" style=\"width: 22px; height: 22px;\"><\/div>\n        <\/div>\n            <div class=\"kksr-star\" style=\"padding-right: 5px\">\n            \n\n<div class=\"kksr-icon\" style=\"width: 22px; height: 22px;\"><\/div>\n        <\/div>\n            <div class=\"kksr-star\" style=\"padding-right: 5px\">\n            \n\n<div class=\"kksr-icon\" style=\"width: 22px; height: 22px;\"><\/div>\n        <\/div>\n            <div class=\"kksr-star\" style=\"padding-right: 5px\">\n            \n\n<div class=\"kksr-icon\" style=\"width: 22px; height: 22px;\"><\/div>\n        <\/div>\n    <\/div>\n<\/div>\n                \n\n<div class=\"kksr-legend\" style=\"font-size: 17.6px;\">\n            <span class=\"kksr-muted\">Valora este post<\/span>\n    <\/div>\n    <\/div>\n","protected":false},"excerpt":{"rendered":"<p>Europa examina posibles v\u00ednculos entre Ozempic y un inusual tipo de p\u00e9rdida visual Las autoridades sanitarias europeas est\u00e1n actualmente evaluando si existe una conexi\u00f3n entre el &#8230; <a title=\"\u00a1Alerta en Europa! Investigaci\u00f3n sobre Ozempic y su posible v\u00ednculo con una rara ceguera\" class=\"read-more\" href=\"https:\/\/www.diario21.tv\/noticias\/alerta-en-europa-investigacion-sobre-ozempic-y-su-posible-vinculo-con-una-rara-ceguera\/\" aria-label=\"Leer m\u00e1s sobre \u00a1Alerta en Europa! Investigaci\u00f3n sobre Ozempic y su posible v\u00ednculo con una rara ceguera\">Seguir leyendo &rarr;<\/a><\/p>\n","protected":false},"author":20,"featured_media":1867,"comment_status":"open","ping_status":"open","sticky":false,"template":"","format":"standard","meta":{"footnotes":""},"categories":[13],"tags":[],"class_list":["post-1866","post","type-post","status-publish","format-standard","has-post-thumbnail","hentry","category-portada"],"yoast_head":"<!-- This site is optimized with the Yoast SEO plugin v25.6 - https:\/\/yoast.com\/wordpress\/plugins\/seo\/ -->\n<title>\u00a1Alerta en Europa! Investigaci\u00f3n sobre Ozempic y su posible v\u00ednculo con una rara ceguera - Diario 21<\/title>\n<meta name=\"robots\" content=\"index, follow, max-snippet:-1, max-image-preview:large, max-video-preview:-1\" \/>\n<link rel=\"canonical\" href=\"https:\/\/www.diario21.tv\/noticias\/alerta-en-europa-investigacion-sobre-ozempic-y-su-posible-vinculo-con-una-rara-ceguera\/\" \/>\n<meta property=\"og:locale\" content=\"es_ES\" \/>\n<meta property=\"og:type\" content=\"article\" \/>\n<meta property=\"og:title\" content=\"\u00a1Alerta en Europa! Investigaci\u00f3n sobre Ozempic y su posible v\u00ednculo con una rara ceguera - Diario 21\" \/>\n<meta property=\"og:description\" content=\"Europa examina posibles v\u00ednculos entre Ozempic y un inusual tipo de p\u00e9rdida visual Las autoridades sanitarias europeas est\u00e1n actualmente evaluando si existe una conexi\u00f3n entre el ... Seguir leyendo &rarr;\" \/>\n<meta property=\"og:url\" content=\"https:\/\/www.diario21.tv\/noticias\/alerta-en-europa-investigacion-sobre-ozempic-y-su-posible-vinculo-con-una-rara-ceguera\/\" \/>\n<meta property=\"og:site_name\" content=\"Diario 21\" \/>\n<meta property=\"article:published_time\" content=\"2025-01-19T07:54:17+00:00\" \/>\n<meta property=\"article:modified_time\" content=\"2025-01-19T07:54:18+00:00\" \/>\n<meta property=\"og:image\" content=\"https:\/\/www.diario21.tv\/noticias\/wp-content\/uploads\/2025\/01\/\u00a1Alerta-en-Europa-Investigacion-sobre-Ozempic-y-su-posible-vinculo.jpg\" \/>\n\t<meta property=\"og:image:width\" content=\"1913\" \/>\n\t<meta property=\"og:image:height\" content=\"1080\" \/>\n\t<meta property=\"og:image:type\" content=\"image\/jpeg\" \/>\n<meta name=\"author\" content=\"Juan P\u00e9rez\" \/>\n<meta name=\"twitter:card\" content=\"summary_large_image\" \/>\n<meta name=\"twitter:label1\" content=\"Escrito por\" \/>\n\t<meta name=\"twitter:data1\" content=\"Juan P\u00e9rez\" \/>\n\t<meta name=\"twitter:label2\" content=\"Tiempo de lectura\" \/>\n\t<meta name=\"twitter:data2\" content=\"3 minutos\" \/>\n<script type=\"application\/ld+json\" class=\"yoast-schema-graph\">{\"@context\":\"https:\/\/schema.org\",\"@graph\":[{\"@type\":\"WebPage\",\"@id\":\"https:\/\/www.diario21.tv\/noticias\/alerta-en-europa-investigacion-sobre-ozempic-y-su-posible-vinculo-con-una-rara-ceguera\/\",\"url\":\"https:\/\/www.diario21.tv\/noticias\/alerta-en-europa-investigacion-sobre-ozempic-y-su-posible-vinculo-con-una-rara-ceguera\/\",\"name\":\"\u00a1Alerta en Europa! Investigaci\u00f3n sobre Ozempic y su posible v\u00ednculo con una rara ceguera - Diario 21\",\"isPartOf\":{\"@id\":\"https:\/\/www.diario21.tv\/noticias\/#website\"},\"primaryImageOfPage\":{\"@id\":\"https:\/\/www.diario21.tv\/noticias\/alerta-en-europa-investigacion-sobre-ozempic-y-su-posible-vinculo-con-una-rara-ceguera\/#primaryimage\"},\"image\":{\"@id\":\"https:\/\/www.diario21.tv\/noticias\/alerta-en-europa-investigacion-sobre-ozempic-y-su-posible-vinculo-con-una-rara-ceguera\/#primaryimage\"},\"thumbnailUrl\":\"https:\/\/www.diario21.tv\/noticias\/wp-content\/uploads\/2025\/01\/\u00a1Alerta-en-Europa-Investigacion-sobre-Ozempic-y-su-posible-vinculo.jpg\",\"datePublished\":\"2025-01-19T07:54:17+00:00\",\"dateModified\":\"2025-01-19T07:54:18+00:00\",\"author\":{\"@id\":\"https:\/\/www.diario21.tv\/noticias\/#\/schema\/person\/dfb778f73814d8f09f302618446a526b\"},\"breadcrumb\":{\"@id\":\"https:\/\/www.diario21.tv\/noticias\/alerta-en-europa-investigacion-sobre-ozempic-y-su-posible-vinculo-con-una-rara-ceguera\/#breadcrumb\"},\"inLanguage\":\"es-AR\",\"potentialAction\":[{\"@type\":\"ReadAction\",\"target\":[\"https:\/\/www.diario21.tv\/noticias\/alerta-en-europa-investigacion-sobre-ozempic-y-su-posible-vinculo-con-una-rara-ceguera\/\"]}]},{\"@type\":\"ImageObject\",\"inLanguage\":\"es-AR\",\"@id\":\"https:\/\/www.diario21.tv\/noticias\/alerta-en-europa-investigacion-sobre-ozempic-y-su-posible-vinculo-con-una-rara-ceguera\/#primaryimage\",\"url\":\"https:\/\/www.diario21.tv\/noticias\/wp-content\/uploads\/2025\/01\/\u00a1Alerta-en-Europa-Investigacion-sobre-Ozempic-y-su-posible-vinculo.jpg\",\"contentUrl\":\"https:\/\/www.diario21.tv\/noticias\/wp-content\/uploads\/2025\/01\/\u00a1Alerta-en-Europa-Investigacion-sobre-Ozempic-y-su-posible-vinculo.jpg\",\"width\":1913,\"height\":1080,\"caption\":\"Europa investiga si Ozempic aumenta el riesgo de un raro tipo de ceguera\"},{\"@type\":\"BreadcrumbList\",\"@id\":\"https:\/\/www.diario21.tv\/noticias\/alerta-en-europa-investigacion-sobre-ozempic-y-su-posible-vinculo-con-una-rara-ceguera\/#breadcrumb\",\"itemListElement\":[{\"@type\":\"ListItem\",\"position\":1,\"name\":\"Accueil\",\"item\":\"https:\/\/www.diario21.tv\/noticias\/\"},{\"@type\":\"ListItem\",\"position\":2,\"name\":\"\u00a1Alerta en Europa! Investigaci\u00f3n sobre Ozempic y su posible v\u00ednculo con una rara ceguera\"}]},{\"@type\":\"WebSite\",\"@id\":\"https:\/\/www.diario21.tv\/noticias\/#website\",\"url\":\"https:\/\/www.diario21.tv\/noticias\/\",\"name\":\"Diario 21\",\"description\":\"\",\"potentialAction\":[{\"@type\":\"SearchAction\",\"target\":{\"@type\":\"EntryPoint\",\"urlTemplate\":\"https:\/\/www.diario21.tv\/noticias\/?s={search_term_string}\"},\"query-input\":{\"@type\":\"PropertyValueSpecification\",\"valueRequired\":true,\"valueName\":\"search_term_string\"}}],\"inLanguage\":\"es-AR\"},{\"@type\":\"Person\",\"@id\":\"https:\/\/www.diario21.tv\/noticias\/#\/schema\/person\/dfb778f73814d8f09f302618446a526b\",\"name\":\"Juan P\u00e9rez\",\"image\":{\"@type\":\"ImageObject\",\"inLanguage\":\"es-AR\",\"@id\":\"https:\/\/www.diario21.tv\/noticias\/#\/schema\/person\/image\/\",\"url\":\"https:\/\/secure.gravatar.com\/avatar\/c478a405bd10621167f4c3167cc770f5?s=96&d=mm&r=g\",\"contentUrl\":\"https:\/\/secure.gravatar.com\/avatar\/c478a405bd10621167f4c3167cc770f5?s=96&d=mm&r=g\",\"caption\":\"Juan P\u00e9rez\"},\"description\":\"Juan P\u00e9rez es el redactor en jefe de Diario 21. Con m\u00e1s de 10 a\u00f1os de experiencia en el periodismo, se especializa en pol\u00edtica nacional y an\u00e1lisis socioecon\u00f3mico. Su enfoque cr\u00edtico y riguroso aporta una perspectiva \u00fanica a cada art\u00edculo.\",\"sameAs\":[\"https:\/\/www.diario21.tv\/noticias\/\"],\"url\":\"https:\/\/www.diario21.tv\/noticias\/author\/juan-perez\/\"}]}<\/script>\n<!-- \/ Yoast SEO plugin. -->","yoast_head_json":{"title":"\u00a1Alerta en Europa! Investigaci\u00f3n sobre Ozempic y su posible v\u00ednculo con una rara ceguera - Diario 21","robots":{"index":"index","follow":"follow","max-snippet":"max-snippet:-1","max-image-preview":"max-image-preview:large","max-video-preview":"max-video-preview:-1"},"canonical":"https:\/\/www.diario21.tv\/noticias\/alerta-en-europa-investigacion-sobre-ozempic-y-su-posible-vinculo-con-una-rara-ceguera\/","og_locale":"es_ES","og_type":"article","og_title":"\u00a1Alerta en Europa! Investigaci\u00f3n sobre Ozempic y su posible v\u00ednculo con una rara ceguera - Diario 21","og_description":"Europa examina posibles v\u00ednculos entre Ozempic y un inusual tipo de p\u00e9rdida visual Las autoridades sanitarias europeas est\u00e1n actualmente evaluando si existe una conexi\u00f3n entre el ... Seguir leyendo &rarr;","og_url":"https:\/\/www.diario21.tv\/noticias\/alerta-en-europa-investigacion-sobre-ozempic-y-su-posible-vinculo-con-una-rara-ceguera\/","og_site_name":"Diario 21","article_published_time":"2025-01-19T07:54:17+00:00","article_modified_time":"2025-01-19T07:54:18+00:00","og_image":[{"width":1913,"height":1080,"url":"https:\/\/www.diario21.tv\/noticias\/wp-content\/uploads\/2025\/01\/\u00a1Alerta-en-Europa-Investigacion-sobre-Ozempic-y-su-posible-vinculo.jpg","type":"image\/jpeg"}],"author":"Juan P\u00e9rez","twitter_card":"summary_large_image","twitter_misc":{"Escrito por":"Juan P\u00e9rez","Tiempo de lectura":"3 minutos"},"schema":{"@context":"https:\/\/schema.org","@graph":[{"@type":"WebPage","@id":"https:\/\/www.diario21.tv\/noticias\/alerta-en-europa-investigacion-sobre-ozempic-y-su-posible-vinculo-con-una-rara-ceguera\/","url":"https:\/\/www.diario21.tv\/noticias\/alerta-en-europa-investigacion-sobre-ozempic-y-su-posible-vinculo-con-una-rara-ceguera\/","name":"\u00a1Alerta en Europa! Investigaci\u00f3n sobre Ozempic y su posible v\u00ednculo con una rara ceguera - Diario 21","isPartOf":{"@id":"https:\/\/www.diario21.tv\/noticias\/#website"},"primaryImageOfPage":{"@id":"https:\/\/www.diario21.tv\/noticias\/alerta-en-europa-investigacion-sobre-ozempic-y-su-posible-vinculo-con-una-rara-ceguera\/#primaryimage"},"image":{"@id":"https:\/\/www.diario21.tv\/noticias\/alerta-en-europa-investigacion-sobre-ozempic-y-su-posible-vinculo-con-una-rara-ceguera\/#primaryimage"},"thumbnailUrl":"https:\/\/www.diario21.tv\/noticias\/wp-content\/uploads\/2025\/01\/\u00a1Alerta-en-Europa-Investigacion-sobre-Ozempic-y-su-posible-vinculo.jpg","datePublished":"2025-01-19T07:54:17+00:00","dateModified":"2025-01-19T07:54:18+00:00","author":{"@id":"https:\/\/www.diario21.tv\/noticias\/#\/schema\/person\/dfb778f73814d8f09f302618446a526b"},"breadcrumb":{"@id":"https:\/\/www.diario21.tv\/noticias\/alerta-en-europa-investigacion-sobre-ozempic-y-su-posible-vinculo-con-una-rara-ceguera\/#breadcrumb"},"inLanguage":"es-AR","potentialAction":[{"@type":"ReadAction","target":["https:\/\/www.diario21.tv\/noticias\/alerta-en-europa-investigacion-sobre-ozempic-y-su-posible-vinculo-con-una-rara-ceguera\/"]}]},{"@type":"ImageObject","inLanguage":"es-AR","@id":"https:\/\/www.diario21.tv\/noticias\/alerta-en-europa-investigacion-sobre-ozempic-y-su-posible-vinculo-con-una-rara-ceguera\/#primaryimage","url":"https:\/\/www.diario21.tv\/noticias\/wp-content\/uploads\/2025\/01\/\u00a1Alerta-en-Europa-Investigacion-sobre-Ozempic-y-su-posible-vinculo.jpg","contentUrl":"https:\/\/www.diario21.tv\/noticias\/wp-content\/uploads\/2025\/01\/\u00a1Alerta-en-Europa-Investigacion-sobre-Ozempic-y-su-posible-vinculo.jpg","width":1913,"height":1080,"caption":"Europa investiga si Ozempic aumenta el riesgo de un raro tipo de ceguera"},{"@type":"BreadcrumbList","@id":"https:\/\/www.diario21.tv\/noticias\/alerta-en-europa-investigacion-sobre-ozempic-y-su-posible-vinculo-con-una-rara-ceguera\/#breadcrumb","itemListElement":[{"@type":"ListItem","position":1,"name":"Accueil","item":"https:\/\/www.diario21.tv\/noticias\/"},{"@type":"ListItem","position":2,"name":"\u00a1Alerta en Europa! Investigaci\u00f3n sobre Ozempic y su posible v\u00ednculo con una rara ceguera"}]},{"@type":"WebSite","@id":"https:\/\/www.diario21.tv\/noticias\/#website","url":"https:\/\/www.diario21.tv\/noticias\/","name":"Diario 21","description":"","potentialAction":[{"@type":"SearchAction","target":{"@type":"EntryPoint","urlTemplate":"https:\/\/www.diario21.tv\/noticias\/?s={search_term_string}"},"query-input":{"@type":"PropertyValueSpecification","valueRequired":true,"valueName":"search_term_string"}}],"inLanguage":"es-AR"},{"@type":"Person","@id":"https:\/\/www.diario21.tv\/noticias\/#\/schema\/person\/dfb778f73814d8f09f302618446a526b","name":"Juan P\u00e9rez","image":{"@type":"ImageObject","inLanguage":"es-AR","@id":"https:\/\/www.diario21.tv\/noticias\/#\/schema\/person\/image\/","url":"https:\/\/secure.gravatar.com\/avatar\/c478a405bd10621167f4c3167cc770f5?s=96&d=mm&r=g","contentUrl":"https:\/\/secure.gravatar.com\/avatar\/c478a405bd10621167f4c3167cc770f5?s=96&d=mm&r=g","caption":"Juan P\u00e9rez"},"description":"Juan P\u00e9rez es el redactor en jefe de Diario 21. Con m\u00e1s de 10 a\u00f1os de experiencia en el periodismo, se especializa en pol\u00edtica nacional y an\u00e1lisis socioecon\u00f3mico. Su enfoque cr\u00edtico y riguroso aporta una perspectiva \u00fanica a cada art\u00edculo.","sameAs":["https:\/\/www.diario21.tv\/noticias\/"],"url":"https:\/\/www.diario21.tv\/noticias\/author\/juan-perez\/"}]}},"_links":{"self":[{"href":"https:\/\/www.diario21.tv\/noticias\/wp-json\/wp\/v2\/posts\/1866"}],"collection":[{"href":"https:\/\/www.diario21.tv\/noticias\/wp-json\/wp\/v2\/posts"}],"about":[{"href":"https:\/\/www.diario21.tv\/noticias\/wp-json\/wp\/v2\/types\/post"}],"author":[{"embeddable":true,"href":"https:\/\/www.diario21.tv\/noticias\/wp-json\/wp\/v2\/users\/20"}],"replies":[{"embeddable":true,"href":"https:\/\/www.diario21.tv\/noticias\/wp-json\/wp\/v2\/comments?post=1866"}],"version-history":[{"count":1,"href":"https:\/\/www.diario21.tv\/noticias\/wp-json\/wp\/v2\/posts\/1866\/revisions"}],"predecessor-version":[{"id":1868,"href":"https:\/\/www.diario21.tv\/noticias\/wp-json\/wp\/v2\/posts\/1866\/revisions\/1868"}],"wp:featuredmedia":[{"embeddable":true,"href":"https:\/\/www.diario21.tv\/noticias\/wp-json\/wp\/v2\/media\/1867"}],"wp:attachment":[{"href":"https:\/\/www.diario21.tv\/noticias\/wp-json\/wp\/v2\/media?parent=1866"}],"wp:term":[{"taxonomy":"category","embeddable":true,"href":"https:\/\/www.diario21.tv\/noticias\/wp-json\/wp\/v2\/categories?post=1866"},{"taxonomy":"post_tag","embeddable":true,"href":"https:\/\/www.diario21.tv\/noticias\/wp-json\/wp\/v2\/tags?post=1866"}],"curies":[{"name":"wp","href":"https:\/\/api.w.org\/{rel}","templated":true}]}}