{"id":1842,"date":"2025-01-17T01:13:22","date_gmt":"2025-01-17T01:13:22","guid":{"rendered":"https:\/\/www.diario21.tv\/noticias\/alerta-en-pamplona-explosion-por-fuga-de-gas-deja-9-heridos\/"},"modified":"2025-01-17T01:13:24","modified_gmt":"2025-01-17T01:13:24","slug":"alerta-en-pamplona-explosion-por-fuga-de-gas-deja-9-heridos","status":"publish","type":"post","link":"https:\/\/www.diario21.tv\/noticias\/alerta-en-pamplona-explosion-por-fuga-de-gas-deja-9-heridos\/","title":{"rendered":"\u00a1Alerta en Pamplona! Explosi\u00f3n por fuga de gas deja 9 heridos"},"content":{"rendered":"<h2>Explosi\u00f3n en una casa de Pamplona deja varios heridos<\/h2>\n<p>En un reciente incidente en Pamplona, una explosi\u00f3n provocada por una fuga de gas result\u00f3 en al menos nueve personas lesionadas. El suceso tuvo lugar en una residencia de la ciudad, la cual fue evacuada de emergencia momentos antes de la detonaci\u00f3n para evitar una tragedia mayor.<\/p>\n<h3>Detalles del incidente<\/h3>\n<p>La explosi\u00f3n ocurri\u00f3 despu\u00e9s de que las autoridades detectaran una fuga de gas en la vivienda. Se tom\u00f3 la decisi\u00f3n de evacuar el edificio y las \u00e1reas circundantes como medida de precauci\u00f3n. Poco despu\u00e9s de la evacuaci\u00f3n, se produjo la explosi\u00f3n, afectando tanto a la estructura del edificio como a varias personas en las proximidades.<\/p>\n<p>Los servicios de emergencia respondieron r\u00e1pidamente al llamado, asistiendo a los heridos y asegurando la zona para prevenir m\u00e1s incidentes. La r\u00e1pida intervenci\u00f3n de los equipos de rescate y la evacuaci\u00f3n oportuna contribuyeron a que no se lamentaran v\u00edctimas fatales.<\/p>\n<h3>Respuesta de las autoridades<\/h3>\n<p>Las autoridades locales est\u00e1n investigando las causas exactas de la fuga de gas y la subsiguiente explosi\u00f3n. Mientras tanto, han hecho un llamado a la poblaci\u00f3n a estar alerta y reportar cualquier olor a gas o situaciones sospechosas sin demora para evitar incidentes similares en el futuro.<\/p>\n<p>El alcalde de Pamplona expres\u00f3 su preocupaci\u00f3n por el suceso y afirm\u00f3 que se revisar\u00e1n y fortalecer\u00e1n las medidas de seguridad relacionadas con instalaciones de gas en la ciudad. Adem\u00e1s, se ofrecer\u00e1 apoyo a los afectados por la explosi\u00f3n, tanto en t\u00e9rminos m\u00e9dicos como en la reconstrucci\u00f3n de las \u00e1reas da\u00f1adas.<\/p>\n<h3>Impacto en la comunidad<\/h3>\n<p>La explosi\u00f3n ha dejado un marcado impacto en la comunidad local, despertando preocupaciones sobre la seguridad de las instalaciones de gas en residencias y otros edificios. Vecinos y testigos del incidente han compartido sus experiencias y preocupaciones, esperando que medidas m\u00e1s estrictas sean implementadas para prevenir futuros accidentes.<\/p>\n<p>Las autoridades han prometido mantener informada a la poblaci\u00f3n sobre los avances en la investigaci\u00f3n y las acciones que se tomar\u00e1n para mejorar la seguridad. La solidaridad entre los habitantes de Pamplona se ha hecho evidente, con numerosas muestras de apoyo a los heridos y afectados por la explosi\u00f3n.<\/p>\n<p>Este incidente sirve como un recordatorio cr\u00edtico de la importancia de la manutenci\u00f3n adecuada y la vigilancia constante de las instalaciones de gas para garantizar la seguridad de todos.<\/p>\n\n\n<div class=\"kk-star-ratings kksr-auto kksr-align-left kksr-valign-bottom\"\n    data-payload='{&quot;align&quot;:&quot;left&quot;,&quot;id&quot;:&quot;1842&quot;,&quot;slug&quot;:&quot;default&quot;,&quot;valign&quot;:&quot;bottom&quot;,&quot;ignore&quot;:&quot;&quot;,&quot;reference&quot;:&quot;auto&quot;,&quot;class&quot;:&quot;&quot;,&quot;count&quot;:&quot;0&quot;,&quot;legendonly&quot;:&quot;&quot;,&quot;readonly&quot;:&quot;&quot;,&quot;score&quot;:&quot;0&quot;,&quot;starsonly&quot;:&quot;&quot;,&quot;best&quot;:&quot;5&quot;,&quot;gap&quot;:&quot;5&quot;,&quot;greet&quot;:&quot;Valora este post&quot;,&quot;legend&quot;:&quot;0\\\/5 - (0 votes)&quot;,&quot;size&quot;:&quot;22&quot;,&quot;title&quot;:&quot;\u00a1Alerta en Pamplona! Explosi\u00f3n por fuga de gas deja 9 heridos&quot;,&quot;width&quot;:&quot;0&quot;,&quot;_legend&quot;:&quot;{score}\\\/{best} - ({count} {votes})&quot;,&quot;font_factor&quot;:&quot;1.25&quot;}'>\n            \n<div class=\"kksr-stars\">\n    \n<div class=\"kksr-stars-inactive\">\n            <div class=\"kksr-star\" data-star=\"1\" style=\"padding-right: 5px\">\n            \n\n<div class=\"kksr-icon\" style=\"width: 22px; height: 22px;\"><\/div>\n        <\/div>\n            <div class=\"kksr-star\" data-star=\"2\" style=\"padding-right: 5px\">\n            \n\n<div class=\"kksr-icon\" style=\"width: 22px; height: 22px;\"><\/div>\n        <\/div>\n            <div class=\"kksr-star\" data-star=\"3\" style=\"padding-right: 5px\">\n            \n\n<div class=\"kksr-icon\" style=\"width: 22px; height: 22px;\"><\/div>\n        <\/div>\n            <div class=\"kksr-star\" data-star=\"4\" style=\"padding-right: 5px\">\n            \n\n<div class=\"kksr-icon\" style=\"width: 22px; height: 22px;\"><\/div>\n        <\/div>\n            <div class=\"kksr-star\" data-star=\"5\" style=\"padding-right: 5px\">\n            \n\n<div class=\"kksr-icon\" style=\"width: 22px; height: 22px;\"><\/div>\n        <\/div>\n    <\/div>\n    \n<div class=\"kksr-stars-active\" style=\"width: 0px;\">\n            <div class=\"kksr-star\" style=\"padding-right: 5px\">\n            \n\n<div class=\"kksr-icon\" style=\"width: 22px; height: 22px;\"><\/div>\n        <\/div>\n            <div class=\"kksr-star\" style=\"padding-right: 5px\">\n            \n\n<div class=\"kksr-icon\" style=\"width: 22px; height: 22px;\"><\/div>\n        <\/div>\n            <div class=\"kksr-star\" style=\"padding-right: 5px\">\n            \n\n<div class=\"kksr-icon\" style=\"width: 22px; height: 22px;\"><\/div>\n        <\/div>\n            <div class=\"kksr-star\" style=\"padding-right: 5px\">\n            \n\n<div class=\"kksr-icon\" style=\"width: 22px; height: 22px;\"><\/div>\n        <\/div>\n            <div class=\"kksr-star\" style=\"padding-right: 5px\">\n            \n\n<div class=\"kksr-icon\" style=\"width: 22px; height: 22px;\"><\/div>\n        <\/div>\n    <\/div>\n<\/div>\n                \n\n<div class=\"kksr-legend\" style=\"font-size: 17.6px;\">\n            <span class=\"kksr-muted\">Valora este post<\/span>\n    <\/div>\n    <\/div>\n","protected":false},"excerpt":{"rendered":"<p>Explosi\u00f3n en una casa de Pamplona deja varios heridos En un reciente incidente en Pamplona, una explosi\u00f3n provocada por una fuga de gas result\u00f3 en al &#8230; <a title=\"\u00a1Alerta en Pamplona! Explosi\u00f3n por fuga de gas deja 9 heridos\" class=\"read-more\" href=\"https:\/\/www.diario21.tv\/noticias\/alerta-en-pamplona-explosion-por-fuga-de-gas-deja-9-heridos\/\" aria-label=\"Leer m\u00e1s sobre \u00a1Alerta en Pamplona! Explosi\u00f3n por fuga de gas deja 9 heridos\">Seguir leyendo &rarr;<\/a><\/p>\n","protected":false},"author":20,"featured_media":1843,"comment_status":"open","ping_status":"open","sticky":false,"template":"","format":"standard","meta":{"footnotes":""},"categories":[13],"tags":[],"class_list":["post-1842","post","type-post","status-publish","format-standard","has-post-thumbnail","hentry","category-portada"],"yoast_head":"<!-- This site is optimized with the Yoast SEO plugin v25.6 - https:\/\/yoast.com\/wordpress\/plugins\/seo\/ -->\n<title>\u00a1Alerta en Pamplona! Explosi\u00f3n por fuga de gas deja 9 heridos - Diario 21<\/title>\n<meta name=\"robots\" content=\"index, follow, max-snippet:-1, max-image-preview:large, max-video-preview:-1\" \/>\n<link rel=\"canonical\" href=\"https:\/\/www.diario21.tv\/noticias\/alerta-en-pamplona-explosion-por-fuga-de-gas-deja-9-heridos\/\" \/>\n<meta property=\"og:locale\" content=\"es_ES\" \/>\n<meta property=\"og:type\" content=\"article\" \/>\n<meta property=\"og:title\" content=\"\u00a1Alerta en Pamplona! Explosi\u00f3n por fuga de gas deja 9 heridos - Diario 21\" \/>\n<meta property=\"og:description\" content=\"Explosi\u00f3n en una casa de Pamplona deja varios heridos En un reciente incidente en Pamplona, una explosi\u00f3n provocada por una fuga de gas result\u00f3 en al ... Seguir leyendo &rarr;\" \/>\n<meta property=\"og:url\" content=\"https:\/\/www.diario21.tv\/noticias\/alerta-en-pamplona-explosion-por-fuga-de-gas-deja-9-heridos\/\" \/>\n<meta property=\"og:site_name\" content=\"Diario 21\" \/>\n<meta property=\"article:published_time\" content=\"2025-01-17T01:13:22+00:00\" \/>\n<meta property=\"article:modified_time\" content=\"2025-01-17T01:13:24+00:00\" \/>\n<meta property=\"og:image\" content=\"https:\/\/www.diario21.tv\/noticias\/wp-content\/uploads\/2025\/01\/\u00a1Alerta-en-Pamplona-Explosion-por-fuga-de-gas-deja-9.jpg\" \/>\n\t<meta property=\"og:image:width\" content=\"1913\" \/>\n\t<meta property=\"og:image:height\" content=\"1080\" \/>\n\t<meta property=\"og:image:type\" content=\"image\/jpeg\" \/>\n<meta name=\"author\" content=\"Juan P\u00e9rez\" \/>\n<meta name=\"twitter:card\" content=\"summary_large_image\" \/>\n<meta name=\"twitter:label1\" content=\"Escrito por\" \/>\n\t<meta name=\"twitter:data1\" content=\"Juan P\u00e9rez\" \/>\n\t<meta name=\"twitter:label2\" content=\"Tiempo de lectura\" \/>\n\t<meta name=\"twitter:data2\" content=\"2 minutos\" \/>\n<script type=\"application\/ld+json\" class=\"yoast-schema-graph\">{\"@context\":\"https:\/\/schema.org\",\"@graph\":[{\"@type\":\"WebPage\",\"@id\":\"https:\/\/www.diario21.tv\/noticias\/alerta-en-pamplona-explosion-por-fuga-de-gas-deja-9-heridos\/\",\"url\":\"https:\/\/www.diario21.tv\/noticias\/alerta-en-pamplona-explosion-por-fuga-de-gas-deja-9-heridos\/\",\"name\":\"\u00a1Alerta en Pamplona! Explosi\u00f3n por fuga de gas deja 9 heridos - Diario 21\",\"isPartOf\":{\"@id\":\"https:\/\/www.diario21.tv\/noticias\/#website\"},\"primaryImageOfPage\":{\"@id\":\"https:\/\/www.diario21.tv\/noticias\/alerta-en-pamplona-explosion-por-fuga-de-gas-deja-9-heridos\/#primaryimage\"},\"image\":{\"@id\":\"https:\/\/www.diario21.tv\/noticias\/alerta-en-pamplona-explosion-por-fuga-de-gas-deja-9-heridos\/#primaryimage\"},\"thumbnailUrl\":\"https:\/\/www.diario21.tv\/noticias\/wp-content\/uploads\/2025\/01\/\u00a1Alerta-en-Pamplona-Explosion-por-fuga-de-gas-deja-9.jpg\",\"datePublished\":\"2025-01-17T01:13:22+00:00\",\"dateModified\":\"2025-01-17T01:13:24+00:00\",\"author\":{\"@id\":\"https:\/\/www.diario21.tv\/noticias\/#\/schema\/person\/dfb778f73814d8f09f302618446a526b\"},\"breadcrumb\":{\"@id\":\"https:\/\/www.diario21.tv\/noticias\/alerta-en-pamplona-explosion-por-fuga-de-gas-deja-9-heridos\/#breadcrumb\"},\"inLanguage\":\"es-AR\",\"potentialAction\":[{\"@type\":\"ReadAction\",\"target\":[\"https:\/\/www.diario21.tv\/noticias\/alerta-en-pamplona-explosion-por-fuga-de-gas-deja-9-heridos\/\"]}]},{\"@type\":\"ImageObject\",\"inLanguage\":\"es-AR\",\"@id\":\"https:\/\/www.diario21.tv\/noticias\/alerta-en-pamplona-explosion-por-fuga-de-gas-deja-9-heridos\/#primaryimage\",\"url\":\"https:\/\/www.diario21.tv\/noticias\/wp-content\/uploads\/2025\/01\/\u00a1Alerta-en-Pamplona-Explosion-por-fuga-de-gas-deja-9.jpg\",\"contentUrl\":\"https:\/\/www.diario21.tv\/noticias\/wp-content\/uploads\/2025\/01\/\u00a1Alerta-en-Pamplona-Explosion-por-fuga-de-gas-deja-9.jpg\",\"width\":1913,\"height\":1080,\"caption\":\"Al menos nueve heridos en la explosi\u00f3n de una vivienda en Pamplona desalojada por una fuga de gas\"},{\"@type\":\"BreadcrumbList\",\"@id\":\"https:\/\/www.diario21.tv\/noticias\/alerta-en-pamplona-explosion-por-fuga-de-gas-deja-9-heridos\/#breadcrumb\",\"itemListElement\":[{\"@type\":\"ListItem\",\"position\":1,\"name\":\"Accueil\",\"item\":\"https:\/\/www.diario21.tv\/noticias\/\"},{\"@type\":\"ListItem\",\"position\":2,\"name\":\"\u00a1Alerta en Pamplona! Explosi\u00f3n por fuga de gas deja 9 heridos\"}]},{\"@type\":\"WebSite\",\"@id\":\"https:\/\/www.diario21.tv\/noticias\/#website\",\"url\":\"https:\/\/www.diario21.tv\/noticias\/\",\"name\":\"Diario 21\",\"description\":\"\",\"potentialAction\":[{\"@type\":\"SearchAction\",\"target\":{\"@type\":\"EntryPoint\",\"urlTemplate\":\"https:\/\/www.diario21.tv\/noticias\/?s={search_term_string}\"},\"query-input\":{\"@type\":\"PropertyValueSpecification\",\"valueRequired\":true,\"valueName\":\"search_term_string\"}}],\"inLanguage\":\"es-AR\"},{\"@type\":\"Person\",\"@id\":\"https:\/\/www.diario21.tv\/noticias\/#\/schema\/person\/dfb778f73814d8f09f302618446a526b\",\"name\":\"Juan P\u00e9rez\",\"image\":{\"@type\":\"ImageObject\",\"inLanguage\":\"es-AR\",\"@id\":\"https:\/\/www.diario21.tv\/noticias\/#\/schema\/person\/image\/\",\"url\":\"https:\/\/secure.gravatar.com\/avatar\/c478a405bd10621167f4c3167cc770f5?s=96&d=mm&r=g\",\"contentUrl\":\"https:\/\/secure.gravatar.com\/avatar\/c478a405bd10621167f4c3167cc770f5?s=96&d=mm&r=g\",\"caption\":\"Juan P\u00e9rez\"},\"description\":\"Juan P\u00e9rez es el redactor en jefe de Diario 21. Con m\u00e1s de 10 a\u00f1os de experiencia en el periodismo, se especializa en pol\u00edtica nacional y an\u00e1lisis socioecon\u00f3mico. Su enfoque cr\u00edtico y riguroso aporta una perspectiva \u00fanica a cada art\u00edculo.\",\"sameAs\":[\"https:\/\/www.diario21.tv\/noticias\/\"],\"url\":\"https:\/\/www.diario21.tv\/noticias\/author\/juan-perez\/\"}]}<\/script>\n<!-- \/ Yoast SEO plugin. -->","yoast_head_json":{"title":"\u00a1Alerta en Pamplona! Explosi\u00f3n por fuga de gas deja 9 heridos - Diario 21","robots":{"index":"index","follow":"follow","max-snippet":"max-snippet:-1","max-image-preview":"max-image-preview:large","max-video-preview":"max-video-preview:-1"},"canonical":"https:\/\/www.diario21.tv\/noticias\/alerta-en-pamplona-explosion-por-fuga-de-gas-deja-9-heridos\/","og_locale":"es_ES","og_type":"article","og_title":"\u00a1Alerta en Pamplona! Explosi\u00f3n por fuga de gas deja 9 heridos - Diario 21","og_description":"Explosi\u00f3n en una casa de Pamplona deja varios heridos En un reciente incidente en Pamplona, una explosi\u00f3n provocada por una fuga de gas result\u00f3 en al ... Seguir leyendo &rarr;","og_url":"https:\/\/www.diario21.tv\/noticias\/alerta-en-pamplona-explosion-por-fuga-de-gas-deja-9-heridos\/","og_site_name":"Diario 21","article_published_time":"2025-01-17T01:13:22+00:00","article_modified_time":"2025-01-17T01:13:24+00:00","og_image":[{"width":1913,"height":1080,"url":"https:\/\/www.diario21.tv\/noticias\/wp-content\/uploads\/2025\/01\/\u00a1Alerta-en-Pamplona-Explosion-por-fuga-de-gas-deja-9.jpg","type":"image\/jpeg"}],"author":"Juan P\u00e9rez","twitter_card":"summary_large_image","twitter_misc":{"Escrito por":"Juan P\u00e9rez","Tiempo de lectura":"2 minutos"},"schema":{"@context":"https:\/\/schema.org","@graph":[{"@type":"WebPage","@id":"https:\/\/www.diario21.tv\/noticias\/alerta-en-pamplona-explosion-por-fuga-de-gas-deja-9-heridos\/","url":"https:\/\/www.diario21.tv\/noticias\/alerta-en-pamplona-explosion-por-fuga-de-gas-deja-9-heridos\/","name":"\u00a1Alerta en Pamplona! Explosi\u00f3n por fuga de gas deja 9 heridos - Diario 21","isPartOf":{"@id":"https:\/\/www.diario21.tv\/noticias\/#website"},"primaryImageOfPage":{"@id":"https:\/\/www.diario21.tv\/noticias\/alerta-en-pamplona-explosion-por-fuga-de-gas-deja-9-heridos\/#primaryimage"},"image":{"@id":"https:\/\/www.diario21.tv\/noticias\/alerta-en-pamplona-explosion-por-fuga-de-gas-deja-9-heridos\/#primaryimage"},"thumbnailUrl":"https:\/\/www.diario21.tv\/noticias\/wp-content\/uploads\/2025\/01\/\u00a1Alerta-en-Pamplona-Explosion-por-fuga-de-gas-deja-9.jpg","datePublished":"2025-01-17T01:13:22+00:00","dateModified":"2025-01-17T01:13:24+00:00","author":{"@id":"https:\/\/www.diario21.tv\/noticias\/#\/schema\/person\/dfb778f73814d8f09f302618446a526b"},"breadcrumb":{"@id":"https:\/\/www.diario21.tv\/noticias\/alerta-en-pamplona-explosion-por-fuga-de-gas-deja-9-heridos\/#breadcrumb"},"inLanguage":"es-AR","potentialAction":[{"@type":"ReadAction","target":["https:\/\/www.diario21.tv\/noticias\/alerta-en-pamplona-explosion-por-fuga-de-gas-deja-9-heridos\/"]}]},{"@type":"ImageObject","inLanguage":"es-AR","@id":"https:\/\/www.diario21.tv\/noticias\/alerta-en-pamplona-explosion-por-fuga-de-gas-deja-9-heridos\/#primaryimage","url":"https:\/\/www.diario21.tv\/noticias\/wp-content\/uploads\/2025\/01\/\u00a1Alerta-en-Pamplona-Explosion-por-fuga-de-gas-deja-9.jpg","contentUrl":"https:\/\/www.diario21.tv\/noticias\/wp-content\/uploads\/2025\/01\/\u00a1Alerta-en-Pamplona-Explosion-por-fuga-de-gas-deja-9.jpg","width":1913,"height":1080,"caption":"Al menos nueve heridos en la explosi\u00f3n de una vivienda en Pamplona desalojada por una fuga de gas"},{"@type":"BreadcrumbList","@id":"https:\/\/www.diario21.tv\/noticias\/alerta-en-pamplona-explosion-por-fuga-de-gas-deja-9-heridos\/#breadcrumb","itemListElement":[{"@type":"ListItem","position":1,"name":"Accueil","item":"https:\/\/www.diario21.tv\/noticias\/"},{"@type":"ListItem","position":2,"name":"\u00a1Alerta en Pamplona! Explosi\u00f3n por fuga de gas deja 9 heridos"}]},{"@type":"WebSite","@id":"https:\/\/www.diario21.tv\/noticias\/#website","url":"https:\/\/www.diario21.tv\/noticias\/","name":"Diario 21","description":"","potentialAction":[{"@type":"SearchAction","target":{"@type":"EntryPoint","urlTemplate":"https:\/\/www.diario21.tv\/noticias\/?s={search_term_string}"},"query-input":{"@type":"PropertyValueSpecification","valueRequired":true,"valueName":"search_term_string"}}],"inLanguage":"es-AR"},{"@type":"Person","@id":"https:\/\/www.diario21.tv\/noticias\/#\/schema\/person\/dfb778f73814d8f09f302618446a526b","name":"Juan P\u00e9rez","image":{"@type":"ImageObject","inLanguage":"es-AR","@id":"https:\/\/www.diario21.tv\/noticias\/#\/schema\/person\/image\/","url":"https:\/\/secure.gravatar.com\/avatar\/c478a405bd10621167f4c3167cc770f5?s=96&d=mm&r=g","contentUrl":"https:\/\/secure.gravatar.com\/avatar\/c478a405bd10621167f4c3167cc770f5?s=96&d=mm&r=g","caption":"Juan P\u00e9rez"},"description":"Juan P\u00e9rez es el redactor en jefe de Diario 21. Con m\u00e1s de 10 a\u00f1os de experiencia en el periodismo, se especializa en pol\u00edtica nacional y an\u00e1lisis socioecon\u00f3mico. Su enfoque cr\u00edtico y riguroso aporta una perspectiva \u00fanica a cada art\u00edculo.","sameAs":["https:\/\/www.diario21.tv\/noticias\/"],"url":"https:\/\/www.diario21.tv\/noticias\/author\/juan-perez\/"}]}},"_links":{"self":[{"href":"https:\/\/www.diario21.tv\/noticias\/wp-json\/wp\/v2\/posts\/1842"}],"collection":[{"href":"https:\/\/www.diario21.tv\/noticias\/wp-json\/wp\/v2\/posts"}],"about":[{"href":"https:\/\/www.diario21.tv\/noticias\/wp-json\/wp\/v2\/types\/post"}],"author":[{"embeddable":true,"href":"https:\/\/www.diario21.tv\/noticias\/wp-json\/wp\/v2\/users\/20"}],"replies":[{"embeddable":true,"href":"https:\/\/www.diario21.tv\/noticias\/wp-json\/wp\/v2\/comments?post=1842"}],"version-history":[{"count":1,"href":"https:\/\/www.diario21.tv\/noticias\/wp-json\/wp\/v2\/posts\/1842\/revisions"}],"predecessor-version":[{"id":1844,"href":"https:\/\/www.diario21.tv\/noticias\/wp-json\/wp\/v2\/posts\/1842\/revisions\/1844"}],"wp:featuredmedia":[{"embeddable":true,"href":"https:\/\/www.diario21.tv\/noticias\/wp-json\/wp\/v2\/media\/1843"}],"wp:attachment":[{"href":"https:\/\/www.diario21.tv\/noticias\/wp-json\/wp\/v2\/media?parent=1842"}],"wp:term":[{"taxonomy":"category","embeddable":true,"href":"https:\/\/www.diario21.tv\/noticias\/wp-json\/wp\/v2\/categories?post=1842"},{"taxonomy":"post_tag","embeddable":true,"href":"https:\/\/www.diario21.tv\/noticias\/wp-json\/wp\/v2\/tags?post=1842"}],"curies":[{"name":"wp","href":"https:\/\/api.w.org\/{rel}","templated":true}]}}