{"id":1830,"date":"2025-01-16T00:45:22","date_gmt":"2025-01-16T00:45:22","guid":{"rendered":"https:\/\/www.diario21.tv\/noticias\/perfil-impactante-jovenes-drogados-sin-vinculos-con-victimas-en-agresiones-sexuales-grupales\/"},"modified":"2025-01-16T00:45:23","modified_gmt":"2025-01-16T00:45:23","slug":"perfil-impactante-jovenes-drogados-sin-vinculos-con-victimas-en-agresiones-sexuales-grupales","status":"publish","type":"post","link":"https:\/\/www.diario21.tv\/noticias\/perfil-impactante-jovenes-drogados-sin-vinculos-con-victimas-en-agresiones-sexuales-grupales\/","title":{"rendered":"Perfil impactante: J\u00f3venes drogados, sin v\u00ednculos con v\u00edctimas en agresiones sexuales grupales"},"content":{"rendered":"<h2>J\u00f3venes bajo el efecto de drogas y sin conexi\u00f3n previa con la v\u00edctima son caracter\u00edsticos en agresiones sexuales grupales<\/h2>\n<p>Una investigaci\u00f3n reciente ha revelado un perfil com\u00fan entre aquellos que cometen agresiones sexuales en grupo. Los datos muestran que, en su mayor\u00eda, los agresores son j\u00f3venes que se encuentran bajo la influencia de sustancias estupefacientes y que no tienen ning\u00fan tipo de relaci\u00f3n previa con sus v\u00edctimas. Este estudio profundiza en las caracter\u00edsticas y circunstancias que rodean estos graves delitos, proporcionando una visi\u00f3n m\u00e1s clara del patr\u00f3n de comportamiento de los agresores.<\/p>\n<h3>Perfil de los agresores<\/h3>\n<p>El perfil descrito en el estudio indica que la mayor\u00eda de los agresores son hombres j\u00f3venes, frecuentemente bajo el efecto de drogas. Este detalle no solo agrava la naturaleza impulsiva y desinhibida de sus acciones, sino que tambi\u00e9n puede afectar su percepci\u00f3n y empat\u00eda hacia la v\u00edctima. Adem\u00e1s, es poco com\u00fan que estos individuos tengan alguna relaci\u00f3n conocida o conexi\u00f3n directa con la persona agredida, lo que sugiere que la selecci\u00f3n de la v\u00edctima puede ser aleatoria o basada en la oportunidad m\u00e1s que en una premeditaci\u00f3n personal.<\/p>\n<h3>Impacto en la v\u00edctima y en la sociedad<\/h3>\n<p>Las consecuencias de estas agresiones son devastadoras tanto para las v\u00edctimas como para la comunidad en general. Las v\u00edctimas pueden sufrir de traumas psicol\u00f3gicos duraderos, miedo cr\u00f3nico y desconfianza general hacia los dem\u00e1s, afectando su bienestar y calidad de vida. A nivel social, estos cr\u00edmenes intensifican el miedo y la desconfianza entre la ciudadan\u00eda, adem\u00e1s de poner en evidencia la necesidad de intervenciones efectivas para prevenir y responder adecuadamente a este tipo de agresiones.<\/p>\n<p>Este estudio subraya la importancia de implementar estrategias de prevenci\u00f3n que incluyan la educaci\u00f3n sobre los efectos de las drogas y el alcohol, as\u00ed como programas dirigidos a j\u00f3venes para fomentar relaciones saludables y respeto mutuo. Adem\u00e1s, es crucial mejorar los sistemas de apoyo y asistencia a las v\u00edctimas para facilitar su recuperaci\u00f3n y reintegraci\u00f3n a la sociedad.<\/p>\n<p>La comprensi\u00f3n de este perfil no solo ayuda a identificar y comprender mejor a los agresores, sino que tambi\u00e9n es fundamental para dise\u00f1ar pol\u00edticas y estrategias m\u00e1s efectivas que protejan a las potenciales v\u00edctimas y disuadan a los potenciales agresores. La lucha contra las agresiones sexuales en grupo requiere un esfuerzo coordinado y continuo para asegurar que nuestras comunidades sean seguras para todos sus miembros.<\/p>\n\n\n<div class=\"kk-star-ratings kksr-auto kksr-align-left kksr-valign-bottom\"\n    data-payload='{&quot;align&quot;:&quot;left&quot;,&quot;id&quot;:&quot;1830&quot;,&quot;slug&quot;:&quot;default&quot;,&quot;valign&quot;:&quot;bottom&quot;,&quot;ignore&quot;:&quot;&quot;,&quot;reference&quot;:&quot;auto&quot;,&quot;class&quot;:&quot;&quot;,&quot;count&quot;:&quot;0&quot;,&quot;legendonly&quot;:&quot;&quot;,&quot;readonly&quot;:&quot;&quot;,&quot;score&quot;:&quot;0&quot;,&quot;starsonly&quot;:&quot;&quot;,&quot;best&quot;:&quot;5&quot;,&quot;gap&quot;:&quot;5&quot;,&quot;greet&quot;:&quot;Valora este post&quot;,&quot;legend&quot;:&quot;0\\\/5 - (0 votes)&quot;,&quot;size&quot;:&quot;22&quot;,&quot;title&quot;:&quot;Perfil impactante: J\u00f3venes drogados, sin v\u00ednculos con v\u00edctimas en agresiones sexuales grupales&quot;,&quot;width&quot;:&quot;0&quot;,&quot;_legend&quot;:&quot;{score}\\\/{best} - ({count} {votes})&quot;,&quot;font_factor&quot;:&quot;1.25&quot;}'>\n            \n<div class=\"kksr-stars\">\n    \n<div class=\"kksr-stars-inactive\">\n            <div class=\"kksr-star\" data-star=\"1\" style=\"padding-right: 5px\">\n            \n\n<div class=\"kksr-icon\" style=\"width: 22px; height: 22px;\"><\/div>\n        <\/div>\n            <div class=\"kksr-star\" data-star=\"2\" style=\"padding-right: 5px\">\n            \n\n<div class=\"kksr-icon\" style=\"width: 22px; height: 22px;\"><\/div>\n        <\/div>\n            <div class=\"kksr-star\" data-star=\"3\" style=\"padding-right: 5px\">\n            \n\n<div class=\"kksr-icon\" style=\"width: 22px; height: 22px;\"><\/div>\n        <\/div>\n            <div class=\"kksr-star\" data-star=\"4\" style=\"padding-right: 5px\">\n            \n\n<div class=\"kksr-icon\" style=\"width: 22px; height: 22px;\"><\/div>\n        <\/div>\n            <div class=\"kksr-star\" data-star=\"5\" style=\"padding-right: 5px\">\n            \n\n<div class=\"kksr-icon\" style=\"width: 22px; height: 22px;\"><\/div>\n        <\/div>\n    <\/div>\n    \n<div class=\"kksr-stars-active\" style=\"width: 0px;\">\n            <div class=\"kksr-star\" style=\"padding-right: 5px\">\n            \n\n<div class=\"kksr-icon\" style=\"width: 22px; height: 22px;\"><\/div>\n        <\/div>\n            <div class=\"kksr-star\" style=\"padding-right: 5px\">\n            \n\n<div class=\"kksr-icon\" style=\"width: 22px; height: 22px;\"><\/div>\n        <\/div>\n            <div class=\"kksr-star\" style=\"padding-right: 5px\">\n            \n\n<div class=\"kksr-icon\" style=\"width: 22px; height: 22px;\"><\/div>\n        <\/div>\n            <div class=\"kksr-star\" style=\"padding-right: 5px\">\n            \n\n<div class=\"kksr-icon\" style=\"width: 22px; height: 22px;\"><\/div>\n        <\/div>\n            <div class=\"kksr-star\" style=\"padding-right: 5px\">\n            \n\n<div class=\"kksr-icon\" style=\"width: 22px; height: 22px;\"><\/div>\n        <\/div>\n    <\/div>\n<\/div>\n                \n\n<div class=\"kksr-legend\" style=\"font-size: 17.6px;\">\n            <span class=\"kksr-muted\">Valora este post<\/span>\n    <\/div>\n    <\/div>\n","protected":false},"excerpt":{"rendered":"<p>J\u00f3venes bajo el efecto de drogas y sin conexi\u00f3n previa con la v\u00edctima son caracter\u00edsticos en agresiones sexuales grupales Una investigaci\u00f3n reciente ha revelado un perfil &#8230; <a title=\"Perfil impactante: J\u00f3venes drogados, sin v\u00ednculos con v\u00edctimas en agresiones sexuales grupales\" class=\"read-more\" href=\"https:\/\/www.diario21.tv\/noticias\/perfil-impactante-jovenes-drogados-sin-vinculos-con-victimas-en-agresiones-sexuales-grupales\/\" aria-label=\"Leer m\u00e1s sobre Perfil impactante: J\u00f3venes drogados, sin v\u00ednculos con v\u00edctimas en agresiones sexuales grupales\">Seguir leyendo &rarr;<\/a><\/p>\n","protected":false},"author":20,"featured_media":1831,"comment_status":"open","ping_status":"open","sticky":false,"template":"","format":"standard","meta":{"footnotes":""},"categories":[13],"tags":[],"class_list":["post-1830","post","type-post","status-publish","format-standard","has-post-thumbnail","hentry","category-portada"],"yoast_head":"<!-- This site is optimized with the Yoast SEO plugin v25.6 - https:\/\/yoast.com\/wordpress\/plugins\/seo\/ -->\n<title>Perfil impactante: J\u00f3venes drogados, sin v\u00ednculos con v\u00edctimas en agresiones sexuales grupales - Diario 21<\/title>\n<meta name=\"robots\" content=\"index, follow, max-snippet:-1, max-image-preview:large, max-video-preview:-1\" \/>\n<link rel=\"canonical\" href=\"https:\/\/www.diario21.tv\/noticias\/perfil-impactante-jovenes-drogados-sin-vinculos-con-victimas-en-agresiones-sexuales-grupales\/\" \/>\n<meta property=\"og:locale\" content=\"es_ES\" \/>\n<meta property=\"og:type\" content=\"article\" \/>\n<meta property=\"og:title\" content=\"Perfil impactante: J\u00f3venes drogados, sin v\u00ednculos con v\u00edctimas en agresiones sexuales grupales - Diario 21\" \/>\n<meta property=\"og:description\" content=\"J\u00f3venes bajo el efecto de drogas y sin conexi\u00f3n previa con la v\u00edctima son caracter\u00edsticos en agresiones sexuales grupales Una investigaci\u00f3n reciente ha revelado un perfil ... Seguir leyendo &rarr;\" \/>\n<meta property=\"og:url\" content=\"https:\/\/www.diario21.tv\/noticias\/perfil-impactante-jovenes-drogados-sin-vinculos-con-victimas-en-agresiones-sexuales-grupales\/\" \/>\n<meta property=\"og:site_name\" content=\"Diario 21\" \/>\n<meta property=\"article:published_time\" content=\"2025-01-16T00:45:22+00:00\" \/>\n<meta property=\"article:modified_time\" content=\"2025-01-16T00:45:23+00:00\" \/>\n<meta property=\"og:image\" content=\"https:\/\/www.diario21.tv\/noticias\/wp-content\/uploads\/2025\/01\/Perfil-impactante-Jovenes-drogados-sin-vinculos-con-victimas-en-agresiones.png\" \/>\n\t<meta property=\"og:image:width\" content=\"624\" \/>\n\t<meta property=\"og:image:height\" content=\"385\" \/>\n\t<meta property=\"og:image:type\" content=\"image\/png\" \/>\n<meta name=\"author\" content=\"Juan P\u00e9rez\" \/>\n<meta name=\"twitter:card\" content=\"summary_large_image\" \/>\n<meta name=\"twitter:label1\" content=\"Escrito por\" \/>\n\t<meta name=\"twitter:data1\" content=\"Juan P\u00e9rez\" \/>\n\t<meta name=\"twitter:label2\" content=\"Tiempo de lectura\" \/>\n\t<meta name=\"twitter:data2\" content=\"2 minutos\" \/>\n<script type=\"application\/ld+json\" class=\"yoast-schema-graph\">{\"@context\":\"https:\/\/schema.org\",\"@graph\":[{\"@type\":\"WebPage\",\"@id\":\"https:\/\/www.diario21.tv\/noticias\/perfil-impactante-jovenes-drogados-sin-vinculos-con-victimas-en-agresiones-sexuales-grupales\/\",\"url\":\"https:\/\/www.diario21.tv\/noticias\/perfil-impactante-jovenes-drogados-sin-vinculos-con-victimas-en-agresiones-sexuales-grupales\/\",\"name\":\"Perfil impactante: J\u00f3venes drogados, sin v\u00ednculos con v\u00edctimas en agresiones sexuales grupales - Diario 21\",\"isPartOf\":{\"@id\":\"https:\/\/www.diario21.tv\/noticias\/#website\"},\"primaryImageOfPage\":{\"@id\":\"https:\/\/www.diario21.tv\/noticias\/perfil-impactante-jovenes-drogados-sin-vinculos-con-victimas-en-agresiones-sexuales-grupales\/#primaryimage\"},\"image\":{\"@id\":\"https:\/\/www.diario21.tv\/noticias\/perfil-impactante-jovenes-drogados-sin-vinculos-con-victimas-en-agresiones-sexuales-grupales\/#primaryimage\"},\"thumbnailUrl\":\"https:\/\/www.diario21.tv\/noticias\/wp-content\/uploads\/2025\/01\/Perfil-impactante-Jovenes-drogados-sin-vinculos-con-victimas-en-agresiones.png\",\"datePublished\":\"2025-01-16T00:45:22+00:00\",\"dateModified\":\"2025-01-16T00:45:23+00:00\",\"author\":{\"@id\":\"https:\/\/www.diario21.tv\/noticias\/#\/schema\/person\/dfb778f73814d8f09f302618446a526b\"},\"breadcrumb\":{\"@id\":\"https:\/\/www.diario21.tv\/noticias\/perfil-impactante-jovenes-drogados-sin-vinculos-con-victimas-en-agresiones-sexuales-grupales\/#breadcrumb\"},\"inLanguage\":\"es-AR\",\"potentialAction\":[{\"@type\":\"ReadAction\",\"target\":[\"https:\/\/www.diario21.tv\/noticias\/perfil-impactante-jovenes-drogados-sin-vinculos-con-victimas-en-agresiones-sexuales-grupales\/\"]}]},{\"@type\":\"ImageObject\",\"inLanguage\":\"es-AR\",\"@id\":\"https:\/\/www.diario21.tv\/noticias\/perfil-impactante-jovenes-drogados-sin-vinculos-con-victimas-en-agresiones-sexuales-grupales\/#primaryimage\",\"url\":\"https:\/\/www.diario21.tv\/noticias\/wp-content\/uploads\/2025\/01\/Perfil-impactante-Jovenes-drogados-sin-vinculos-con-victimas-en-agresiones.png\",\"contentUrl\":\"https:\/\/www.diario21.tv\/noticias\/wp-content\/uploads\/2025\/01\/Perfil-impactante-Jovenes-drogados-sin-vinculos-con-victimas-en-agresiones.png\",\"width\":624,\"height\":385,\"caption\":\"J\u00f3venes, drogados y sin relaci\u00f3n con la v\u00edctima, el perfil de los agresores sexuales en grupo\"},{\"@type\":\"BreadcrumbList\",\"@id\":\"https:\/\/www.diario21.tv\/noticias\/perfil-impactante-jovenes-drogados-sin-vinculos-con-victimas-en-agresiones-sexuales-grupales\/#breadcrumb\",\"itemListElement\":[{\"@type\":\"ListItem\",\"position\":1,\"name\":\"Accueil\",\"item\":\"https:\/\/www.diario21.tv\/noticias\/\"},{\"@type\":\"ListItem\",\"position\":2,\"name\":\"Perfil impactante: J\u00f3venes drogados, sin v\u00ednculos con v\u00edctimas en agresiones sexuales grupales\"}]},{\"@type\":\"WebSite\",\"@id\":\"https:\/\/www.diario21.tv\/noticias\/#website\",\"url\":\"https:\/\/www.diario21.tv\/noticias\/\",\"name\":\"Diario 21\",\"description\":\"\",\"potentialAction\":[{\"@type\":\"SearchAction\",\"target\":{\"@type\":\"EntryPoint\",\"urlTemplate\":\"https:\/\/www.diario21.tv\/noticias\/?s={search_term_string}\"},\"query-input\":{\"@type\":\"PropertyValueSpecification\",\"valueRequired\":true,\"valueName\":\"search_term_string\"}}],\"inLanguage\":\"es-AR\"},{\"@type\":\"Person\",\"@id\":\"https:\/\/www.diario21.tv\/noticias\/#\/schema\/person\/dfb778f73814d8f09f302618446a526b\",\"name\":\"Juan P\u00e9rez\",\"image\":{\"@type\":\"ImageObject\",\"inLanguage\":\"es-AR\",\"@id\":\"https:\/\/www.diario21.tv\/noticias\/#\/schema\/person\/image\/\",\"url\":\"https:\/\/secure.gravatar.com\/avatar\/c478a405bd10621167f4c3167cc770f5?s=96&d=mm&r=g\",\"contentUrl\":\"https:\/\/secure.gravatar.com\/avatar\/c478a405bd10621167f4c3167cc770f5?s=96&d=mm&r=g\",\"caption\":\"Juan P\u00e9rez\"},\"description\":\"Juan P\u00e9rez es el redactor en jefe de Diario 21. Con m\u00e1s de 10 a\u00f1os de experiencia en el periodismo, se especializa en pol\u00edtica nacional y an\u00e1lisis socioecon\u00f3mico. Su enfoque cr\u00edtico y riguroso aporta una perspectiva \u00fanica a cada art\u00edculo.\",\"sameAs\":[\"https:\/\/www.diario21.tv\/noticias\/\"],\"url\":\"https:\/\/www.diario21.tv\/noticias\/author\/juan-perez\/\"}]}<\/script>\n<!-- \/ Yoast SEO plugin. -->","yoast_head_json":{"title":"Perfil impactante: J\u00f3venes drogados, sin v\u00ednculos con v\u00edctimas en agresiones sexuales grupales - Diario 21","robots":{"index":"index","follow":"follow","max-snippet":"max-snippet:-1","max-image-preview":"max-image-preview:large","max-video-preview":"max-video-preview:-1"},"canonical":"https:\/\/www.diario21.tv\/noticias\/perfil-impactante-jovenes-drogados-sin-vinculos-con-victimas-en-agresiones-sexuales-grupales\/","og_locale":"es_ES","og_type":"article","og_title":"Perfil impactante: J\u00f3venes drogados, sin v\u00ednculos con v\u00edctimas en agresiones sexuales grupales - Diario 21","og_description":"J\u00f3venes bajo el efecto de drogas y sin conexi\u00f3n previa con la v\u00edctima son caracter\u00edsticos en agresiones sexuales grupales Una investigaci\u00f3n reciente ha revelado un perfil ... Seguir leyendo &rarr;","og_url":"https:\/\/www.diario21.tv\/noticias\/perfil-impactante-jovenes-drogados-sin-vinculos-con-victimas-en-agresiones-sexuales-grupales\/","og_site_name":"Diario 21","article_published_time":"2025-01-16T00:45:22+00:00","article_modified_time":"2025-01-16T00:45:23+00:00","og_image":[{"width":624,"height":385,"url":"https:\/\/www.diario21.tv\/noticias\/wp-content\/uploads\/2025\/01\/Perfil-impactante-Jovenes-drogados-sin-vinculos-con-victimas-en-agresiones.png","type":"image\/png"}],"author":"Juan P\u00e9rez","twitter_card":"summary_large_image","twitter_misc":{"Escrito por":"Juan P\u00e9rez","Tiempo de lectura":"2 minutos"},"schema":{"@context":"https:\/\/schema.org","@graph":[{"@type":"WebPage","@id":"https:\/\/www.diario21.tv\/noticias\/perfil-impactante-jovenes-drogados-sin-vinculos-con-victimas-en-agresiones-sexuales-grupales\/","url":"https:\/\/www.diario21.tv\/noticias\/perfil-impactante-jovenes-drogados-sin-vinculos-con-victimas-en-agresiones-sexuales-grupales\/","name":"Perfil impactante: J\u00f3venes drogados, sin v\u00ednculos con v\u00edctimas en agresiones sexuales grupales - Diario 21","isPartOf":{"@id":"https:\/\/www.diario21.tv\/noticias\/#website"},"primaryImageOfPage":{"@id":"https:\/\/www.diario21.tv\/noticias\/perfil-impactante-jovenes-drogados-sin-vinculos-con-victimas-en-agresiones-sexuales-grupales\/#primaryimage"},"image":{"@id":"https:\/\/www.diario21.tv\/noticias\/perfil-impactante-jovenes-drogados-sin-vinculos-con-victimas-en-agresiones-sexuales-grupales\/#primaryimage"},"thumbnailUrl":"https:\/\/www.diario21.tv\/noticias\/wp-content\/uploads\/2025\/01\/Perfil-impactante-Jovenes-drogados-sin-vinculos-con-victimas-en-agresiones.png","datePublished":"2025-01-16T00:45:22+00:00","dateModified":"2025-01-16T00:45:23+00:00","author":{"@id":"https:\/\/www.diario21.tv\/noticias\/#\/schema\/person\/dfb778f73814d8f09f302618446a526b"},"breadcrumb":{"@id":"https:\/\/www.diario21.tv\/noticias\/perfil-impactante-jovenes-drogados-sin-vinculos-con-victimas-en-agresiones-sexuales-grupales\/#breadcrumb"},"inLanguage":"es-AR","potentialAction":[{"@type":"ReadAction","target":["https:\/\/www.diario21.tv\/noticias\/perfil-impactante-jovenes-drogados-sin-vinculos-con-victimas-en-agresiones-sexuales-grupales\/"]}]},{"@type":"ImageObject","inLanguage":"es-AR","@id":"https:\/\/www.diario21.tv\/noticias\/perfil-impactante-jovenes-drogados-sin-vinculos-con-victimas-en-agresiones-sexuales-grupales\/#primaryimage","url":"https:\/\/www.diario21.tv\/noticias\/wp-content\/uploads\/2025\/01\/Perfil-impactante-Jovenes-drogados-sin-vinculos-con-victimas-en-agresiones.png","contentUrl":"https:\/\/www.diario21.tv\/noticias\/wp-content\/uploads\/2025\/01\/Perfil-impactante-Jovenes-drogados-sin-vinculos-con-victimas-en-agresiones.png","width":624,"height":385,"caption":"J\u00f3venes, drogados y sin relaci\u00f3n con la v\u00edctima, el perfil de los agresores sexuales en grupo"},{"@type":"BreadcrumbList","@id":"https:\/\/www.diario21.tv\/noticias\/perfil-impactante-jovenes-drogados-sin-vinculos-con-victimas-en-agresiones-sexuales-grupales\/#breadcrumb","itemListElement":[{"@type":"ListItem","position":1,"name":"Accueil","item":"https:\/\/www.diario21.tv\/noticias\/"},{"@type":"ListItem","position":2,"name":"Perfil impactante: J\u00f3venes drogados, sin v\u00ednculos con v\u00edctimas en agresiones sexuales grupales"}]},{"@type":"WebSite","@id":"https:\/\/www.diario21.tv\/noticias\/#website","url":"https:\/\/www.diario21.tv\/noticias\/","name":"Diario 21","description":"","potentialAction":[{"@type":"SearchAction","target":{"@type":"EntryPoint","urlTemplate":"https:\/\/www.diario21.tv\/noticias\/?s={search_term_string}"},"query-input":{"@type":"PropertyValueSpecification","valueRequired":true,"valueName":"search_term_string"}}],"inLanguage":"es-AR"},{"@type":"Person","@id":"https:\/\/www.diario21.tv\/noticias\/#\/schema\/person\/dfb778f73814d8f09f302618446a526b","name":"Juan P\u00e9rez","image":{"@type":"ImageObject","inLanguage":"es-AR","@id":"https:\/\/www.diario21.tv\/noticias\/#\/schema\/person\/image\/","url":"https:\/\/secure.gravatar.com\/avatar\/c478a405bd10621167f4c3167cc770f5?s=96&d=mm&r=g","contentUrl":"https:\/\/secure.gravatar.com\/avatar\/c478a405bd10621167f4c3167cc770f5?s=96&d=mm&r=g","caption":"Juan P\u00e9rez"},"description":"Juan P\u00e9rez es el redactor en jefe de Diario 21. Con m\u00e1s de 10 a\u00f1os de experiencia en el periodismo, se especializa en pol\u00edtica nacional y an\u00e1lisis socioecon\u00f3mico. Su enfoque cr\u00edtico y riguroso aporta una perspectiva \u00fanica a cada art\u00edculo.","sameAs":["https:\/\/www.diario21.tv\/noticias\/"],"url":"https:\/\/www.diario21.tv\/noticias\/author\/juan-perez\/"}]}},"_links":{"self":[{"href":"https:\/\/www.diario21.tv\/noticias\/wp-json\/wp\/v2\/posts\/1830"}],"collection":[{"href":"https:\/\/www.diario21.tv\/noticias\/wp-json\/wp\/v2\/posts"}],"about":[{"href":"https:\/\/www.diario21.tv\/noticias\/wp-json\/wp\/v2\/types\/post"}],"author":[{"embeddable":true,"href":"https:\/\/www.diario21.tv\/noticias\/wp-json\/wp\/v2\/users\/20"}],"replies":[{"embeddable":true,"href":"https:\/\/www.diario21.tv\/noticias\/wp-json\/wp\/v2\/comments?post=1830"}],"version-history":[{"count":1,"href":"https:\/\/www.diario21.tv\/noticias\/wp-json\/wp\/v2\/posts\/1830\/revisions"}],"predecessor-version":[{"id":1832,"href":"https:\/\/www.diario21.tv\/noticias\/wp-json\/wp\/v2\/posts\/1830\/revisions\/1832"}],"wp:featuredmedia":[{"embeddable":true,"href":"https:\/\/www.diario21.tv\/noticias\/wp-json\/wp\/v2\/media\/1831"}],"wp:attachment":[{"href":"https:\/\/www.diario21.tv\/noticias\/wp-json\/wp\/v2\/media?parent=1830"}],"wp:term":[{"taxonomy":"category","embeddable":true,"href":"https:\/\/www.diario21.tv\/noticias\/wp-json\/wp\/v2\/categories?post=1830"},{"taxonomy":"post_tag","embeddable":true,"href":"https:\/\/www.diario21.tv\/noticias\/wp-json\/wp\/v2\/tags?post=1830"}],"curies":[{"name":"wp","href":"https:\/\/api.w.org\/{rel}","templated":true}]}}