{"id":183,"date":"2024-08-26T22:00:39","date_gmt":"2024-08-26T22:00:39","guid":{"rendered":"https:\/\/www.diario21.tv\/noticias\/alerta-prohibiran-el-acceso-a-redes-sociales-por-delitos-de-odio-grave-la-fiscalia-lo-estudia\/"},"modified":"2024-08-26T22:00:43","modified_gmt":"2024-08-26T22:00:43","slug":"alerta-prohibiran-el-acceso-a-redes-sociales-por-delitos-de-odio-grave-la-fiscalia-lo-estudia","status":"publish","type":"post","link":"https:\/\/www.diario21.tv\/noticias\/alerta-prohibiran-el-acceso-a-redes-sociales-por-delitos-de-odio-grave-la-fiscalia-lo-estudia\/","title":{"rendered":"\u00a1ALERTA! \u00bfProhibir\u00e1n el Acceso a Redes Sociales por Delitos de Odio Grave? \u00a1La Fiscal\u00eda lo Estudia!"},"content":{"rendered":"<h2>La Fiscal\u00eda considera la posibilidad de vetar el uso de las redes sociales en situaciones de cr\u00edmenes de odio serios<\/h2>\n<p>El Ministerio P\u00fablico se encuentra evaluando la posibilidad de restringir el acceso a las redes sociales en casos en los que se cometa un delito de odio de alta gravedad. La idea es inhibir la propagaci\u00f3n de tales delitos y asegurar que la justicia se aplique de manera efectiva.<\/p>\n<h2>El papel de las redes sociales en los delitos de odio<\/h2>\n<p>Las redes sociales han demostrado ser una herramienta de doble filo. Por un lado, permiten la comunicaci\u00f3n y el intercambio de ideas, pero por otro, tambi\u00e9n pueden ser utilizadas para propagar el odio y la discriminaci\u00f3n. En casos extremos, esto puede llevar a la comisi\u00f3n de delitos de odio.<\/p>\n<h2>La propuesta de restricci\u00f3n de acceso a las redes<\/h2>\n<p>La Fiscal\u00eda est\u00e1 considerando la posibilidad de tomar medidas legales que permitan la restricci\u00f3n del acceso a las redes sociales a aquellos individuos que sean hallados culpables de cometer delitos de odio de alta gravedad. Esta medida buscar\u00eda prevenir la repetici\u00f3n de estos delitos y asegurar que las redes sociales no se conviertan en una plataforma para la propagaci\u00f3n del odio.<\/p>\n<h2>Posibles complicaciones y desaf\u00edos<\/h2>\n<p>Aunque la medida podr\u00eda ser efectiva para prevenir la propagaci\u00f3n de delitos de odio, tambi\u00e9n presenta ciertas complicaciones. En primer lugar, existe el desaf\u00edo de definir qu\u00e9 constituye un &#8216;delito de odio de alta gravedad&#8217;. Adem\u00e1s, tambi\u00e9n puede ser dif\u00edcil controlar el acceso de una persona a las redes sociales, dado que existen diversas maneras de eludir estas restricciones.<\/p>\n<p>En resumen, la Fiscal\u00eda est\u00e1 considerando seriamente la opci\u00f3n de restringir el acceso a las redes sociales a aquellos que cometan delitos de odio graves. Si bien esta medida podr\u00eda ser efectiva para prevenir la propagaci\u00f3n de estos delitos, tambi\u00e9n presenta ciertos desaf\u00edos que deben ser considerados cuidadosamente.<\/p>\n\n\n<div class=\"kk-star-ratings kksr-auto kksr-align-left kksr-valign-bottom\"\n    data-payload='{&quot;align&quot;:&quot;left&quot;,&quot;id&quot;:&quot;183&quot;,&quot;slug&quot;:&quot;default&quot;,&quot;valign&quot;:&quot;bottom&quot;,&quot;ignore&quot;:&quot;&quot;,&quot;reference&quot;:&quot;auto&quot;,&quot;class&quot;:&quot;&quot;,&quot;count&quot;:&quot;0&quot;,&quot;legendonly&quot;:&quot;&quot;,&quot;readonly&quot;:&quot;&quot;,&quot;score&quot;:&quot;0&quot;,&quot;starsonly&quot;:&quot;&quot;,&quot;best&quot;:&quot;5&quot;,&quot;gap&quot;:&quot;5&quot;,&quot;greet&quot;:&quot;Valora este post&quot;,&quot;legend&quot;:&quot;0\\\/5 - (0 votes)&quot;,&quot;size&quot;:&quot;22&quot;,&quot;title&quot;:&quot;\u00a1ALERTA! \u00bfProhibir\u00e1n el Acceso a Redes Sociales por Delitos de Odio Grave? \u00a1La Fiscal\u00eda lo Estudia!&quot;,&quot;width&quot;:&quot;0&quot;,&quot;_legend&quot;:&quot;{score}\\\/{best} - ({count} {votes})&quot;,&quot;font_factor&quot;:&quot;1.25&quot;}'>\n            \n<div class=\"kksr-stars\">\n    \n<div class=\"kksr-stars-inactive\">\n            <div class=\"kksr-star\" data-star=\"1\" style=\"padding-right: 5px\">\n            \n\n<div class=\"kksr-icon\" style=\"width: 22px; height: 22px;\"><\/div>\n        <\/div>\n            <div class=\"kksr-star\" data-star=\"2\" style=\"padding-right: 5px\">\n            \n\n<div class=\"kksr-icon\" style=\"width: 22px; height: 22px;\"><\/div>\n        <\/div>\n            <div class=\"kksr-star\" data-star=\"3\" style=\"padding-right: 5px\">\n            \n\n<div class=\"kksr-icon\" style=\"width: 22px; height: 22px;\"><\/div>\n        <\/div>\n            <div class=\"kksr-star\" data-star=\"4\" style=\"padding-right: 5px\">\n            \n\n<div class=\"kksr-icon\" style=\"width: 22px; height: 22px;\"><\/div>\n        <\/div>\n            <div class=\"kksr-star\" data-star=\"5\" style=\"padding-right: 5px\">\n            \n\n<div class=\"kksr-icon\" style=\"width: 22px; height: 22px;\"><\/div>\n        <\/div>\n    <\/div>\n    \n<div class=\"kksr-stars-active\" style=\"width: 0px;\">\n            <div class=\"kksr-star\" style=\"padding-right: 5px\">\n            \n\n<div class=\"kksr-icon\" style=\"width: 22px; height: 22px;\"><\/div>\n        <\/div>\n            <div class=\"kksr-star\" style=\"padding-right: 5px\">\n            \n\n<div class=\"kksr-icon\" style=\"width: 22px; height: 22px;\"><\/div>\n        <\/div>\n            <div class=\"kksr-star\" style=\"padding-right: 5px\">\n            \n\n<div class=\"kksr-icon\" style=\"width: 22px; height: 22px;\"><\/div>\n        <\/div>\n            <div class=\"kksr-star\" style=\"padding-right: 5px\">\n            \n\n<div class=\"kksr-icon\" style=\"width: 22px; height: 22px;\"><\/div>\n        <\/div>\n            <div class=\"kksr-star\" style=\"padding-right: 5px\">\n            \n\n<div class=\"kksr-icon\" style=\"width: 22px; height: 22px;\"><\/div>\n        <\/div>\n    <\/div>\n<\/div>\n                \n\n<div class=\"kksr-legend\" style=\"font-size: 17.6px;\">\n            <span class=\"kksr-muted\">Valora este post<\/span>\n    <\/div>\n    <\/div>\n","protected":false},"excerpt":{"rendered":"<p>La Fiscal\u00eda considera la posibilidad de vetar el uso de las redes sociales en situaciones de cr\u00edmenes de odio serios El Ministerio P\u00fablico se encuentra evaluando &#8230; <a title=\"\u00a1ALERTA! \u00bfProhibir\u00e1n el Acceso a Redes Sociales por Delitos de Odio Grave? \u00a1La Fiscal\u00eda lo Estudia!\" class=\"read-more\" href=\"https:\/\/www.diario21.tv\/noticias\/alerta-prohibiran-el-acceso-a-redes-sociales-por-delitos-de-odio-grave-la-fiscalia-lo-estudia\/\" aria-label=\"Leer m\u00e1s sobre \u00a1ALERTA! \u00bfProhibir\u00e1n el Acceso a Redes Sociales por Delitos de Odio Grave? \u00a1La Fiscal\u00eda lo Estudia!\">Seguir leyendo &rarr;<\/a><\/p>\n","protected":false},"author":16,"featured_media":184,"comment_status":"open","ping_status":"open","sticky":false,"template":"","format":"standard","meta":{"footnotes":""},"categories":[12],"tags":[],"class_list":["post-183","post","type-post","status-publish","format-standard","has-post-thumbnail","hentry","category-tendencia"],"yoast_head":"<!-- This site is optimized with the Yoast SEO plugin v25.6 - https:\/\/yoast.com\/wordpress\/plugins\/seo\/ -->\n<title>\u00a1ALERTA! \u00bfProhibir\u00e1n el Acceso a Redes Sociales por Delitos de Odio Grave? \u00a1La Fiscal\u00eda lo Estudia! - Diario 21<\/title>\n<meta name=\"robots\" content=\"index, follow, max-snippet:-1, max-image-preview:large, max-video-preview:-1\" \/>\n<link rel=\"canonical\" href=\"https:\/\/www.diario21.tv\/noticias\/alerta-prohibiran-el-acceso-a-redes-sociales-por-delitos-de-odio-grave-la-fiscalia-lo-estudia\/\" \/>\n<meta property=\"og:locale\" content=\"es_ES\" \/>\n<meta property=\"og:type\" content=\"article\" \/>\n<meta property=\"og:title\" content=\"\u00a1ALERTA! \u00bfProhibir\u00e1n el Acceso a Redes Sociales por Delitos de Odio Grave? \u00a1La Fiscal\u00eda lo Estudia! - Diario 21\" \/>\n<meta property=\"og:description\" content=\"La Fiscal\u00eda considera la posibilidad de vetar el uso de las redes sociales en situaciones de cr\u00edmenes de odio serios El Ministerio P\u00fablico se encuentra evaluando ... Seguir leyendo &rarr;\" \/>\n<meta property=\"og:url\" content=\"https:\/\/www.diario21.tv\/noticias\/alerta-prohibiran-el-acceso-a-redes-sociales-por-delitos-de-odio-grave-la-fiscalia-lo-estudia\/\" \/>\n<meta property=\"og:site_name\" content=\"Diario 21\" \/>\n<meta property=\"article:published_time\" content=\"2024-08-26T22:00:39+00:00\" \/>\n<meta property=\"article:modified_time\" content=\"2024-08-26T22:00:43+00:00\" \/>\n<meta property=\"og:image\" content=\"https:\/\/www.diario21.tv\/noticias\/wp-content\/uploads\/2024\/08\/\u00a1ALERTA-\u00bfProhibiran-el-Acceso-a-Redes-Sociales-por-Delitos-de.png\" \/>\n\t<meta property=\"og:image:width\" content=\"800\" \/>\n\t<meta property=\"og:image:height\" content=\"533\" \/>\n\t<meta property=\"og:image:type\" content=\"image\/png\" \/>\n<meta name=\"author\" content=\"Diario 21\" \/>\n<meta name=\"twitter:card\" content=\"summary_large_image\" \/>\n<meta name=\"twitter:label1\" content=\"Escrito por\" \/>\n\t<meta name=\"twitter:data1\" content=\"Diario 21\" \/>\n\t<meta name=\"twitter:label2\" content=\"Tiempo de lectura\" \/>\n\t<meta name=\"twitter:data2\" content=\"2 minutos\" \/>\n<script type=\"application\/ld+json\" class=\"yoast-schema-graph\">{\"@context\":\"https:\/\/schema.org\",\"@graph\":[{\"@type\":\"WebPage\",\"@id\":\"https:\/\/www.diario21.tv\/noticias\/alerta-prohibiran-el-acceso-a-redes-sociales-por-delitos-de-odio-grave-la-fiscalia-lo-estudia\/\",\"url\":\"https:\/\/www.diario21.tv\/noticias\/alerta-prohibiran-el-acceso-a-redes-sociales-por-delitos-de-odio-grave-la-fiscalia-lo-estudia\/\",\"name\":\"\u00a1ALERTA! \u00bfProhibir\u00e1n el Acceso a Redes Sociales por Delitos de Odio Grave? \u00a1La Fiscal\u00eda lo Estudia! - Diario 21\",\"isPartOf\":{\"@id\":\"https:\/\/www.diario21.tv\/noticias\/#website\"},\"primaryImageOfPage\":{\"@id\":\"https:\/\/www.diario21.tv\/noticias\/alerta-prohibiran-el-acceso-a-redes-sociales-por-delitos-de-odio-grave-la-fiscalia-lo-estudia\/#primaryimage\"},\"image\":{\"@id\":\"https:\/\/www.diario21.tv\/noticias\/alerta-prohibiran-el-acceso-a-redes-sociales-por-delitos-de-odio-grave-la-fiscalia-lo-estudia\/#primaryimage\"},\"thumbnailUrl\":\"https:\/\/www.diario21.tv\/noticias\/wp-content\/uploads\/2024\/08\/\u00a1ALERTA-\u00bfProhibiran-el-Acceso-a-Redes-Sociales-por-Delitos-de.png\",\"datePublished\":\"2024-08-26T22:00:39+00:00\",\"dateModified\":\"2024-08-26T22:00:43+00:00\",\"author\":{\"@id\":\"https:\/\/www.diario21.tv\/noticias\/#\/schema\/person\/7de9d6205bd3da5b7f01f5cffb18d715\"},\"breadcrumb\":{\"@id\":\"https:\/\/www.diario21.tv\/noticias\/alerta-prohibiran-el-acceso-a-redes-sociales-por-delitos-de-odio-grave-la-fiscalia-lo-estudia\/#breadcrumb\"},\"inLanguage\":\"es-AR\",\"potentialAction\":[{\"@type\":\"ReadAction\",\"target\":[\"https:\/\/www.diario21.tv\/noticias\/alerta-prohibiran-el-acceso-a-redes-sociales-por-delitos-de-odio-grave-la-fiscalia-lo-estudia\/\"]}]},{\"@type\":\"ImageObject\",\"inLanguage\":\"es-AR\",\"@id\":\"https:\/\/www.diario21.tv\/noticias\/alerta-prohibiran-el-acceso-a-redes-sociales-por-delitos-de-odio-grave-la-fiscalia-lo-estudia\/#primaryimage\",\"url\":\"https:\/\/www.diario21.tv\/noticias\/wp-content\/uploads\/2024\/08\/\u00a1ALERTA-\u00bfProhibiran-el-Acceso-a-Redes-Sociales-por-Delitos-de.png\",\"contentUrl\":\"https:\/\/www.diario21.tv\/noticias\/wp-content\/uploads\/2024\/08\/\u00a1ALERTA-\u00bfProhibiran-el-Acceso-a-Redes-Sociales-por-Delitos-de.png\",\"width\":800,\"height\":533,\"caption\":\"La Fiscal\u00eda estudia prohibir el acceso a redes sociales en caso de delito de odio grave\"},{\"@type\":\"BreadcrumbList\",\"@id\":\"https:\/\/www.diario21.tv\/noticias\/alerta-prohibiran-el-acceso-a-redes-sociales-por-delitos-de-odio-grave-la-fiscalia-lo-estudia\/#breadcrumb\",\"itemListElement\":[{\"@type\":\"ListItem\",\"position\":1,\"name\":\"Accueil\",\"item\":\"https:\/\/www.diario21.tv\/noticias\/\"},{\"@type\":\"ListItem\",\"position\":2,\"name\":\"\u00a1ALERTA! \u00bfProhibir\u00e1n el Acceso a Redes Sociales por Delitos de Odio Grave? \u00a1La Fiscal\u00eda lo Estudia!\"}]},{\"@type\":\"WebSite\",\"@id\":\"https:\/\/www.diario21.tv\/noticias\/#website\",\"url\":\"https:\/\/www.diario21.tv\/noticias\/\",\"name\":\"Diario 21\",\"description\":\"\",\"potentialAction\":[{\"@type\":\"SearchAction\",\"target\":{\"@type\":\"EntryPoint\",\"urlTemplate\":\"https:\/\/www.diario21.tv\/noticias\/?s={search_term_string}\"},\"query-input\":{\"@type\":\"PropertyValueSpecification\",\"valueRequired\":true,\"valueName\":\"search_term_string\"}}],\"inLanguage\":\"es-AR\"},{\"@type\":\"Person\",\"@id\":\"https:\/\/www.diario21.tv\/noticias\/#\/schema\/person\/7de9d6205bd3da5b7f01f5cffb18d715\",\"name\":\"Diario 21\",\"image\":{\"@type\":\"ImageObject\",\"inLanguage\":\"es-AR\",\"@id\":\"https:\/\/www.diario21.tv\/noticias\/#\/schema\/person\/image\/\",\"url\":\"https:\/\/secure.gravatar.com\/avatar\/d1d5e764b940c8e5990284cabcd5dea9?s=96&d=mm&r=g\",\"contentUrl\":\"https:\/\/secure.gravatar.com\/avatar\/d1d5e764b940c8e5990284cabcd5dea9?s=96&d=mm&r=g\",\"caption\":\"Diario 21\"},\"url\":\"https:\/\/www.diario21.tv\/noticias\/author\/diario-21\/\"}]}<\/script>\n<!-- \/ Yoast SEO plugin. -->","yoast_head_json":{"title":"\u00a1ALERTA! \u00bfProhibir\u00e1n el Acceso a Redes Sociales por Delitos de Odio Grave? \u00a1La Fiscal\u00eda lo Estudia! - Diario 21","robots":{"index":"index","follow":"follow","max-snippet":"max-snippet:-1","max-image-preview":"max-image-preview:large","max-video-preview":"max-video-preview:-1"},"canonical":"https:\/\/www.diario21.tv\/noticias\/alerta-prohibiran-el-acceso-a-redes-sociales-por-delitos-de-odio-grave-la-fiscalia-lo-estudia\/","og_locale":"es_ES","og_type":"article","og_title":"\u00a1ALERTA! \u00bfProhibir\u00e1n el Acceso a Redes Sociales por Delitos de Odio Grave? \u00a1La Fiscal\u00eda lo Estudia! - Diario 21","og_description":"La Fiscal\u00eda considera la posibilidad de vetar el uso de las redes sociales en situaciones de cr\u00edmenes de odio serios El Ministerio P\u00fablico se encuentra evaluando ... Seguir leyendo &rarr;","og_url":"https:\/\/www.diario21.tv\/noticias\/alerta-prohibiran-el-acceso-a-redes-sociales-por-delitos-de-odio-grave-la-fiscalia-lo-estudia\/","og_site_name":"Diario 21","article_published_time":"2024-08-26T22:00:39+00:00","article_modified_time":"2024-08-26T22:00:43+00:00","og_image":[{"width":800,"height":533,"url":"https:\/\/www.diario21.tv\/noticias\/wp-content\/uploads\/2024\/08\/\u00a1ALERTA-\u00bfProhibiran-el-Acceso-a-Redes-Sociales-por-Delitos-de.png","type":"image\/png"}],"author":"Diario 21","twitter_card":"summary_large_image","twitter_misc":{"Escrito por":"Diario 21","Tiempo de lectura":"2 minutos"},"schema":{"@context":"https:\/\/schema.org","@graph":[{"@type":"WebPage","@id":"https:\/\/www.diario21.tv\/noticias\/alerta-prohibiran-el-acceso-a-redes-sociales-por-delitos-de-odio-grave-la-fiscalia-lo-estudia\/","url":"https:\/\/www.diario21.tv\/noticias\/alerta-prohibiran-el-acceso-a-redes-sociales-por-delitos-de-odio-grave-la-fiscalia-lo-estudia\/","name":"\u00a1ALERTA! \u00bfProhibir\u00e1n el Acceso a Redes Sociales por Delitos de Odio Grave? \u00a1La Fiscal\u00eda lo Estudia! - Diario 21","isPartOf":{"@id":"https:\/\/www.diario21.tv\/noticias\/#website"},"primaryImageOfPage":{"@id":"https:\/\/www.diario21.tv\/noticias\/alerta-prohibiran-el-acceso-a-redes-sociales-por-delitos-de-odio-grave-la-fiscalia-lo-estudia\/#primaryimage"},"image":{"@id":"https:\/\/www.diario21.tv\/noticias\/alerta-prohibiran-el-acceso-a-redes-sociales-por-delitos-de-odio-grave-la-fiscalia-lo-estudia\/#primaryimage"},"thumbnailUrl":"https:\/\/www.diario21.tv\/noticias\/wp-content\/uploads\/2024\/08\/\u00a1ALERTA-\u00bfProhibiran-el-Acceso-a-Redes-Sociales-por-Delitos-de.png","datePublished":"2024-08-26T22:00:39+00:00","dateModified":"2024-08-26T22:00:43+00:00","author":{"@id":"https:\/\/www.diario21.tv\/noticias\/#\/schema\/person\/7de9d6205bd3da5b7f01f5cffb18d715"},"breadcrumb":{"@id":"https:\/\/www.diario21.tv\/noticias\/alerta-prohibiran-el-acceso-a-redes-sociales-por-delitos-de-odio-grave-la-fiscalia-lo-estudia\/#breadcrumb"},"inLanguage":"es-AR","potentialAction":[{"@type":"ReadAction","target":["https:\/\/www.diario21.tv\/noticias\/alerta-prohibiran-el-acceso-a-redes-sociales-por-delitos-de-odio-grave-la-fiscalia-lo-estudia\/"]}]},{"@type":"ImageObject","inLanguage":"es-AR","@id":"https:\/\/www.diario21.tv\/noticias\/alerta-prohibiran-el-acceso-a-redes-sociales-por-delitos-de-odio-grave-la-fiscalia-lo-estudia\/#primaryimage","url":"https:\/\/www.diario21.tv\/noticias\/wp-content\/uploads\/2024\/08\/\u00a1ALERTA-\u00bfProhibiran-el-Acceso-a-Redes-Sociales-por-Delitos-de.png","contentUrl":"https:\/\/www.diario21.tv\/noticias\/wp-content\/uploads\/2024\/08\/\u00a1ALERTA-\u00bfProhibiran-el-Acceso-a-Redes-Sociales-por-Delitos-de.png","width":800,"height":533,"caption":"La Fiscal\u00eda estudia prohibir el acceso a redes sociales en caso de delito de odio grave"},{"@type":"BreadcrumbList","@id":"https:\/\/www.diario21.tv\/noticias\/alerta-prohibiran-el-acceso-a-redes-sociales-por-delitos-de-odio-grave-la-fiscalia-lo-estudia\/#breadcrumb","itemListElement":[{"@type":"ListItem","position":1,"name":"Accueil","item":"https:\/\/www.diario21.tv\/noticias\/"},{"@type":"ListItem","position":2,"name":"\u00a1ALERTA! \u00bfProhibir\u00e1n el Acceso a Redes Sociales por Delitos de Odio Grave? \u00a1La Fiscal\u00eda lo Estudia!"}]},{"@type":"WebSite","@id":"https:\/\/www.diario21.tv\/noticias\/#website","url":"https:\/\/www.diario21.tv\/noticias\/","name":"Diario 21","description":"","potentialAction":[{"@type":"SearchAction","target":{"@type":"EntryPoint","urlTemplate":"https:\/\/www.diario21.tv\/noticias\/?s={search_term_string}"},"query-input":{"@type":"PropertyValueSpecification","valueRequired":true,"valueName":"search_term_string"}}],"inLanguage":"es-AR"},{"@type":"Person","@id":"https:\/\/www.diario21.tv\/noticias\/#\/schema\/person\/7de9d6205bd3da5b7f01f5cffb18d715","name":"Diario 21","image":{"@type":"ImageObject","inLanguage":"es-AR","@id":"https:\/\/www.diario21.tv\/noticias\/#\/schema\/person\/image\/","url":"https:\/\/secure.gravatar.com\/avatar\/d1d5e764b940c8e5990284cabcd5dea9?s=96&d=mm&r=g","contentUrl":"https:\/\/secure.gravatar.com\/avatar\/d1d5e764b940c8e5990284cabcd5dea9?s=96&d=mm&r=g","caption":"Diario 21"},"url":"https:\/\/www.diario21.tv\/noticias\/author\/diario-21\/"}]}},"_links":{"self":[{"href":"https:\/\/www.diario21.tv\/noticias\/wp-json\/wp\/v2\/posts\/183"}],"collection":[{"href":"https:\/\/www.diario21.tv\/noticias\/wp-json\/wp\/v2\/posts"}],"about":[{"href":"https:\/\/www.diario21.tv\/noticias\/wp-json\/wp\/v2\/types\/post"}],"author":[{"embeddable":true,"href":"https:\/\/www.diario21.tv\/noticias\/wp-json\/wp\/v2\/users\/16"}],"replies":[{"embeddable":true,"href":"https:\/\/www.diario21.tv\/noticias\/wp-json\/wp\/v2\/comments?post=183"}],"version-history":[{"count":1,"href":"https:\/\/www.diario21.tv\/noticias\/wp-json\/wp\/v2\/posts\/183\/revisions"}],"predecessor-version":[{"id":185,"href":"https:\/\/www.diario21.tv\/noticias\/wp-json\/wp\/v2\/posts\/183\/revisions\/185"}],"wp:featuredmedia":[{"embeddable":true,"href":"https:\/\/www.diario21.tv\/noticias\/wp-json\/wp\/v2\/media\/184"}],"wp:attachment":[{"href":"https:\/\/www.diario21.tv\/noticias\/wp-json\/wp\/v2\/media?parent=183"}],"wp:term":[{"taxonomy":"category","embeddable":true,"href":"https:\/\/www.diario21.tv\/noticias\/wp-json\/wp\/v2\/categories?post=183"},{"taxonomy":"post_tag","embeddable":true,"href":"https:\/\/www.diario21.tv\/noticias\/wp-json\/wp\/v2\/tags?post=183"}],"curies":[{"name":"wp","href":"https:\/\/api.w.org\/{rel}","templated":true}]}}