{"id":180,"date":"2024-08-26T13:00:32","date_gmt":"2024-08-26T13:00:32","guid":{"rendered":"https:\/\/www.diario21.tv\/noticias\/exclusivo-solo-los-grupos-de-riesgo-recibiran-la-vacuna-contra-la-viruela-sanidad-lo-confirma\/"},"modified":"2024-08-26T13:00:35","modified_gmt":"2024-08-26T13:00:35","slug":"exclusivo-solo-los-grupos-de-riesgo-recibiran-la-vacuna-contra-la-viruela-sanidad-lo-confirma","status":"publish","type":"post","link":"https:\/\/www.diario21.tv\/noticias\/exclusivo-solo-los-grupos-de-riesgo-recibiran-la-vacuna-contra-la-viruela-sanidad-lo-confirma\/","title":{"rendered":"\u00a1Exclusivo! Solo los grupos de riesgo recibir\u00e1n la vacuna contra la viruela, \u00a1Sanidad lo confirma!"},"content":{"rendered":"<h2>Salud contin\u00faa con el plan de inmunizaci\u00f3n contra la viruela s\u00f3lo para grupos vulnerables<\/h2>\n<p>El departamento de salud sigue firmemente su plan de vacunaci\u00f3n contra la viruela, destinada exclusivamente a los grupos de alto riesgo. La estrategia, que se ha mantenido a pesar de las cr\u00edticas y sugerencias de cambio, se basa en la premisa de que estos grupos son los m\u00e1s propensos a contraer la enfermedad.<\/p>\n<h3>El enfoque de la vacunaci\u00f3n<\/h3>\n<p>A pesar de las voces que piden una vacunaci\u00f3n m\u00e1s generalizada, la Salud ha decidido mantener su enfoque actual. Este enfoque se centra en inmunizar a aquellos que tienen un mayor riesgo de infecci\u00f3n. Esto incluye a los trabajadores de la salud, los adultos mayores y las personas con sistemas inmunol\u00f3gicos d\u00e9biles.<\/p>\n<h3>Cr\u00edticas a la estrategia<\/h3>\n<p>La decisi\u00f3n de limitar la vacunaci\u00f3n a estos grupos ha sido objeto de cr\u00edticas. Algunos argumentan que una estrategia de vacunaci\u00f3n m\u00e1s amplia podr\u00eda ayudar a erradicar la enfermedad m\u00e1s r\u00e1pidamente. Sin embargo, el departamento de salud argumenta que su enfoque est\u00e1 basado en la evidencia y en la necesidad de proteger a los m\u00e1s vulnerables primero.<\/p>\n<h3>El futuro de la estrategia de vacunaci\u00f3n<\/h3>\n<p>A pesar de las cr\u00edticas, no hay planes para cambiar la estrategia de vacunaci\u00f3n actual. La Salud sigue convencida de que su enfoque es la mejor manera de proteger a la poblaci\u00f3n y de luchar contra la viruela. A medida que se disponga de m\u00e1s vacunas, es posible que se ampl\u00ede la elegibilidad para la vacunaci\u00f3n. Sin embargo, por ahora, el enfoque sigue siendo vacunar a los grupos de alto riesgo.<\/p>\n\n\n<div class=\"kk-star-ratings kksr-auto kksr-align-left kksr-valign-bottom\"\n    data-payload='{&quot;align&quot;:&quot;left&quot;,&quot;id&quot;:&quot;180&quot;,&quot;slug&quot;:&quot;default&quot;,&quot;valign&quot;:&quot;bottom&quot;,&quot;ignore&quot;:&quot;&quot;,&quot;reference&quot;:&quot;auto&quot;,&quot;class&quot;:&quot;&quot;,&quot;count&quot;:&quot;0&quot;,&quot;legendonly&quot;:&quot;&quot;,&quot;readonly&quot;:&quot;&quot;,&quot;score&quot;:&quot;0&quot;,&quot;starsonly&quot;:&quot;&quot;,&quot;best&quot;:&quot;5&quot;,&quot;gap&quot;:&quot;5&quot;,&quot;greet&quot;:&quot;Valora este post&quot;,&quot;legend&quot;:&quot;0\\\/5 - (0 votes)&quot;,&quot;size&quot;:&quot;22&quot;,&quot;title&quot;:&quot;\u00a1Exclusivo! Solo los grupos de riesgo recibir\u00e1n la vacuna contra la viruela, \u00a1Sanidad lo confirma!&quot;,&quot;width&quot;:&quot;0&quot;,&quot;_legend&quot;:&quot;{score}\\\/{best} - ({count} {votes})&quot;,&quot;font_factor&quot;:&quot;1.25&quot;}'>\n            \n<div class=\"kksr-stars\">\n    \n<div class=\"kksr-stars-inactive\">\n            <div class=\"kksr-star\" data-star=\"1\" style=\"padding-right: 5px\">\n            \n\n<div class=\"kksr-icon\" style=\"width: 22px; height: 22px;\"><\/div>\n        <\/div>\n            <div class=\"kksr-star\" data-star=\"2\" style=\"padding-right: 5px\">\n            \n\n<div class=\"kksr-icon\" style=\"width: 22px; height: 22px;\"><\/div>\n        <\/div>\n            <div class=\"kksr-star\" data-star=\"3\" style=\"padding-right: 5px\">\n            \n\n<div class=\"kksr-icon\" style=\"width: 22px; height: 22px;\"><\/div>\n        <\/div>\n            <div class=\"kksr-star\" data-star=\"4\" style=\"padding-right: 5px\">\n            \n\n<div class=\"kksr-icon\" style=\"width: 22px; height: 22px;\"><\/div>\n        <\/div>\n            <div class=\"kksr-star\" data-star=\"5\" style=\"padding-right: 5px\">\n            \n\n<div class=\"kksr-icon\" style=\"width: 22px; height: 22px;\"><\/div>\n        <\/div>\n    <\/div>\n    \n<div class=\"kksr-stars-active\" style=\"width: 0px;\">\n            <div class=\"kksr-star\" style=\"padding-right: 5px\">\n            \n\n<div class=\"kksr-icon\" style=\"width: 22px; height: 22px;\"><\/div>\n        <\/div>\n            <div class=\"kksr-star\" style=\"padding-right: 5px\">\n            \n\n<div class=\"kksr-icon\" style=\"width: 22px; height: 22px;\"><\/div>\n        <\/div>\n            <div class=\"kksr-star\" style=\"padding-right: 5px\">\n            \n\n<div class=\"kksr-icon\" style=\"width: 22px; height: 22px;\"><\/div>\n        <\/div>\n            <div class=\"kksr-star\" style=\"padding-right: 5px\">\n            \n\n<div class=\"kksr-icon\" style=\"width: 22px; height: 22px;\"><\/div>\n        <\/div>\n            <div class=\"kksr-star\" style=\"padding-right: 5px\">\n            \n\n<div class=\"kksr-icon\" style=\"width: 22px; height: 22px;\"><\/div>\n        <\/div>\n    <\/div>\n<\/div>\n                \n\n<div class=\"kksr-legend\" style=\"font-size: 17.6px;\">\n            <span class=\"kksr-muted\">Valora este post<\/span>\n    <\/div>\n    <\/div>\n","protected":false},"excerpt":{"rendered":"<p>Salud contin\u00faa con el plan de inmunizaci\u00f3n contra la viruela s\u00f3lo para grupos vulnerables El departamento de salud sigue firmemente su plan de vacunaci\u00f3n contra la &#8230; <a title=\"\u00a1Exclusivo! Solo los grupos de riesgo recibir\u00e1n la vacuna contra la viruela, \u00a1Sanidad lo confirma!\" class=\"read-more\" href=\"https:\/\/www.diario21.tv\/noticias\/exclusivo-solo-los-grupos-de-riesgo-recibiran-la-vacuna-contra-la-viruela-sanidad-lo-confirma\/\" aria-label=\"Leer m\u00e1s sobre \u00a1Exclusivo! Solo los grupos de riesgo recibir\u00e1n la vacuna contra la viruela, \u00a1Sanidad lo confirma!\">Seguir leyendo &rarr;<\/a><\/p>\n","protected":false},"author":16,"featured_media":181,"comment_status":"open","ping_status":"open","sticky":false,"template":"","format":"standard","meta":{"footnotes":""},"categories":[12],"tags":[],"class_list":["post-180","post","type-post","status-publish","format-standard","has-post-thumbnail","hentry","category-tendencia"],"yoast_head":"<!-- This site is optimized with the Yoast SEO plugin v25.6 - https:\/\/yoast.com\/wordpress\/plugins\/seo\/ -->\n<title>\u00a1Exclusivo! Solo los grupos de riesgo recibir\u00e1n la vacuna contra la viruela, \u00a1Sanidad lo confirma! - Diario 21<\/title>\n<meta name=\"robots\" content=\"index, follow, max-snippet:-1, max-image-preview:large, max-video-preview:-1\" \/>\n<link rel=\"canonical\" href=\"https:\/\/www.diario21.tv\/noticias\/exclusivo-solo-los-grupos-de-riesgo-recibiran-la-vacuna-contra-la-viruela-sanidad-lo-confirma\/\" \/>\n<meta property=\"og:locale\" content=\"es_ES\" \/>\n<meta property=\"og:type\" content=\"article\" \/>\n<meta property=\"og:title\" content=\"\u00a1Exclusivo! Solo los grupos de riesgo recibir\u00e1n la vacuna contra la viruela, \u00a1Sanidad lo confirma! - Diario 21\" \/>\n<meta property=\"og:description\" content=\"Salud contin\u00faa con el plan de inmunizaci\u00f3n contra la viruela s\u00f3lo para grupos vulnerables El departamento de salud sigue firmemente su plan de vacunaci\u00f3n contra la ... Seguir leyendo &rarr;\" \/>\n<meta property=\"og:url\" content=\"https:\/\/www.diario21.tv\/noticias\/exclusivo-solo-los-grupos-de-riesgo-recibiran-la-vacuna-contra-la-viruela-sanidad-lo-confirma\/\" \/>\n<meta property=\"og:site_name\" content=\"Diario 21\" \/>\n<meta property=\"article:published_time\" content=\"2024-08-26T13:00:32+00:00\" \/>\n<meta property=\"article:modified_time\" content=\"2024-08-26T13:00:35+00:00\" \/>\n<meta property=\"og:image\" content=\"https:\/\/www.diario21.tv\/noticias\/wp-content\/uploads\/2024\/08\/\u00a1Exclusivo-Solo-los-grupos-de-riesgo-recibiran-la-vacuna-contra.jpg\" \/>\n\t<meta property=\"og:image:width\" content=\"1920\" \/>\n\t<meta property=\"og:image:height\" content=\"1080\" \/>\n\t<meta property=\"og:image:type\" content=\"image\/jpeg\" \/>\n<meta name=\"author\" content=\"Diario 21\" \/>\n<meta name=\"twitter:card\" content=\"summary_large_image\" \/>\n<meta name=\"twitter:label1\" content=\"Escrito por\" \/>\n\t<meta name=\"twitter:data1\" content=\"Diario 21\" \/>\n\t<meta name=\"twitter:label2\" content=\"Tiempo de lectura\" \/>\n\t<meta name=\"twitter:data2\" content=\"1 minuto\" \/>\n<script type=\"application\/ld+json\" class=\"yoast-schema-graph\">{\"@context\":\"https:\/\/schema.org\",\"@graph\":[{\"@type\":\"WebPage\",\"@id\":\"https:\/\/www.diario21.tv\/noticias\/exclusivo-solo-los-grupos-de-riesgo-recibiran-la-vacuna-contra-la-viruela-sanidad-lo-confirma\/\",\"url\":\"https:\/\/www.diario21.tv\/noticias\/exclusivo-solo-los-grupos-de-riesgo-recibiran-la-vacuna-contra-la-viruela-sanidad-lo-confirma\/\",\"name\":\"\u00a1Exclusivo! Solo los grupos de riesgo recibir\u00e1n la vacuna contra la viruela, \u00a1Sanidad lo confirma! - Diario 21\",\"isPartOf\":{\"@id\":\"https:\/\/www.diario21.tv\/noticias\/#website\"},\"primaryImageOfPage\":{\"@id\":\"https:\/\/www.diario21.tv\/noticias\/exclusivo-solo-los-grupos-de-riesgo-recibiran-la-vacuna-contra-la-viruela-sanidad-lo-confirma\/#primaryimage\"},\"image\":{\"@id\":\"https:\/\/www.diario21.tv\/noticias\/exclusivo-solo-los-grupos-de-riesgo-recibiran-la-vacuna-contra-la-viruela-sanidad-lo-confirma\/#primaryimage\"},\"thumbnailUrl\":\"https:\/\/www.diario21.tv\/noticias\/wp-content\/uploads\/2024\/08\/\u00a1Exclusivo-Solo-los-grupos-de-riesgo-recibiran-la-vacuna-contra.jpg\",\"datePublished\":\"2024-08-26T13:00:32+00:00\",\"dateModified\":\"2024-08-26T13:00:35+00:00\",\"author\":{\"@id\":\"https:\/\/www.diario21.tv\/noticias\/#\/schema\/person\/7de9d6205bd3da5b7f01f5cffb18d715\"},\"breadcrumb\":{\"@id\":\"https:\/\/www.diario21.tv\/noticias\/exclusivo-solo-los-grupos-de-riesgo-recibiran-la-vacuna-contra-la-viruela-sanidad-lo-confirma\/#breadcrumb\"},\"inLanguage\":\"es-AR\",\"potentialAction\":[{\"@type\":\"ReadAction\",\"target\":[\"https:\/\/www.diario21.tv\/noticias\/exclusivo-solo-los-grupos-de-riesgo-recibiran-la-vacuna-contra-la-viruela-sanidad-lo-confirma\/\"]}]},{\"@type\":\"ImageObject\",\"inLanguage\":\"es-AR\",\"@id\":\"https:\/\/www.diario21.tv\/noticias\/exclusivo-solo-los-grupos-de-riesgo-recibiran-la-vacuna-contra-la-viruela-sanidad-lo-confirma\/#primaryimage\",\"url\":\"https:\/\/www.diario21.tv\/noticias\/wp-content\/uploads\/2024\/08\/\u00a1Exclusivo-Solo-los-grupos-de-riesgo-recibiran-la-vacuna-contra.jpg\",\"contentUrl\":\"https:\/\/www.diario21.tv\/noticias\/wp-content\/uploads\/2024\/08\/\u00a1Exclusivo-Solo-los-grupos-de-riesgo-recibiran-la-vacuna-contra.jpg\",\"width\":1920,\"height\":1080,\"caption\":\"Sanidad mantiene la estrategia de vacunar contra la mpox solo a los grupos de riesgo\"},{\"@type\":\"BreadcrumbList\",\"@id\":\"https:\/\/www.diario21.tv\/noticias\/exclusivo-solo-los-grupos-de-riesgo-recibiran-la-vacuna-contra-la-viruela-sanidad-lo-confirma\/#breadcrumb\",\"itemListElement\":[{\"@type\":\"ListItem\",\"position\":1,\"name\":\"Accueil\",\"item\":\"https:\/\/www.diario21.tv\/noticias\/\"},{\"@type\":\"ListItem\",\"position\":2,\"name\":\"\u00a1Exclusivo! Solo los grupos de riesgo recibir\u00e1n la vacuna contra la viruela, \u00a1Sanidad lo confirma!\"}]},{\"@type\":\"WebSite\",\"@id\":\"https:\/\/www.diario21.tv\/noticias\/#website\",\"url\":\"https:\/\/www.diario21.tv\/noticias\/\",\"name\":\"Diario 21\",\"description\":\"\",\"potentialAction\":[{\"@type\":\"SearchAction\",\"target\":{\"@type\":\"EntryPoint\",\"urlTemplate\":\"https:\/\/www.diario21.tv\/noticias\/?s={search_term_string}\"},\"query-input\":{\"@type\":\"PropertyValueSpecification\",\"valueRequired\":true,\"valueName\":\"search_term_string\"}}],\"inLanguage\":\"es-AR\"},{\"@type\":\"Person\",\"@id\":\"https:\/\/www.diario21.tv\/noticias\/#\/schema\/person\/7de9d6205bd3da5b7f01f5cffb18d715\",\"name\":\"Diario 21\",\"image\":{\"@type\":\"ImageObject\",\"inLanguage\":\"es-AR\",\"@id\":\"https:\/\/www.diario21.tv\/noticias\/#\/schema\/person\/image\/\",\"url\":\"https:\/\/secure.gravatar.com\/avatar\/d1d5e764b940c8e5990284cabcd5dea9?s=96&d=mm&r=g\",\"contentUrl\":\"https:\/\/secure.gravatar.com\/avatar\/d1d5e764b940c8e5990284cabcd5dea9?s=96&d=mm&r=g\",\"caption\":\"Diario 21\"},\"url\":\"https:\/\/www.diario21.tv\/noticias\/author\/diario-21\/\"}]}<\/script>\n<!-- \/ Yoast SEO plugin. -->","yoast_head_json":{"title":"\u00a1Exclusivo! Solo los grupos de riesgo recibir\u00e1n la vacuna contra la viruela, \u00a1Sanidad lo confirma! - Diario 21","robots":{"index":"index","follow":"follow","max-snippet":"max-snippet:-1","max-image-preview":"max-image-preview:large","max-video-preview":"max-video-preview:-1"},"canonical":"https:\/\/www.diario21.tv\/noticias\/exclusivo-solo-los-grupos-de-riesgo-recibiran-la-vacuna-contra-la-viruela-sanidad-lo-confirma\/","og_locale":"es_ES","og_type":"article","og_title":"\u00a1Exclusivo! Solo los grupos de riesgo recibir\u00e1n la vacuna contra la viruela, \u00a1Sanidad lo confirma! - Diario 21","og_description":"Salud contin\u00faa con el plan de inmunizaci\u00f3n contra la viruela s\u00f3lo para grupos vulnerables El departamento de salud sigue firmemente su plan de vacunaci\u00f3n contra la ... Seguir leyendo &rarr;","og_url":"https:\/\/www.diario21.tv\/noticias\/exclusivo-solo-los-grupos-de-riesgo-recibiran-la-vacuna-contra-la-viruela-sanidad-lo-confirma\/","og_site_name":"Diario 21","article_published_time":"2024-08-26T13:00:32+00:00","article_modified_time":"2024-08-26T13:00:35+00:00","og_image":[{"width":1920,"height":1080,"url":"https:\/\/www.diario21.tv\/noticias\/wp-content\/uploads\/2024\/08\/\u00a1Exclusivo-Solo-los-grupos-de-riesgo-recibiran-la-vacuna-contra.jpg","type":"image\/jpeg"}],"author":"Diario 21","twitter_card":"summary_large_image","twitter_misc":{"Escrito por":"Diario 21","Tiempo de lectura":"1 minuto"},"schema":{"@context":"https:\/\/schema.org","@graph":[{"@type":"WebPage","@id":"https:\/\/www.diario21.tv\/noticias\/exclusivo-solo-los-grupos-de-riesgo-recibiran-la-vacuna-contra-la-viruela-sanidad-lo-confirma\/","url":"https:\/\/www.diario21.tv\/noticias\/exclusivo-solo-los-grupos-de-riesgo-recibiran-la-vacuna-contra-la-viruela-sanidad-lo-confirma\/","name":"\u00a1Exclusivo! Solo los grupos de riesgo recibir\u00e1n la vacuna contra la viruela, \u00a1Sanidad lo confirma! - Diario 21","isPartOf":{"@id":"https:\/\/www.diario21.tv\/noticias\/#website"},"primaryImageOfPage":{"@id":"https:\/\/www.diario21.tv\/noticias\/exclusivo-solo-los-grupos-de-riesgo-recibiran-la-vacuna-contra-la-viruela-sanidad-lo-confirma\/#primaryimage"},"image":{"@id":"https:\/\/www.diario21.tv\/noticias\/exclusivo-solo-los-grupos-de-riesgo-recibiran-la-vacuna-contra-la-viruela-sanidad-lo-confirma\/#primaryimage"},"thumbnailUrl":"https:\/\/www.diario21.tv\/noticias\/wp-content\/uploads\/2024\/08\/\u00a1Exclusivo-Solo-los-grupos-de-riesgo-recibiran-la-vacuna-contra.jpg","datePublished":"2024-08-26T13:00:32+00:00","dateModified":"2024-08-26T13:00:35+00:00","author":{"@id":"https:\/\/www.diario21.tv\/noticias\/#\/schema\/person\/7de9d6205bd3da5b7f01f5cffb18d715"},"breadcrumb":{"@id":"https:\/\/www.diario21.tv\/noticias\/exclusivo-solo-los-grupos-de-riesgo-recibiran-la-vacuna-contra-la-viruela-sanidad-lo-confirma\/#breadcrumb"},"inLanguage":"es-AR","potentialAction":[{"@type":"ReadAction","target":["https:\/\/www.diario21.tv\/noticias\/exclusivo-solo-los-grupos-de-riesgo-recibiran-la-vacuna-contra-la-viruela-sanidad-lo-confirma\/"]}]},{"@type":"ImageObject","inLanguage":"es-AR","@id":"https:\/\/www.diario21.tv\/noticias\/exclusivo-solo-los-grupos-de-riesgo-recibiran-la-vacuna-contra-la-viruela-sanidad-lo-confirma\/#primaryimage","url":"https:\/\/www.diario21.tv\/noticias\/wp-content\/uploads\/2024\/08\/\u00a1Exclusivo-Solo-los-grupos-de-riesgo-recibiran-la-vacuna-contra.jpg","contentUrl":"https:\/\/www.diario21.tv\/noticias\/wp-content\/uploads\/2024\/08\/\u00a1Exclusivo-Solo-los-grupos-de-riesgo-recibiran-la-vacuna-contra.jpg","width":1920,"height":1080,"caption":"Sanidad mantiene la estrategia de vacunar contra la mpox solo a los grupos de riesgo"},{"@type":"BreadcrumbList","@id":"https:\/\/www.diario21.tv\/noticias\/exclusivo-solo-los-grupos-de-riesgo-recibiran-la-vacuna-contra-la-viruela-sanidad-lo-confirma\/#breadcrumb","itemListElement":[{"@type":"ListItem","position":1,"name":"Accueil","item":"https:\/\/www.diario21.tv\/noticias\/"},{"@type":"ListItem","position":2,"name":"\u00a1Exclusivo! Solo los grupos de riesgo recibir\u00e1n la vacuna contra la viruela, \u00a1Sanidad lo confirma!"}]},{"@type":"WebSite","@id":"https:\/\/www.diario21.tv\/noticias\/#website","url":"https:\/\/www.diario21.tv\/noticias\/","name":"Diario 21","description":"","potentialAction":[{"@type":"SearchAction","target":{"@type":"EntryPoint","urlTemplate":"https:\/\/www.diario21.tv\/noticias\/?s={search_term_string}"},"query-input":{"@type":"PropertyValueSpecification","valueRequired":true,"valueName":"search_term_string"}}],"inLanguage":"es-AR"},{"@type":"Person","@id":"https:\/\/www.diario21.tv\/noticias\/#\/schema\/person\/7de9d6205bd3da5b7f01f5cffb18d715","name":"Diario 21","image":{"@type":"ImageObject","inLanguage":"es-AR","@id":"https:\/\/www.diario21.tv\/noticias\/#\/schema\/person\/image\/","url":"https:\/\/secure.gravatar.com\/avatar\/d1d5e764b940c8e5990284cabcd5dea9?s=96&d=mm&r=g","contentUrl":"https:\/\/secure.gravatar.com\/avatar\/d1d5e764b940c8e5990284cabcd5dea9?s=96&d=mm&r=g","caption":"Diario 21"},"url":"https:\/\/www.diario21.tv\/noticias\/author\/diario-21\/"}]}},"_links":{"self":[{"href":"https:\/\/www.diario21.tv\/noticias\/wp-json\/wp\/v2\/posts\/180"}],"collection":[{"href":"https:\/\/www.diario21.tv\/noticias\/wp-json\/wp\/v2\/posts"}],"about":[{"href":"https:\/\/www.diario21.tv\/noticias\/wp-json\/wp\/v2\/types\/post"}],"author":[{"embeddable":true,"href":"https:\/\/www.diario21.tv\/noticias\/wp-json\/wp\/v2\/users\/16"}],"replies":[{"embeddable":true,"href":"https:\/\/www.diario21.tv\/noticias\/wp-json\/wp\/v2\/comments?post=180"}],"version-history":[{"count":1,"href":"https:\/\/www.diario21.tv\/noticias\/wp-json\/wp\/v2\/posts\/180\/revisions"}],"predecessor-version":[{"id":182,"href":"https:\/\/www.diario21.tv\/noticias\/wp-json\/wp\/v2\/posts\/180\/revisions\/182"}],"wp:featuredmedia":[{"embeddable":true,"href":"https:\/\/www.diario21.tv\/noticias\/wp-json\/wp\/v2\/media\/181"}],"wp:attachment":[{"href":"https:\/\/www.diario21.tv\/noticias\/wp-json\/wp\/v2\/media?parent=180"}],"wp:term":[{"taxonomy":"category","embeddable":true,"href":"https:\/\/www.diario21.tv\/noticias\/wp-json\/wp\/v2\/categories?post=180"},{"taxonomy":"post_tag","embeddable":true,"href":"https:\/\/www.diario21.tv\/noticias\/wp-json\/wp\/v2\/tags?post=180"}],"curies":[{"name":"wp","href":"https:\/\/api.w.org\/{rel}","templated":true}]}}