{"id":1788,"date":"2025-01-12T03:22:04","date_gmt":"2025-01-12T03:22:04","guid":{"rendered":"https:\/\/www.diario21.tv\/noticias\/descubre-el-nuevo-plan-contra-la-pobreza-ayudas-al-alquiler-y-prestacion-universal-por-crianza\/"},"modified":"2025-01-12T03:22:05","modified_gmt":"2025-01-12T03:22:05","slug":"descubre-el-nuevo-plan-contra-la-pobreza-ayudas-al-alquiler-y-prestacion-universal-por-crianza","status":"publish","type":"post","link":"https:\/\/www.diario21.tv\/noticias\/descubre-el-nuevo-plan-contra-la-pobreza-ayudas-al-alquiler-y-prestacion-universal-por-crianza\/","title":{"rendered":"\u00a1Descubre el nuevo plan contra la pobreza! Ayudas al alquiler y prestaci\u00f3n universal por crianza"},"content":{"rendered":"<h2>Nuevo Plan de Asistencia por Crianza y Subsidios para el Alquiler para Combatir la Pobreza<\/h2>\n<p>En un esfuerzo por abordar la creciente preocupaci\u00f3n por la pobreza, el gobierno ha lanzado un plan integral que incluye una prestaci\u00f3n universal por crianza y amplias ayudas para el alquiler. Este plan busca proporcionar un apoyo significativo a las familias y individuos afectados por situaciones de escasez econ\u00f3mica, asegurando un mejor futuro para las pr\u00f3ximas generaciones.<\/p>\n<h3>Prestaci\u00f3n Universal por Crianza<\/h3>\n<p>El componente central del nuevo plan es la introducci\u00f3n de una prestaci\u00f3n universal destinada a todas las familias con ni\u00f1os, independientemente de su nivel de ingresos. Esta medida busca aliviar la carga financiera que representa la crianza de los hijos y asegurar que todos los ni\u00f1os puedan tener acceso a las necesidades b\u00e1sicas para un desarrollo saludable y feliz. La prestaci\u00f3n ser\u00e1 distribuida mensualmente y ajustada anualmente seg\u00fan la inflaci\u00f3n, para garantizar su efectividad a lo largo del tiempo.<\/p>\n<h3>Ayudas al Alquiler<\/h3>\n<p>Reconociendo la dificultad que muchas personas enfrentan para acceder a una vivienda adecuada debido a los altos costos del mercado de alquiler, el plan tambi\u00e9n ampl\u00eda las ayudas existentes para el alquiler. Este esfuerzo no solo busca proporcionar un techo sobre la cabeza de m\u00e1s ciudadanos, sino tambi\u00e9n estabilizar los barrios y fomentar comunidades m\u00e1s integradas y seguras. Las ayudas ser\u00e1n proporcionadas en base a criterios de ingreso y necesidad, asegurando que aquellos en mayor riesgo de desalojo puedan recibir el apoyo necesario.<\/p>\n<h3>Impacto Esperado del Plan<\/h3>\n<p>El gobierno espera que estas medidas no solo proporcionen alivio inmediato a las familias y personas en situaci\u00f3n de pobreza, sino que tambi\u00e9n act\u00faen como un catalizador para el crecimiento econ\u00f3mico a largo plazo. Al invertir en la poblaci\u00f3n infantil y facilitar el acceso a viviendas adecuadas, se espera mejorar la calidad de vida general y fomentar un ambiente m\u00e1s pr\u00f3spero y equitativo para todos.<\/p>\n<p>Este ambicioso plan es parte de una serie de iniciativas dise\u00f1adas para combatir la pobreza y sus efectos devastadores en la sociedad. Con la implementaci\u00f3n de la prestaci\u00f3n universal por crianza y las ampliadas ayudas al alquiler, el gobierno da un paso crucial hacia la creaci\u00f3n de un sistema de soporte m\u00e1s robusto y compasivo para sus ciudadanos.<\/p>\n\n\n<div class=\"kk-star-ratings kksr-auto kksr-align-left kksr-valign-bottom\"\n    data-payload='{&quot;align&quot;:&quot;left&quot;,&quot;id&quot;:&quot;1788&quot;,&quot;slug&quot;:&quot;default&quot;,&quot;valign&quot;:&quot;bottom&quot;,&quot;ignore&quot;:&quot;&quot;,&quot;reference&quot;:&quot;auto&quot;,&quot;class&quot;:&quot;&quot;,&quot;count&quot;:&quot;0&quot;,&quot;legendonly&quot;:&quot;&quot;,&quot;readonly&quot;:&quot;&quot;,&quot;score&quot;:&quot;0&quot;,&quot;starsonly&quot;:&quot;&quot;,&quot;best&quot;:&quot;5&quot;,&quot;gap&quot;:&quot;5&quot;,&quot;greet&quot;:&quot;Valora este post&quot;,&quot;legend&quot;:&quot;0\\\/5 - (0 votes)&quot;,&quot;size&quot;:&quot;22&quot;,&quot;title&quot;:&quot;\u00a1Descubre el nuevo plan contra la pobreza! Ayudas al alquiler y prestaci\u00f3n universal por crianza&quot;,&quot;width&quot;:&quot;0&quot;,&quot;_legend&quot;:&quot;{score}\\\/{best} - ({count} {votes})&quot;,&quot;font_factor&quot;:&quot;1.25&quot;}'>\n            \n<div class=\"kksr-stars\">\n    \n<div class=\"kksr-stars-inactive\">\n            <div class=\"kksr-star\" data-star=\"1\" style=\"padding-right: 5px\">\n            \n\n<div class=\"kksr-icon\" style=\"width: 22px; height: 22px;\"><\/div>\n        <\/div>\n            <div class=\"kksr-star\" data-star=\"2\" style=\"padding-right: 5px\">\n            \n\n<div class=\"kksr-icon\" style=\"width: 22px; height: 22px;\"><\/div>\n        <\/div>\n            <div class=\"kksr-star\" data-star=\"3\" style=\"padding-right: 5px\">\n            \n\n<div class=\"kksr-icon\" style=\"width: 22px; height: 22px;\"><\/div>\n        <\/div>\n            <div class=\"kksr-star\" data-star=\"4\" style=\"padding-right: 5px\">\n            \n\n<div class=\"kksr-icon\" style=\"width: 22px; height: 22px;\"><\/div>\n        <\/div>\n            <div class=\"kksr-star\" data-star=\"5\" style=\"padding-right: 5px\">\n            \n\n<div class=\"kksr-icon\" style=\"width: 22px; height: 22px;\"><\/div>\n        <\/div>\n    <\/div>\n    \n<div class=\"kksr-stars-active\" style=\"width: 0px;\">\n            <div class=\"kksr-star\" style=\"padding-right: 5px\">\n            \n\n<div class=\"kksr-icon\" style=\"width: 22px; height: 22px;\"><\/div>\n        <\/div>\n            <div class=\"kksr-star\" style=\"padding-right: 5px\">\n            \n\n<div class=\"kksr-icon\" style=\"width: 22px; height: 22px;\"><\/div>\n        <\/div>\n            <div class=\"kksr-star\" style=\"padding-right: 5px\">\n            \n\n<div class=\"kksr-icon\" style=\"width: 22px; height: 22px;\"><\/div>\n        <\/div>\n            <div class=\"kksr-star\" style=\"padding-right: 5px\">\n            \n\n<div class=\"kksr-icon\" style=\"width: 22px; height: 22px;\"><\/div>\n        <\/div>\n            <div class=\"kksr-star\" style=\"padding-right: 5px\">\n            \n\n<div class=\"kksr-icon\" style=\"width: 22px; height: 22px;\"><\/div>\n        <\/div>\n    <\/div>\n<\/div>\n                \n\n<div class=\"kksr-legend\" style=\"font-size: 17.6px;\">\n            <span class=\"kksr-muted\">Valora este post<\/span>\n    <\/div>\n    <\/div>\n","protected":false},"excerpt":{"rendered":"<p>Nuevo Plan de Asistencia por Crianza y Subsidios para el Alquiler para Combatir la Pobreza En un esfuerzo por abordar la creciente preocupaci\u00f3n por la pobreza, &#8230; <a title=\"\u00a1Descubre el nuevo plan contra la pobreza! Ayudas al alquiler y prestaci\u00f3n universal por crianza\" class=\"read-more\" href=\"https:\/\/www.diario21.tv\/noticias\/descubre-el-nuevo-plan-contra-la-pobreza-ayudas-al-alquiler-y-prestacion-universal-por-crianza\/\" aria-label=\"Leer m\u00e1s sobre \u00a1Descubre el nuevo plan contra la pobreza! Ayudas al alquiler y prestaci\u00f3n universal por crianza\">Seguir leyendo &rarr;<\/a><\/p>\n","protected":false},"author":20,"featured_media":1789,"comment_status":"open","ping_status":"open","sticky":false,"template":"","format":"standard","meta":{"footnotes":""},"categories":[13],"tags":[],"class_list":["post-1788","post","type-post","status-publish","format-standard","has-post-thumbnail","hentry","category-portada"],"yoast_head":"<!-- This site is optimized with the Yoast SEO plugin v25.6 - https:\/\/yoast.com\/wordpress\/plugins\/seo\/ -->\n<title>\u00a1Descubre el nuevo plan contra la pobreza! Ayudas al alquiler y prestaci\u00f3n universal por crianza - Diario 21<\/title>\n<meta name=\"robots\" content=\"index, follow, max-snippet:-1, max-image-preview:large, max-video-preview:-1\" \/>\n<link rel=\"canonical\" href=\"https:\/\/www.diario21.tv\/noticias\/descubre-el-nuevo-plan-contra-la-pobreza-ayudas-al-alquiler-y-prestacion-universal-por-crianza\/\" \/>\n<meta property=\"og:locale\" content=\"es_ES\" \/>\n<meta property=\"og:type\" content=\"article\" \/>\n<meta property=\"og:title\" content=\"\u00a1Descubre el nuevo plan contra la pobreza! Ayudas al alquiler y prestaci\u00f3n universal por crianza - Diario 21\" \/>\n<meta property=\"og:description\" content=\"Nuevo Plan de Asistencia por Crianza y Subsidios para el Alquiler para Combatir la Pobreza En un esfuerzo por abordar la creciente preocupaci\u00f3n por la pobreza, ... Seguir leyendo &rarr;\" \/>\n<meta property=\"og:url\" content=\"https:\/\/www.diario21.tv\/noticias\/descubre-el-nuevo-plan-contra-la-pobreza-ayudas-al-alquiler-y-prestacion-universal-por-crianza\/\" \/>\n<meta property=\"og:site_name\" content=\"Diario 21\" \/>\n<meta property=\"article:published_time\" content=\"2025-01-12T03:22:04+00:00\" \/>\n<meta property=\"article:modified_time\" content=\"2025-01-12T03:22:05+00:00\" \/>\n<meta property=\"og:image\" content=\"https:\/\/www.diario21.tv\/noticias\/wp-content\/uploads\/2025\/01\/\u00a1Descubre-el-nuevo-plan-contra-la-pobreza-Ayudas-al-alquiler.jpg\" \/>\n\t<meta property=\"og:image:width\" content=\"1920\" \/>\n\t<meta property=\"og:image:height\" content=\"1080\" \/>\n\t<meta property=\"og:image:type\" content=\"image\/jpeg\" \/>\n<meta name=\"author\" content=\"Juan P\u00e9rez\" \/>\n<meta name=\"twitter:card\" content=\"summary_large_image\" \/>\n<meta name=\"twitter:label1\" content=\"Escrito por\" \/>\n\t<meta name=\"twitter:data1\" content=\"Juan P\u00e9rez\" \/>\n\t<meta name=\"twitter:label2\" content=\"Tiempo de lectura\" \/>\n\t<meta name=\"twitter:data2\" content=\"2 minutos\" \/>\n<script type=\"application\/ld+json\" class=\"yoast-schema-graph\">{\"@context\":\"https:\/\/schema.org\",\"@graph\":[{\"@type\":\"WebPage\",\"@id\":\"https:\/\/www.diario21.tv\/noticias\/descubre-el-nuevo-plan-contra-la-pobreza-ayudas-al-alquiler-y-prestacion-universal-por-crianza\/\",\"url\":\"https:\/\/www.diario21.tv\/noticias\/descubre-el-nuevo-plan-contra-la-pobreza-ayudas-al-alquiler-y-prestacion-universal-por-crianza\/\",\"name\":\"\u00a1Descubre el nuevo plan contra la pobreza! Ayudas al alquiler y prestaci\u00f3n universal por crianza - Diario 21\",\"isPartOf\":{\"@id\":\"https:\/\/www.diario21.tv\/noticias\/#website\"},\"primaryImageOfPage\":{\"@id\":\"https:\/\/www.diario21.tv\/noticias\/descubre-el-nuevo-plan-contra-la-pobreza-ayudas-al-alquiler-y-prestacion-universal-por-crianza\/#primaryimage\"},\"image\":{\"@id\":\"https:\/\/www.diario21.tv\/noticias\/descubre-el-nuevo-plan-contra-la-pobreza-ayudas-al-alquiler-y-prestacion-universal-por-crianza\/#primaryimage\"},\"thumbnailUrl\":\"https:\/\/www.diario21.tv\/noticias\/wp-content\/uploads\/2025\/01\/\u00a1Descubre-el-nuevo-plan-contra-la-pobreza-Ayudas-al-alquiler.jpg\",\"datePublished\":\"2025-01-12T03:22:04+00:00\",\"dateModified\":\"2025-01-12T03:22:05+00:00\",\"author\":{\"@id\":\"https:\/\/www.diario21.tv\/noticias\/#\/schema\/person\/dfb778f73814d8f09f302618446a526b\"},\"breadcrumb\":{\"@id\":\"https:\/\/www.diario21.tv\/noticias\/descubre-el-nuevo-plan-contra-la-pobreza-ayudas-al-alquiler-y-prestacion-universal-por-crianza\/#breadcrumb\"},\"inLanguage\":\"es-AR\",\"potentialAction\":[{\"@type\":\"ReadAction\",\"target\":[\"https:\/\/www.diario21.tv\/noticias\/descubre-el-nuevo-plan-contra-la-pobreza-ayudas-al-alquiler-y-prestacion-universal-por-crianza\/\"]}]},{\"@type\":\"ImageObject\",\"inLanguage\":\"es-AR\",\"@id\":\"https:\/\/www.diario21.tv\/noticias\/descubre-el-nuevo-plan-contra-la-pobreza-ayudas-al-alquiler-y-prestacion-universal-por-crianza\/#primaryimage\",\"url\":\"https:\/\/www.diario21.tv\/noticias\/wp-content\/uploads\/2025\/01\/\u00a1Descubre-el-nuevo-plan-contra-la-pobreza-Ayudas-al-alquiler.jpg\",\"contentUrl\":\"https:\/\/www.diario21.tv\/noticias\/wp-content\/uploads\/2025\/01\/\u00a1Descubre-el-nuevo-plan-contra-la-pobreza-Ayudas-al-alquiler.jpg\",\"width\":1920,\"height\":1080,\"caption\":\"Una prestaci\u00f3n universal por crianza y ayudas al alquiler, las claves del plan contra la pobreza\"},{\"@type\":\"BreadcrumbList\",\"@id\":\"https:\/\/www.diario21.tv\/noticias\/descubre-el-nuevo-plan-contra-la-pobreza-ayudas-al-alquiler-y-prestacion-universal-por-crianza\/#breadcrumb\",\"itemListElement\":[{\"@type\":\"ListItem\",\"position\":1,\"name\":\"Accueil\",\"item\":\"https:\/\/www.diario21.tv\/noticias\/\"},{\"@type\":\"ListItem\",\"position\":2,\"name\":\"\u00a1Descubre el nuevo plan contra la pobreza! Ayudas al alquiler y prestaci\u00f3n universal por crianza\"}]},{\"@type\":\"WebSite\",\"@id\":\"https:\/\/www.diario21.tv\/noticias\/#website\",\"url\":\"https:\/\/www.diario21.tv\/noticias\/\",\"name\":\"Diario 21\",\"description\":\"\",\"potentialAction\":[{\"@type\":\"SearchAction\",\"target\":{\"@type\":\"EntryPoint\",\"urlTemplate\":\"https:\/\/www.diario21.tv\/noticias\/?s={search_term_string}\"},\"query-input\":{\"@type\":\"PropertyValueSpecification\",\"valueRequired\":true,\"valueName\":\"search_term_string\"}}],\"inLanguage\":\"es-AR\"},{\"@type\":\"Person\",\"@id\":\"https:\/\/www.diario21.tv\/noticias\/#\/schema\/person\/dfb778f73814d8f09f302618446a526b\",\"name\":\"Juan P\u00e9rez\",\"image\":{\"@type\":\"ImageObject\",\"inLanguage\":\"es-AR\",\"@id\":\"https:\/\/www.diario21.tv\/noticias\/#\/schema\/person\/image\/\",\"url\":\"https:\/\/secure.gravatar.com\/avatar\/c478a405bd10621167f4c3167cc770f5?s=96&d=mm&r=g\",\"contentUrl\":\"https:\/\/secure.gravatar.com\/avatar\/c478a405bd10621167f4c3167cc770f5?s=96&d=mm&r=g\",\"caption\":\"Juan P\u00e9rez\"},\"description\":\"Juan P\u00e9rez es el redactor en jefe de Diario 21. Con m\u00e1s de 10 a\u00f1os de experiencia en el periodismo, se especializa en pol\u00edtica nacional y an\u00e1lisis socioecon\u00f3mico. Su enfoque cr\u00edtico y riguroso aporta una perspectiva \u00fanica a cada art\u00edculo.\",\"sameAs\":[\"https:\/\/www.diario21.tv\/noticias\/\"],\"url\":\"https:\/\/www.diario21.tv\/noticias\/author\/juan-perez\/\"}]}<\/script>\n<!-- \/ Yoast SEO plugin. -->","yoast_head_json":{"title":"\u00a1Descubre el nuevo plan contra la pobreza! Ayudas al alquiler y prestaci\u00f3n universal por crianza - Diario 21","robots":{"index":"index","follow":"follow","max-snippet":"max-snippet:-1","max-image-preview":"max-image-preview:large","max-video-preview":"max-video-preview:-1"},"canonical":"https:\/\/www.diario21.tv\/noticias\/descubre-el-nuevo-plan-contra-la-pobreza-ayudas-al-alquiler-y-prestacion-universal-por-crianza\/","og_locale":"es_ES","og_type":"article","og_title":"\u00a1Descubre el nuevo plan contra la pobreza! Ayudas al alquiler y prestaci\u00f3n universal por crianza - Diario 21","og_description":"Nuevo Plan de Asistencia por Crianza y Subsidios para el Alquiler para Combatir la Pobreza En un esfuerzo por abordar la creciente preocupaci\u00f3n por la pobreza, ... Seguir leyendo &rarr;","og_url":"https:\/\/www.diario21.tv\/noticias\/descubre-el-nuevo-plan-contra-la-pobreza-ayudas-al-alquiler-y-prestacion-universal-por-crianza\/","og_site_name":"Diario 21","article_published_time":"2025-01-12T03:22:04+00:00","article_modified_time":"2025-01-12T03:22:05+00:00","og_image":[{"width":1920,"height":1080,"url":"https:\/\/www.diario21.tv\/noticias\/wp-content\/uploads\/2025\/01\/\u00a1Descubre-el-nuevo-plan-contra-la-pobreza-Ayudas-al-alquiler.jpg","type":"image\/jpeg"}],"author":"Juan P\u00e9rez","twitter_card":"summary_large_image","twitter_misc":{"Escrito por":"Juan P\u00e9rez","Tiempo de lectura":"2 minutos"},"schema":{"@context":"https:\/\/schema.org","@graph":[{"@type":"WebPage","@id":"https:\/\/www.diario21.tv\/noticias\/descubre-el-nuevo-plan-contra-la-pobreza-ayudas-al-alquiler-y-prestacion-universal-por-crianza\/","url":"https:\/\/www.diario21.tv\/noticias\/descubre-el-nuevo-plan-contra-la-pobreza-ayudas-al-alquiler-y-prestacion-universal-por-crianza\/","name":"\u00a1Descubre el nuevo plan contra la pobreza! Ayudas al alquiler y prestaci\u00f3n universal por crianza - Diario 21","isPartOf":{"@id":"https:\/\/www.diario21.tv\/noticias\/#website"},"primaryImageOfPage":{"@id":"https:\/\/www.diario21.tv\/noticias\/descubre-el-nuevo-plan-contra-la-pobreza-ayudas-al-alquiler-y-prestacion-universal-por-crianza\/#primaryimage"},"image":{"@id":"https:\/\/www.diario21.tv\/noticias\/descubre-el-nuevo-plan-contra-la-pobreza-ayudas-al-alquiler-y-prestacion-universal-por-crianza\/#primaryimage"},"thumbnailUrl":"https:\/\/www.diario21.tv\/noticias\/wp-content\/uploads\/2025\/01\/\u00a1Descubre-el-nuevo-plan-contra-la-pobreza-Ayudas-al-alquiler.jpg","datePublished":"2025-01-12T03:22:04+00:00","dateModified":"2025-01-12T03:22:05+00:00","author":{"@id":"https:\/\/www.diario21.tv\/noticias\/#\/schema\/person\/dfb778f73814d8f09f302618446a526b"},"breadcrumb":{"@id":"https:\/\/www.diario21.tv\/noticias\/descubre-el-nuevo-plan-contra-la-pobreza-ayudas-al-alquiler-y-prestacion-universal-por-crianza\/#breadcrumb"},"inLanguage":"es-AR","potentialAction":[{"@type":"ReadAction","target":["https:\/\/www.diario21.tv\/noticias\/descubre-el-nuevo-plan-contra-la-pobreza-ayudas-al-alquiler-y-prestacion-universal-por-crianza\/"]}]},{"@type":"ImageObject","inLanguage":"es-AR","@id":"https:\/\/www.diario21.tv\/noticias\/descubre-el-nuevo-plan-contra-la-pobreza-ayudas-al-alquiler-y-prestacion-universal-por-crianza\/#primaryimage","url":"https:\/\/www.diario21.tv\/noticias\/wp-content\/uploads\/2025\/01\/\u00a1Descubre-el-nuevo-plan-contra-la-pobreza-Ayudas-al-alquiler.jpg","contentUrl":"https:\/\/www.diario21.tv\/noticias\/wp-content\/uploads\/2025\/01\/\u00a1Descubre-el-nuevo-plan-contra-la-pobreza-Ayudas-al-alquiler.jpg","width":1920,"height":1080,"caption":"Una prestaci\u00f3n universal por crianza y ayudas al alquiler, las claves del plan contra la pobreza"},{"@type":"BreadcrumbList","@id":"https:\/\/www.diario21.tv\/noticias\/descubre-el-nuevo-plan-contra-la-pobreza-ayudas-al-alquiler-y-prestacion-universal-por-crianza\/#breadcrumb","itemListElement":[{"@type":"ListItem","position":1,"name":"Accueil","item":"https:\/\/www.diario21.tv\/noticias\/"},{"@type":"ListItem","position":2,"name":"\u00a1Descubre el nuevo plan contra la pobreza! Ayudas al alquiler y prestaci\u00f3n universal por crianza"}]},{"@type":"WebSite","@id":"https:\/\/www.diario21.tv\/noticias\/#website","url":"https:\/\/www.diario21.tv\/noticias\/","name":"Diario 21","description":"","potentialAction":[{"@type":"SearchAction","target":{"@type":"EntryPoint","urlTemplate":"https:\/\/www.diario21.tv\/noticias\/?s={search_term_string}"},"query-input":{"@type":"PropertyValueSpecification","valueRequired":true,"valueName":"search_term_string"}}],"inLanguage":"es-AR"},{"@type":"Person","@id":"https:\/\/www.diario21.tv\/noticias\/#\/schema\/person\/dfb778f73814d8f09f302618446a526b","name":"Juan P\u00e9rez","image":{"@type":"ImageObject","inLanguage":"es-AR","@id":"https:\/\/www.diario21.tv\/noticias\/#\/schema\/person\/image\/","url":"https:\/\/secure.gravatar.com\/avatar\/c478a405bd10621167f4c3167cc770f5?s=96&d=mm&r=g","contentUrl":"https:\/\/secure.gravatar.com\/avatar\/c478a405bd10621167f4c3167cc770f5?s=96&d=mm&r=g","caption":"Juan P\u00e9rez"},"description":"Juan P\u00e9rez es el redactor en jefe de Diario 21. Con m\u00e1s de 10 a\u00f1os de experiencia en el periodismo, se especializa en pol\u00edtica nacional y an\u00e1lisis socioecon\u00f3mico. Su enfoque cr\u00edtico y riguroso aporta una perspectiva \u00fanica a cada art\u00edculo.","sameAs":["https:\/\/www.diario21.tv\/noticias\/"],"url":"https:\/\/www.diario21.tv\/noticias\/author\/juan-perez\/"}]}},"_links":{"self":[{"href":"https:\/\/www.diario21.tv\/noticias\/wp-json\/wp\/v2\/posts\/1788"}],"collection":[{"href":"https:\/\/www.diario21.tv\/noticias\/wp-json\/wp\/v2\/posts"}],"about":[{"href":"https:\/\/www.diario21.tv\/noticias\/wp-json\/wp\/v2\/types\/post"}],"author":[{"embeddable":true,"href":"https:\/\/www.diario21.tv\/noticias\/wp-json\/wp\/v2\/users\/20"}],"replies":[{"embeddable":true,"href":"https:\/\/www.diario21.tv\/noticias\/wp-json\/wp\/v2\/comments?post=1788"}],"version-history":[{"count":1,"href":"https:\/\/www.diario21.tv\/noticias\/wp-json\/wp\/v2\/posts\/1788\/revisions"}],"predecessor-version":[{"id":1790,"href":"https:\/\/www.diario21.tv\/noticias\/wp-json\/wp\/v2\/posts\/1788\/revisions\/1790"}],"wp:featuredmedia":[{"embeddable":true,"href":"https:\/\/www.diario21.tv\/noticias\/wp-json\/wp\/v2\/media\/1789"}],"wp:attachment":[{"href":"https:\/\/www.diario21.tv\/noticias\/wp-json\/wp\/v2\/media?parent=1788"}],"wp:term":[{"taxonomy":"category","embeddable":true,"href":"https:\/\/www.diario21.tv\/noticias\/wp-json\/wp\/v2\/categories?post=1788"},{"taxonomy":"post_tag","embeddable":true,"href":"https:\/\/www.diario21.tv\/noticias\/wp-json\/wp\/v2\/tags?post=1788"}],"curies":[{"name":"wp","href":"https:\/\/api.w.org\/{rel}","templated":true}]}}