{"id":1779,"date":"2025-01-11T09:12:21","date_gmt":"2025-01-11T09:12:21","guid":{"rendered":"https:\/\/www.diario21.tv\/noticias\/muere-hombre-de-87-anos-en-accidente-de-ambulancia-en-logrono\/"},"modified":"2025-01-11T09:12:25","modified_gmt":"2025-01-11T09:12:25","slug":"muere-hombre-de-87-anos-en-accidente-de-ambulancia-en-logrono","status":"publish","type":"post","link":"https:\/\/www.diario21.tv\/noticias\/muere-hombre-de-87-anos-en-accidente-de-ambulancia-en-logrono\/","title":{"rendered":"Muere hombre de 87 a\u00f1os en accidente de ambulancia en Logro\u00f1o"},"content":{"rendered":"<h2>Fallecimiento de un anciano de 87 a\u00f1os tras un accidente en Logro\u00f1o<\/h2>\n<p>Un hombre de 87 a\u00f1os ha perdido la vida despu\u00e9s de estar involucrado en un accidente en la ciudad de Logro\u00f1o. El tr\u00e1gico suceso ocurri\u00f3 mientras el hombre era transportado en una ambulancia.<\/p>\n<h3>Detalles del incidente<\/h3>\n<p>El accidente tuvo lugar en una de las concurridas calles de Logro\u00f1o. Seg\u00fan las primeras investigaciones, el hombre estaba siendo trasladado al hospital para recibir tratamiento m\u00e9dico urgente cuando la ambulancia en la que viajaba se vio involucrada en un choque. Las circunstancias exactas del accidente a\u00fan est\u00e1n bajo investigaci\u00f3n, pero informes preliminares sugieren que podr\u00eda haber involucrado a otro veh\u00edculo.<\/p>\n<h3>Respuesta inmediata y consecuencias<\/h3>\n<p>Tras el accidente, equipos de emergencia llegaron r\u00e1pidamente al lugar para atender a los involucrados. A pesar de los esfuerzos de los param\u00e9dicos, el hombre de 87 a\u00f1os fue declarado muerto en el sitio del accidente. No se ha informado sobre m\u00e1s heridos graves en el incidente.<\/p>\n<h3>Investigaci\u00f3n en curso<\/h3>\n<p>Las autoridades han iniciado una investigaci\u00f3n completa para determinar las causas exactas del accidente. Esto incluye examinar las condiciones de la carretera, el estado de los veh\u00edculos involucrados y posibles testimonios de testigos. La polic\u00eda ha hecho un llamado a cualquier persona que tenga informaci\u00f3n sobre el incidente para que se acerque y ayude en la investigaci\u00f3n.<\/p>\n<h3>Impacto en la comunidad<\/h3>\n<p>La noticia del fallecimiento del anciano ha causado conmoci\u00f3n y tristeza en la comunidad de Logro\u00f1o. Residentes y autoridades han expresado sus condolencias a la familia del fallecido. Este incidente ha resaltado tambi\u00e9n la importancia de la seguridad vial y el mantenimiento adecuado de los veh\u00edculos de emergencia.<\/p>\n<p>Este tr\u00e1gico evento es un recordatorio sombr\u00edo de los riesgos asociados con el transporte en situaciones de emergencia y la necesidad de medidas preventivas para evitar tales accidentes en el futuro.<\/p>\n\n\n<div class=\"kk-star-ratings kksr-auto kksr-align-left kksr-valign-bottom\"\n    data-payload='{&quot;align&quot;:&quot;left&quot;,&quot;id&quot;:&quot;1779&quot;,&quot;slug&quot;:&quot;default&quot;,&quot;valign&quot;:&quot;bottom&quot;,&quot;ignore&quot;:&quot;&quot;,&quot;reference&quot;:&quot;auto&quot;,&quot;class&quot;:&quot;&quot;,&quot;count&quot;:&quot;0&quot;,&quot;legendonly&quot;:&quot;&quot;,&quot;readonly&quot;:&quot;&quot;,&quot;score&quot;:&quot;0&quot;,&quot;starsonly&quot;:&quot;&quot;,&quot;best&quot;:&quot;5&quot;,&quot;gap&quot;:&quot;5&quot;,&quot;greet&quot;:&quot;Valora este post&quot;,&quot;legend&quot;:&quot;0\\\/5 - (0 votes)&quot;,&quot;size&quot;:&quot;22&quot;,&quot;title&quot;:&quot;Muere hombre de 87 a\u00f1os en accidente de ambulancia en Logro\u00f1o&quot;,&quot;width&quot;:&quot;0&quot;,&quot;_legend&quot;:&quot;{score}\\\/{best} - ({count} {votes})&quot;,&quot;font_factor&quot;:&quot;1.25&quot;}'>\n            \n<div class=\"kksr-stars\">\n    \n<div class=\"kksr-stars-inactive\">\n            <div class=\"kksr-star\" data-star=\"1\" style=\"padding-right: 5px\">\n            \n\n<div class=\"kksr-icon\" style=\"width: 22px; height: 22px;\"><\/div>\n        <\/div>\n            <div class=\"kksr-star\" data-star=\"2\" style=\"padding-right: 5px\">\n            \n\n<div class=\"kksr-icon\" style=\"width: 22px; height: 22px;\"><\/div>\n        <\/div>\n            <div class=\"kksr-star\" data-star=\"3\" style=\"padding-right: 5px\">\n            \n\n<div class=\"kksr-icon\" style=\"width: 22px; height: 22px;\"><\/div>\n        <\/div>\n            <div class=\"kksr-star\" data-star=\"4\" style=\"padding-right: 5px\">\n            \n\n<div class=\"kksr-icon\" style=\"width: 22px; height: 22px;\"><\/div>\n        <\/div>\n            <div class=\"kksr-star\" data-star=\"5\" style=\"padding-right: 5px\">\n            \n\n<div class=\"kksr-icon\" style=\"width: 22px; height: 22px;\"><\/div>\n        <\/div>\n    <\/div>\n    \n<div class=\"kksr-stars-active\" style=\"width: 0px;\">\n            <div class=\"kksr-star\" style=\"padding-right: 5px\">\n            \n\n<div class=\"kksr-icon\" style=\"width: 22px; height: 22px;\"><\/div>\n        <\/div>\n            <div class=\"kksr-star\" style=\"padding-right: 5px\">\n            \n\n<div class=\"kksr-icon\" style=\"width: 22px; height: 22px;\"><\/div>\n        <\/div>\n            <div class=\"kksr-star\" style=\"padding-right: 5px\">\n            \n\n<div class=\"kksr-icon\" style=\"width: 22px; height: 22px;\"><\/div>\n        <\/div>\n            <div class=\"kksr-star\" style=\"padding-right: 5px\">\n            \n\n<div class=\"kksr-icon\" style=\"width: 22px; height: 22px;\"><\/div>\n        <\/div>\n            <div class=\"kksr-star\" style=\"padding-right: 5px\">\n            \n\n<div class=\"kksr-icon\" style=\"width: 22px; height: 22px;\"><\/div>\n        <\/div>\n    <\/div>\n<\/div>\n                \n\n<div class=\"kksr-legend\" style=\"font-size: 17.6px;\">\n            <span class=\"kksr-muted\">Valora este post<\/span>\n    <\/div>\n    <\/div>\n","protected":false},"excerpt":{"rendered":"<p>Fallecimiento de un anciano de 87 a\u00f1os tras un accidente en Logro\u00f1o Un hombre de 87 a\u00f1os ha perdido la vida despu\u00e9s de estar involucrado en &#8230; <a title=\"Muere hombre de 87 a\u00f1os en accidente de ambulancia en Logro\u00f1o\" class=\"read-more\" href=\"https:\/\/www.diario21.tv\/noticias\/muere-hombre-de-87-anos-en-accidente-de-ambulancia-en-logrono\/\" aria-label=\"Leer m\u00e1s sobre Muere hombre de 87 a\u00f1os en accidente de ambulancia en Logro\u00f1o\">Seguir leyendo &rarr;<\/a><\/p>\n","protected":false},"author":20,"featured_media":1780,"comment_status":"open","ping_status":"open","sticky":false,"template":"","format":"standard","meta":{"footnotes":""},"categories":[13],"tags":[],"class_list":["post-1779","post","type-post","status-publish","format-standard","has-post-thumbnail","hentry","category-portada"],"yoast_head":"<!-- This site is optimized with the Yoast SEO plugin v25.6 - https:\/\/yoast.com\/wordpress\/plugins\/seo\/ -->\n<title>Muere hombre de 87 a\u00f1os en accidente de ambulancia en Logro\u00f1o - Diario 21<\/title>\n<meta name=\"robots\" content=\"index, follow, max-snippet:-1, max-image-preview:large, max-video-preview:-1\" \/>\n<link rel=\"canonical\" href=\"https:\/\/www.diario21.tv\/noticias\/muere-hombre-de-87-anos-en-accidente-de-ambulancia-en-logrono\/\" \/>\n<meta property=\"og:locale\" content=\"es_ES\" \/>\n<meta property=\"og:type\" content=\"article\" \/>\n<meta property=\"og:title\" content=\"Muere hombre de 87 a\u00f1os en accidente de ambulancia en Logro\u00f1o - Diario 21\" \/>\n<meta property=\"og:description\" content=\"Fallecimiento de un anciano de 87 a\u00f1os tras un accidente en Logro\u00f1o Un hombre de 87 a\u00f1os ha perdido la vida despu\u00e9s de estar involucrado en ... Seguir leyendo &rarr;\" \/>\n<meta property=\"og:url\" content=\"https:\/\/www.diario21.tv\/noticias\/muere-hombre-de-87-anos-en-accidente-de-ambulancia-en-logrono\/\" \/>\n<meta property=\"og:site_name\" content=\"Diario 21\" \/>\n<meta property=\"article:published_time\" content=\"2025-01-11T09:12:21+00:00\" \/>\n<meta property=\"article:modified_time\" content=\"2025-01-11T09:12:25+00:00\" \/>\n<meta property=\"og:image\" content=\"https:\/\/www.diario21.tv\/noticias\/wp-content\/uploads\/2025\/01\/Muere-hombre-de-87-anos-en-accidente-de-ambulancia-en-1024x683.png\" \/>\n\t<meta property=\"og:image:width\" content=\"1024\" \/>\n\t<meta property=\"og:image:height\" content=\"683\" \/>\n\t<meta property=\"og:image:type\" content=\"image\/png\" \/>\n<meta name=\"author\" content=\"Juan P\u00e9rez\" \/>\n<meta name=\"twitter:card\" content=\"summary_large_image\" \/>\n<meta name=\"twitter:label1\" content=\"Escrito por\" \/>\n\t<meta name=\"twitter:data1\" content=\"Juan P\u00e9rez\" \/>\n\t<meta name=\"twitter:label2\" content=\"Tiempo de lectura\" \/>\n\t<meta name=\"twitter:data2\" content=\"2 minutos\" \/>\n<script type=\"application\/ld+json\" class=\"yoast-schema-graph\">{\"@context\":\"https:\/\/schema.org\",\"@graph\":[{\"@type\":\"WebPage\",\"@id\":\"https:\/\/www.diario21.tv\/noticias\/muere-hombre-de-87-anos-en-accidente-de-ambulancia-en-logrono\/\",\"url\":\"https:\/\/www.diario21.tv\/noticias\/muere-hombre-de-87-anos-en-accidente-de-ambulancia-en-logrono\/\",\"name\":\"Muere hombre de 87 a\u00f1os en accidente de ambulancia en Logro\u00f1o - Diario 21\",\"isPartOf\":{\"@id\":\"https:\/\/www.diario21.tv\/noticias\/#website\"},\"primaryImageOfPage\":{\"@id\":\"https:\/\/www.diario21.tv\/noticias\/muere-hombre-de-87-anos-en-accidente-de-ambulancia-en-logrono\/#primaryimage\"},\"image\":{\"@id\":\"https:\/\/www.diario21.tv\/noticias\/muere-hombre-de-87-anos-en-accidente-de-ambulancia-en-logrono\/#primaryimage\"},\"thumbnailUrl\":\"https:\/\/www.diario21.tv\/noticias\/wp-content\/uploads\/2025\/01\/Muere-hombre-de-87-anos-en-accidente-de-ambulancia-en.png\",\"datePublished\":\"2025-01-11T09:12:21+00:00\",\"dateModified\":\"2025-01-11T09:12:25+00:00\",\"author\":{\"@id\":\"https:\/\/www.diario21.tv\/noticias\/#\/schema\/person\/dfb778f73814d8f09f302618446a526b\"},\"breadcrumb\":{\"@id\":\"https:\/\/www.diario21.tv\/noticias\/muere-hombre-de-87-anos-en-accidente-de-ambulancia-en-logrono\/#breadcrumb\"},\"inLanguage\":\"es-AR\",\"potentialAction\":[{\"@type\":\"ReadAction\",\"target\":[\"https:\/\/www.diario21.tv\/noticias\/muere-hombre-de-87-anos-en-accidente-de-ambulancia-en-logrono\/\"]}]},{\"@type\":\"ImageObject\",\"inLanguage\":\"es-AR\",\"@id\":\"https:\/\/www.diario21.tv\/noticias\/muere-hombre-de-87-anos-en-accidente-de-ambulancia-en-logrono\/#primaryimage\",\"url\":\"https:\/\/www.diario21.tv\/noticias\/wp-content\/uploads\/2025\/01\/Muere-hombre-de-87-anos-en-accidente-de-ambulancia-en.png\",\"contentUrl\":\"https:\/\/www.diario21.tv\/noticias\/wp-content\/uploads\/2025\/01\/Muere-hombre-de-87-anos-en-accidente-de-ambulancia-en.png\",\"width\":1920,\"height\":1280,\"caption\":\"Fallece un hombre de 87 a\u00f1os tras sufrir un accidente en Logro\u00f1o la ambulancia en la que era trasladado\"},{\"@type\":\"BreadcrumbList\",\"@id\":\"https:\/\/www.diario21.tv\/noticias\/muere-hombre-de-87-anos-en-accidente-de-ambulancia-en-logrono\/#breadcrumb\",\"itemListElement\":[{\"@type\":\"ListItem\",\"position\":1,\"name\":\"Accueil\",\"item\":\"https:\/\/www.diario21.tv\/noticias\/\"},{\"@type\":\"ListItem\",\"position\":2,\"name\":\"Muere hombre de 87 a\u00f1os en accidente de ambulancia en Logro\u00f1o\"}]},{\"@type\":\"WebSite\",\"@id\":\"https:\/\/www.diario21.tv\/noticias\/#website\",\"url\":\"https:\/\/www.diario21.tv\/noticias\/\",\"name\":\"Diario 21\",\"description\":\"\",\"potentialAction\":[{\"@type\":\"SearchAction\",\"target\":{\"@type\":\"EntryPoint\",\"urlTemplate\":\"https:\/\/www.diario21.tv\/noticias\/?s={search_term_string}\"},\"query-input\":{\"@type\":\"PropertyValueSpecification\",\"valueRequired\":true,\"valueName\":\"search_term_string\"}}],\"inLanguage\":\"es-AR\"},{\"@type\":\"Person\",\"@id\":\"https:\/\/www.diario21.tv\/noticias\/#\/schema\/person\/dfb778f73814d8f09f302618446a526b\",\"name\":\"Juan P\u00e9rez\",\"image\":{\"@type\":\"ImageObject\",\"inLanguage\":\"es-AR\",\"@id\":\"https:\/\/www.diario21.tv\/noticias\/#\/schema\/person\/image\/\",\"url\":\"https:\/\/secure.gravatar.com\/avatar\/c478a405bd10621167f4c3167cc770f5?s=96&d=mm&r=g\",\"contentUrl\":\"https:\/\/secure.gravatar.com\/avatar\/c478a405bd10621167f4c3167cc770f5?s=96&d=mm&r=g\",\"caption\":\"Juan P\u00e9rez\"},\"description\":\"Juan P\u00e9rez es el redactor en jefe de Diario 21. Con m\u00e1s de 10 a\u00f1os de experiencia en el periodismo, se especializa en pol\u00edtica nacional y an\u00e1lisis socioecon\u00f3mico. Su enfoque cr\u00edtico y riguroso aporta una perspectiva \u00fanica a cada art\u00edculo.\",\"sameAs\":[\"https:\/\/www.diario21.tv\/noticias\/\"],\"url\":\"https:\/\/www.diario21.tv\/noticias\/author\/juan-perez\/\"}]}<\/script>\n<!-- \/ Yoast SEO plugin. -->","yoast_head_json":{"title":"Muere hombre de 87 a\u00f1os en accidente de ambulancia en Logro\u00f1o - Diario 21","robots":{"index":"index","follow":"follow","max-snippet":"max-snippet:-1","max-image-preview":"max-image-preview:large","max-video-preview":"max-video-preview:-1"},"canonical":"https:\/\/www.diario21.tv\/noticias\/muere-hombre-de-87-anos-en-accidente-de-ambulancia-en-logrono\/","og_locale":"es_ES","og_type":"article","og_title":"Muere hombre de 87 a\u00f1os en accidente de ambulancia en Logro\u00f1o - Diario 21","og_description":"Fallecimiento de un anciano de 87 a\u00f1os tras un accidente en Logro\u00f1o Un hombre de 87 a\u00f1os ha perdido la vida despu\u00e9s de estar involucrado en ... Seguir leyendo &rarr;","og_url":"https:\/\/www.diario21.tv\/noticias\/muere-hombre-de-87-anos-en-accidente-de-ambulancia-en-logrono\/","og_site_name":"Diario 21","article_published_time":"2025-01-11T09:12:21+00:00","article_modified_time":"2025-01-11T09:12:25+00:00","og_image":[{"width":1024,"height":683,"url":"https:\/\/www.diario21.tv\/noticias\/wp-content\/uploads\/2025\/01\/Muere-hombre-de-87-anos-en-accidente-de-ambulancia-en-1024x683.png","type":"image\/png"}],"author":"Juan P\u00e9rez","twitter_card":"summary_large_image","twitter_misc":{"Escrito por":"Juan P\u00e9rez","Tiempo de lectura":"2 minutos"},"schema":{"@context":"https:\/\/schema.org","@graph":[{"@type":"WebPage","@id":"https:\/\/www.diario21.tv\/noticias\/muere-hombre-de-87-anos-en-accidente-de-ambulancia-en-logrono\/","url":"https:\/\/www.diario21.tv\/noticias\/muere-hombre-de-87-anos-en-accidente-de-ambulancia-en-logrono\/","name":"Muere hombre de 87 a\u00f1os en accidente de ambulancia en Logro\u00f1o - Diario 21","isPartOf":{"@id":"https:\/\/www.diario21.tv\/noticias\/#website"},"primaryImageOfPage":{"@id":"https:\/\/www.diario21.tv\/noticias\/muere-hombre-de-87-anos-en-accidente-de-ambulancia-en-logrono\/#primaryimage"},"image":{"@id":"https:\/\/www.diario21.tv\/noticias\/muere-hombre-de-87-anos-en-accidente-de-ambulancia-en-logrono\/#primaryimage"},"thumbnailUrl":"https:\/\/www.diario21.tv\/noticias\/wp-content\/uploads\/2025\/01\/Muere-hombre-de-87-anos-en-accidente-de-ambulancia-en.png","datePublished":"2025-01-11T09:12:21+00:00","dateModified":"2025-01-11T09:12:25+00:00","author":{"@id":"https:\/\/www.diario21.tv\/noticias\/#\/schema\/person\/dfb778f73814d8f09f302618446a526b"},"breadcrumb":{"@id":"https:\/\/www.diario21.tv\/noticias\/muere-hombre-de-87-anos-en-accidente-de-ambulancia-en-logrono\/#breadcrumb"},"inLanguage":"es-AR","potentialAction":[{"@type":"ReadAction","target":["https:\/\/www.diario21.tv\/noticias\/muere-hombre-de-87-anos-en-accidente-de-ambulancia-en-logrono\/"]}]},{"@type":"ImageObject","inLanguage":"es-AR","@id":"https:\/\/www.diario21.tv\/noticias\/muere-hombre-de-87-anos-en-accidente-de-ambulancia-en-logrono\/#primaryimage","url":"https:\/\/www.diario21.tv\/noticias\/wp-content\/uploads\/2025\/01\/Muere-hombre-de-87-anos-en-accidente-de-ambulancia-en.png","contentUrl":"https:\/\/www.diario21.tv\/noticias\/wp-content\/uploads\/2025\/01\/Muere-hombre-de-87-anos-en-accidente-de-ambulancia-en.png","width":1920,"height":1280,"caption":"Fallece un hombre de 87 a\u00f1os tras sufrir un accidente en Logro\u00f1o la ambulancia en la que era trasladado"},{"@type":"BreadcrumbList","@id":"https:\/\/www.diario21.tv\/noticias\/muere-hombre-de-87-anos-en-accidente-de-ambulancia-en-logrono\/#breadcrumb","itemListElement":[{"@type":"ListItem","position":1,"name":"Accueil","item":"https:\/\/www.diario21.tv\/noticias\/"},{"@type":"ListItem","position":2,"name":"Muere hombre de 87 a\u00f1os en accidente de ambulancia en Logro\u00f1o"}]},{"@type":"WebSite","@id":"https:\/\/www.diario21.tv\/noticias\/#website","url":"https:\/\/www.diario21.tv\/noticias\/","name":"Diario 21","description":"","potentialAction":[{"@type":"SearchAction","target":{"@type":"EntryPoint","urlTemplate":"https:\/\/www.diario21.tv\/noticias\/?s={search_term_string}"},"query-input":{"@type":"PropertyValueSpecification","valueRequired":true,"valueName":"search_term_string"}}],"inLanguage":"es-AR"},{"@type":"Person","@id":"https:\/\/www.diario21.tv\/noticias\/#\/schema\/person\/dfb778f73814d8f09f302618446a526b","name":"Juan P\u00e9rez","image":{"@type":"ImageObject","inLanguage":"es-AR","@id":"https:\/\/www.diario21.tv\/noticias\/#\/schema\/person\/image\/","url":"https:\/\/secure.gravatar.com\/avatar\/c478a405bd10621167f4c3167cc770f5?s=96&d=mm&r=g","contentUrl":"https:\/\/secure.gravatar.com\/avatar\/c478a405bd10621167f4c3167cc770f5?s=96&d=mm&r=g","caption":"Juan P\u00e9rez"},"description":"Juan P\u00e9rez es el redactor en jefe de Diario 21. Con m\u00e1s de 10 a\u00f1os de experiencia en el periodismo, se especializa en pol\u00edtica nacional y an\u00e1lisis socioecon\u00f3mico. Su enfoque cr\u00edtico y riguroso aporta una perspectiva \u00fanica a cada art\u00edculo.","sameAs":["https:\/\/www.diario21.tv\/noticias\/"],"url":"https:\/\/www.diario21.tv\/noticias\/author\/juan-perez\/"}]}},"_links":{"self":[{"href":"https:\/\/www.diario21.tv\/noticias\/wp-json\/wp\/v2\/posts\/1779"}],"collection":[{"href":"https:\/\/www.diario21.tv\/noticias\/wp-json\/wp\/v2\/posts"}],"about":[{"href":"https:\/\/www.diario21.tv\/noticias\/wp-json\/wp\/v2\/types\/post"}],"author":[{"embeddable":true,"href":"https:\/\/www.diario21.tv\/noticias\/wp-json\/wp\/v2\/users\/20"}],"replies":[{"embeddable":true,"href":"https:\/\/www.diario21.tv\/noticias\/wp-json\/wp\/v2\/comments?post=1779"}],"version-history":[{"count":1,"href":"https:\/\/www.diario21.tv\/noticias\/wp-json\/wp\/v2\/posts\/1779\/revisions"}],"predecessor-version":[{"id":1781,"href":"https:\/\/www.diario21.tv\/noticias\/wp-json\/wp\/v2\/posts\/1779\/revisions\/1781"}],"wp:featuredmedia":[{"embeddable":true,"href":"https:\/\/www.diario21.tv\/noticias\/wp-json\/wp\/v2\/media\/1780"}],"wp:attachment":[{"href":"https:\/\/www.diario21.tv\/noticias\/wp-json\/wp\/v2\/media?parent=1779"}],"wp:term":[{"taxonomy":"category","embeddable":true,"href":"https:\/\/www.diario21.tv\/noticias\/wp-json\/wp\/v2\/categories?post=1779"},{"taxonomy":"post_tag","embeddable":true,"href":"https:\/\/www.diario21.tv\/noticias\/wp-json\/wp\/v2\/tags?post=1779"}],"curies":[{"name":"wp","href":"https:\/\/api.w.org\/{rel}","templated":true}]}}