{"id":1758,"date":"2025-01-09T07:39:21","date_gmt":"2025-01-09T07:39:21","guid":{"rendered":"https:\/\/www.diario21.tv\/noticias\/historico-el-papa-nombra-a-la-primera-mujer-para-dirigir-un-ministerio-vaticano\/"},"modified":"2025-01-09T07:39:23","modified_gmt":"2025-01-09T07:39:23","slug":"historico-el-papa-nombra-a-la-primera-mujer-para-dirigir-un-ministerio-vaticano","status":"publish","type":"post","link":"https:\/\/www.diario21.tv\/noticias\/historico-el-papa-nombra-a-la-primera-mujer-para-dirigir-un-ministerio-vaticano\/","title":{"rendered":"\u00a1Hist\u00f3rico! El Papa nombra a la primera mujer para dirigir un ministerio vaticano"},"content":{"rendered":"<h2>Una Mujer es Designada por el Papa para Dirigir un Departamento del Vaticano<\/h2>\n<p>En un acontecimiento hist\u00f3rico y sin precedentes, el Papa ha designado a una mujer para que est\u00e9 al frente de uno de los departamentos del Vaticano. Esta decisi\u00f3n marca un momento significativo en la historia de la Iglesia, ya que es la primera vez que una mujer ocupa un puesto de tal magnitud dentro de la estructura de la Santa Sede.<\/p>\n<h3>Detalles del Nombramiento<\/h3>\n<p>La mujer elegida ha sido reconocida por su dedicaci\u00f3n y servicio prolongado dentro de la comunidad eclesi\u00e1stica. Su experiencia y conocimientos han sido factores clave para su selecci\u00f3n, destac\u00e1ndose entre otros candidatos por su capacidad de liderazgo y su profundo compromiso con los valores del Vaticano.<\/p>\n<h3>Impacto y Significado del Nombramiento<\/h3>\n<p>Este nombramiento no solo refleja un cambio significativo en las pol\u00edticas internas del Vaticano sino que tambi\u00e9n env\u00eda un mensaje poderoso sobre la inclusi\u00f3n y la igualdad dentro de la Iglesia. Al colocar a una mujer en una posici\u00f3n de tal influencia, el Papa est\u00e1 reafirmando su apoyo a la participaci\u00f3n femenina en los niveles m\u00e1s altos de la jerarqu\u00eda eclesi\u00e1stica.<\/p>\n<p>Este evento es visto por muchos como un paso adelante hacia una mayor equidad dentro de la Iglesia y podr\u00eda influir en futuras decisiones y nombramientos dentro del Vaticano y la comunidad cat\u00f3lica en general.<\/p>\n<h3>Reacciones y Expectativas<\/h3>\n<p>La noticia ha sido recibida con entusiasmo tanto dentro como fuera de la comunidad cat\u00f3lica. Fieles de diversas partes del mundo han expresado su apoyo y esperanza de que este sea el comienzo de una era m\u00e1s inclusiva y representativa en la Iglesia. Expertos en temas religiosos y sociales tambi\u00e9n han destacado la importancia de este nombramiento en el contexto m\u00e1s amplio de los derechos y la participaci\u00f3n de las mujeres en las instituciones religiosas.<\/p>\n<h3>El Futuro del Ministerio y Su Nueva Direcci\u00f3n<\/h3>\n<p>Con esta nueva lideranza, se espera que el departamento del Vaticano dirigido por la reci\u00e9n nombrada tenga un enfoque renovado y pueda abordar las cuestiones de la Iglesia con una perspectiva fresca y din\u00e1mica. La comunidad eclesi\u00e1stica y los fieles est\u00e1n expectantes de los cambios y nuevas iniciativas que pueden surgir bajo su direcci\u00f3n.<\/p>\n<p>Este cambio hist\u00f3rico no solo redefine el papel de las mujeres dentro del Vaticano sino que tambi\u00e9n puede influir en la forma en que la Iglesia cat\u00f3lica se relaciona con sus devotos y con la sociedad en general, marcando el comienzo de una nueva fase en su historia milenaria.<\/p>\n\n\n<div class=\"kk-star-ratings kksr-auto kksr-align-left kksr-valign-bottom\"\n    data-payload='{&quot;align&quot;:&quot;left&quot;,&quot;id&quot;:&quot;1758&quot;,&quot;slug&quot;:&quot;default&quot;,&quot;valign&quot;:&quot;bottom&quot;,&quot;ignore&quot;:&quot;&quot;,&quot;reference&quot;:&quot;auto&quot;,&quot;class&quot;:&quot;&quot;,&quot;count&quot;:&quot;0&quot;,&quot;legendonly&quot;:&quot;&quot;,&quot;readonly&quot;:&quot;&quot;,&quot;score&quot;:&quot;0&quot;,&quot;starsonly&quot;:&quot;&quot;,&quot;best&quot;:&quot;5&quot;,&quot;gap&quot;:&quot;5&quot;,&quot;greet&quot;:&quot;Valora este post&quot;,&quot;legend&quot;:&quot;0\\\/5 - (0 votes)&quot;,&quot;size&quot;:&quot;22&quot;,&quot;title&quot;:&quot;\u00a1Hist\u00f3rico! El Papa nombra a la primera mujer para dirigir un ministerio vaticano&quot;,&quot;width&quot;:&quot;0&quot;,&quot;_legend&quot;:&quot;{score}\\\/{best} - ({count} {votes})&quot;,&quot;font_factor&quot;:&quot;1.25&quot;}'>\n            \n<div class=\"kksr-stars\">\n    \n<div class=\"kksr-stars-inactive\">\n            <div class=\"kksr-star\" data-star=\"1\" style=\"padding-right: 5px\">\n            \n\n<div class=\"kksr-icon\" style=\"width: 22px; height: 22px;\"><\/div>\n        <\/div>\n            <div class=\"kksr-star\" data-star=\"2\" style=\"padding-right: 5px\">\n            \n\n<div class=\"kksr-icon\" style=\"width: 22px; height: 22px;\"><\/div>\n        <\/div>\n            <div class=\"kksr-star\" data-star=\"3\" style=\"padding-right: 5px\">\n            \n\n<div class=\"kksr-icon\" style=\"width: 22px; height: 22px;\"><\/div>\n        <\/div>\n            <div class=\"kksr-star\" data-star=\"4\" style=\"padding-right: 5px\">\n            \n\n<div class=\"kksr-icon\" style=\"width: 22px; height: 22px;\"><\/div>\n        <\/div>\n            <div class=\"kksr-star\" data-star=\"5\" style=\"padding-right: 5px\">\n            \n\n<div class=\"kksr-icon\" style=\"width: 22px; height: 22px;\"><\/div>\n        <\/div>\n    <\/div>\n    \n<div class=\"kksr-stars-active\" style=\"width: 0px;\">\n            <div class=\"kksr-star\" style=\"padding-right: 5px\">\n            \n\n<div class=\"kksr-icon\" style=\"width: 22px; height: 22px;\"><\/div>\n        <\/div>\n            <div class=\"kksr-star\" style=\"padding-right: 5px\">\n            \n\n<div class=\"kksr-icon\" style=\"width: 22px; height: 22px;\"><\/div>\n        <\/div>\n            <div class=\"kksr-star\" style=\"padding-right: 5px\">\n            \n\n<div class=\"kksr-icon\" style=\"width: 22px; height: 22px;\"><\/div>\n        <\/div>\n            <div class=\"kksr-star\" style=\"padding-right: 5px\">\n            \n\n<div class=\"kksr-icon\" style=\"width: 22px; height: 22px;\"><\/div>\n        <\/div>\n            <div class=\"kksr-star\" style=\"padding-right: 5px\">\n            \n\n<div class=\"kksr-icon\" style=\"width: 22px; height: 22px;\"><\/div>\n        <\/div>\n    <\/div>\n<\/div>\n                \n\n<div class=\"kksr-legend\" style=\"font-size: 17.6px;\">\n            <span class=\"kksr-muted\">Valora este post<\/span>\n    <\/div>\n    <\/div>\n","protected":false},"excerpt":{"rendered":"<p>Una Mujer es Designada por el Papa para Dirigir un Departamento del Vaticano En un acontecimiento hist\u00f3rico y sin precedentes, el Papa ha designado a una &#8230; <a title=\"\u00a1Hist\u00f3rico! El Papa nombra a la primera mujer para dirigir un ministerio vaticano\" class=\"read-more\" href=\"https:\/\/www.diario21.tv\/noticias\/historico-el-papa-nombra-a-la-primera-mujer-para-dirigir-un-ministerio-vaticano\/\" aria-label=\"Leer m\u00e1s sobre \u00a1Hist\u00f3rico! El Papa nombra a la primera mujer para dirigir un ministerio vaticano\">Seguir leyendo &rarr;<\/a><\/p>\n","protected":false},"author":20,"featured_media":1759,"comment_status":"open","ping_status":"open","sticky":false,"template":"","format":"standard","meta":{"footnotes":""},"categories":[13],"tags":[],"class_list":["post-1758","post","type-post","status-publish","format-standard","has-post-thumbnail","hentry","category-portada"],"yoast_head":"<!-- This site is optimized with the Yoast SEO plugin v25.6 - https:\/\/yoast.com\/wordpress\/plugins\/seo\/ -->\n<title>\u00a1Hist\u00f3rico! El Papa nombra a la primera mujer para dirigir un ministerio vaticano - Diario 21<\/title>\n<meta name=\"robots\" content=\"index, follow, max-snippet:-1, max-image-preview:large, max-video-preview:-1\" \/>\n<link rel=\"canonical\" href=\"https:\/\/www.diario21.tv\/noticias\/historico-el-papa-nombra-a-la-primera-mujer-para-dirigir-un-ministerio-vaticano\/\" \/>\n<meta property=\"og:locale\" content=\"es_ES\" \/>\n<meta property=\"og:type\" content=\"article\" \/>\n<meta property=\"og:title\" content=\"\u00a1Hist\u00f3rico! El Papa nombra a la primera mujer para dirigir un ministerio vaticano - Diario 21\" \/>\n<meta property=\"og:description\" content=\"Una Mujer es Designada por el Papa para Dirigir un Departamento del Vaticano En un acontecimiento hist\u00f3rico y sin precedentes, el Papa ha designado a una ... Seguir leyendo &rarr;\" \/>\n<meta property=\"og:url\" content=\"https:\/\/www.diario21.tv\/noticias\/historico-el-papa-nombra-a-la-primera-mujer-para-dirigir-un-ministerio-vaticano\/\" \/>\n<meta property=\"og:site_name\" content=\"Diario 21\" \/>\n<meta property=\"article:published_time\" content=\"2025-01-09T07:39:21+00:00\" \/>\n<meta property=\"article:modified_time\" content=\"2025-01-09T07:39:23+00:00\" \/>\n<meta property=\"og:image\" content=\"https:\/\/www.diario21.tv\/noticias\/wp-content\/uploads\/2025\/01\/\u00a1Historico-El-Papa-nombra-a-la-primera-mujer-para-dirigir.jpg\" \/>\n\t<meta property=\"og:image:width\" content=\"1920\" \/>\n\t<meta property=\"og:image:height\" content=\"1080\" \/>\n\t<meta property=\"og:image:type\" content=\"image\/jpeg\" \/>\n<meta name=\"author\" content=\"Juan P\u00e9rez\" \/>\n<meta name=\"twitter:card\" content=\"summary_large_image\" \/>\n<meta name=\"twitter:label1\" content=\"Escrito por\" \/>\n\t<meta name=\"twitter:data1\" content=\"Juan P\u00e9rez\" \/>\n\t<meta name=\"twitter:label2\" content=\"Tiempo de lectura\" \/>\n\t<meta name=\"twitter:data2\" content=\"2 minutos\" \/>\n<script type=\"application\/ld+json\" class=\"yoast-schema-graph\">{\"@context\":\"https:\/\/schema.org\",\"@graph\":[{\"@type\":\"WebPage\",\"@id\":\"https:\/\/www.diario21.tv\/noticias\/historico-el-papa-nombra-a-la-primera-mujer-para-dirigir-un-ministerio-vaticano\/\",\"url\":\"https:\/\/www.diario21.tv\/noticias\/historico-el-papa-nombra-a-la-primera-mujer-para-dirigir-un-ministerio-vaticano\/\",\"name\":\"\u00a1Hist\u00f3rico! El Papa nombra a la primera mujer para dirigir un ministerio vaticano - Diario 21\",\"isPartOf\":{\"@id\":\"https:\/\/www.diario21.tv\/noticias\/#website\"},\"primaryImageOfPage\":{\"@id\":\"https:\/\/www.diario21.tv\/noticias\/historico-el-papa-nombra-a-la-primera-mujer-para-dirigir-un-ministerio-vaticano\/#primaryimage\"},\"image\":{\"@id\":\"https:\/\/www.diario21.tv\/noticias\/historico-el-papa-nombra-a-la-primera-mujer-para-dirigir-un-ministerio-vaticano\/#primaryimage\"},\"thumbnailUrl\":\"https:\/\/www.diario21.tv\/noticias\/wp-content\/uploads\/2025\/01\/\u00a1Historico-El-Papa-nombra-a-la-primera-mujer-para-dirigir.jpg\",\"datePublished\":\"2025-01-09T07:39:21+00:00\",\"dateModified\":\"2025-01-09T07:39:23+00:00\",\"author\":{\"@id\":\"https:\/\/www.diario21.tv\/noticias\/#\/schema\/person\/dfb778f73814d8f09f302618446a526b\"},\"breadcrumb\":{\"@id\":\"https:\/\/www.diario21.tv\/noticias\/historico-el-papa-nombra-a-la-primera-mujer-para-dirigir-un-ministerio-vaticano\/#breadcrumb\"},\"inLanguage\":\"es-AR\",\"potentialAction\":[{\"@type\":\"ReadAction\",\"target\":[\"https:\/\/www.diario21.tv\/noticias\/historico-el-papa-nombra-a-la-primera-mujer-para-dirigir-un-ministerio-vaticano\/\"]}]},{\"@type\":\"ImageObject\",\"inLanguage\":\"es-AR\",\"@id\":\"https:\/\/www.diario21.tv\/noticias\/historico-el-papa-nombra-a-la-primera-mujer-para-dirigir-un-ministerio-vaticano\/#primaryimage\",\"url\":\"https:\/\/www.diario21.tv\/noticias\/wp-content\/uploads\/2025\/01\/\u00a1Historico-El-Papa-nombra-a-la-primera-mujer-para-dirigir.jpg\",\"contentUrl\":\"https:\/\/www.diario21.tv\/noticias\/wp-content\/uploads\/2025\/01\/\u00a1Historico-El-Papa-nombra-a-la-primera-mujer-para-dirigir.jpg\",\"width\":1920,\"height\":1080,\"caption\":\"El Papa nombra a la primera mujer al frente de un &#039;ministerio&#039; vaticano\"},{\"@type\":\"BreadcrumbList\",\"@id\":\"https:\/\/www.diario21.tv\/noticias\/historico-el-papa-nombra-a-la-primera-mujer-para-dirigir-un-ministerio-vaticano\/#breadcrumb\",\"itemListElement\":[{\"@type\":\"ListItem\",\"position\":1,\"name\":\"Accueil\",\"item\":\"https:\/\/www.diario21.tv\/noticias\/\"},{\"@type\":\"ListItem\",\"position\":2,\"name\":\"\u00a1Hist\u00f3rico! El Papa nombra a la primera mujer para dirigir un ministerio vaticano\"}]},{\"@type\":\"WebSite\",\"@id\":\"https:\/\/www.diario21.tv\/noticias\/#website\",\"url\":\"https:\/\/www.diario21.tv\/noticias\/\",\"name\":\"Diario 21\",\"description\":\"\",\"potentialAction\":[{\"@type\":\"SearchAction\",\"target\":{\"@type\":\"EntryPoint\",\"urlTemplate\":\"https:\/\/www.diario21.tv\/noticias\/?s={search_term_string}\"},\"query-input\":{\"@type\":\"PropertyValueSpecification\",\"valueRequired\":true,\"valueName\":\"search_term_string\"}}],\"inLanguage\":\"es-AR\"},{\"@type\":\"Person\",\"@id\":\"https:\/\/www.diario21.tv\/noticias\/#\/schema\/person\/dfb778f73814d8f09f302618446a526b\",\"name\":\"Juan P\u00e9rez\",\"image\":{\"@type\":\"ImageObject\",\"inLanguage\":\"es-AR\",\"@id\":\"https:\/\/www.diario21.tv\/noticias\/#\/schema\/person\/image\/\",\"url\":\"https:\/\/secure.gravatar.com\/avatar\/c478a405bd10621167f4c3167cc770f5?s=96&d=mm&r=g\",\"contentUrl\":\"https:\/\/secure.gravatar.com\/avatar\/c478a405bd10621167f4c3167cc770f5?s=96&d=mm&r=g\",\"caption\":\"Juan P\u00e9rez\"},\"description\":\"Juan P\u00e9rez es el redactor en jefe de Diario 21. Con m\u00e1s de 10 a\u00f1os de experiencia en el periodismo, se especializa en pol\u00edtica nacional y an\u00e1lisis socioecon\u00f3mico. Su enfoque cr\u00edtico y riguroso aporta una perspectiva \u00fanica a cada art\u00edculo.\",\"sameAs\":[\"https:\/\/www.diario21.tv\/noticias\/\"],\"url\":\"https:\/\/www.diario21.tv\/noticias\/author\/juan-perez\/\"}]}<\/script>\n<!-- \/ Yoast SEO plugin. -->","yoast_head_json":{"title":"\u00a1Hist\u00f3rico! El Papa nombra a la primera mujer para dirigir un ministerio vaticano - Diario 21","robots":{"index":"index","follow":"follow","max-snippet":"max-snippet:-1","max-image-preview":"max-image-preview:large","max-video-preview":"max-video-preview:-1"},"canonical":"https:\/\/www.diario21.tv\/noticias\/historico-el-papa-nombra-a-la-primera-mujer-para-dirigir-un-ministerio-vaticano\/","og_locale":"es_ES","og_type":"article","og_title":"\u00a1Hist\u00f3rico! El Papa nombra a la primera mujer para dirigir un ministerio vaticano - Diario 21","og_description":"Una Mujer es Designada por el Papa para Dirigir un Departamento del Vaticano En un acontecimiento hist\u00f3rico y sin precedentes, el Papa ha designado a una ... Seguir leyendo &rarr;","og_url":"https:\/\/www.diario21.tv\/noticias\/historico-el-papa-nombra-a-la-primera-mujer-para-dirigir-un-ministerio-vaticano\/","og_site_name":"Diario 21","article_published_time":"2025-01-09T07:39:21+00:00","article_modified_time":"2025-01-09T07:39:23+00:00","og_image":[{"width":1920,"height":1080,"url":"https:\/\/www.diario21.tv\/noticias\/wp-content\/uploads\/2025\/01\/\u00a1Historico-El-Papa-nombra-a-la-primera-mujer-para-dirigir.jpg","type":"image\/jpeg"}],"author":"Juan P\u00e9rez","twitter_card":"summary_large_image","twitter_misc":{"Escrito por":"Juan P\u00e9rez","Tiempo de lectura":"2 minutos"},"schema":{"@context":"https:\/\/schema.org","@graph":[{"@type":"WebPage","@id":"https:\/\/www.diario21.tv\/noticias\/historico-el-papa-nombra-a-la-primera-mujer-para-dirigir-un-ministerio-vaticano\/","url":"https:\/\/www.diario21.tv\/noticias\/historico-el-papa-nombra-a-la-primera-mujer-para-dirigir-un-ministerio-vaticano\/","name":"\u00a1Hist\u00f3rico! El Papa nombra a la primera mujer para dirigir un ministerio vaticano - Diario 21","isPartOf":{"@id":"https:\/\/www.diario21.tv\/noticias\/#website"},"primaryImageOfPage":{"@id":"https:\/\/www.diario21.tv\/noticias\/historico-el-papa-nombra-a-la-primera-mujer-para-dirigir-un-ministerio-vaticano\/#primaryimage"},"image":{"@id":"https:\/\/www.diario21.tv\/noticias\/historico-el-papa-nombra-a-la-primera-mujer-para-dirigir-un-ministerio-vaticano\/#primaryimage"},"thumbnailUrl":"https:\/\/www.diario21.tv\/noticias\/wp-content\/uploads\/2025\/01\/\u00a1Historico-El-Papa-nombra-a-la-primera-mujer-para-dirigir.jpg","datePublished":"2025-01-09T07:39:21+00:00","dateModified":"2025-01-09T07:39:23+00:00","author":{"@id":"https:\/\/www.diario21.tv\/noticias\/#\/schema\/person\/dfb778f73814d8f09f302618446a526b"},"breadcrumb":{"@id":"https:\/\/www.diario21.tv\/noticias\/historico-el-papa-nombra-a-la-primera-mujer-para-dirigir-un-ministerio-vaticano\/#breadcrumb"},"inLanguage":"es-AR","potentialAction":[{"@type":"ReadAction","target":["https:\/\/www.diario21.tv\/noticias\/historico-el-papa-nombra-a-la-primera-mujer-para-dirigir-un-ministerio-vaticano\/"]}]},{"@type":"ImageObject","inLanguage":"es-AR","@id":"https:\/\/www.diario21.tv\/noticias\/historico-el-papa-nombra-a-la-primera-mujer-para-dirigir-un-ministerio-vaticano\/#primaryimage","url":"https:\/\/www.diario21.tv\/noticias\/wp-content\/uploads\/2025\/01\/\u00a1Historico-El-Papa-nombra-a-la-primera-mujer-para-dirigir.jpg","contentUrl":"https:\/\/www.diario21.tv\/noticias\/wp-content\/uploads\/2025\/01\/\u00a1Historico-El-Papa-nombra-a-la-primera-mujer-para-dirigir.jpg","width":1920,"height":1080,"caption":"El Papa nombra a la primera mujer al frente de un &#039;ministerio&#039; vaticano"},{"@type":"BreadcrumbList","@id":"https:\/\/www.diario21.tv\/noticias\/historico-el-papa-nombra-a-la-primera-mujer-para-dirigir-un-ministerio-vaticano\/#breadcrumb","itemListElement":[{"@type":"ListItem","position":1,"name":"Accueil","item":"https:\/\/www.diario21.tv\/noticias\/"},{"@type":"ListItem","position":2,"name":"\u00a1Hist\u00f3rico! El Papa nombra a la primera mujer para dirigir un ministerio vaticano"}]},{"@type":"WebSite","@id":"https:\/\/www.diario21.tv\/noticias\/#website","url":"https:\/\/www.diario21.tv\/noticias\/","name":"Diario 21","description":"","potentialAction":[{"@type":"SearchAction","target":{"@type":"EntryPoint","urlTemplate":"https:\/\/www.diario21.tv\/noticias\/?s={search_term_string}"},"query-input":{"@type":"PropertyValueSpecification","valueRequired":true,"valueName":"search_term_string"}}],"inLanguage":"es-AR"},{"@type":"Person","@id":"https:\/\/www.diario21.tv\/noticias\/#\/schema\/person\/dfb778f73814d8f09f302618446a526b","name":"Juan P\u00e9rez","image":{"@type":"ImageObject","inLanguage":"es-AR","@id":"https:\/\/www.diario21.tv\/noticias\/#\/schema\/person\/image\/","url":"https:\/\/secure.gravatar.com\/avatar\/c478a405bd10621167f4c3167cc770f5?s=96&d=mm&r=g","contentUrl":"https:\/\/secure.gravatar.com\/avatar\/c478a405bd10621167f4c3167cc770f5?s=96&d=mm&r=g","caption":"Juan P\u00e9rez"},"description":"Juan P\u00e9rez es el redactor en jefe de Diario 21. Con m\u00e1s de 10 a\u00f1os de experiencia en el periodismo, se especializa en pol\u00edtica nacional y an\u00e1lisis socioecon\u00f3mico. Su enfoque cr\u00edtico y riguroso aporta una perspectiva \u00fanica a cada art\u00edculo.","sameAs":["https:\/\/www.diario21.tv\/noticias\/"],"url":"https:\/\/www.diario21.tv\/noticias\/author\/juan-perez\/"}]}},"_links":{"self":[{"href":"https:\/\/www.diario21.tv\/noticias\/wp-json\/wp\/v2\/posts\/1758"}],"collection":[{"href":"https:\/\/www.diario21.tv\/noticias\/wp-json\/wp\/v2\/posts"}],"about":[{"href":"https:\/\/www.diario21.tv\/noticias\/wp-json\/wp\/v2\/types\/post"}],"author":[{"embeddable":true,"href":"https:\/\/www.diario21.tv\/noticias\/wp-json\/wp\/v2\/users\/20"}],"replies":[{"embeddable":true,"href":"https:\/\/www.diario21.tv\/noticias\/wp-json\/wp\/v2\/comments?post=1758"}],"version-history":[{"count":1,"href":"https:\/\/www.diario21.tv\/noticias\/wp-json\/wp\/v2\/posts\/1758\/revisions"}],"predecessor-version":[{"id":1760,"href":"https:\/\/www.diario21.tv\/noticias\/wp-json\/wp\/v2\/posts\/1758\/revisions\/1760"}],"wp:featuredmedia":[{"embeddable":true,"href":"https:\/\/www.diario21.tv\/noticias\/wp-json\/wp\/v2\/media\/1759"}],"wp:attachment":[{"href":"https:\/\/www.diario21.tv\/noticias\/wp-json\/wp\/v2\/media?parent=1758"}],"wp:term":[{"taxonomy":"category","embeddable":true,"href":"https:\/\/www.diario21.tv\/noticias\/wp-json\/wp\/v2\/categories?post=1758"},{"taxonomy":"post_tag","embeddable":true,"href":"https:\/\/www.diario21.tv\/noticias\/wp-json\/wp\/v2\/tags?post=1758"}],"curies":[{"name":"wp","href":"https:\/\/api.w.org\/{rel}","templated":true}]}}