{"id":1755,"date":"2025-01-09T01:23:24","date_gmt":"2025-01-09T01:23:24","guid":{"rendered":"https:\/\/www.diario21.tv\/noticias\/finaliza-la-escandalosa-macro-fiesta-ilegal-en-ciudad-real\/"},"modified":"2025-01-09T01:23:26","modified_gmt":"2025-01-09T01:23:26","slug":"finaliza-la-escandalosa-macro-fiesta-ilegal-en-ciudad-real","status":"publish","type":"post","link":"https:\/\/www.diario21.tv\/noticias\/finaliza-la-escandalosa-macro-fiesta-ilegal-en-ciudad-real\/","title":{"rendered":"\u00a1Finaliza la escandalosa macro fiesta ilegal en Ciudad Real!"},"content":{"rendered":"<h2>Conclusi\u00f3n de la Gran Fiesta Ilegal en Ciudad Real<\/h2>\n<p>El final ha llegado para el extenso evento no autorizado que se llev\u00f3 a cabo en Ciudad Real, dejando tras de s\u00ed una mezcla de alivio y preocupaciones residuales. Este acontecimiento, que logr\u00f3 congregar a un numeroso grupo de asistentes, ha estado en el centro de atenci\u00f3n debido a su naturaleza ilegal y a las implicaciones que conlleva para la comunidad local y las autoridades.<\/p>\n<h3>Detalles del Evento<\/h3>\n<p>La fiesta, que se extendi\u00f3 m\u00e1s de lo esperado, fue un punto de encuentro para j\u00f3venes principalmente, quienes se dieron cita en un \u00e1rea no revelada de Ciudad Real. La convocatoria, aparentemente dispersada a trav\u00e9s de redes sociales y mensajes instant\u00e1neos, logr\u00f3 reunir a una multitud considerable, a pesar de no contar con los permisos necesarios para su realizaci\u00f3n.<\/p>\n<p>Los organizadores del evento optaron por mantener un bajo perfil, evadiendo as\u00ed la intervenci\u00f3n temprana de las autoridades. Sin embargo, la magnitud del evento no pas\u00f3 desapercibida por mucho tiempo, y pronto se convirti\u00f3 en un asunto de inter\u00e9s p\u00fablico y policial.<\/p>\n<h3>Reacci\u00f3n de las Autoridades<\/h3>\n<p>Una vez alertadas, las fuerzas del orden actuaron con prontitud. El operativo para desmantelar la fiesta ilegal fue meticuloso, buscando garantizar la seguridad de todos los involucrados y minimizar el desorden p\u00fablico. La polic\u00eda local, apoyada en ocasiones por unidades adicionales, enfrent\u00f3 desaf\u00edos significativos debido a la gran cantidad de personas reunidas y la resistencia de algunos participantes a dispersarse.<\/p>\n<p>A pesar de estos obst\u00e1culos, la intervenci\u00f3n fue en gran medida efectiva y se logr\u00f3 poner fin al evento sin incidentes mayores. No obstante, se llevaron a cabo varias detenciones relacionadas con violaciones de la ley, incluyendo la organizaci\u00f3n de un evento sin las licencias correspondientes y algunos altercados menores con las autoridades.<\/p>\n<h3>Impacto en la Comunidad<\/h3>\n<p>La realizaci\u00f3n de esta fiesta ilegal no solo plantea preocupaciones de seguridad, sino que tambi\u00e9n ha generado un debate en la comunidad sobre la necesidad de espacios seguros y legales para el entretenimiento juvenil. Muchos residentes expresaron su molestia por las molestias causadas, incluyendo ruido excesivo y la posible transmisi\u00f3n de enfermedades debido a la alta concentraci\u00f3n de personas en un mismo lugar durante el evento.<\/p>\n<p>Por otro lado, algunos argumentan que la falta de alternativas de ocio accesibles y atractivas para los j\u00f3venes puede impulsar la proliferaci\u00f3n de este tipo de reuniones no autorizadas. Este incidente ha abierto la puerta a discusiones sobre c\u00f3mo las autoridades y la comunidad pueden trabajar juntas para prevenir la repetici\u00f3n de tales eventos y, al mismo tiempo, proporcionar opciones adecuadas y seguras para la recreaci\u00f3n.<\/p>\n<h3>Conclusiones y Futuro<\/h3>\n<p>Con el cierre de este cap\u00edtulo, tanto las autoridades como los ciudadanos de Ciudad Real reflexionan sobre las lecciones aprendidas y las medidas a implementar para el futuro. La cooperaci\u00f3n entre la comunidad, los organizadores de eventos y las autoridades se perfila como clave para evitar la recurrencia de situaciones similares.<\/p>\n<p>En \u00faltima instancia, el fin de la macro fiesta ilegal en Ciudad Real deja varios interrogantes abiertos sobre c\u00f3mo equilibrar la libertad de expresi\u00f3n y reuni\u00f3n con la responsabilidad c\u00edvica y el cumplimiento de la ley. Solo el tiempo dir\u00e1 si los esfuerzos conjuntos de todos los sectores involucrados ser\u00e1n suficientes para enfrentar este desaf\u00edo recurrente en la vida nocturna de la ciudad.<\/p>\n\n\n<div class=\"kk-star-ratings kksr-auto kksr-align-left kksr-valign-bottom\"\n    data-payload='{&quot;align&quot;:&quot;left&quot;,&quot;id&quot;:&quot;1755&quot;,&quot;slug&quot;:&quot;default&quot;,&quot;valign&quot;:&quot;bottom&quot;,&quot;ignore&quot;:&quot;&quot;,&quot;reference&quot;:&quot;auto&quot;,&quot;class&quot;:&quot;&quot;,&quot;count&quot;:&quot;0&quot;,&quot;legendonly&quot;:&quot;&quot;,&quot;readonly&quot;:&quot;&quot;,&quot;score&quot;:&quot;0&quot;,&quot;starsonly&quot;:&quot;&quot;,&quot;best&quot;:&quot;5&quot;,&quot;gap&quot;:&quot;5&quot;,&quot;greet&quot;:&quot;Valora este post&quot;,&quot;legend&quot;:&quot;0\\\/5 - (0 votes)&quot;,&quot;size&quot;:&quot;22&quot;,&quot;title&quot;:&quot;\u00a1Finaliza la escandalosa macro fiesta ilegal en Ciudad Real!&quot;,&quot;width&quot;:&quot;0&quot;,&quot;_legend&quot;:&quot;{score}\\\/{best} - ({count} {votes})&quot;,&quot;font_factor&quot;:&quot;1.25&quot;}'>\n            \n<div class=\"kksr-stars\">\n    \n<div class=\"kksr-stars-inactive\">\n            <div class=\"kksr-star\" data-star=\"1\" style=\"padding-right: 5px\">\n            \n\n<div class=\"kksr-icon\" style=\"width: 22px; height: 22px;\"><\/div>\n        <\/div>\n            <div class=\"kksr-star\" data-star=\"2\" style=\"padding-right: 5px\">\n            \n\n<div class=\"kksr-icon\" style=\"width: 22px; height: 22px;\"><\/div>\n        <\/div>\n            <div class=\"kksr-star\" data-star=\"3\" style=\"padding-right: 5px\">\n            \n\n<div class=\"kksr-icon\" style=\"width: 22px; height: 22px;\"><\/div>\n        <\/div>\n            <div class=\"kksr-star\" data-star=\"4\" style=\"padding-right: 5px\">\n            \n\n<div class=\"kksr-icon\" style=\"width: 22px; height: 22px;\"><\/div>\n        <\/div>\n            <div class=\"kksr-star\" data-star=\"5\" style=\"padding-right: 5px\">\n            \n\n<div class=\"kksr-icon\" style=\"width: 22px; height: 22px;\"><\/div>\n        <\/div>\n    <\/div>\n    \n<div class=\"kksr-stars-active\" style=\"width: 0px;\">\n            <div class=\"kksr-star\" style=\"padding-right: 5px\">\n            \n\n<div class=\"kksr-icon\" style=\"width: 22px; height: 22px;\"><\/div>\n        <\/div>\n            <div class=\"kksr-star\" style=\"padding-right: 5px\">\n            \n\n<div class=\"kksr-icon\" style=\"width: 22px; height: 22px;\"><\/div>\n        <\/div>\n            <div class=\"kksr-star\" style=\"padding-right: 5px\">\n            \n\n<div class=\"kksr-icon\" style=\"width: 22px; height: 22px;\"><\/div>\n        <\/div>\n            <div class=\"kksr-star\" style=\"padding-right: 5px\">\n            \n\n<div class=\"kksr-icon\" style=\"width: 22px; height: 22px;\"><\/div>\n        <\/div>\n            <div class=\"kksr-star\" style=\"padding-right: 5px\">\n            \n\n<div class=\"kksr-icon\" style=\"width: 22px; height: 22px;\"><\/div>\n        <\/div>\n    <\/div>\n<\/div>\n                \n\n<div class=\"kksr-legend\" style=\"font-size: 17.6px;\">\n            <span class=\"kksr-muted\">Valora este post<\/span>\n    <\/div>\n    <\/div>\n","protected":false},"excerpt":{"rendered":"<p>Conclusi\u00f3n de la Gran Fiesta Ilegal en Ciudad Real El final ha llegado para el extenso evento no autorizado que se llev\u00f3 a cabo en Ciudad &#8230; <a title=\"\u00a1Finaliza la escandalosa macro fiesta ilegal en Ciudad Real!\" class=\"read-more\" href=\"https:\/\/www.diario21.tv\/noticias\/finaliza-la-escandalosa-macro-fiesta-ilegal-en-ciudad-real\/\" aria-label=\"Leer m\u00e1s sobre \u00a1Finaliza la escandalosa macro fiesta ilegal en Ciudad Real!\">Seguir leyendo &rarr;<\/a><\/p>\n","protected":false},"author":20,"featured_media":1756,"comment_status":"open","ping_status":"open","sticky":false,"template":"","format":"standard","meta":{"footnotes":""},"categories":[13],"tags":[],"class_list":["post-1755","post","type-post","status-publish","format-standard","has-post-thumbnail","hentry","category-portada"],"yoast_head":"<!-- This site is optimized with the Yoast SEO plugin v25.6 - https:\/\/yoast.com\/wordpress\/plugins\/seo\/ -->\n<title>\u00a1Finaliza la escandalosa macro fiesta ilegal en Ciudad Real! - Diario 21<\/title>\n<meta name=\"robots\" content=\"index, follow, max-snippet:-1, max-image-preview:large, max-video-preview:-1\" \/>\n<link rel=\"canonical\" href=\"https:\/\/www.diario21.tv\/noticias\/finaliza-la-escandalosa-macro-fiesta-ilegal-en-ciudad-real\/\" \/>\n<meta property=\"og:locale\" content=\"es_ES\" \/>\n<meta property=\"og:type\" content=\"article\" \/>\n<meta property=\"og:title\" content=\"\u00a1Finaliza la escandalosa macro fiesta ilegal en Ciudad Real! - Diario 21\" \/>\n<meta property=\"og:description\" content=\"Conclusi\u00f3n de la Gran Fiesta Ilegal en Ciudad Real El final ha llegado para el extenso evento no autorizado que se llev\u00f3 a cabo en Ciudad ... Seguir leyendo &rarr;\" \/>\n<meta property=\"og:url\" content=\"https:\/\/www.diario21.tv\/noticias\/finaliza-la-escandalosa-macro-fiesta-ilegal-en-ciudad-real\/\" \/>\n<meta property=\"og:site_name\" content=\"Diario 21\" \/>\n<meta property=\"article:published_time\" content=\"2025-01-09T01:23:24+00:00\" \/>\n<meta property=\"article:modified_time\" content=\"2025-01-09T01:23:26+00:00\" \/>\n<meta property=\"og:image\" content=\"https:\/\/www.diario21.tv\/noticias\/wp-content\/uploads\/2025\/01\/\u00a1Finaliza-la-escandalosa-macro-fiesta-ilegal-en-Ciudad-Real.jpg\" \/>\n\t<meta property=\"og:image:width\" content=\"1920\" \/>\n\t<meta property=\"og:image:height\" content=\"1080\" \/>\n\t<meta property=\"og:image:type\" content=\"image\/jpeg\" \/>\n<meta name=\"author\" content=\"Juan P\u00e9rez\" \/>\n<meta name=\"twitter:card\" content=\"summary_large_image\" \/>\n<meta name=\"twitter:label1\" content=\"Escrito por\" \/>\n\t<meta name=\"twitter:data1\" content=\"Juan P\u00e9rez\" \/>\n\t<meta name=\"twitter:label2\" content=\"Tiempo de lectura\" \/>\n\t<meta name=\"twitter:data2\" content=\"3 minutos\" \/>\n<script type=\"application\/ld+json\" class=\"yoast-schema-graph\">{\"@context\":\"https:\/\/schema.org\",\"@graph\":[{\"@type\":\"WebPage\",\"@id\":\"https:\/\/www.diario21.tv\/noticias\/finaliza-la-escandalosa-macro-fiesta-ilegal-en-ciudad-real\/\",\"url\":\"https:\/\/www.diario21.tv\/noticias\/finaliza-la-escandalosa-macro-fiesta-ilegal-en-ciudad-real\/\",\"name\":\"\u00a1Finaliza la escandalosa macro fiesta ilegal en Ciudad Real! - Diario 21\",\"isPartOf\":{\"@id\":\"https:\/\/www.diario21.tv\/noticias\/#website\"},\"primaryImageOfPage\":{\"@id\":\"https:\/\/www.diario21.tv\/noticias\/finaliza-la-escandalosa-macro-fiesta-ilegal-en-ciudad-real\/#primaryimage\"},\"image\":{\"@id\":\"https:\/\/www.diario21.tv\/noticias\/finaliza-la-escandalosa-macro-fiesta-ilegal-en-ciudad-real\/#primaryimage\"},\"thumbnailUrl\":\"https:\/\/www.diario21.tv\/noticias\/wp-content\/uploads\/2025\/01\/\u00a1Finaliza-la-escandalosa-macro-fiesta-ilegal-en-Ciudad-Real.jpg\",\"datePublished\":\"2025-01-09T01:23:24+00:00\",\"dateModified\":\"2025-01-09T01:23:26+00:00\",\"author\":{\"@id\":\"https:\/\/www.diario21.tv\/noticias\/#\/schema\/person\/dfb778f73814d8f09f302618446a526b\"},\"breadcrumb\":{\"@id\":\"https:\/\/www.diario21.tv\/noticias\/finaliza-la-escandalosa-macro-fiesta-ilegal-en-ciudad-real\/#breadcrumb\"},\"inLanguage\":\"es-AR\",\"potentialAction\":[{\"@type\":\"ReadAction\",\"target\":[\"https:\/\/www.diario21.tv\/noticias\/finaliza-la-escandalosa-macro-fiesta-ilegal-en-ciudad-real\/\"]}]},{\"@type\":\"ImageObject\",\"inLanguage\":\"es-AR\",\"@id\":\"https:\/\/www.diario21.tv\/noticias\/finaliza-la-escandalosa-macro-fiesta-ilegal-en-ciudad-real\/#primaryimage\",\"url\":\"https:\/\/www.diario21.tv\/noticias\/wp-content\/uploads\/2025\/01\/\u00a1Finaliza-la-escandalosa-macro-fiesta-ilegal-en-Ciudad-Real.jpg\",\"contentUrl\":\"https:\/\/www.diario21.tv\/noticias\/wp-content\/uploads\/2025\/01\/\u00a1Finaliza-la-escandalosa-macro-fiesta-ilegal-en-Ciudad-Real.jpg\",\"width\":1920,\"height\":1080,\"caption\":\"La macro fiesta ilegal de Ciudad Real llega a su fin\"},{\"@type\":\"BreadcrumbList\",\"@id\":\"https:\/\/www.diario21.tv\/noticias\/finaliza-la-escandalosa-macro-fiesta-ilegal-en-ciudad-real\/#breadcrumb\",\"itemListElement\":[{\"@type\":\"ListItem\",\"position\":1,\"name\":\"Accueil\",\"item\":\"https:\/\/www.diario21.tv\/noticias\/\"},{\"@type\":\"ListItem\",\"position\":2,\"name\":\"\u00a1Finaliza la escandalosa macro fiesta ilegal en Ciudad Real!\"}]},{\"@type\":\"WebSite\",\"@id\":\"https:\/\/www.diario21.tv\/noticias\/#website\",\"url\":\"https:\/\/www.diario21.tv\/noticias\/\",\"name\":\"Diario 21\",\"description\":\"\",\"potentialAction\":[{\"@type\":\"SearchAction\",\"target\":{\"@type\":\"EntryPoint\",\"urlTemplate\":\"https:\/\/www.diario21.tv\/noticias\/?s={search_term_string}\"},\"query-input\":{\"@type\":\"PropertyValueSpecification\",\"valueRequired\":true,\"valueName\":\"search_term_string\"}}],\"inLanguage\":\"es-AR\"},{\"@type\":\"Person\",\"@id\":\"https:\/\/www.diario21.tv\/noticias\/#\/schema\/person\/dfb778f73814d8f09f302618446a526b\",\"name\":\"Juan P\u00e9rez\",\"image\":{\"@type\":\"ImageObject\",\"inLanguage\":\"es-AR\",\"@id\":\"https:\/\/www.diario21.tv\/noticias\/#\/schema\/person\/image\/\",\"url\":\"https:\/\/secure.gravatar.com\/avatar\/c478a405bd10621167f4c3167cc770f5?s=96&d=mm&r=g\",\"contentUrl\":\"https:\/\/secure.gravatar.com\/avatar\/c478a405bd10621167f4c3167cc770f5?s=96&d=mm&r=g\",\"caption\":\"Juan P\u00e9rez\"},\"description\":\"Juan P\u00e9rez es el redactor en jefe de Diario 21. Con m\u00e1s de 10 a\u00f1os de experiencia en el periodismo, se especializa en pol\u00edtica nacional y an\u00e1lisis socioecon\u00f3mico. Su enfoque cr\u00edtico y riguroso aporta una perspectiva \u00fanica a cada art\u00edculo.\",\"sameAs\":[\"https:\/\/www.diario21.tv\/noticias\/\"],\"url\":\"https:\/\/www.diario21.tv\/noticias\/author\/juan-perez\/\"}]}<\/script>\n<!-- \/ Yoast SEO plugin. -->","yoast_head_json":{"title":"\u00a1Finaliza la escandalosa macro fiesta ilegal en Ciudad Real! - Diario 21","robots":{"index":"index","follow":"follow","max-snippet":"max-snippet:-1","max-image-preview":"max-image-preview:large","max-video-preview":"max-video-preview:-1"},"canonical":"https:\/\/www.diario21.tv\/noticias\/finaliza-la-escandalosa-macro-fiesta-ilegal-en-ciudad-real\/","og_locale":"es_ES","og_type":"article","og_title":"\u00a1Finaliza la escandalosa macro fiesta ilegal en Ciudad Real! - Diario 21","og_description":"Conclusi\u00f3n de la Gran Fiesta Ilegal en Ciudad Real El final ha llegado para el extenso evento no autorizado que se llev\u00f3 a cabo en Ciudad ... Seguir leyendo &rarr;","og_url":"https:\/\/www.diario21.tv\/noticias\/finaliza-la-escandalosa-macro-fiesta-ilegal-en-ciudad-real\/","og_site_name":"Diario 21","article_published_time":"2025-01-09T01:23:24+00:00","article_modified_time":"2025-01-09T01:23:26+00:00","og_image":[{"width":1920,"height":1080,"url":"https:\/\/www.diario21.tv\/noticias\/wp-content\/uploads\/2025\/01\/\u00a1Finaliza-la-escandalosa-macro-fiesta-ilegal-en-Ciudad-Real.jpg","type":"image\/jpeg"}],"author":"Juan P\u00e9rez","twitter_card":"summary_large_image","twitter_misc":{"Escrito por":"Juan P\u00e9rez","Tiempo de lectura":"3 minutos"},"schema":{"@context":"https:\/\/schema.org","@graph":[{"@type":"WebPage","@id":"https:\/\/www.diario21.tv\/noticias\/finaliza-la-escandalosa-macro-fiesta-ilegal-en-ciudad-real\/","url":"https:\/\/www.diario21.tv\/noticias\/finaliza-la-escandalosa-macro-fiesta-ilegal-en-ciudad-real\/","name":"\u00a1Finaliza la escandalosa macro fiesta ilegal en Ciudad Real! - Diario 21","isPartOf":{"@id":"https:\/\/www.diario21.tv\/noticias\/#website"},"primaryImageOfPage":{"@id":"https:\/\/www.diario21.tv\/noticias\/finaliza-la-escandalosa-macro-fiesta-ilegal-en-ciudad-real\/#primaryimage"},"image":{"@id":"https:\/\/www.diario21.tv\/noticias\/finaliza-la-escandalosa-macro-fiesta-ilegal-en-ciudad-real\/#primaryimage"},"thumbnailUrl":"https:\/\/www.diario21.tv\/noticias\/wp-content\/uploads\/2025\/01\/\u00a1Finaliza-la-escandalosa-macro-fiesta-ilegal-en-Ciudad-Real.jpg","datePublished":"2025-01-09T01:23:24+00:00","dateModified":"2025-01-09T01:23:26+00:00","author":{"@id":"https:\/\/www.diario21.tv\/noticias\/#\/schema\/person\/dfb778f73814d8f09f302618446a526b"},"breadcrumb":{"@id":"https:\/\/www.diario21.tv\/noticias\/finaliza-la-escandalosa-macro-fiesta-ilegal-en-ciudad-real\/#breadcrumb"},"inLanguage":"es-AR","potentialAction":[{"@type":"ReadAction","target":["https:\/\/www.diario21.tv\/noticias\/finaliza-la-escandalosa-macro-fiesta-ilegal-en-ciudad-real\/"]}]},{"@type":"ImageObject","inLanguage":"es-AR","@id":"https:\/\/www.diario21.tv\/noticias\/finaliza-la-escandalosa-macro-fiesta-ilegal-en-ciudad-real\/#primaryimage","url":"https:\/\/www.diario21.tv\/noticias\/wp-content\/uploads\/2025\/01\/\u00a1Finaliza-la-escandalosa-macro-fiesta-ilegal-en-Ciudad-Real.jpg","contentUrl":"https:\/\/www.diario21.tv\/noticias\/wp-content\/uploads\/2025\/01\/\u00a1Finaliza-la-escandalosa-macro-fiesta-ilegal-en-Ciudad-Real.jpg","width":1920,"height":1080,"caption":"La macro fiesta ilegal de Ciudad Real llega a su fin"},{"@type":"BreadcrumbList","@id":"https:\/\/www.diario21.tv\/noticias\/finaliza-la-escandalosa-macro-fiesta-ilegal-en-ciudad-real\/#breadcrumb","itemListElement":[{"@type":"ListItem","position":1,"name":"Accueil","item":"https:\/\/www.diario21.tv\/noticias\/"},{"@type":"ListItem","position":2,"name":"\u00a1Finaliza la escandalosa macro fiesta ilegal en Ciudad Real!"}]},{"@type":"WebSite","@id":"https:\/\/www.diario21.tv\/noticias\/#website","url":"https:\/\/www.diario21.tv\/noticias\/","name":"Diario 21","description":"","potentialAction":[{"@type":"SearchAction","target":{"@type":"EntryPoint","urlTemplate":"https:\/\/www.diario21.tv\/noticias\/?s={search_term_string}"},"query-input":{"@type":"PropertyValueSpecification","valueRequired":true,"valueName":"search_term_string"}}],"inLanguage":"es-AR"},{"@type":"Person","@id":"https:\/\/www.diario21.tv\/noticias\/#\/schema\/person\/dfb778f73814d8f09f302618446a526b","name":"Juan P\u00e9rez","image":{"@type":"ImageObject","inLanguage":"es-AR","@id":"https:\/\/www.diario21.tv\/noticias\/#\/schema\/person\/image\/","url":"https:\/\/secure.gravatar.com\/avatar\/c478a405bd10621167f4c3167cc770f5?s=96&d=mm&r=g","contentUrl":"https:\/\/secure.gravatar.com\/avatar\/c478a405bd10621167f4c3167cc770f5?s=96&d=mm&r=g","caption":"Juan P\u00e9rez"},"description":"Juan P\u00e9rez es el redactor en jefe de Diario 21. Con m\u00e1s de 10 a\u00f1os de experiencia en el periodismo, se especializa en pol\u00edtica nacional y an\u00e1lisis socioecon\u00f3mico. Su enfoque cr\u00edtico y riguroso aporta una perspectiva \u00fanica a cada art\u00edculo.","sameAs":["https:\/\/www.diario21.tv\/noticias\/"],"url":"https:\/\/www.diario21.tv\/noticias\/author\/juan-perez\/"}]}},"_links":{"self":[{"href":"https:\/\/www.diario21.tv\/noticias\/wp-json\/wp\/v2\/posts\/1755"}],"collection":[{"href":"https:\/\/www.diario21.tv\/noticias\/wp-json\/wp\/v2\/posts"}],"about":[{"href":"https:\/\/www.diario21.tv\/noticias\/wp-json\/wp\/v2\/types\/post"}],"author":[{"embeddable":true,"href":"https:\/\/www.diario21.tv\/noticias\/wp-json\/wp\/v2\/users\/20"}],"replies":[{"embeddable":true,"href":"https:\/\/www.diario21.tv\/noticias\/wp-json\/wp\/v2\/comments?post=1755"}],"version-history":[{"count":1,"href":"https:\/\/www.diario21.tv\/noticias\/wp-json\/wp\/v2\/posts\/1755\/revisions"}],"predecessor-version":[{"id":1757,"href":"https:\/\/www.diario21.tv\/noticias\/wp-json\/wp\/v2\/posts\/1755\/revisions\/1757"}],"wp:featuredmedia":[{"embeddable":true,"href":"https:\/\/www.diario21.tv\/noticias\/wp-json\/wp\/v2\/media\/1756"}],"wp:attachment":[{"href":"https:\/\/www.diario21.tv\/noticias\/wp-json\/wp\/v2\/media?parent=1755"}],"wp:term":[{"taxonomy":"category","embeddable":true,"href":"https:\/\/www.diario21.tv\/noticias\/wp-json\/wp\/v2\/categories?post=1755"},{"taxonomy":"post_tag","embeddable":true,"href":"https:\/\/www.diario21.tv\/noticias\/wp-json\/wp\/v2\/tags?post=1755"}],"curies":[{"name":"wp","href":"https:\/\/api.w.org\/{rel}","templated":true}]}}