{"id":1752,"date":"2025-01-08T19:21:29","date_gmt":"2025-01-08T19:21:29","guid":{"rendered":"https:\/\/www.diario21.tv\/noticias\/impactante-piden-204-anos-de-carcel-para-dos-por-distribuir-material-de-abuso-infantil\/"},"modified":"2025-01-08T19:21:30","modified_gmt":"2025-01-08T19:21:30","slug":"impactante-piden-204-anos-de-carcel-para-dos-por-distribuir-material-de-abuso-infantil","status":"publish","type":"post","link":"https:\/\/www.diario21.tv\/noticias\/impactante-piden-204-anos-de-carcel-para-dos-por-distribuir-material-de-abuso-infantil\/","title":{"rendered":"\u00a1Impactante! Piden 204 a\u00f1os de c\u00e1rcel para dos por distribuir material de abuso infantil"},"content":{"rendered":"<h2>Se Solicitan 204 A\u00f1os de Prisi\u00f3n para Dos Individuos por Distribuci\u00f3n de Contenido de Explotaci\u00f3n Sexual Infantil<\/h2>\n<p>En un caso reciente que ha conmocionado a la comunidad, dos personas enfrentan una solicitud de 204 a\u00f1os de prisi\u00f3n por su involucramiento en la distribuci\u00f3n de material de explotaci\u00f3n sexual infantil. Este caso, que resalta la gravedad de tales delitos y las severas consecuencias legales que conllevan, est\u00e1 actualmente bajo revisi\u00f3n judicial.<\/p>\n<h3>Detalles del Caso<\/h3>\n<p>Los acusados, cuyas identidades no han sido reveladas para proteger la integridad del proceso legal, han sido imputados por la distribuci\u00f3n extensiva de material ilegal que involucra a menores de edad. Los fiscales del caso han presentado una extensa lista de cargos, que suman un total de 204 a\u00f1os de prisi\u00f3n para cada uno, evidenciando la seriedad con la que las autoridades est\u00e1n tratando el asunto.<\/p>\n<p>El material en cuesti\u00f3n incluye im\u00e1genes y videos que contienen actos de explotaci\u00f3n sexual severa de ni\u00f1os. La distribuci\u00f3n de estos materiales no solo viola numerosas leyes nacionales e internacionales sobre protecci\u00f3n de menores, sino que tambi\u00e9n perpet\u00faa los da\u00f1os hacia las v\u00edctimas involucradas.<\/p>\n<h3>Repercusiones Legales y Sociales<\/h3>\n<p>Este caso ha generado una amplia respuesta por parte de organizaciones de derechos humanos y grupos de protecci\u00f3n infantil, quienes han enfatizado la necesidad de penas estrictas para disuadir futuros delitos de esta naturaleza. Adem\u00e1s, ha provocado un llamado a revisar y fortalecer las leyes relacionadas con la protecci\u00f3n de los menores en el \u00e1mbito digital.<\/p>\n<p>Las autoridades han expresado su compromiso con la lucha contra la explotaci\u00f3n sexual infantil y han reiterado que continuar\u00e1n utilizando todos los recursos disponibles para identificar y procesar a aquellos que cometan estos reprensibles delitos.<\/p>\n<h3>Impacto en las V\u00edctimas y la Sociedad<\/h3>\n<p>El impacto de la distribuci\u00f3n de material de explotaci\u00f3n sexual infantil es devastador tanto para las v\u00edctimas directas como para la sociedad en general. Las secuelas psicol\u00f3gicas y emocionales para las v\u00edctimas pueden ser profundas y persistentes, requiriendo a\u00f1os de intervenci\u00f3n terap\u00e9utica y apoyo.<\/p>\n<p>La comunidad en general tambi\u00e9n sufre al ver c\u00f3mo se vulneran los derechos de los m\u00e1s indefensos, creando un ambiente de desconfianza y temor. Es crucial que se tomen medidas efectivas para prevenir estos delitos y para apoyar a las v\u00edctimas en su recuperaci\u00f3n.<\/p>\n<h3>Conclusiones y Pr\u00f3ximos Pasos<\/h3>\n<p>Mientras el juicio contin\u00faa, la sociedad observa y espera que se haga justicia. Este caso no solo trata sobre la penalizaci\u00f3n de actos individuales, sino tambi\u00e9n sobre c\u00f3mo se puede mejorar el sistema legal para proteger mejor a los menores y asegurar que tales cr\u00edmenes no queden impunes.<\/p>\n<p>La decisi\u00f3n final sobre la sentencia de los acusados ser\u00e1 crucial para enviar un mensaje claro sobre la inaceptabilidad de la explotaci\u00f3n infantil y la importancia de salvaguardar a nuestros ni\u00f1os. Las autoridades est\u00e1n llamadas a actuar con la m\u00e1xima severidad, dentro del marco de la ley, para que se respeten y protejan los derechos de los menores en todas las circunstancias.<\/p>\n\n\n<div class=\"kk-star-ratings kksr-auto kksr-align-left kksr-valign-bottom\"\n    data-payload='{&quot;align&quot;:&quot;left&quot;,&quot;id&quot;:&quot;1752&quot;,&quot;slug&quot;:&quot;default&quot;,&quot;valign&quot;:&quot;bottom&quot;,&quot;ignore&quot;:&quot;&quot;,&quot;reference&quot;:&quot;auto&quot;,&quot;class&quot;:&quot;&quot;,&quot;count&quot;:&quot;0&quot;,&quot;legendonly&quot;:&quot;&quot;,&quot;readonly&quot;:&quot;&quot;,&quot;score&quot;:&quot;0&quot;,&quot;starsonly&quot;:&quot;&quot;,&quot;best&quot;:&quot;5&quot;,&quot;gap&quot;:&quot;5&quot;,&quot;greet&quot;:&quot;Valora este post&quot;,&quot;legend&quot;:&quot;0\\\/5 - (0 votes)&quot;,&quot;size&quot;:&quot;22&quot;,&quot;title&quot;:&quot;\u00a1Impactante! Piden 204 a\u00f1os de c\u00e1rcel para dos por distribuir material de abuso infantil&quot;,&quot;width&quot;:&quot;0&quot;,&quot;_legend&quot;:&quot;{score}\\\/{best} - ({count} {votes})&quot;,&quot;font_factor&quot;:&quot;1.25&quot;}'>\n            \n<div class=\"kksr-stars\">\n    \n<div class=\"kksr-stars-inactive\">\n            <div class=\"kksr-star\" data-star=\"1\" style=\"padding-right: 5px\">\n            \n\n<div class=\"kksr-icon\" style=\"width: 22px; height: 22px;\"><\/div>\n        <\/div>\n            <div class=\"kksr-star\" data-star=\"2\" style=\"padding-right: 5px\">\n            \n\n<div class=\"kksr-icon\" style=\"width: 22px; height: 22px;\"><\/div>\n        <\/div>\n            <div class=\"kksr-star\" data-star=\"3\" style=\"padding-right: 5px\">\n            \n\n<div class=\"kksr-icon\" style=\"width: 22px; height: 22px;\"><\/div>\n        <\/div>\n            <div class=\"kksr-star\" data-star=\"4\" style=\"padding-right: 5px\">\n            \n\n<div class=\"kksr-icon\" style=\"width: 22px; height: 22px;\"><\/div>\n        <\/div>\n            <div class=\"kksr-star\" data-star=\"5\" style=\"padding-right: 5px\">\n            \n\n<div class=\"kksr-icon\" style=\"width: 22px; height: 22px;\"><\/div>\n        <\/div>\n    <\/div>\n    \n<div class=\"kksr-stars-active\" style=\"width: 0px;\">\n            <div class=\"kksr-star\" style=\"padding-right: 5px\">\n            \n\n<div class=\"kksr-icon\" style=\"width: 22px; height: 22px;\"><\/div>\n        <\/div>\n            <div class=\"kksr-star\" style=\"padding-right: 5px\">\n            \n\n<div class=\"kksr-icon\" style=\"width: 22px; height: 22px;\"><\/div>\n        <\/div>\n            <div class=\"kksr-star\" style=\"padding-right: 5px\">\n            \n\n<div class=\"kksr-icon\" style=\"width: 22px; height: 22px;\"><\/div>\n        <\/div>\n            <div class=\"kksr-star\" style=\"padding-right: 5px\">\n            \n\n<div class=\"kksr-icon\" style=\"width: 22px; height: 22px;\"><\/div>\n        <\/div>\n            <div class=\"kksr-star\" style=\"padding-right: 5px\">\n            \n\n<div class=\"kksr-icon\" style=\"width: 22px; height: 22px;\"><\/div>\n        <\/div>\n    <\/div>\n<\/div>\n                \n\n<div class=\"kksr-legend\" style=\"font-size: 17.6px;\">\n            <span class=\"kksr-muted\">Valora este post<\/span>\n    <\/div>\n    <\/div>\n","protected":false},"excerpt":{"rendered":"<p>Se Solicitan 204 A\u00f1os de Prisi\u00f3n para Dos Individuos por Distribuci\u00f3n de Contenido de Explotaci\u00f3n Sexual Infantil En un caso reciente que ha conmocionado a la &#8230; <a title=\"\u00a1Impactante! Piden 204 a\u00f1os de c\u00e1rcel para dos por distribuir material de abuso infantil\" class=\"read-more\" href=\"https:\/\/www.diario21.tv\/noticias\/impactante-piden-204-anos-de-carcel-para-dos-por-distribuir-material-de-abuso-infantil\/\" aria-label=\"Leer m\u00e1s sobre \u00a1Impactante! Piden 204 a\u00f1os de c\u00e1rcel para dos por distribuir material de abuso infantil\">Seguir leyendo &rarr;<\/a><\/p>\n","protected":false},"author":20,"featured_media":1753,"comment_status":"open","ping_status":"open","sticky":false,"template":"","format":"standard","meta":{"footnotes":""},"categories":[13],"tags":[],"class_list":["post-1752","post","type-post","status-publish","format-standard","has-post-thumbnail","hentry","category-portada"],"yoast_head":"<!-- This site is optimized with the Yoast SEO plugin v25.6 - https:\/\/yoast.com\/wordpress\/plugins\/seo\/ -->\n<title>\u00a1Impactante! Piden 204 a\u00f1os de c\u00e1rcel para dos por distribuir material de abuso infantil - Diario 21<\/title>\n<meta name=\"robots\" content=\"index, follow, max-snippet:-1, max-image-preview:large, max-video-preview:-1\" \/>\n<link rel=\"canonical\" href=\"https:\/\/www.diario21.tv\/noticias\/impactante-piden-204-anos-de-carcel-para-dos-por-distribuir-material-de-abuso-infantil\/\" \/>\n<meta property=\"og:locale\" content=\"es_ES\" \/>\n<meta property=\"og:type\" content=\"article\" \/>\n<meta property=\"og:title\" content=\"\u00a1Impactante! Piden 204 a\u00f1os de c\u00e1rcel para dos por distribuir material de abuso infantil - Diario 21\" \/>\n<meta property=\"og:description\" content=\"Se Solicitan 204 A\u00f1os de Prisi\u00f3n para Dos Individuos por Distribuci\u00f3n de Contenido de Explotaci\u00f3n Sexual Infantil En un caso reciente que ha conmocionado a la ... Seguir leyendo &rarr;\" \/>\n<meta property=\"og:url\" content=\"https:\/\/www.diario21.tv\/noticias\/impactante-piden-204-anos-de-carcel-para-dos-por-distribuir-material-de-abuso-infantil\/\" \/>\n<meta property=\"og:site_name\" content=\"Diario 21\" \/>\n<meta property=\"article:published_time\" content=\"2025-01-08T19:21:29+00:00\" \/>\n<meta property=\"article:modified_time\" content=\"2025-01-08T19:21:30+00:00\" \/>\n<meta property=\"og:image\" content=\"https:\/\/www.diario21.tv\/noticias\/wp-content\/uploads\/2025\/01\/\u00a1Impactante-Piden-204-anos-de-carcel-para-dos-por-distribuir.jpg\" \/>\n\t<meta property=\"og:image:width\" content=\"1920\" \/>\n\t<meta property=\"og:image:height\" content=\"1080\" \/>\n\t<meta property=\"og:image:type\" content=\"image\/jpeg\" \/>\n<meta name=\"author\" content=\"Juan P\u00e9rez\" \/>\n<meta name=\"twitter:card\" content=\"summary_large_image\" \/>\n<meta name=\"twitter:label1\" content=\"Escrito por\" \/>\n\t<meta name=\"twitter:data1\" content=\"Juan P\u00e9rez\" \/>\n\t<meta name=\"twitter:label2\" content=\"Tiempo de lectura\" \/>\n\t<meta name=\"twitter:data2\" content=\"3 minutos\" \/>\n<script type=\"application\/ld+json\" class=\"yoast-schema-graph\">{\"@context\":\"https:\/\/schema.org\",\"@graph\":[{\"@type\":\"WebPage\",\"@id\":\"https:\/\/www.diario21.tv\/noticias\/impactante-piden-204-anos-de-carcel-para-dos-por-distribuir-material-de-abuso-infantil\/\",\"url\":\"https:\/\/www.diario21.tv\/noticias\/impactante-piden-204-anos-de-carcel-para-dos-por-distribuir-material-de-abuso-infantil\/\",\"name\":\"\u00a1Impactante! Piden 204 a\u00f1os de c\u00e1rcel para dos por distribuir material de abuso infantil - Diario 21\",\"isPartOf\":{\"@id\":\"https:\/\/www.diario21.tv\/noticias\/#website\"},\"primaryImageOfPage\":{\"@id\":\"https:\/\/www.diario21.tv\/noticias\/impactante-piden-204-anos-de-carcel-para-dos-por-distribuir-material-de-abuso-infantil\/#primaryimage\"},\"image\":{\"@id\":\"https:\/\/www.diario21.tv\/noticias\/impactante-piden-204-anos-de-carcel-para-dos-por-distribuir-material-de-abuso-infantil\/#primaryimage\"},\"thumbnailUrl\":\"https:\/\/www.diario21.tv\/noticias\/wp-content\/uploads\/2025\/01\/\u00a1Impactante-Piden-204-anos-de-carcel-para-dos-por-distribuir.jpg\",\"datePublished\":\"2025-01-08T19:21:29+00:00\",\"dateModified\":\"2025-01-08T19:21:30+00:00\",\"author\":{\"@id\":\"https:\/\/www.diario21.tv\/noticias\/#\/schema\/person\/dfb778f73814d8f09f302618446a526b\"},\"breadcrumb\":{\"@id\":\"https:\/\/www.diario21.tv\/noticias\/impactante-piden-204-anos-de-carcel-para-dos-por-distribuir-material-de-abuso-infantil\/#breadcrumb\"},\"inLanguage\":\"es-AR\",\"potentialAction\":[{\"@type\":\"ReadAction\",\"target\":[\"https:\/\/www.diario21.tv\/noticias\/impactante-piden-204-anos-de-carcel-para-dos-por-distribuir-material-de-abuso-infantil\/\"]}]},{\"@type\":\"ImageObject\",\"inLanguage\":\"es-AR\",\"@id\":\"https:\/\/www.diario21.tv\/noticias\/impactante-piden-204-anos-de-carcel-para-dos-por-distribuir-material-de-abuso-infantil\/#primaryimage\",\"url\":\"https:\/\/www.diario21.tv\/noticias\/wp-content\/uploads\/2025\/01\/\u00a1Impactante-Piden-204-anos-de-carcel-para-dos-por-distribuir.jpg\",\"contentUrl\":\"https:\/\/www.diario21.tv\/noticias\/wp-content\/uploads\/2025\/01\/\u00a1Impactante-Piden-204-anos-de-carcel-para-dos-por-distribuir.jpg\",\"width\":1920,\"height\":1080,\"caption\":\"Piden 204 a\u00f1os de c\u00e1rcel para dos acusados de distribuir material de explotaci\u00f3n sexual infantil\"},{\"@type\":\"BreadcrumbList\",\"@id\":\"https:\/\/www.diario21.tv\/noticias\/impactante-piden-204-anos-de-carcel-para-dos-por-distribuir-material-de-abuso-infantil\/#breadcrumb\",\"itemListElement\":[{\"@type\":\"ListItem\",\"position\":1,\"name\":\"Accueil\",\"item\":\"https:\/\/www.diario21.tv\/noticias\/\"},{\"@type\":\"ListItem\",\"position\":2,\"name\":\"\u00a1Impactante! Piden 204 a\u00f1os de c\u00e1rcel para dos por distribuir material de abuso infantil\"}]},{\"@type\":\"WebSite\",\"@id\":\"https:\/\/www.diario21.tv\/noticias\/#website\",\"url\":\"https:\/\/www.diario21.tv\/noticias\/\",\"name\":\"Diario 21\",\"description\":\"\",\"potentialAction\":[{\"@type\":\"SearchAction\",\"target\":{\"@type\":\"EntryPoint\",\"urlTemplate\":\"https:\/\/www.diario21.tv\/noticias\/?s={search_term_string}\"},\"query-input\":{\"@type\":\"PropertyValueSpecification\",\"valueRequired\":true,\"valueName\":\"search_term_string\"}}],\"inLanguage\":\"es-AR\"},{\"@type\":\"Person\",\"@id\":\"https:\/\/www.diario21.tv\/noticias\/#\/schema\/person\/dfb778f73814d8f09f302618446a526b\",\"name\":\"Juan P\u00e9rez\",\"image\":{\"@type\":\"ImageObject\",\"inLanguage\":\"es-AR\",\"@id\":\"https:\/\/www.diario21.tv\/noticias\/#\/schema\/person\/image\/\",\"url\":\"https:\/\/secure.gravatar.com\/avatar\/c478a405bd10621167f4c3167cc770f5?s=96&d=mm&r=g\",\"contentUrl\":\"https:\/\/secure.gravatar.com\/avatar\/c478a405bd10621167f4c3167cc770f5?s=96&d=mm&r=g\",\"caption\":\"Juan P\u00e9rez\"},\"description\":\"Juan P\u00e9rez es el redactor en jefe de Diario 21. Con m\u00e1s de 10 a\u00f1os de experiencia en el periodismo, se especializa en pol\u00edtica nacional y an\u00e1lisis socioecon\u00f3mico. Su enfoque cr\u00edtico y riguroso aporta una perspectiva \u00fanica a cada art\u00edculo.\",\"sameAs\":[\"https:\/\/www.diario21.tv\/noticias\/\"],\"url\":\"https:\/\/www.diario21.tv\/noticias\/author\/juan-perez\/\"}]}<\/script>\n<!-- \/ Yoast SEO plugin. -->","yoast_head_json":{"title":"\u00a1Impactante! Piden 204 a\u00f1os de c\u00e1rcel para dos por distribuir material de abuso infantil - Diario 21","robots":{"index":"index","follow":"follow","max-snippet":"max-snippet:-1","max-image-preview":"max-image-preview:large","max-video-preview":"max-video-preview:-1"},"canonical":"https:\/\/www.diario21.tv\/noticias\/impactante-piden-204-anos-de-carcel-para-dos-por-distribuir-material-de-abuso-infantil\/","og_locale":"es_ES","og_type":"article","og_title":"\u00a1Impactante! Piden 204 a\u00f1os de c\u00e1rcel para dos por distribuir material de abuso infantil - Diario 21","og_description":"Se Solicitan 204 A\u00f1os de Prisi\u00f3n para Dos Individuos por Distribuci\u00f3n de Contenido de Explotaci\u00f3n Sexual Infantil En un caso reciente que ha conmocionado a la ... Seguir leyendo &rarr;","og_url":"https:\/\/www.diario21.tv\/noticias\/impactante-piden-204-anos-de-carcel-para-dos-por-distribuir-material-de-abuso-infantil\/","og_site_name":"Diario 21","article_published_time":"2025-01-08T19:21:29+00:00","article_modified_time":"2025-01-08T19:21:30+00:00","og_image":[{"width":1920,"height":1080,"url":"https:\/\/www.diario21.tv\/noticias\/wp-content\/uploads\/2025\/01\/\u00a1Impactante-Piden-204-anos-de-carcel-para-dos-por-distribuir.jpg","type":"image\/jpeg"}],"author":"Juan P\u00e9rez","twitter_card":"summary_large_image","twitter_misc":{"Escrito por":"Juan P\u00e9rez","Tiempo de lectura":"3 minutos"},"schema":{"@context":"https:\/\/schema.org","@graph":[{"@type":"WebPage","@id":"https:\/\/www.diario21.tv\/noticias\/impactante-piden-204-anos-de-carcel-para-dos-por-distribuir-material-de-abuso-infantil\/","url":"https:\/\/www.diario21.tv\/noticias\/impactante-piden-204-anos-de-carcel-para-dos-por-distribuir-material-de-abuso-infantil\/","name":"\u00a1Impactante! Piden 204 a\u00f1os de c\u00e1rcel para dos por distribuir material de abuso infantil - Diario 21","isPartOf":{"@id":"https:\/\/www.diario21.tv\/noticias\/#website"},"primaryImageOfPage":{"@id":"https:\/\/www.diario21.tv\/noticias\/impactante-piden-204-anos-de-carcel-para-dos-por-distribuir-material-de-abuso-infantil\/#primaryimage"},"image":{"@id":"https:\/\/www.diario21.tv\/noticias\/impactante-piden-204-anos-de-carcel-para-dos-por-distribuir-material-de-abuso-infantil\/#primaryimage"},"thumbnailUrl":"https:\/\/www.diario21.tv\/noticias\/wp-content\/uploads\/2025\/01\/\u00a1Impactante-Piden-204-anos-de-carcel-para-dos-por-distribuir.jpg","datePublished":"2025-01-08T19:21:29+00:00","dateModified":"2025-01-08T19:21:30+00:00","author":{"@id":"https:\/\/www.diario21.tv\/noticias\/#\/schema\/person\/dfb778f73814d8f09f302618446a526b"},"breadcrumb":{"@id":"https:\/\/www.diario21.tv\/noticias\/impactante-piden-204-anos-de-carcel-para-dos-por-distribuir-material-de-abuso-infantil\/#breadcrumb"},"inLanguage":"es-AR","potentialAction":[{"@type":"ReadAction","target":["https:\/\/www.diario21.tv\/noticias\/impactante-piden-204-anos-de-carcel-para-dos-por-distribuir-material-de-abuso-infantil\/"]}]},{"@type":"ImageObject","inLanguage":"es-AR","@id":"https:\/\/www.diario21.tv\/noticias\/impactante-piden-204-anos-de-carcel-para-dos-por-distribuir-material-de-abuso-infantil\/#primaryimage","url":"https:\/\/www.diario21.tv\/noticias\/wp-content\/uploads\/2025\/01\/\u00a1Impactante-Piden-204-anos-de-carcel-para-dos-por-distribuir.jpg","contentUrl":"https:\/\/www.diario21.tv\/noticias\/wp-content\/uploads\/2025\/01\/\u00a1Impactante-Piden-204-anos-de-carcel-para-dos-por-distribuir.jpg","width":1920,"height":1080,"caption":"Piden 204 a\u00f1os de c\u00e1rcel para dos acusados de distribuir material de explotaci\u00f3n sexual infantil"},{"@type":"BreadcrumbList","@id":"https:\/\/www.diario21.tv\/noticias\/impactante-piden-204-anos-de-carcel-para-dos-por-distribuir-material-de-abuso-infantil\/#breadcrumb","itemListElement":[{"@type":"ListItem","position":1,"name":"Accueil","item":"https:\/\/www.diario21.tv\/noticias\/"},{"@type":"ListItem","position":2,"name":"\u00a1Impactante! Piden 204 a\u00f1os de c\u00e1rcel para dos por distribuir material de abuso infantil"}]},{"@type":"WebSite","@id":"https:\/\/www.diario21.tv\/noticias\/#website","url":"https:\/\/www.diario21.tv\/noticias\/","name":"Diario 21","description":"","potentialAction":[{"@type":"SearchAction","target":{"@type":"EntryPoint","urlTemplate":"https:\/\/www.diario21.tv\/noticias\/?s={search_term_string}"},"query-input":{"@type":"PropertyValueSpecification","valueRequired":true,"valueName":"search_term_string"}}],"inLanguage":"es-AR"},{"@type":"Person","@id":"https:\/\/www.diario21.tv\/noticias\/#\/schema\/person\/dfb778f73814d8f09f302618446a526b","name":"Juan P\u00e9rez","image":{"@type":"ImageObject","inLanguage":"es-AR","@id":"https:\/\/www.diario21.tv\/noticias\/#\/schema\/person\/image\/","url":"https:\/\/secure.gravatar.com\/avatar\/c478a405bd10621167f4c3167cc770f5?s=96&d=mm&r=g","contentUrl":"https:\/\/secure.gravatar.com\/avatar\/c478a405bd10621167f4c3167cc770f5?s=96&d=mm&r=g","caption":"Juan P\u00e9rez"},"description":"Juan P\u00e9rez es el redactor en jefe de Diario 21. Con m\u00e1s de 10 a\u00f1os de experiencia en el periodismo, se especializa en pol\u00edtica nacional y an\u00e1lisis socioecon\u00f3mico. Su enfoque cr\u00edtico y riguroso aporta una perspectiva \u00fanica a cada art\u00edculo.","sameAs":["https:\/\/www.diario21.tv\/noticias\/"],"url":"https:\/\/www.diario21.tv\/noticias\/author\/juan-perez\/"}]}},"_links":{"self":[{"href":"https:\/\/www.diario21.tv\/noticias\/wp-json\/wp\/v2\/posts\/1752"}],"collection":[{"href":"https:\/\/www.diario21.tv\/noticias\/wp-json\/wp\/v2\/posts"}],"about":[{"href":"https:\/\/www.diario21.tv\/noticias\/wp-json\/wp\/v2\/types\/post"}],"author":[{"embeddable":true,"href":"https:\/\/www.diario21.tv\/noticias\/wp-json\/wp\/v2\/users\/20"}],"replies":[{"embeddable":true,"href":"https:\/\/www.diario21.tv\/noticias\/wp-json\/wp\/v2\/comments?post=1752"}],"version-history":[{"count":1,"href":"https:\/\/www.diario21.tv\/noticias\/wp-json\/wp\/v2\/posts\/1752\/revisions"}],"predecessor-version":[{"id":1754,"href":"https:\/\/www.diario21.tv\/noticias\/wp-json\/wp\/v2\/posts\/1752\/revisions\/1754"}],"wp:featuredmedia":[{"embeddable":true,"href":"https:\/\/www.diario21.tv\/noticias\/wp-json\/wp\/v2\/media\/1753"}],"wp:attachment":[{"href":"https:\/\/www.diario21.tv\/noticias\/wp-json\/wp\/v2\/media?parent=1752"}],"wp:term":[{"taxonomy":"category","embeddable":true,"href":"https:\/\/www.diario21.tv\/noticias\/wp-json\/wp\/v2\/categories?post=1752"},{"taxonomy":"post_tag","embeddable":true,"href":"https:\/\/www.diario21.tv\/noticias\/wp-json\/wp\/v2\/tags?post=1752"}],"curies":[{"name":"wp","href":"https:\/\/api.w.org\/{rel}","templated":true}]}}