{"id":1735,"date":"2025-01-07T05:47:28","date_gmt":"2025-01-07T05:47:28","guid":{"rendered":"https:\/\/www.diario21.tv\/noticias\/increible-maltratador-reincidente-liberado-horas-despues-de-agredir-nuevamente\/"},"modified":"2025-01-07T05:47:30","modified_gmt":"2025-01-07T05:47:30","slug":"increible-maltratador-reincidente-liberado-horas-despues-de-agredir-nuevamente","status":"publish","type":"post","link":"https:\/\/www.diario21.tv\/noticias\/increible-maltratador-reincidente-liberado-horas-despues-de-agredir-nuevamente\/","title":{"rendered":"\u00a1Incre\u00edble! Maltratador reincidente liberado horas despu\u00e9s de agredir nuevamente"},"content":{"rendered":"<h2>Un agresor habitual es liberado pocas horas despu\u00e9s de su \u00faltimo ataque<\/h2>\n<p>En un acontecimiento que ha generado gran controversia y preocupaci\u00f3n p\u00fablica, un individuo con antecedentes de violencia ha sido puesto en libertad tan solo unas horas despu\u00e9s de haber sido detenido por un nuevo incidente de agresi\u00f3n. Este suceso ha reavivado el debate sobre la eficacia del sistema judicial en el manejo de casos de violencia reiterada.<\/p>\n<h3>Detalles del Incidente Reciente<\/h3>\n<p>El sujeto, cuya identidad no ha sido divulgada, fue arrestado tras ser acusado de agredir f\u00edsicamente a otra persona. Seg\u00fan los informes, la polic\u00eda respondi\u00f3 a una llamada de emergencia que alertaba sobre el incidente. A su llegada, encontraron pruebas suficientes para detener al agresor bajo la sospecha de violencia f\u00edsica. Sin embargo, el proceso no condujo a una retenci\u00f3n prolongada.<\/p>\n<h3>La Liberaci\u00f3n del Agresor<\/h3>\n<p>Sorprendentemente, el agresor fue puesto en libertad pocas horas despu\u00e9s de su arresto. Este hecho ha desencadenado una serie de preguntas y cr\u00edticas hacia las autoridades y el sistema legal que permite que un individuo con un historial de violencia pueda regresar a la comunidad en un lapso tan breve, aumentando el riesgo de nuevas agresiones.<\/p>\n<h3>Reacciones y Consecuencias<\/h3>\n<p>La liberaci\u00f3n del agresor ha provocado una ola de indignaci\u00f3n entre los ciudadanos y grupos defensores de las v\u00edctimas de violencia. Muchos argumentan que este tipo de decisiones no solo pone en peligro a la sociedad, sino que tambi\u00e9n env\u00eda un mensaje desalentador a las v\u00edctimas sobre la seriedad con que se tratan estos delitos en el sistema judicial.<\/p>\n<p>La polic\u00eda y las autoridades judiciales han sido objeto de cr\u00edticas por no haber implementado medidas m\u00e1s estrictas para asegurar que el agresor no constituya una amenaza inmediata tras su liberaci\u00f3n. Este incidente ha puesto de relieve la necesidad de revisar y posiblemente reformar los procedimientos y pol\u00edticas relacionados con la detenci\u00f3n y liberaci\u00f3n de individuos acusados de delitos de violencia.<\/p>\n<p>Mientras el debate contin\u00faa, aumenta la presi\u00f3n sobre los legisladores y las autoridades para que tomen medidas m\u00e1s rigurosas y efectivas en el manejo de agresores reincidentes, con el fin de proteger a la comunidad y asegurar que la justicia prevalezca. La sociedad espera respuestas y cambios que refuercen la seguridad y la confianza en el sistema legal.<\/p>\n\n\n<div class=\"kk-star-ratings kksr-auto kksr-align-left kksr-valign-bottom\"\n    data-payload='{&quot;align&quot;:&quot;left&quot;,&quot;id&quot;:&quot;1735&quot;,&quot;slug&quot;:&quot;default&quot;,&quot;valign&quot;:&quot;bottom&quot;,&quot;ignore&quot;:&quot;&quot;,&quot;reference&quot;:&quot;auto&quot;,&quot;class&quot;:&quot;&quot;,&quot;count&quot;:&quot;0&quot;,&quot;legendonly&quot;:&quot;&quot;,&quot;readonly&quot;:&quot;&quot;,&quot;score&quot;:&quot;0&quot;,&quot;starsonly&quot;:&quot;&quot;,&quot;best&quot;:&quot;5&quot;,&quot;gap&quot;:&quot;5&quot;,&quot;greet&quot;:&quot;Valora este post&quot;,&quot;legend&quot;:&quot;0\\\/5 - (0 votes)&quot;,&quot;size&quot;:&quot;22&quot;,&quot;title&quot;:&quot;\u00a1Incre\u00edble! Maltratador reincidente liberado horas despu\u00e9s de agredir nuevamente&quot;,&quot;width&quot;:&quot;0&quot;,&quot;_legend&quot;:&quot;{score}\\\/{best} - ({count} {votes})&quot;,&quot;font_factor&quot;:&quot;1.25&quot;}'>\n            \n<div class=\"kksr-stars\">\n    \n<div class=\"kksr-stars-inactive\">\n            <div class=\"kksr-star\" data-star=\"1\" style=\"padding-right: 5px\">\n            \n\n<div class=\"kksr-icon\" style=\"width: 22px; height: 22px;\"><\/div>\n        <\/div>\n            <div class=\"kksr-star\" data-star=\"2\" style=\"padding-right: 5px\">\n            \n\n<div class=\"kksr-icon\" style=\"width: 22px; height: 22px;\"><\/div>\n        <\/div>\n            <div class=\"kksr-star\" data-star=\"3\" style=\"padding-right: 5px\">\n            \n\n<div class=\"kksr-icon\" style=\"width: 22px; height: 22px;\"><\/div>\n        <\/div>\n            <div class=\"kksr-star\" data-star=\"4\" style=\"padding-right: 5px\">\n            \n\n<div class=\"kksr-icon\" style=\"width: 22px; height: 22px;\"><\/div>\n        <\/div>\n            <div class=\"kksr-star\" data-star=\"5\" style=\"padding-right: 5px\">\n            \n\n<div class=\"kksr-icon\" style=\"width: 22px; height: 22px;\"><\/div>\n        <\/div>\n    <\/div>\n    \n<div class=\"kksr-stars-active\" style=\"width: 0px;\">\n            <div class=\"kksr-star\" style=\"padding-right: 5px\">\n            \n\n<div class=\"kksr-icon\" style=\"width: 22px; height: 22px;\"><\/div>\n        <\/div>\n            <div class=\"kksr-star\" style=\"padding-right: 5px\">\n            \n\n<div class=\"kksr-icon\" style=\"width: 22px; height: 22px;\"><\/div>\n        <\/div>\n            <div class=\"kksr-star\" style=\"padding-right: 5px\">\n            \n\n<div class=\"kksr-icon\" style=\"width: 22px; height: 22px;\"><\/div>\n        <\/div>\n            <div class=\"kksr-star\" style=\"padding-right: 5px\">\n            \n\n<div class=\"kksr-icon\" style=\"width: 22px; height: 22px;\"><\/div>\n        <\/div>\n            <div class=\"kksr-star\" style=\"padding-right: 5px\">\n            \n\n<div class=\"kksr-icon\" style=\"width: 22px; height: 22px;\"><\/div>\n        <\/div>\n    <\/div>\n<\/div>\n                \n\n<div class=\"kksr-legend\" style=\"font-size: 17.6px;\">\n            <span class=\"kksr-muted\">Valora este post<\/span>\n    <\/div>\n    <\/div>\n","protected":false},"excerpt":{"rendered":"<p>Un agresor habitual es liberado pocas horas despu\u00e9s de su \u00faltimo ataque En un acontecimiento que ha generado gran controversia y preocupaci\u00f3n p\u00fablica, un individuo con &#8230; <a title=\"\u00a1Incre\u00edble! Maltratador reincidente liberado horas despu\u00e9s de agredir nuevamente\" class=\"read-more\" href=\"https:\/\/www.diario21.tv\/noticias\/increible-maltratador-reincidente-liberado-horas-despues-de-agredir-nuevamente\/\" aria-label=\"Leer m\u00e1s sobre \u00a1Incre\u00edble! Maltratador reincidente liberado horas despu\u00e9s de agredir nuevamente\">Seguir leyendo &rarr;<\/a><\/p>\n","protected":false},"author":20,"featured_media":1736,"comment_status":"open","ping_status":"open","sticky":false,"template":"","format":"standard","meta":{"footnotes":""},"categories":[13],"tags":[],"class_list":["post-1735","post","type-post","status-publish","format-standard","has-post-thumbnail","hentry","category-portada"],"yoast_head":"<!-- This site is optimized with the Yoast SEO plugin v25.6 - https:\/\/yoast.com\/wordpress\/plugins\/seo\/ -->\n<title>\u00a1Incre\u00edble! Maltratador reincidente liberado horas despu\u00e9s de agredir nuevamente - Diario 21<\/title>\n<meta name=\"robots\" content=\"index, follow, max-snippet:-1, max-image-preview:large, max-video-preview:-1\" \/>\n<link rel=\"canonical\" href=\"https:\/\/www.diario21.tv\/noticias\/increible-maltratador-reincidente-liberado-horas-despues-de-agredir-nuevamente\/\" \/>\n<meta property=\"og:locale\" content=\"es_ES\" \/>\n<meta property=\"og:type\" content=\"article\" \/>\n<meta property=\"og:title\" content=\"\u00a1Incre\u00edble! Maltratador reincidente liberado horas despu\u00e9s de agredir nuevamente - Diario 21\" \/>\n<meta property=\"og:description\" content=\"Un agresor habitual es liberado pocas horas despu\u00e9s de su \u00faltimo ataque En un acontecimiento que ha generado gran controversia y preocupaci\u00f3n p\u00fablica, un individuo con ... Seguir leyendo &rarr;\" \/>\n<meta property=\"og:url\" content=\"https:\/\/www.diario21.tv\/noticias\/increible-maltratador-reincidente-liberado-horas-despues-de-agredir-nuevamente\/\" \/>\n<meta property=\"og:site_name\" content=\"Diario 21\" \/>\n<meta property=\"article:published_time\" content=\"2025-01-07T05:47:28+00:00\" \/>\n<meta property=\"article:modified_time\" content=\"2025-01-07T05:47:30+00:00\" \/>\n<meta property=\"og:image\" content=\"https:\/\/www.diario21.tv\/noticias\/wp-content\/uploads\/2025\/01\/\u00a1Increible-Maltratador-reincidente-liberado-horas-despues-de-agredir-nuevamente.jpg\" \/>\n\t<meta property=\"og:image:width\" content=\"1920\" \/>\n\t<meta property=\"og:image:height\" content=\"1080\" \/>\n\t<meta property=\"og:image:type\" content=\"image\/jpeg\" \/>\n<meta name=\"author\" content=\"Juan P\u00e9rez\" \/>\n<meta name=\"twitter:card\" content=\"summary_large_image\" \/>\n<meta name=\"twitter:label1\" content=\"Escrito por\" \/>\n\t<meta name=\"twitter:data1\" content=\"Juan P\u00e9rez\" \/>\n\t<meta name=\"twitter:label2\" content=\"Tiempo de lectura\" \/>\n\t<meta name=\"twitter:data2\" content=\"2 minutos\" \/>\n<script type=\"application\/ld+json\" class=\"yoast-schema-graph\">{\"@context\":\"https:\/\/schema.org\",\"@graph\":[{\"@type\":\"WebPage\",\"@id\":\"https:\/\/www.diario21.tv\/noticias\/increible-maltratador-reincidente-liberado-horas-despues-de-agredir-nuevamente\/\",\"url\":\"https:\/\/www.diario21.tv\/noticias\/increible-maltratador-reincidente-liberado-horas-despues-de-agredir-nuevamente\/\",\"name\":\"\u00a1Incre\u00edble! Maltratador reincidente liberado horas despu\u00e9s de agredir nuevamente - Diario 21\",\"isPartOf\":{\"@id\":\"https:\/\/www.diario21.tv\/noticias\/#website\"},\"primaryImageOfPage\":{\"@id\":\"https:\/\/www.diario21.tv\/noticias\/increible-maltratador-reincidente-liberado-horas-despues-de-agredir-nuevamente\/#primaryimage\"},\"image\":{\"@id\":\"https:\/\/www.diario21.tv\/noticias\/increible-maltratador-reincidente-liberado-horas-despues-de-agredir-nuevamente\/#primaryimage\"},\"thumbnailUrl\":\"https:\/\/www.diario21.tv\/noticias\/wp-content\/uploads\/2025\/01\/\u00a1Increible-Maltratador-reincidente-liberado-horas-despues-de-agredir-nuevamente.jpg\",\"datePublished\":\"2025-01-07T05:47:28+00:00\",\"dateModified\":\"2025-01-07T05:47:30+00:00\",\"author\":{\"@id\":\"https:\/\/www.diario21.tv\/noticias\/#\/schema\/person\/dfb778f73814d8f09f302618446a526b\"},\"breadcrumb\":{\"@id\":\"https:\/\/www.diario21.tv\/noticias\/increible-maltratador-reincidente-liberado-horas-despues-de-agredir-nuevamente\/#breadcrumb\"},\"inLanguage\":\"es-AR\",\"potentialAction\":[{\"@type\":\"ReadAction\",\"target\":[\"https:\/\/www.diario21.tv\/noticias\/increible-maltratador-reincidente-liberado-horas-despues-de-agredir-nuevamente\/\"]}]},{\"@type\":\"ImageObject\",\"inLanguage\":\"es-AR\",\"@id\":\"https:\/\/www.diario21.tv\/noticias\/increible-maltratador-reincidente-liberado-horas-despues-de-agredir-nuevamente\/#primaryimage\",\"url\":\"https:\/\/www.diario21.tv\/noticias\/wp-content\/uploads\/2025\/01\/\u00a1Increible-Maltratador-reincidente-liberado-horas-despues-de-agredir-nuevamente.jpg\",\"contentUrl\":\"https:\/\/www.diario21.tv\/noticias\/wp-content\/uploads\/2025\/01\/\u00a1Increible-Maltratador-reincidente-liberado-horas-despues-de-agredir-nuevamente.jpg\",\"width\":1920,\"height\":1080,\"caption\":\"Un maltratador reincidente queda en libertad horas despu\u00e9s de su \u00faltima agresi\u00f3n\"},{\"@type\":\"BreadcrumbList\",\"@id\":\"https:\/\/www.diario21.tv\/noticias\/increible-maltratador-reincidente-liberado-horas-despues-de-agredir-nuevamente\/#breadcrumb\",\"itemListElement\":[{\"@type\":\"ListItem\",\"position\":1,\"name\":\"Accueil\",\"item\":\"https:\/\/www.diario21.tv\/noticias\/\"},{\"@type\":\"ListItem\",\"position\":2,\"name\":\"\u00a1Incre\u00edble! Maltratador reincidente liberado horas despu\u00e9s de agredir nuevamente\"}]},{\"@type\":\"WebSite\",\"@id\":\"https:\/\/www.diario21.tv\/noticias\/#website\",\"url\":\"https:\/\/www.diario21.tv\/noticias\/\",\"name\":\"Diario 21\",\"description\":\"\",\"potentialAction\":[{\"@type\":\"SearchAction\",\"target\":{\"@type\":\"EntryPoint\",\"urlTemplate\":\"https:\/\/www.diario21.tv\/noticias\/?s={search_term_string}\"},\"query-input\":{\"@type\":\"PropertyValueSpecification\",\"valueRequired\":true,\"valueName\":\"search_term_string\"}}],\"inLanguage\":\"es-AR\"},{\"@type\":\"Person\",\"@id\":\"https:\/\/www.diario21.tv\/noticias\/#\/schema\/person\/dfb778f73814d8f09f302618446a526b\",\"name\":\"Juan P\u00e9rez\",\"image\":{\"@type\":\"ImageObject\",\"inLanguage\":\"es-AR\",\"@id\":\"https:\/\/www.diario21.tv\/noticias\/#\/schema\/person\/image\/\",\"url\":\"https:\/\/secure.gravatar.com\/avatar\/c478a405bd10621167f4c3167cc770f5?s=96&d=mm&r=g\",\"contentUrl\":\"https:\/\/secure.gravatar.com\/avatar\/c478a405bd10621167f4c3167cc770f5?s=96&d=mm&r=g\",\"caption\":\"Juan P\u00e9rez\"},\"description\":\"Juan P\u00e9rez es el redactor en jefe de Diario 21. Con m\u00e1s de 10 a\u00f1os de experiencia en el periodismo, se especializa en pol\u00edtica nacional y an\u00e1lisis socioecon\u00f3mico. Su enfoque cr\u00edtico y riguroso aporta una perspectiva \u00fanica a cada art\u00edculo.\",\"sameAs\":[\"https:\/\/www.diario21.tv\/noticias\/\"],\"url\":\"https:\/\/www.diario21.tv\/noticias\/author\/juan-perez\/\"}]}<\/script>\n<!-- \/ Yoast SEO plugin. -->","yoast_head_json":{"title":"\u00a1Incre\u00edble! Maltratador reincidente liberado horas despu\u00e9s de agredir nuevamente - Diario 21","robots":{"index":"index","follow":"follow","max-snippet":"max-snippet:-1","max-image-preview":"max-image-preview:large","max-video-preview":"max-video-preview:-1"},"canonical":"https:\/\/www.diario21.tv\/noticias\/increible-maltratador-reincidente-liberado-horas-despues-de-agredir-nuevamente\/","og_locale":"es_ES","og_type":"article","og_title":"\u00a1Incre\u00edble! Maltratador reincidente liberado horas despu\u00e9s de agredir nuevamente - Diario 21","og_description":"Un agresor habitual es liberado pocas horas despu\u00e9s de su \u00faltimo ataque En un acontecimiento que ha generado gran controversia y preocupaci\u00f3n p\u00fablica, un individuo con ... Seguir leyendo &rarr;","og_url":"https:\/\/www.diario21.tv\/noticias\/increible-maltratador-reincidente-liberado-horas-despues-de-agredir-nuevamente\/","og_site_name":"Diario 21","article_published_time":"2025-01-07T05:47:28+00:00","article_modified_time":"2025-01-07T05:47:30+00:00","og_image":[{"width":1920,"height":1080,"url":"https:\/\/www.diario21.tv\/noticias\/wp-content\/uploads\/2025\/01\/\u00a1Increible-Maltratador-reincidente-liberado-horas-despues-de-agredir-nuevamente.jpg","type":"image\/jpeg"}],"author":"Juan P\u00e9rez","twitter_card":"summary_large_image","twitter_misc":{"Escrito por":"Juan P\u00e9rez","Tiempo de lectura":"2 minutos"},"schema":{"@context":"https:\/\/schema.org","@graph":[{"@type":"WebPage","@id":"https:\/\/www.diario21.tv\/noticias\/increible-maltratador-reincidente-liberado-horas-despues-de-agredir-nuevamente\/","url":"https:\/\/www.diario21.tv\/noticias\/increible-maltratador-reincidente-liberado-horas-despues-de-agredir-nuevamente\/","name":"\u00a1Incre\u00edble! Maltratador reincidente liberado horas despu\u00e9s de agredir nuevamente - Diario 21","isPartOf":{"@id":"https:\/\/www.diario21.tv\/noticias\/#website"},"primaryImageOfPage":{"@id":"https:\/\/www.diario21.tv\/noticias\/increible-maltratador-reincidente-liberado-horas-despues-de-agredir-nuevamente\/#primaryimage"},"image":{"@id":"https:\/\/www.diario21.tv\/noticias\/increible-maltratador-reincidente-liberado-horas-despues-de-agredir-nuevamente\/#primaryimage"},"thumbnailUrl":"https:\/\/www.diario21.tv\/noticias\/wp-content\/uploads\/2025\/01\/\u00a1Increible-Maltratador-reincidente-liberado-horas-despues-de-agredir-nuevamente.jpg","datePublished":"2025-01-07T05:47:28+00:00","dateModified":"2025-01-07T05:47:30+00:00","author":{"@id":"https:\/\/www.diario21.tv\/noticias\/#\/schema\/person\/dfb778f73814d8f09f302618446a526b"},"breadcrumb":{"@id":"https:\/\/www.diario21.tv\/noticias\/increible-maltratador-reincidente-liberado-horas-despues-de-agredir-nuevamente\/#breadcrumb"},"inLanguage":"es-AR","potentialAction":[{"@type":"ReadAction","target":["https:\/\/www.diario21.tv\/noticias\/increible-maltratador-reincidente-liberado-horas-despues-de-agredir-nuevamente\/"]}]},{"@type":"ImageObject","inLanguage":"es-AR","@id":"https:\/\/www.diario21.tv\/noticias\/increible-maltratador-reincidente-liberado-horas-despues-de-agredir-nuevamente\/#primaryimage","url":"https:\/\/www.diario21.tv\/noticias\/wp-content\/uploads\/2025\/01\/\u00a1Increible-Maltratador-reincidente-liberado-horas-despues-de-agredir-nuevamente.jpg","contentUrl":"https:\/\/www.diario21.tv\/noticias\/wp-content\/uploads\/2025\/01\/\u00a1Increible-Maltratador-reincidente-liberado-horas-despues-de-agredir-nuevamente.jpg","width":1920,"height":1080,"caption":"Un maltratador reincidente queda en libertad horas despu\u00e9s de su \u00faltima agresi\u00f3n"},{"@type":"BreadcrumbList","@id":"https:\/\/www.diario21.tv\/noticias\/increible-maltratador-reincidente-liberado-horas-despues-de-agredir-nuevamente\/#breadcrumb","itemListElement":[{"@type":"ListItem","position":1,"name":"Accueil","item":"https:\/\/www.diario21.tv\/noticias\/"},{"@type":"ListItem","position":2,"name":"\u00a1Incre\u00edble! Maltratador reincidente liberado horas despu\u00e9s de agredir nuevamente"}]},{"@type":"WebSite","@id":"https:\/\/www.diario21.tv\/noticias\/#website","url":"https:\/\/www.diario21.tv\/noticias\/","name":"Diario 21","description":"","potentialAction":[{"@type":"SearchAction","target":{"@type":"EntryPoint","urlTemplate":"https:\/\/www.diario21.tv\/noticias\/?s={search_term_string}"},"query-input":{"@type":"PropertyValueSpecification","valueRequired":true,"valueName":"search_term_string"}}],"inLanguage":"es-AR"},{"@type":"Person","@id":"https:\/\/www.diario21.tv\/noticias\/#\/schema\/person\/dfb778f73814d8f09f302618446a526b","name":"Juan P\u00e9rez","image":{"@type":"ImageObject","inLanguage":"es-AR","@id":"https:\/\/www.diario21.tv\/noticias\/#\/schema\/person\/image\/","url":"https:\/\/secure.gravatar.com\/avatar\/c478a405bd10621167f4c3167cc770f5?s=96&d=mm&r=g","contentUrl":"https:\/\/secure.gravatar.com\/avatar\/c478a405bd10621167f4c3167cc770f5?s=96&d=mm&r=g","caption":"Juan P\u00e9rez"},"description":"Juan P\u00e9rez es el redactor en jefe de Diario 21. Con m\u00e1s de 10 a\u00f1os de experiencia en el periodismo, se especializa en pol\u00edtica nacional y an\u00e1lisis socioecon\u00f3mico. Su enfoque cr\u00edtico y riguroso aporta una perspectiva \u00fanica a cada art\u00edculo.","sameAs":["https:\/\/www.diario21.tv\/noticias\/"],"url":"https:\/\/www.diario21.tv\/noticias\/author\/juan-perez\/"}]}},"_links":{"self":[{"href":"https:\/\/www.diario21.tv\/noticias\/wp-json\/wp\/v2\/posts\/1735"}],"collection":[{"href":"https:\/\/www.diario21.tv\/noticias\/wp-json\/wp\/v2\/posts"}],"about":[{"href":"https:\/\/www.diario21.tv\/noticias\/wp-json\/wp\/v2\/types\/post"}],"author":[{"embeddable":true,"href":"https:\/\/www.diario21.tv\/noticias\/wp-json\/wp\/v2\/users\/20"}],"replies":[{"embeddable":true,"href":"https:\/\/www.diario21.tv\/noticias\/wp-json\/wp\/v2\/comments?post=1735"}],"version-history":[{"count":1,"href":"https:\/\/www.diario21.tv\/noticias\/wp-json\/wp\/v2\/posts\/1735\/revisions"}],"predecessor-version":[{"id":1737,"href":"https:\/\/www.diario21.tv\/noticias\/wp-json\/wp\/v2\/posts\/1735\/revisions\/1737"}],"wp:featuredmedia":[{"embeddable":true,"href":"https:\/\/www.diario21.tv\/noticias\/wp-json\/wp\/v2\/media\/1736"}],"wp:attachment":[{"href":"https:\/\/www.diario21.tv\/noticias\/wp-json\/wp\/v2\/media?parent=1735"}],"wp:term":[{"taxonomy":"category","embeddable":true,"href":"https:\/\/www.diario21.tv\/noticias\/wp-json\/wp\/v2\/categories?post=1735"},{"taxonomy":"post_tag","embeddable":true,"href":"https:\/\/www.diario21.tv\/noticias\/wp-json\/wp\/v2\/tags?post=1735"}],"curies":[{"name":"wp","href":"https:\/\/api.w.org\/{rel}","templated":true}]}}