{"id":1732,"date":"2025-01-06T23:38:19","date_gmt":"2025-01-06T23:38:19","guid":{"rendered":"https:\/\/www.diario21.tv\/noticias\/ninos-enfermos-nos-ensenan-a-valorar-lo-que-realmente-importa\/"},"modified":"2025-01-06T23:38:20","modified_gmt":"2025-01-06T23:38:20","slug":"ninos-enfermos-nos-ensenan-a-valorar-lo-que-realmente-importa","status":"publish","type":"post","link":"https:\/\/www.diario21.tv\/noticias\/ninos-enfermos-nos-ensenan-a-valorar-lo-que-realmente-importa\/","title":{"rendered":"Ni\u00f1os enfermos nos ense\u00f1an a valorar lo que realmente importa"},"content":{"rendered":"<h2>La perspectiva cambia frente a la enfermedad infantil<\/h2>\n<p>Cuando uno se enfrenta a la realidad de los ni\u00f1os que padecen enfermedades, r\u00e1pidamente las preocupaciones menores pierden relevancia. Esa es una lecci\u00f3n que muchas personas aprenden al ver de cerca la lucha de los m\u00e1s j\u00f3venes contra condiciones de salud adversas. Este choque con la realidad hace que los problemas cotidianos, que a menudo nos parecen enormes, se tornen insignificantes en comparaci\u00f3n con las dificultades que enfrentan estos ni\u00f1os.<\/p>\n<h3>El impacto emocional de la enfermedad en los ni\u00f1os<\/h3>\n<p>Observar a un ni\u00f1o lidiar con una enfermedad grave es una experiencia profundamente conmovedora y transformadora. No solo porque se trata de seres inocentes en situaciones injustas, sino tambi\u00e9n porque su resiliencia y fortaleza pueden ense\u00f1arnos valiosas lecciones de vida. La lucha de estos peque\u00f1os guerreros pone en perspectiva lo que realmente importa y lo que no, ayud\u00e1ndonos a reevaluar nuestras prioridades y preocupaciones.<\/p>\n<h3>Revaluaci\u00f3n de prioridades personales<\/h3>\n<p>La experiencia de ver a ni\u00f1os enfrentarse a severos desaf\u00edos de salud nos impulsa a reconsiderar lo que valoramos en la vida. Cosas que antes nos parec\u00edan cr\u00edticas para nuestra felicidad y bienestar, como problemas laborales o contratiempos menores, comienzan a verse triviales. Nos damos cuenta de que la salud, el bienestar y el tiempo de calidad con nuestros seres queridos son mucho m\u00e1s importantes que muchas de las metas materiales que a menudo nos ocupan.<\/p>\n<h2>La fortaleza encontrada en la adversidad<\/h2>\n<p>La adversidad, especialmente cuando afecta a ni\u00f1os, tiene una manera \u00fanica de unir a las personas y de sacar lo mejor de ellas. Familias, comunidades e incluso extra\u00f1os se unen con un prop\u00f3sito com\u00fan: apoyar y aliviar el sufrimiento de los j\u00f3venes afectados. Esta solidaridad y empat\u00eda generadas en tiempos de crisis refuerzan la idea de que lo esencial en la vida trasciende lo individual y se encuentra m\u00e1s bien en el bienestar colectivo.<\/p>\n<h3>Ense\u00f1anzas de resiliencia y esperanza<\/h3>\n<p>A pesar de las circunstancias adversas, los ni\u00f1os enfermos a menudo exhiben una asombrosa capacidad de esperanza y perseverancia. Su lucha no solo es una batalla por su salud, sino tambi\u00e9n una inspiradora muestra de la capacidad humana para enfrentar desaf\u00edos con valent\u00eda. Estos ni\u00f1os nos ense\u00f1an que, incluso en los momentos m\u00e1s oscuros, la esperanza nunca debe perderse y que la fortaleza se encuentra a menudo donde menos se espera.<\/p>\n<p>En conclusi\u00f3n, enfrentar o ser testigo de la enfermedad infantil cambia la perspectiva de uno sobre lo que es verdaderamente importante en la vida. Nos ense\u00f1a a valorar m\u00e1s lo que tenemos, a preocuparnos menos por las trivialidades y a apreciar los momentos de alegr\u00eda y salud. Los ni\u00f1os enfermos, con su innata fortaleza y esperanza, nos inspiran a todos a ser mejores y a luchar con dignidad y coraje, no importa lo que enfrentemos.<\/p>\n\n\n<div class=\"kk-star-ratings kksr-auto kksr-align-left kksr-valign-bottom\"\n    data-payload='{&quot;align&quot;:&quot;left&quot;,&quot;id&quot;:&quot;1732&quot;,&quot;slug&quot;:&quot;default&quot;,&quot;valign&quot;:&quot;bottom&quot;,&quot;ignore&quot;:&quot;&quot;,&quot;reference&quot;:&quot;auto&quot;,&quot;class&quot;:&quot;&quot;,&quot;count&quot;:&quot;0&quot;,&quot;legendonly&quot;:&quot;&quot;,&quot;readonly&quot;:&quot;&quot;,&quot;score&quot;:&quot;0&quot;,&quot;starsonly&quot;:&quot;&quot;,&quot;best&quot;:&quot;5&quot;,&quot;gap&quot;:&quot;5&quot;,&quot;greet&quot;:&quot;Valora este post&quot;,&quot;legend&quot;:&quot;0\\\/5 - (0 votes)&quot;,&quot;size&quot;:&quot;22&quot;,&quot;title&quot;:&quot;Ni\u00f1os enfermos nos ense\u00f1an a valorar lo que realmente importa&quot;,&quot;width&quot;:&quot;0&quot;,&quot;_legend&quot;:&quot;{score}\\\/{best} - ({count} {votes})&quot;,&quot;font_factor&quot;:&quot;1.25&quot;}'>\n            \n<div class=\"kksr-stars\">\n    \n<div class=\"kksr-stars-inactive\">\n            <div class=\"kksr-star\" data-star=\"1\" style=\"padding-right: 5px\">\n            \n\n<div class=\"kksr-icon\" style=\"width: 22px; height: 22px;\"><\/div>\n        <\/div>\n            <div class=\"kksr-star\" data-star=\"2\" style=\"padding-right: 5px\">\n            \n\n<div class=\"kksr-icon\" style=\"width: 22px; height: 22px;\"><\/div>\n        <\/div>\n            <div class=\"kksr-star\" data-star=\"3\" style=\"padding-right: 5px\">\n            \n\n<div class=\"kksr-icon\" style=\"width: 22px; height: 22px;\"><\/div>\n        <\/div>\n            <div class=\"kksr-star\" data-star=\"4\" style=\"padding-right: 5px\">\n            \n\n<div class=\"kksr-icon\" style=\"width: 22px; height: 22px;\"><\/div>\n        <\/div>\n            <div class=\"kksr-star\" data-star=\"5\" style=\"padding-right: 5px\">\n            \n\n<div class=\"kksr-icon\" style=\"width: 22px; height: 22px;\"><\/div>\n        <\/div>\n    <\/div>\n    \n<div class=\"kksr-stars-active\" style=\"width: 0px;\">\n            <div class=\"kksr-star\" style=\"padding-right: 5px\">\n            \n\n<div class=\"kksr-icon\" style=\"width: 22px; height: 22px;\"><\/div>\n        <\/div>\n            <div class=\"kksr-star\" style=\"padding-right: 5px\">\n            \n\n<div class=\"kksr-icon\" style=\"width: 22px; height: 22px;\"><\/div>\n        <\/div>\n            <div class=\"kksr-star\" style=\"padding-right: 5px\">\n            \n\n<div class=\"kksr-icon\" style=\"width: 22px; height: 22px;\"><\/div>\n        <\/div>\n            <div class=\"kksr-star\" style=\"padding-right: 5px\">\n            \n\n<div class=\"kksr-icon\" style=\"width: 22px; height: 22px;\"><\/div>\n        <\/div>\n            <div class=\"kksr-star\" style=\"padding-right: 5px\">\n            \n\n<div class=\"kksr-icon\" style=\"width: 22px; height: 22px;\"><\/div>\n        <\/div>\n    <\/div>\n<\/div>\n                \n\n<div class=\"kksr-legend\" style=\"font-size: 17.6px;\">\n            <span class=\"kksr-muted\">Valora este post<\/span>\n    <\/div>\n    <\/div>\n","protected":false},"excerpt":{"rendered":"<p>La perspectiva cambia frente a la enfermedad infantil Cuando uno se enfrenta a la realidad de los ni\u00f1os que padecen enfermedades, r\u00e1pidamente las preocupaciones menores pierden &#8230; <a title=\"Ni\u00f1os enfermos nos ense\u00f1an a valorar lo que realmente importa\" class=\"read-more\" href=\"https:\/\/www.diario21.tv\/noticias\/ninos-enfermos-nos-ensenan-a-valorar-lo-que-realmente-importa\/\" aria-label=\"Leer m\u00e1s sobre Ni\u00f1os enfermos nos ense\u00f1an a valorar lo que realmente importa\">Seguir leyendo &rarr;<\/a><\/p>\n","protected":false},"author":20,"featured_media":1733,"comment_status":"open","ping_status":"open","sticky":false,"template":"","format":"standard","meta":{"footnotes":""},"categories":[13],"tags":[],"class_list":["post-1732","post","type-post","status-publish","format-standard","has-post-thumbnail","hentry","category-portada"],"yoast_head":"<!-- This site is optimized with the Yoast SEO plugin v25.6 - https:\/\/yoast.com\/wordpress\/plugins\/seo\/ -->\n<title>Ni\u00f1os enfermos nos ense\u00f1an a valorar lo que realmente importa - Diario 21<\/title>\n<meta name=\"robots\" content=\"index, follow, max-snippet:-1, max-image-preview:large, max-video-preview:-1\" \/>\n<link rel=\"canonical\" href=\"https:\/\/www.diario21.tv\/noticias\/ninos-enfermos-nos-ensenan-a-valorar-lo-que-realmente-importa\/\" \/>\n<meta property=\"og:locale\" content=\"es_ES\" \/>\n<meta property=\"og:type\" content=\"article\" \/>\n<meta property=\"og:title\" content=\"Ni\u00f1os enfermos nos ense\u00f1an a valorar lo que realmente importa - Diario 21\" \/>\n<meta property=\"og:description\" content=\"La perspectiva cambia frente a la enfermedad infantil Cuando uno se enfrenta a la realidad de los ni\u00f1os que padecen enfermedades, r\u00e1pidamente las preocupaciones menores pierden ... Seguir leyendo &rarr;\" \/>\n<meta property=\"og:url\" content=\"https:\/\/www.diario21.tv\/noticias\/ninos-enfermos-nos-ensenan-a-valorar-lo-que-realmente-importa\/\" \/>\n<meta property=\"og:site_name\" content=\"Diario 21\" \/>\n<meta property=\"article:published_time\" content=\"2025-01-06T23:38:19+00:00\" \/>\n<meta property=\"article:modified_time\" content=\"2025-01-06T23:38:20+00:00\" \/>\n<meta property=\"og:image\" content=\"https:\/\/www.diario21.tv\/noticias\/wp-content\/uploads\/2025\/01\/Ninos-enfermos-nos-ensenan-a-valorar-lo-que-realmente-importa.jpg\" \/>\n\t<meta property=\"og:image:width\" content=\"1913\" \/>\n\t<meta property=\"og:image:height\" content=\"1080\" \/>\n\t<meta property=\"og:image:type\" content=\"image\/jpeg\" \/>\n<meta name=\"author\" content=\"Juan P\u00e9rez\" \/>\n<meta name=\"twitter:card\" content=\"summary_large_image\" \/>\n<meta name=\"twitter:label1\" content=\"Escrito por\" \/>\n\t<meta name=\"twitter:data1\" content=\"Juan P\u00e9rez\" \/>\n\t<meta name=\"twitter:label2\" content=\"Tiempo de lectura\" \/>\n\t<meta name=\"twitter:data2\" content=\"3 minutos\" \/>\n<script type=\"application\/ld+json\" class=\"yoast-schema-graph\">{\"@context\":\"https:\/\/schema.org\",\"@graph\":[{\"@type\":\"WebPage\",\"@id\":\"https:\/\/www.diario21.tv\/noticias\/ninos-enfermos-nos-ensenan-a-valorar-lo-que-realmente-importa\/\",\"url\":\"https:\/\/www.diario21.tv\/noticias\/ninos-enfermos-nos-ensenan-a-valorar-lo-que-realmente-importa\/\",\"name\":\"Ni\u00f1os enfermos nos ense\u00f1an a valorar lo que realmente importa - Diario 21\",\"isPartOf\":{\"@id\":\"https:\/\/www.diario21.tv\/noticias\/#website\"},\"primaryImageOfPage\":{\"@id\":\"https:\/\/www.diario21.tv\/noticias\/ninos-enfermos-nos-ensenan-a-valorar-lo-que-realmente-importa\/#primaryimage\"},\"image\":{\"@id\":\"https:\/\/www.diario21.tv\/noticias\/ninos-enfermos-nos-ensenan-a-valorar-lo-que-realmente-importa\/#primaryimage\"},\"thumbnailUrl\":\"https:\/\/www.diario21.tv\/noticias\/wp-content\/uploads\/2025\/01\/Ninos-enfermos-nos-ensenan-a-valorar-lo-que-realmente-importa.jpg\",\"datePublished\":\"2025-01-06T23:38:19+00:00\",\"dateModified\":\"2025-01-06T23:38:20+00:00\",\"author\":{\"@id\":\"https:\/\/www.diario21.tv\/noticias\/#\/schema\/person\/dfb778f73814d8f09f302618446a526b\"},\"breadcrumb\":{\"@id\":\"https:\/\/www.diario21.tv\/noticias\/ninos-enfermos-nos-ensenan-a-valorar-lo-que-realmente-importa\/#breadcrumb\"},\"inLanguage\":\"es-AR\",\"potentialAction\":[{\"@type\":\"ReadAction\",\"target\":[\"https:\/\/www.diario21.tv\/noticias\/ninos-enfermos-nos-ensenan-a-valorar-lo-que-realmente-importa\/\"]}]},{\"@type\":\"ImageObject\",\"inLanguage\":\"es-AR\",\"@id\":\"https:\/\/www.diario21.tv\/noticias\/ninos-enfermos-nos-ensenan-a-valorar-lo-que-realmente-importa\/#primaryimage\",\"url\":\"https:\/\/www.diario21.tv\/noticias\/wp-content\/uploads\/2025\/01\/Ninos-enfermos-nos-ensenan-a-valorar-lo-que-realmente-importa.jpg\",\"contentUrl\":\"https:\/\/www.diario21.tv\/noticias\/wp-content\/uploads\/2025\/01\/Ninos-enfermos-nos-ensenan-a-valorar-lo-que-realmente-importa.jpg\",\"width\":1913,\"height\":1080,\"caption\":\"\u00abCuando ves ni\u00f1os enfermos, dejas de dar importancia a tonter\u00edas\u00bb\"},{\"@type\":\"BreadcrumbList\",\"@id\":\"https:\/\/www.diario21.tv\/noticias\/ninos-enfermos-nos-ensenan-a-valorar-lo-que-realmente-importa\/#breadcrumb\",\"itemListElement\":[{\"@type\":\"ListItem\",\"position\":1,\"name\":\"Accueil\",\"item\":\"https:\/\/www.diario21.tv\/noticias\/\"},{\"@type\":\"ListItem\",\"position\":2,\"name\":\"Ni\u00f1os enfermos nos ense\u00f1an a valorar lo que realmente importa\"}]},{\"@type\":\"WebSite\",\"@id\":\"https:\/\/www.diario21.tv\/noticias\/#website\",\"url\":\"https:\/\/www.diario21.tv\/noticias\/\",\"name\":\"Diario 21\",\"description\":\"\",\"potentialAction\":[{\"@type\":\"SearchAction\",\"target\":{\"@type\":\"EntryPoint\",\"urlTemplate\":\"https:\/\/www.diario21.tv\/noticias\/?s={search_term_string}\"},\"query-input\":{\"@type\":\"PropertyValueSpecification\",\"valueRequired\":true,\"valueName\":\"search_term_string\"}}],\"inLanguage\":\"es-AR\"},{\"@type\":\"Person\",\"@id\":\"https:\/\/www.diario21.tv\/noticias\/#\/schema\/person\/dfb778f73814d8f09f302618446a526b\",\"name\":\"Juan P\u00e9rez\",\"image\":{\"@type\":\"ImageObject\",\"inLanguage\":\"es-AR\",\"@id\":\"https:\/\/www.diario21.tv\/noticias\/#\/schema\/person\/image\/\",\"url\":\"https:\/\/secure.gravatar.com\/avatar\/c478a405bd10621167f4c3167cc770f5?s=96&d=mm&r=g\",\"contentUrl\":\"https:\/\/secure.gravatar.com\/avatar\/c478a405bd10621167f4c3167cc770f5?s=96&d=mm&r=g\",\"caption\":\"Juan P\u00e9rez\"},\"description\":\"Juan P\u00e9rez es el redactor en jefe de Diario 21. Con m\u00e1s de 10 a\u00f1os de experiencia en el periodismo, se especializa en pol\u00edtica nacional y an\u00e1lisis socioecon\u00f3mico. Su enfoque cr\u00edtico y riguroso aporta una perspectiva \u00fanica a cada art\u00edculo.\",\"sameAs\":[\"https:\/\/www.diario21.tv\/noticias\/\"],\"url\":\"https:\/\/www.diario21.tv\/noticias\/author\/juan-perez\/\"}]}<\/script>\n<!-- \/ Yoast SEO plugin. -->","yoast_head_json":{"title":"Ni\u00f1os enfermos nos ense\u00f1an a valorar lo que realmente importa - Diario 21","robots":{"index":"index","follow":"follow","max-snippet":"max-snippet:-1","max-image-preview":"max-image-preview:large","max-video-preview":"max-video-preview:-1"},"canonical":"https:\/\/www.diario21.tv\/noticias\/ninos-enfermos-nos-ensenan-a-valorar-lo-que-realmente-importa\/","og_locale":"es_ES","og_type":"article","og_title":"Ni\u00f1os enfermos nos ense\u00f1an a valorar lo que realmente importa - Diario 21","og_description":"La perspectiva cambia frente a la enfermedad infantil Cuando uno se enfrenta a la realidad de los ni\u00f1os que padecen enfermedades, r\u00e1pidamente las preocupaciones menores pierden ... Seguir leyendo &rarr;","og_url":"https:\/\/www.diario21.tv\/noticias\/ninos-enfermos-nos-ensenan-a-valorar-lo-que-realmente-importa\/","og_site_name":"Diario 21","article_published_time":"2025-01-06T23:38:19+00:00","article_modified_time":"2025-01-06T23:38:20+00:00","og_image":[{"width":1913,"height":1080,"url":"https:\/\/www.diario21.tv\/noticias\/wp-content\/uploads\/2025\/01\/Ninos-enfermos-nos-ensenan-a-valorar-lo-que-realmente-importa.jpg","type":"image\/jpeg"}],"author":"Juan P\u00e9rez","twitter_card":"summary_large_image","twitter_misc":{"Escrito por":"Juan P\u00e9rez","Tiempo de lectura":"3 minutos"},"schema":{"@context":"https:\/\/schema.org","@graph":[{"@type":"WebPage","@id":"https:\/\/www.diario21.tv\/noticias\/ninos-enfermos-nos-ensenan-a-valorar-lo-que-realmente-importa\/","url":"https:\/\/www.diario21.tv\/noticias\/ninos-enfermos-nos-ensenan-a-valorar-lo-que-realmente-importa\/","name":"Ni\u00f1os enfermos nos ense\u00f1an a valorar lo que realmente importa - Diario 21","isPartOf":{"@id":"https:\/\/www.diario21.tv\/noticias\/#website"},"primaryImageOfPage":{"@id":"https:\/\/www.diario21.tv\/noticias\/ninos-enfermos-nos-ensenan-a-valorar-lo-que-realmente-importa\/#primaryimage"},"image":{"@id":"https:\/\/www.diario21.tv\/noticias\/ninos-enfermos-nos-ensenan-a-valorar-lo-que-realmente-importa\/#primaryimage"},"thumbnailUrl":"https:\/\/www.diario21.tv\/noticias\/wp-content\/uploads\/2025\/01\/Ninos-enfermos-nos-ensenan-a-valorar-lo-que-realmente-importa.jpg","datePublished":"2025-01-06T23:38:19+00:00","dateModified":"2025-01-06T23:38:20+00:00","author":{"@id":"https:\/\/www.diario21.tv\/noticias\/#\/schema\/person\/dfb778f73814d8f09f302618446a526b"},"breadcrumb":{"@id":"https:\/\/www.diario21.tv\/noticias\/ninos-enfermos-nos-ensenan-a-valorar-lo-que-realmente-importa\/#breadcrumb"},"inLanguage":"es-AR","potentialAction":[{"@type":"ReadAction","target":["https:\/\/www.diario21.tv\/noticias\/ninos-enfermos-nos-ensenan-a-valorar-lo-que-realmente-importa\/"]}]},{"@type":"ImageObject","inLanguage":"es-AR","@id":"https:\/\/www.diario21.tv\/noticias\/ninos-enfermos-nos-ensenan-a-valorar-lo-que-realmente-importa\/#primaryimage","url":"https:\/\/www.diario21.tv\/noticias\/wp-content\/uploads\/2025\/01\/Ninos-enfermos-nos-ensenan-a-valorar-lo-que-realmente-importa.jpg","contentUrl":"https:\/\/www.diario21.tv\/noticias\/wp-content\/uploads\/2025\/01\/Ninos-enfermos-nos-ensenan-a-valorar-lo-que-realmente-importa.jpg","width":1913,"height":1080,"caption":"\u00abCuando ves ni\u00f1os enfermos, dejas de dar importancia a tonter\u00edas\u00bb"},{"@type":"BreadcrumbList","@id":"https:\/\/www.diario21.tv\/noticias\/ninos-enfermos-nos-ensenan-a-valorar-lo-que-realmente-importa\/#breadcrumb","itemListElement":[{"@type":"ListItem","position":1,"name":"Accueil","item":"https:\/\/www.diario21.tv\/noticias\/"},{"@type":"ListItem","position":2,"name":"Ni\u00f1os enfermos nos ense\u00f1an a valorar lo que realmente importa"}]},{"@type":"WebSite","@id":"https:\/\/www.diario21.tv\/noticias\/#website","url":"https:\/\/www.diario21.tv\/noticias\/","name":"Diario 21","description":"","potentialAction":[{"@type":"SearchAction","target":{"@type":"EntryPoint","urlTemplate":"https:\/\/www.diario21.tv\/noticias\/?s={search_term_string}"},"query-input":{"@type":"PropertyValueSpecification","valueRequired":true,"valueName":"search_term_string"}}],"inLanguage":"es-AR"},{"@type":"Person","@id":"https:\/\/www.diario21.tv\/noticias\/#\/schema\/person\/dfb778f73814d8f09f302618446a526b","name":"Juan P\u00e9rez","image":{"@type":"ImageObject","inLanguage":"es-AR","@id":"https:\/\/www.diario21.tv\/noticias\/#\/schema\/person\/image\/","url":"https:\/\/secure.gravatar.com\/avatar\/c478a405bd10621167f4c3167cc770f5?s=96&d=mm&r=g","contentUrl":"https:\/\/secure.gravatar.com\/avatar\/c478a405bd10621167f4c3167cc770f5?s=96&d=mm&r=g","caption":"Juan P\u00e9rez"},"description":"Juan P\u00e9rez es el redactor en jefe de Diario 21. Con m\u00e1s de 10 a\u00f1os de experiencia en el periodismo, se especializa en pol\u00edtica nacional y an\u00e1lisis socioecon\u00f3mico. Su enfoque cr\u00edtico y riguroso aporta una perspectiva \u00fanica a cada art\u00edculo.","sameAs":["https:\/\/www.diario21.tv\/noticias\/"],"url":"https:\/\/www.diario21.tv\/noticias\/author\/juan-perez\/"}]}},"_links":{"self":[{"href":"https:\/\/www.diario21.tv\/noticias\/wp-json\/wp\/v2\/posts\/1732"}],"collection":[{"href":"https:\/\/www.diario21.tv\/noticias\/wp-json\/wp\/v2\/posts"}],"about":[{"href":"https:\/\/www.diario21.tv\/noticias\/wp-json\/wp\/v2\/types\/post"}],"author":[{"embeddable":true,"href":"https:\/\/www.diario21.tv\/noticias\/wp-json\/wp\/v2\/users\/20"}],"replies":[{"embeddable":true,"href":"https:\/\/www.diario21.tv\/noticias\/wp-json\/wp\/v2\/comments?post=1732"}],"version-history":[{"count":1,"href":"https:\/\/www.diario21.tv\/noticias\/wp-json\/wp\/v2\/posts\/1732\/revisions"}],"predecessor-version":[{"id":1734,"href":"https:\/\/www.diario21.tv\/noticias\/wp-json\/wp\/v2\/posts\/1732\/revisions\/1734"}],"wp:featuredmedia":[{"embeddable":true,"href":"https:\/\/www.diario21.tv\/noticias\/wp-json\/wp\/v2\/media\/1733"}],"wp:attachment":[{"href":"https:\/\/www.diario21.tv\/noticias\/wp-json\/wp\/v2\/media?parent=1732"}],"wp:term":[{"taxonomy":"category","embeddable":true,"href":"https:\/\/www.diario21.tv\/noticias\/wp-json\/wp\/v2\/categories?post=1732"},{"taxonomy":"post_tag","embeddable":true,"href":"https:\/\/www.diario21.tv\/noticias\/wp-json\/wp\/v2\/tags?post=1732"}],"curies":[{"name":"wp","href":"https:\/\/api.w.org\/{rel}","templated":true}]}}