{"id":1723,"date":"2025-01-05T22:51:20","date_gmt":"2025-01-05T22:51:20","guid":{"rendered":"https:\/\/www.diario21.tv\/noticias\/descubre-los-puentes-y-dias-festivos-de-2025-que-no-te-puedes-perder\/"},"modified":"2025-01-05T22:51:22","modified_gmt":"2025-01-05T22:51:22","slug":"descubre-los-puentes-y-dias-festivos-de-2025-que-no-te-puedes-perder","status":"publish","type":"post","link":"https:\/\/www.diario21.tv\/noticias\/descubre-los-puentes-y-dias-festivos-de-2025-que-no-te-puedes-perder\/","title":{"rendered":"\u00a1Descubre los puentes y d\u00edas festivos de 2025 que no te puedes perder!"},"content":{"rendered":"<h2>Puentes y D\u00edas Festivos en el A\u00f1o 2025<\/h2>\n<p>El a\u00f1o 2025 promete ofrecer numerosas oportunidades para descansos y escapadas gracias a la distribuci\u00f3n de los d\u00edas festivos y los puentes programados. Aqu\u00ed detallamos cada uno de estos d\u00edas para que puedas planificar tus actividades y vacaciones con anticipaci\u00f3n.<\/p>\n<h3>D\u00edas Feriados y Puentes Oficiales<\/h3>\n<p>El calendario de 2025 incluye varios d\u00edas festivos nacionales, durante los cuales se conmemoran eventos hist\u00f3ricos y culturales significativos. Estos d\u00edas representan no solo momentos de celebraci\u00f3n, sino tambi\u00e9n la oportunidad perfecta para descansar o disfrutar de tiempo con familiares y amigos.<\/p>\n<p>1. **A\u00f1o Nuevo (1 de enero)**: Como es habitual, el a\u00f1o comienza con el festejo de A\u00f1o Nuevo, un d\u00eda para recibir con esperanzas y alegr\u00edas el comienzo de un nuevo ciclo.<\/p>\n<p>2. **D\u00eda de la Constituci\u00f3n (5 de febrero)**: Este d\u00eda se celebra la promulgaci\u00f3n de la Constituci\u00f3n Mexicana de 1917. A menudo, se mueve al primer lunes de febrero para propiciar un fin de semana largo.<\/p>\n<p>3. **Natalicio de Benito Ju\u00e1rez (21 de marzo)**: Este d\u00eda honra al Benem\u00e9rito de las Am\u00e9ricas. Generalmente, se traslada al tercer lunes de marzo, creando otro puente para los mexicanos.<\/p>\n<p>4. **Semana Santa (abril)**: Las fechas var\u00edan cada a\u00f1o, pero generalmente incluyen el Jueves Santo y el Viernes Santo, d\u00edas en los que se conmemora la pasi\u00f3n, muerte y resurrecci\u00f3n de Jesucristo.<\/p>\n<p>5. **D\u00eda del Trabajo (1 de mayo)**: Una jornada dedicada a todos los trabajadores, donde se reconoce su esfuerzo y dedicaci\u00f3n.<\/p>\n<p>6. **Independencia de M\u00e9xico (16 de septiembre)**: Este d\u00eda se celebra el inicio de la lucha por la independencia de Espa\u00f1a, marcado por el famoso &#8220;Grito de Dolores&#8221;.<\/p>\n<p>7. **D\u00eda de Muertos (2 de noviembre)**: Aunque no es un d\u00eda festivo oficial, es una fecha de gran importancia cultural en M\u00e9xico, donde se honra a los seres queridos que han fallecido.<\/p>\n<p>8. **Revoluci\u00f3n Mexicana (20 de noviembre)**: Este d\u00eda recuerda el inicio de la Revoluci\u00f3n Mexicana en 1910. Usualmente se mueve al tercer lunes de noviembre.<\/p>\n<p>9. **Navidad (25 de diciembre)**: Un d\u00eda para celebrar en familia y reflexionar sobre la paz y la armon\u00eda.<\/p>\n<h3>Consejos para Aprovechar los Puentes y D\u00edas Festivos<\/h3>\n<p>Planificar con antelaci\u00f3n es crucial para maximizar estos d\u00edas libres. Considera estos consejos:<\/p>\n<p>&#8211; **Reserva con anticipaci\u00f3n**: Los destinos populares suelen llenarse r\u00e1pido en d\u00edas festivos.<br \/>\n&#8211; **Explora opciones locales**: Aprovecha para conocer mejor tu localidad o lugares cercanos.<br \/>\n&#8211; **Prepara un presupuesto**: Establece cu\u00e1nto est\u00e1s dispuesto a gastar para evitar sorpresas.<br \/>\n&#8211; **Verifica el clima**: Aseg\u00farate de que las condiciones meteorol\u00f3gicas sean favorables para tus planes.<\/p>\n<h3>Conclusi\u00f3n<\/h3>\n<p>Los puentes y d\u00edas festivos del 2025 ofrecen m\u00faltiples oportunidades para relajarse y disfrutar. Con la debida planificaci\u00f3n, puedes aprovechar al m\u00e1ximo estos descansos, creando recuerdos duraderos con tus seres queridos. No olvides marcar estos d\u00edas en tu calendario y empezar a planear desde ahora.<\/p>\n\n\n<div class=\"kk-star-ratings kksr-auto kksr-align-left kksr-valign-bottom\"\n    data-payload='{&quot;align&quot;:&quot;left&quot;,&quot;id&quot;:&quot;1723&quot;,&quot;slug&quot;:&quot;default&quot;,&quot;valign&quot;:&quot;bottom&quot;,&quot;ignore&quot;:&quot;&quot;,&quot;reference&quot;:&quot;auto&quot;,&quot;class&quot;:&quot;&quot;,&quot;count&quot;:&quot;0&quot;,&quot;legendonly&quot;:&quot;&quot;,&quot;readonly&quot;:&quot;&quot;,&quot;score&quot;:&quot;0&quot;,&quot;starsonly&quot;:&quot;&quot;,&quot;best&quot;:&quot;5&quot;,&quot;gap&quot;:&quot;5&quot;,&quot;greet&quot;:&quot;Valora este post&quot;,&quot;legend&quot;:&quot;0\\\/5 - (0 votes)&quot;,&quot;size&quot;:&quot;22&quot;,&quot;title&quot;:&quot;\u00a1Descubre los puentes y d\u00edas festivos de 2025 que no te puedes perder!&quot;,&quot;width&quot;:&quot;0&quot;,&quot;_legend&quot;:&quot;{score}\\\/{best} - ({count} {votes})&quot;,&quot;font_factor&quot;:&quot;1.25&quot;}'>\n            \n<div class=\"kksr-stars\">\n    \n<div class=\"kksr-stars-inactive\">\n            <div class=\"kksr-star\" data-star=\"1\" style=\"padding-right: 5px\">\n            \n\n<div class=\"kksr-icon\" style=\"width: 22px; height: 22px;\"><\/div>\n        <\/div>\n            <div class=\"kksr-star\" data-star=\"2\" style=\"padding-right: 5px\">\n            \n\n<div class=\"kksr-icon\" style=\"width: 22px; height: 22px;\"><\/div>\n        <\/div>\n            <div class=\"kksr-star\" data-star=\"3\" style=\"padding-right: 5px\">\n            \n\n<div class=\"kksr-icon\" style=\"width: 22px; height: 22px;\"><\/div>\n        <\/div>\n            <div class=\"kksr-star\" data-star=\"4\" style=\"padding-right: 5px\">\n            \n\n<div class=\"kksr-icon\" style=\"width: 22px; height: 22px;\"><\/div>\n        <\/div>\n            <div class=\"kksr-star\" data-star=\"5\" style=\"padding-right: 5px\">\n            \n\n<div class=\"kksr-icon\" style=\"width: 22px; height: 22px;\"><\/div>\n        <\/div>\n    <\/div>\n    \n<div class=\"kksr-stars-active\" style=\"width: 0px;\">\n            <div class=\"kksr-star\" style=\"padding-right: 5px\">\n            \n\n<div class=\"kksr-icon\" style=\"width: 22px; height: 22px;\"><\/div>\n        <\/div>\n            <div class=\"kksr-star\" style=\"padding-right: 5px\">\n            \n\n<div class=\"kksr-icon\" style=\"width: 22px; height: 22px;\"><\/div>\n        <\/div>\n            <div class=\"kksr-star\" style=\"padding-right: 5px\">\n            \n\n<div class=\"kksr-icon\" style=\"width: 22px; height: 22px;\"><\/div>\n        <\/div>\n            <div class=\"kksr-star\" style=\"padding-right: 5px\">\n            \n\n<div class=\"kksr-icon\" style=\"width: 22px; height: 22px;\"><\/div>\n        <\/div>\n            <div class=\"kksr-star\" style=\"padding-right: 5px\">\n            \n\n<div class=\"kksr-icon\" style=\"width: 22px; height: 22px;\"><\/div>\n        <\/div>\n    <\/div>\n<\/div>\n                \n\n<div class=\"kksr-legend\" style=\"font-size: 17.6px;\">\n            <span class=\"kksr-muted\">Valora este post<\/span>\n    <\/div>\n    <\/div>\n","protected":false},"excerpt":{"rendered":"<p>Puentes y D\u00edas Festivos en el A\u00f1o 2025 El a\u00f1o 2025 promete ofrecer numerosas oportunidades para descansos y escapadas gracias a la distribuci\u00f3n de los d\u00edas &#8230; <a title=\"\u00a1Descubre los puentes y d\u00edas festivos de 2025 que no te puedes perder!\" class=\"read-more\" href=\"https:\/\/www.diario21.tv\/noticias\/descubre-los-puentes-y-dias-festivos-de-2025-que-no-te-puedes-perder\/\" aria-label=\"Leer m\u00e1s sobre \u00a1Descubre los puentes y d\u00edas festivos de 2025 que no te puedes perder!\">Seguir leyendo &rarr;<\/a><\/p>\n","protected":false},"author":20,"featured_media":1724,"comment_status":"open","ping_status":"open","sticky":false,"template":"","format":"standard","meta":{"footnotes":""},"categories":[13],"tags":[],"class_list":["post-1723","post","type-post","status-publish","format-standard","has-post-thumbnail","hentry","category-portada"],"yoast_head":"<!-- This site is optimized with the Yoast SEO plugin v25.6 - https:\/\/yoast.com\/wordpress\/plugins\/seo\/ -->\n<title>\u00a1Descubre los puentes y d\u00edas festivos de 2025 que no te puedes perder! - Diario 21<\/title>\n<meta name=\"robots\" content=\"index, follow, max-snippet:-1, max-image-preview:large, max-video-preview:-1\" \/>\n<link rel=\"canonical\" href=\"https:\/\/www.diario21.tv\/noticias\/descubre-los-puentes-y-dias-festivos-de-2025-que-no-te-puedes-perder\/\" \/>\n<meta property=\"og:locale\" content=\"es_ES\" \/>\n<meta property=\"og:type\" content=\"article\" \/>\n<meta property=\"og:title\" content=\"\u00a1Descubre los puentes y d\u00edas festivos de 2025 que no te puedes perder! - Diario 21\" \/>\n<meta property=\"og:description\" content=\"Puentes y D\u00edas Festivos en el A\u00f1o 2025 El a\u00f1o 2025 promete ofrecer numerosas oportunidades para descansos y escapadas gracias a la distribuci\u00f3n de los d\u00edas ... Seguir leyendo &rarr;\" \/>\n<meta property=\"og:url\" content=\"https:\/\/www.diario21.tv\/noticias\/descubre-los-puentes-y-dias-festivos-de-2025-que-no-te-puedes-perder\/\" \/>\n<meta property=\"og:site_name\" content=\"Diario 21\" \/>\n<meta property=\"article:published_time\" content=\"2025-01-05T22:51:20+00:00\" \/>\n<meta property=\"article:modified_time\" content=\"2025-01-05T22:51:22+00:00\" \/>\n<meta property=\"og:image\" content=\"https:\/\/www.diario21.tv\/noticias\/wp-content\/uploads\/2025\/01\/\u00a1Descubre-los-puentes-y-dias-festivos-de-2025-que-no.jpg\" \/>\n\t<meta property=\"og:image:width\" content=\"1916\" \/>\n\t<meta property=\"og:image:height\" content=\"1080\" \/>\n\t<meta property=\"og:image:type\" content=\"image\/jpeg\" \/>\n<meta name=\"author\" content=\"Juan P\u00e9rez\" \/>\n<meta name=\"twitter:card\" content=\"summary_large_image\" \/>\n<meta name=\"twitter:label1\" content=\"Escrito por\" \/>\n\t<meta name=\"twitter:data1\" content=\"Juan P\u00e9rez\" \/>\n\t<meta name=\"twitter:label2\" content=\"Tiempo de lectura\" \/>\n\t<meta name=\"twitter:data2\" content=\"3 minutos\" \/>\n<script type=\"application\/ld+json\" class=\"yoast-schema-graph\">{\"@context\":\"https:\/\/schema.org\",\"@graph\":[{\"@type\":\"WebPage\",\"@id\":\"https:\/\/www.diario21.tv\/noticias\/descubre-los-puentes-y-dias-festivos-de-2025-que-no-te-puedes-perder\/\",\"url\":\"https:\/\/www.diario21.tv\/noticias\/descubre-los-puentes-y-dias-festivos-de-2025-que-no-te-puedes-perder\/\",\"name\":\"\u00a1Descubre los puentes y d\u00edas festivos de 2025 que no te puedes perder! - Diario 21\",\"isPartOf\":{\"@id\":\"https:\/\/www.diario21.tv\/noticias\/#website\"},\"primaryImageOfPage\":{\"@id\":\"https:\/\/www.diario21.tv\/noticias\/descubre-los-puentes-y-dias-festivos-de-2025-que-no-te-puedes-perder\/#primaryimage\"},\"image\":{\"@id\":\"https:\/\/www.diario21.tv\/noticias\/descubre-los-puentes-y-dias-festivos-de-2025-que-no-te-puedes-perder\/#primaryimage\"},\"thumbnailUrl\":\"https:\/\/www.diario21.tv\/noticias\/wp-content\/uploads\/2025\/01\/\u00a1Descubre-los-puentes-y-dias-festivos-de-2025-que-no.jpg\",\"datePublished\":\"2025-01-05T22:51:20+00:00\",\"dateModified\":\"2025-01-05T22:51:22+00:00\",\"author\":{\"@id\":\"https:\/\/www.diario21.tv\/noticias\/#\/schema\/person\/dfb778f73814d8f09f302618446a526b\"},\"breadcrumb\":{\"@id\":\"https:\/\/www.diario21.tv\/noticias\/descubre-los-puentes-y-dias-festivos-de-2025-que-no-te-puedes-perder\/#breadcrumb\"},\"inLanguage\":\"es-AR\",\"potentialAction\":[{\"@type\":\"ReadAction\",\"target\":[\"https:\/\/www.diario21.tv\/noticias\/descubre-los-puentes-y-dias-festivos-de-2025-que-no-te-puedes-perder\/\"]}]},{\"@type\":\"ImageObject\",\"inLanguage\":\"es-AR\",\"@id\":\"https:\/\/www.diario21.tv\/noticias\/descubre-los-puentes-y-dias-festivos-de-2025-que-no-te-puedes-perder\/#primaryimage\",\"url\":\"https:\/\/www.diario21.tv\/noticias\/wp-content\/uploads\/2025\/01\/\u00a1Descubre-los-puentes-y-dias-festivos-de-2025-que-no.jpg\",\"contentUrl\":\"https:\/\/www.diario21.tv\/noticias\/wp-content\/uploads\/2025\/01\/\u00a1Descubre-los-puentes-y-dias-festivos-de-2025-que-no.jpg\",\"width\":1916,\"height\":1080,\"caption\":\"Estos son todos los puentes y d\u00edas festivos de 2025\"},{\"@type\":\"BreadcrumbList\",\"@id\":\"https:\/\/www.diario21.tv\/noticias\/descubre-los-puentes-y-dias-festivos-de-2025-que-no-te-puedes-perder\/#breadcrumb\",\"itemListElement\":[{\"@type\":\"ListItem\",\"position\":1,\"name\":\"Accueil\",\"item\":\"https:\/\/www.diario21.tv\/noticias\/\"},{\"@type\":\"ListItem\",\"position\":2,\"name\":\"\u00a1Descubre los puentes y d\u00edas festivos de 2025 que no te puedes perder!\"}]},{\"@type\":\"WebSite\",\"@id\":\"https:\/\/www.diario21.tv\/noticias\/#website\",\"url\":\"https:\/\/www.diario21.tv\/noticias\/\",\"name\":\"Diario 21\",\"description\":\"\",\"potentialAction\":[{\"@type\":\"SearchAction\",\"target\":{\"@type\":\"EntryPoint\",\"urlTemplate\":\"https:\/\/www.diario21.tv\/noticias\/?s={search_term_string}\"},\"query-input\":{\"@type\":\"PropertyValueSpecification\",\"valueRequired\":true,\"valueName\":\"search_term_string\"}}],\"inLanguage\":\"es-AR\"},{\"@type\":\"Person\",\"@id\":\"https:\/\/www.diario21.tv\/noticias\/#\/schema\/person\/dfb778f73814d8f09f302618446a526b\",\"name\":\"Juan P\u00e9rez\",\"image\":{\"@type\":\"ImageObject\",\"inLanguage\":\"es-AR\",\"@id\":\"https:\/\/www.diario21.tv\/noticias\/#\/schema\/person\/image\/\",\"url\":\"https:\/\/secure.gravatar.com\/avatar\/c478a405bd10621167f4c3167cc770f5?s=96&d=mm&r=g\",\"contentUrl\":\"https:\/\/secure.gravatar.com\/avatar\/c478a405bd10621167f4c3167cc770f5?s=96&d=mm&r=g\",\"caption\":\"Juan P\u00e9rez\"},\"description\":\"Juan P\u00e9rez es el redactor en jefe de Diario 21. Con m\u00e1s de 10 a\u00f1os de experiencia en el periodismo, se especializa en pol\u00edtica nacional y an\u00e1lisis socioecon\u00f3mico. Su enfoque cr\u00edtico y riguroso aporta una perspectiva \u00fanica a cada art\u00edculo.\",\"sameAs\":[\"https:\/\/www.diario21.tv\/noticias\/\"],\"url\":\"https:\/\/www.diario21.tv\/noticias\/author\/juan-perez\/\"}]}<\/script>\n<!-- \/ Yoast SEO plugin. -->","yoast_head_json":{"title":"\u00a1Descubre los puentes y d\u00edas festivos de 2025 que no te puedes perder! - Diario 21","robots":{"index":"index","follow":"follow","max-snippet":"max-snippet:-1","max-image-preview":"max-image-preview:large","max-video-preview":"max-video-preview:-1"},"canonical":"https:\/\/www.diario21.tv\/noticias\/descubre-los-puentes-y-dias-festivos-de-2025-que-no-te-puedes-perder\/","og_locale":"es_ES","og_type":"article","og_title":"\u00a1Descubre los puentes y d\u00edas festivos de 2025 que no te puedes perder! - Diario 21","og_description":"Puentes y D\u00edas Festivos en el A\u00f1o 2025 El a\u00f1o 2025 promete ofrecer numerosas oportunidades para descansos y escapadas gracias a la distribuci\u00f3n de los d\u00edas ... Seguir leyendo &rarr;","og_url":"https:\/\/www.diario21.tv\/noticias\/descubre-los-puentes-y-dias-festivos-de-2025-que-no-te-puedes-perder\/","og_site_name":"Diario 21","article_published_time":"2025-01-05T22:51:20+00:00","article_modified_time":"2025-01-05T22:51:22+00:00","og_image":[{"width":1916,"height":1080,"url":"https:\/\/www.diario21.tv\/noticias\/wp-content\/uploads\/2025\/01\/\u00a1Descubre-los-puentes-y-dias-festivos-de-2025-que-no.jpg","type":"image\/jpeg"}],"author":"Juan P\u00e9rez","twitter_card":"summary_large_image","twitter_misc":{"Escrito por":"Juan P\u00e9rez","Tiempo de lectura":"3 minutos"},"schema":{"@context":"https:\/\/schema.org","@graph":[{"@type":"WebPage","@id":"https:\/\/www.diario21.tv\/noticias\/descubre-los-puentes-y-dias-festivos-de-2025-que-no-te-puedes-perder\/","url":"https:\/\/www.diario21.tv\/noticias\/descubre-los-puentes-y-dias-festivos-de-2025-que-no-te-puedes-perder\/","name":"\u00a1Descubre los puentes y d\u00edas festivos de 2025 que no te puedes perder! - Diario 21","isPartOf":{"@id":"https:\/\/www.diario21.tv\/noticias\/#website"},"primaryImageOfPage":{"@id":"https:\/\/www.diario21.tv\/noticias\/descubre-los-puentes-y-dias-festivos-de-2025-que-no-te-puedes-perder\/#primaryimage"},"image":{"@id":"https:\/\/www.diario21.tv\/noticias\/descubre-los-puentes-y-dias-festivos-de-2025-que-no-te-puedes-perder\/#primaryimage"},"thumbnailUrl":"https:\/\/www.diario21.tv\/noticias\/wp-content\/uploads\/2025\/01\/\u00a1Descubre-los-puentes-y-dias-festivos-de-2025-que-no.jpg","datePublished":"2025-01-05T22:51:20+00:00","dateModified":"2025-01-05T22:51:22+00:00","author":{"@id":"https:\/\/www.diario21.tv\/noticias\/#\/schema\/person\/dfb778f73814d8f09f302618446a526b"},"breadcrumb":{"@id":"https:\/\/www.diario21.tv\/noticias\/descubre-los-puentes-y-dias-festivos-de-2025-que-no-te-puedes-perder\/#breadcrumb"},"inLanguage":"es-AR","potentialAction":[{"@type":"ReadAction","target":["https:\/\/www.diario21.tv\/noticias\/descubre-los-puentes-y-dias-festivos-de-2025-que-no-te-puedes-perder\/"]}]},{"@type":"ImageObject","inLanguage":"es-AR","@id":"https:\/\/www.diario21.tv\/noticias\/descubre-los-puentes-y-dias-festivos-de-2025-que-no-te-puedes-perder\/#primaryimage","url":"https:\/\/www.diario21.tv\/noticias\/wp-content\/uploads\/2025\/01\/\u00a1Descubre-los-puentes-y-dias-festivos-de-2025-que-no.jpg","contentUrl":"https:\/\/www.diario21.tv\/noticias\/wp-content\/uploads\/2025\/01\/\u00a1Descubre-los-puentes-y-dias-festivos-de-2025-que-no.jpg","width":1916,"height":1080,"caption":"Estos son todos los puentes y d\u00edas festivos de 2025"},{"@type":"BreadcrumbList","@id":"https:\/\/www.diario21.tv\/noticias\/descubre-los-puentes-y-dias-festivos-de-2025-que-no-te-puedes-perder\/#breadcrumb","itemListElement":[{"@type":"ListItem","position":1,"name":"Accueil","item":"https:\/\/www.diario21.tv\/noticias\/"},{"@type":"ListItem","position":2,"name":"\u00a1Descubre los puentes y d\u00edas festivos de 2025 que no te puedes perder!"}]},{"@type":"WebSite","@id":"https:\/\/www.diario21.tv\/noticias\/#website","url":"https:\/\/www.diario21.tv\/noticias\/","name":"Diario 21","description":"","potentialAction":[{"@type":"SearchAction","target":{"@type":"EntryPoint","urlTemplate":"https:\/\/www.diario21.tv\/noticias\/?s={search_term_string}"},"query-input":{"@type":"PropertyValueSpecification","valueRequired":true,"valueName":"search_term_string"}}],"inLanguage":"es-AR"},{"@type":"Person","@id":"https:\/\/www.diario21.tv\/noticias\/#\/schema\/person\/dfb778f73814d8f09f302618446a526b","name":"Juan P\u00e9rez","image":{"@type":"ImageObject","inLanguage":"es-AR","@id":"https:\/\/www.diario21.tv\/noticias\/#\/schema\/person\/image\/","url":"https:\/\/secure.gravatar.com\/avatar\/c478a405bd10621167f4c3167cc770f5?s=96&d=mm&r=g","contentUrl":"https:\/\/secure.gravatar.com\/avatar\/c478a405bd10621167f4c3167cc770f5?s=96&d=mm&r=g","caption":"Juan P\u00e9rez"},"description":"Juan P\u00e9rez es el redactor en jefe de Diario 21. Con m\u00e1s de 10 a\u00f1os de experiencia en el periodismo, se especializa en pol\u00edtica nacional y an\u00e1lisis socioecon\u00f3mico. Su enfoque cr\u00edtico y riguroso aporta una perspectiva \u00fanica a cada art\u00edculo.","sameAs":["https:\/\/www.diario21.tv\/noticias\/"],"url":"https:\/\/www.diario21.tv\/noticias\/author\/juan-perez\/"}]}},"_links":{"self":[{"href":"https:\/\/www.diario21.tv\/noticias\/wp-json\/wp\/v2\/posts\/1723"}],"collection":[{"href":"https:\/\/www.diario21.tv\/noticias\/wp-json\/wp\/v2\/posts"}],"about":[{"href":"https:\/\/www.diario21.tv\/noticias\/wp-json\/wp\/v2\/types\/post"}],"author":[{"embeddable":true,"href":"https:\/\/www.diario21.tv\/noticias\/wp-json\/wp\/v2\/users\/20"}],"replies":[{"embeddable":true,"href":"https:\/\/www.diario21.tv\/noticias\/wp-json\/wp\/v2\/comments?post=1723"}],"version-history":[{"count":1,"href":"https:\/\/www.diario21.tv\/noticias\/wp-json\/wp\/v2\/posts\/1723\/revisions"}],"predecessor-version":[{"id":1725,"href":"https:\/\/www.diario21.tv\/noticias\/wp-json\/wp\/v2\/posts\/1723\/revisions\/1725"}],"wp:featuredmedia":[{"embeddable":true,"href":"https:\/\/www.diario21.tv\/noticias\/wp-json\/wp\/v2\/media\/1724"}],"wp:attachment":[{"href":"https:\/\/www.diario21.tv\/noticias\/wp-json\/wp\/v2\/media?parent=1723"}],"wp:term":[{"taxonomy":"category","embeddable":true,"href":"https:\/\/www.diario21.tv\/noticias\/wp-json\/wp\/v2\/categories?post=1723"},{"taxonomy":"post_tag","embeddable":true,"href":"https:\/\/www.diario21.tv\/noticias\/wp-json\/wp\/v2\/tags?post=1723"}],"curies":[{"name":"wp","href":"https:\/\/api.w.org\/{rel}","templated":true}]}}