{"id":1708,"date":"2025-01-04T15:54:05","date_gmt":"2025-01-04T15:54:05","guid":{"rendered":"https:\/\/www.diario21.tv\/noticias\/confesion-impactante-hombre-arrestado-en-almeria-por-asesinato-de-mujer-el-lunes\/"},"modified":"2025-01-04T15:54:08","modified_gmt":"2025-01-04T15:54:08","slug":"confesion-impactante-hombre-arrestado-en-almeria-por-asesinato-de-mujer-el-lunes","status":"publish","type":"post","link":"https:\/\/www.diario21.tv\/noticias\/confesion-impactante-hombre-arrestado-en-almeria-por-asesinato-de-mujer-el-lunes\/","title":{"rendered":"\u00a1Confesi\u00f3n impactante! Hombre arrestado en Almer\u00eda por asesinato de mujer el lunes"},"content":{"rendered":"<h2>Arresto en Almer\u00eda por Confesi\u00f3n de Homicidio<\/h2>\n<p>Un individuo ha sido arrestado en la ciudad de Almer\u00eda despu\u00e9s de admitir ante las autoridades que fue el responsable de la muerte de una mujer el pasado lunes. Este suceso conmocionante ha desencadenado una r\u00e1pida respuesta por parte de las fuerzas de seguridad, quienes han tomado medidas inmediatas tras recibir la confesi\u00f3n del hombre.<\/p>\n<h3>Detalles del Incidente<\/h3>\n<p>El sujeto, cuya identidad no ha sido revelada al p\u00fablico, se present\u00f3 voluntariamente en una estaci\u00f3n de polic\u00eda local el mi\u00e9rcoles por la ma\u00f1ana, donde confes\u00f3 haber cometido el asesinato dos d\u00edas antes. Seg\u00fan el reporte inicial, el hombre detall\u00f3 c\u00f3mo y d\u00f3nde ocurri\u00f3 el ataque que llev\u00f3 a la muerte de la mujer. Aunque la informaci\u00f3n espec\u00edfica sobre el motivo del crimen y la relaci\u00f3n entre el autor y la v\u00edctima a\u00fan no ha sido divulgada, este caso ha generado una considerable preocupaci\u00f3n en la comunidad.<\/p>\n<p>Las autoridades han iniciado una investigaci\u00f3n exhaustiva para esclarecer los hechos y determinar las circunstancias exactas que rodearon el incidente. La polic\u00eda est\u00e1 realizando entrevistas y recolectando evidencia en el lugar del crimen, identificado por el acusado durante su confesi\u00f3n.<\/p>\n<h3>Reacciones y Consecuencias<\/h3>\n<p>La noticia del arresto ha causado una gran alarma entre los residentes de Almer\u00eda, quienes est\u00e1n preocupados por la seguridad en su comunidad. Las autoridades han hecho un llamado a la calma, asegurando al p\u00fablico que est\u00e1n haciendo todo lo posible para resolver el caso de manera r\u00e1pida y justa.<\/p>\n<p>El hombre se encuentra actualmente bajo custodia y est\u00e1 previsto que sea presentado ante un juez para una audiencia preliminar en los pr\u00f3ximos d\u00edas. En esta etapa inicial, se le asignar\u00e1 un abogado de oficio si no cuenta con representaci\u00f3n legal privada, y se le informar\u00e1 de los cargos formales en su contra.<\/p>\n<p>Este tr\u00e1gico evento subraya la importancia de la vigilancia comunitaria y la cooperaci\u00f3n con las autoridades para mantener la seguridad p\u00fablica. La polic\u00eda ha agradecido a los ciudadanos por su colaboraci\u00f3n y ha reiterado su compromiso de mantener el orden y la justicia en Almer\u00eda. <\/p>\n<p>La investigaci\u00f3n sigue en curso y se espera que m\u00e1s detalles sean revelados a medida que avanza el caso. Las autoridades han pedido a cualquier persona con informaci\u00f3n adicional que se acerque y colabore con las investigaciones en curso.<\/p>\n\n\n<div class=\"kk-star-ratings kksr-auto kksr-align-left kksr-valign-bottom\"\n    data-payload='{&quot;align&quot;:&quot;left&quot;,&quot;id&quot;:&quot;1708&quot;,&quot;slug&quot;:&quot;default&quot;,&quot;valign&quot;:&quot;bottom&quot;,&quot;ignore&quot;:&quot;&quot;,&quot;reference&quot;:&quot;auto&quot;,&quot;class&quot;:&quot;&quot;,&quot;count&quot;:&quot;0&quot;,&quot;legendonly&quot;:&quot;&quot;,&quot;readonly&quot;:&quot;&quot;,&quot;score&quot;:&quot;0&quot;,&quot;starsonly&quot;:&quot;&quot;,&quot;best&quot;:&quot;5&quot;,&quot;gap&quot;:&quot;5&quot;,&quot;greet&quot;:&quot;Valora este post&quot;,&quot;legend&quot;:&quot;0\\\/5 - (0 votes)&quot;,&quot;size&quot;:&quot;22&quot;,&quot;title&quot;:&quot;\u00a1Confesi\u00f3n impactante! Hombre arrestado en Almer\u00eda por asesinato de mujer el lunes&quot;,&quot;width&quot;:&quot;0&quot;,&quot;_legend&quot;:&quot;{score}\\\/{best} - ({count} {votes})&quot;,&quot;font_factor&quot;:&quot;1.25&quot;}'>\n            \n<div class=\"kksr-stars\">\n    \n<div class=\"kksr-stars-inactive\">\n            <div class=\"kksr-star\" data-star=\"1\" style=\"padding-right: 5px\">\n            \n\n<div class=\"kksr-icon\" style=\"width: 22px; height: 22px;\"><\/div>\n        <\/div>\n            <div class=\"kksr-star\" data-star=\"2\" style=\"padding-right: 5px\">\n            \n\n<div class=\"kksr-icon\" style=\"width: 22px; height: 22px;\"><\/div>\n        <\/div>\n            <div class=\"kksr-star\" data-star=\"3\" style=\"padding-right: 5px\">\n            \n\n<div class=\"kksr-icon\" style=\"width: 22px; height: 22px;\"><\/div>\n        <\/div>\n            <div class=\"kksr-star\" data-star=\"4\" style=\"padding-right: 5px\">\n            \n\n<div class=\"kksr-icon\" style=\"width: 22px; height: 22px;\"><\/div>\n        <\/div>\n            <div class=\"kksr-star\" data-star=\"5\" style=\"padding-right: 5px\">\n            \n\n<div class=\"kksr-icon\" style=\"width: 22px; height: 22px;\"><\/div>\n        <\/div>\n    <\/div>\n    \n<div class=\"kksr-stars-active\" style=\"width: 0px;\">\n            <div class=\"kksr-star\" style=\"padding-right: 5px\">\n            \n\n<div class=\"kksr-icon\" style=\"width: 22px; height: 22px;\"><\/div>\n        <\/div>\n            <div class=\"kksr-star\" style=\"padding-right: 5px\">\n            \n\n<div class=\"kksr-icon\" style=\"width: 22px; height: 22px;\"><\/div>\n        <\/div>\n            <div class=\"kksr-star\" style=\"padding-right: 5px\">\n            \n\n<div class=\"kksr-icon\" style=\"width: 22px; height: 22px;\"><\/div>\n        <\/div>\n            <div class=\"kksr-star\" style=\"padding-right: 5px\">\n            \n\n<div class=\"kksr-icon\" style=\"width: 22px; height: 22px;\"><\/div>\n        <\/div>\n            <div class=\"kksr-star\" style=\"padding-right: 5px\">\n            \n\n<div class=\"kksr-icon\" style=\"width: 22px; height: 22px;\"><\/div>\n        <\/div>\n    <\/div>\n<\/div>\n                \n\n<div class=\"kksr-legend\" style=\"font-size: 17.6px;\">\n            <span class=\"kksr-muted\">Valora este post<\/span>\n    <\/div>\n    <\/div>\n","protected":false},"excerpt":{"rendered":"<p>Arresto en Almer\u00eda por Confesi\u00f3n de Homicidio Un individuo ha sido arrestado en la ciudad de Almer\u00eda despu\u00e9s de admitir ante las autoridades que fue el &#8230; <a title=\"\u00a1Confesi\u00f3n impactante! Hombre arrestado en Almer\u00eda por asesinato de mujer el lunes\" class=\"read-more\" href=\"https:\/\/www.diario21.tv\/noticias\/confesion-impactante-hombre-arrestado-en-almeria-por-asesinato-de-mujer-el-lunes\/\" aria-label=\"Leer m\u00e1s sobre \u00a1Confesi\u00f3n impactante! Hombre arrestado en Almer\u00eda por asesinato de mujer el lunes\">Seguir leyendo &rarr;<\/a><\/p>\n","protected":false},"author":20,"featured_media":1709,"comment_status":"open","ping_status":"open","sticky":false,"template":"","format":"standard","meta":{"footnotes":""},"categories":[13],"tags":[],"class_list":["post-1708","post","type-post","status-publish","format-standard","has-post-thumbnail","hentry","category-portada"],"yoast_head":"<!-- This site is optimized with the Yoast SEO plugin v25.6 - https:\/\/yoast.com\/wordpress\/plugins\/seo\/ -->\n<title>\u00a1Confesi\u00f3n impactante! Hombre arrestado en Almer\u00eda por asesinato de mujer el lunes - Diario 21<\/title>\n<meta name=\"robots\" content=\"index, follow, max-snippet:-1, max-image-preview:large, max-video-preview:-1\" \/>\n<link rel=\"canonical\" href=\"https:\/\/www.diario21.tv\/noticias\/confesion-impactante-hombre-arrestado-en-almeria-por-asesinato-de-mujer-el-lunes\/\" \/>\n<meta property=\"og:locale\" content=\"es_ES\" \/>\n<meta property=\"og:type\" content=\"article\" \/>\n<meta property=\"og:title\" content=\"\u00a1Confesi\u00f3n impactante! Hombre arrestado en Almer\u00eda por asesinato de mujer el lunes - Diario 21\" \/>\n<meta property=\"og:description\" content=\"Arresto en Almer\u00eda por Confesi\u00f3n de Homicidio Un individuo ha sido arrestado en la ciudad de Almer\u00eda despu\u00e9s de admitir ante las autoridades que fue el ... Seguir leyendo &rarr;\" \/>\n<meta property=\"og:url\" content=\"https:\/\/www.diario21.tv\/noticias\/confesion-impactante-hombre-arrestado-en-almeria-por-asesinato-de-mujer-el-lunes\/\" \/>\n<meta property=\"og:site_name\" content=\"Diario 21\" \/>\n<meta property=\"article:published_time\" content=\"2025-01-04T15:54:05+00:00\" \/>\n<meta property=\"article:modified_time\" content=\"2025-01-04T15:54:08+00:00\" \/>\n<meta property=\"og:image\" content=\"https:\/\/www.diario21.tv\/noticias\/wp-content\/uploads\/2025\/01\/\u00a1Confesion-impactante-Hombre-arrestado-en-Almeria-por-asesinato-de-mujer-scaled.jpg\" \/>\n\t<meta property=\"og:image:width\" content=\"2560\" \/>\n\t<meta property=\"og:image:height\" content=\"1574\" \/>\n\t<meta property=\"og:image:type\" content=\"image\/jpeg\" \/>\n<meta name=\"author\" content=\"Juan P\u00e9rez\" \/>\n<meta name=\"twitter:card\" content=\"summary_large_image\" \/>\n<meta name=\"twitter:label1\" content=\"Escrito por\" \/>\n\t<meta name=\"twitter:data1\" content=\"Juan P\u00e9rez\" \/>\n\t<meta name=\"twitter:label2\" content=\"Tiempo de lectura\" \/>\n\t<meta name=\"twitter:data2\" content=\"2 minutos\" \/>\n<script type=\"application\/ld+json\" class=\"yoast-schema-graph\">{\"@context\":\"https:\/\/schema.org\",\"@graph\":[{\"@type\":\"WebPage\",\"@id\":\"https:\/\/www.diario21.tv\/noticias\/confesion-impactante-hombre-arrestado-en-almeria-por-asesinato-de-mujer-el-lunes\/\",\"url\":\"https:\/\/www.diario21.tv\/noticias\/confesion-impactante-hombre-arrestado-en-almeria-por-asesinato-de-mujer-el-lunes\/\",\"name\":\"\u00a1Confesi\u00f3n impactante! Hombre arrestado en Almer\u00eda por asesinato de mujer el lunes - Diario 21\",\"isPartOf\":{\"@id\":\"https:\/\/www.diario21.tv\/noticias\/#website\"},\"primaryImageOfPage\":{\"@id\":\"https:\/\/www.diario21.tv\/noticias\/confesion-impactante-hombre-arrestado-en-almeria-por-asesinato-de-mujer-el-lunes\/#primaryimage\"},\"image\":{\"@id\":\"https:\/\/www.diario21.tv\/noticias\/confesion-impactante-hombre-arrestado-en-almeria-por-asesinato-de-mujer-el-lunes\/#primaryimage\"},\"thumbnailUrl\":\"https:\/\/www.diario21.tv\/noticias\/wp-content\/uploads\/2025\/01\/\u00a1Confesion-impactante-Hombre-arrestado-en-Almeria-por-asesinato-de-mujer-scaled.jpg\",\"datePublished\":\"2025-01-04T15:54:05+00:00\",\"dateModified\":\"2025-01-04T15:54:08+00:00\",\"author\":{\"@id\":\"https:\/\/www.diario21.tv\/noticias\/#\/schema\/person\/dfb778f73814d8f09f302618446a526b\"},\"breadcrumb\":{\"@id\":\"https:\/\/www.diario21.tv\/noticias\/confesion-impactante-hombre-arrestado-en-almeria-por-asesinato-de-mujer-el-lunes\/#breadcrumb\"},\"inLanguage\":\"es-AR\",\"potentialAction\":[{\"@type\":\"ReadAction\",\"target\":[\"https:\/\/www.diario21.tv\/noticias\/confesion-impactante-hombre-arrestado-en-almeria-por-asesinato-de-mujer-el-lunes\/\"]}]},{\"@type\":\"ImageObject\",\"inLanguage\":\"es-AR\",\"@id\":\"https:\/\/www.diario21.tv\/noticias\/confesion-impactante-hombre-arrestado-en-almeria-por-asesinato-de-mujer-el-lunes\/#primaryimage\",\"url\":\"https:\/\/www.diario21.tv\/noticias\/wp-content\/uploads\/2025\/01\/\u00a1Confesion-impactante-Hombre-arrestado-en-Almeria-por-asesinato-de-mujer-scaled.jpg\",\"contentUrl\":\"https:\/\/www.diario21.tv\/noticias\/wp-content\/uploads\/2025\/01\/\u00a1Confesion-impactante-Hombre-arrestado-en-Almeria-por-asesinato-de-mujer-scaled.jpg\",\"width\":2560,\"height\":1574,\"caption\":\"Detenido un hombre en Almer\u00eda tras confesar haber matado a una mujer el lunes\"},{\"@type\":\"BreadcrumbList\",\"@id\":\"https:\/\/www.diario21.tv\/noticias\/confesion-impactante-hombre-arrestado-en-almeria-por-asesinato-de-mujer-el-lunes\/#breadcrumb\",\"itemListElement\":[{\"@type\":\"ListItem\",\"position\":1,\"name\":\"Accueil\",\"item\":\"https:\/\/www.diario21.tv\/noticias\/\"},{\"@type\":\"ListItem\",\"position\":2,\"name\":\"\u00a1Confesi\u00f3n impactante! Hombre arrestado en Almer\u00eda por asesinato de mujer el lunes\"}]},{\"@type\":\"WebSite\",\"@id\":\"https:\/\/www.diario21.tv\/noticias\/#website\",\"url\":\"https:\/\/www.diario21.tv\/noticias\/\",\"name\":\"Diario 21\",\"description\":\"\",\"potentialAction\":[{\"@type\":\"SearchAction\",\"target\":{\"@type\":\"EntryPoint\",\"urlTemplate\":\"https:\/\/www.diario21.tv\/noticias\/?s={search_term_string}\"},\"query-input\":{\"@type\":\"PropertyValueSpecification\",\"valueRequired\":true,\"valueName\":\"search_term_string\"}}],\"inLanguage\":\"es-AR\"},{\"@type\":\"Person\",\"@id\":\"https:\/\/www.diario21.tv\/noticias\/#\/schema\/person\/dfb778f73814d8f09f302618446a526b\",\"name\":\"Juan P\u00e9rez\",\"image\":{\"@type\":\"ImageObject\",\"inLanguage\":\"es-AR\",\"@id\":\"https:\/\/www.diario21.tv\/noticias\/#\/schema\/person\/image\/\",\"url\":\"https:\/\/secure.gravatar.com\/avatar\/c478a405bd10621167f4c3167cc770f5?s=96&d=mm&r=g\",\"contentUrl\":\"https:\/\/secure.gravatar.com\/avatar\/c478a405bd10621167f4c3167cc770f5?s=96&d=mm&r=g\",\"caption\":\"Juan P\u00e9rez\"},\"description\":\"Juan P\u00e9rez es el redactor en jefe de Diario 21. Con m\u00e1s de 10 a\u00f1os de experiencia en el periodismo, se especializa en pol\u00edtica nacional y an\u00e1lisis socioecon\u00f3mico. Su enfoque cr\u00edtico y riguroso aporta una perspectiva \u00fanica a cada art\u00edculo.\",\"sameAs\":[\"https:\/\/www.diario21.tv\/noticias\/\"],\"url\":\"https:\/\/www.diario21.tv\/noticias\/author\/juan-perez\/\"}]}<\/script>\n<!-- \/ Yoast SEO plugin. -->","yoast_head_json":{"title":"\u00a1Confesi\u00f3n impactante! Hombre arrestado en Almer\u00eda por asesinato de mujer el lunes - Diario 21","robots":{"index":"index","follow":"follow","max-snippet":"max-snippet:-1","max-image-preview":"max-image-preview:large","max-video-preview":"max-video-preview:-1"},"canonical":"https:\/\/www.diario21.tv\/noticias\/confesion-impactante-hombre-arrestado-en-almeria-por-asesinato-de-mujer-el-lunes\/","og_locale":"es_ES","og_type":"article","og_title":"\u00a1Confesi\u00f3n impactante! Hombre arrestado en Almer\u00eda por asesinato de mujer el lunes - Diario 21","og_description":"Arresto en Almer\u00eda por Confesi\u00f3n de Homicidio Un individuo ha sido arrestado en la ciudad de Almer\u00eda despu\u00e9s de admitir ante las autoridades que fue el ... Seguir leyendo &rarr;","og_url":"https:\/\/www.diario21.tv\/noticias\/confesion-impactante-hombre-arrestado-en-almeria-por-asesinato-de-mujer-el-lunes\/","og_site_name":"Diario 21","article_published_time":"2025-01-04T15:54:05+00:00","article_modified_time":"2025-01-04T15:54:08+00:00","og_image":[{"width":2560,"height":1574,"url":"https:\/\/www.diario21.tv\/noticias\/wp-content\/uploads\/2025\/01\/\u00a1Confesion-impactante-Hombre-arrestado-en-Almeria-por-asesinato-de-mujer-scaled.jpg","type":"image\/jpeg"}],"author":"Juan P\u00e9rez","twitter_card":"summary_large_image","twitter_misc":{"Escrito por":"Juan P\u00e9rez","Tiempo de lectura":"2 minutos"},"schema":{"@context":"https:\/\/schema.org","@graph":[{"@type":"WebPage","@id":"https:\/\/www.diario21.tv\/noticias\/confesion-impactante-hombre-arrestado-en-almeria-por-asesinato-de-mujer-el-lunes\/","url":"https:\/\/www.diario21.tv\/noticias\/confesion-impactante-hombre-arrestado-en-almeria-por-asesinato-de-mujer-el-lunes\/","name":"\u00a1Confesi\u00f3n impactante! Hombre arrestado en Almer\u00eda por asesinato de mujer el lunes - Diario 21","isPartOf":{"@id":"https:\/\/www.diario21.tv\/noticias\/#website"},"primaryImageOfPage":{"@id":"https:\/\/www.diario21.tv\/noticias\/confesion-impactante-hombre-arrestado-en-almeria-por-asesinato-de-mujer-el-lunes\/#primaryimage"},"image":{"@id":"https:\/\/www.diario21.tv\/noticias\/confesion-impactante-hombre-arrestado-en-almeria-por-asesinato-de-mujer-el-lunes\/#primaryimage"},"thumbnailUrl":"https:\/\/www.diario21.tv\/noticias\/wp-content\/uploads\/2025\/01\/\u00a1Confesion-impactante-Hombre-arrestado-en-Almeria-por-asesinato-de-mujer-scaled.jpg","datePublished":"2025-01-04T15:54:05+00:00","dateModified":"2025-01-04T15:54:08+00:00","author":{"@id":"https:\/\/www.diario21.tv\/noticias\/#\/schema\/person\/dfb778f73814d8f09f302618446a526b"},"breadcrumb":{"@id":"https:\/\/www.diario21.tv\/noticias\/confesion-impactante-hombre-arrestado-en-almeria-por-asesinato-de-mujer-el-lunes\/#breadcrumb"},"inLanguage":"es-AR","potentialAction":[{"@type":"ReadAction","target":["https:\/\/www.diario21.tv\/noticias\/confesion-impactante-hombre-arrestado-en-almeria-por-asesinato-de-mujer-el-lunes\/"]}]},{"@type":"ImageObject","inLanguage":"es-AR","@id":"https:\/\/www.diario21.tv\/noticias\/confesion-impactante-hombre-arrestado-en-almeria-por-asesinato-de-mujer-el-lunes\/#primaryimage","url":"https:\/\/www.diario21.tv\/noticias\/wp-content\/uploads\/2025\/01\/\u00a1Confesion-impactante-Hombre-arrestado-en-Almeria-por-asesinato-de-mujer-scaled.jpg","contentUrl":"https:\/\/www.diario21.tv\/noticias\/wp-content\/uploads\/2025\/01\/\u00a1Confesion-impactante-Hombre-arrestado-en-Almeria-por-asesinato-de-mujer-scaled.jpg","width":2560,"height":1574,"caption":"Detenido un hombre en Almer\u00eda tras confesar haber matado a una mujer el lunes"},{"@type":"BreadcrumbList","@id":"https:\/\/www.diario21.tv\/noticias\/confesion-impactante-hombre-arrestado-en-almeria-por-asesinato-de-mujer-el-lunes\/#breadcrumb","itemListElement":[{"@type":"ListItem","position":1,"name":"Accueil","item":"https:\/\/www.diario21.tv\/noticias\/"},{"@type":"ListItem","position":2,"name":"\u00a1Confesi\u00f3n impactante! Hombre arrestado en Almer\u00eda por asesinato de mujer el lunes"}]},{"@type":"WebSite","@id":"https:\/\/www.diario21.tv\/noticias\/#website","url":"https:\/\/www.diario21.tv\/noticias\/","name":"Diario 21","description":"","potentialAction":[{"@type":"SearchAction","target":{"@type":"EntryPoint","urlTemplate":"https:\/\/www.diario21.tv\/noticias\/?s={search_term_string}"},"query-input":{"@type":"PropertyValueSpecification","valueRequired":true,"valueName":"search_term_string"}}],"inLanguage":"es-AR"},{"@type":"Person","@id":"https:\/\/www.diario21.tv\/noticias\/#\/schema\/person\/dfb778f73814d8f09f302618446a526b","name":"Juan P\u00e9rez","image":{"@type":"ImageObject","inLanguage":"es-AR","@id":"https:\/\/www.diario21.tv\/noticias\/#\/schema\/person\/image\/","url":"https:\/\/secure.gravatar.com\/avatar\/c478a405bd10621167f4c3167cc770f5?s=96&d=mm&r=g","contentUrl":"https:\/\/secure.gravatar.com\/avatar\/c478a405bd10621167f4c3167cc770f5?s=96&d=mm&r=g","caption":"Juan P\u00e9rez"},"description":"Juan P\u00e9rez es el redactor en jefe de Diario 21. Con m\u00e1s de 10 a\u00f1os de experiencia en el periodismo, se especializa en pol\u00edtica nacional y an\u00e1lisis socioecon\u00f3mico. Su enfoque cr\u00edtico y riguroso aporta una perspectiva \u00fanica a cada art\u00edculo.","sameAs":["https:\/\/www.diario21.tv\/noticias\/"],"url":"https:\/\/www.diario21.tv\/noticias\/author\/juan-perez\/"}]}},"_links":{"self":[{"href":"https:\/\/www.diario21.tv\/noticias\/wp-json\/wp\/v2\/posts\/1708"}],"collection":[{"href":"https:\/\/www.diario21.tv\/noticias\/wp-json\/wp\/v2\/posts"}],"about":[{"href":"https:\/\/www.diario21.tv\/noticias\/wp-json\/wp\/v2\/types\/post"}],"author":[{"embeddable":true,"href":"https:\/\/www.diario21.tv\/noticias\/wp-json\/wp\/v2\/users\/20"}],"replies":[{"embeddable":true,"href":"https:\/\/www.diario21.tv\/noticias\/wp-json\/wp\/v2\/comments?post=1708"}],"version-history":[{"count":1,"href":"https:\/\/www.diario21.tv\/noticias\/wp-json\/wp\/v2\/posts\/1708\/revisions"}],"predecessor-version":[{"id":1710,"href":"https:\/\/www.diario21.tv\/noticias\/wp-json\/wp\/v2\/posts\/1708\/revisions\/1710"}],"wp:featuredmedia":[{"embeddable":true,"href":"https:\/\/www.diario21.tv\/noticias\/wp-json\/wp\/v2\/media\/1709"}],"wp:attachment":[{"href":"https:\/\/www.diario21.tv\/noticias\/wp-json\/wp\/v2\/media?parent=1708"}],"wp:term":[{"taxonomy":"category","embeddable":true,"href":"https:\/\/www.diario21.tv\/noticias\/wp-json\/wp\/v2\/categories?post=1708"},{"taxonomy":"post_tag","embeddable":true,"href":"https:\/\/www.diario21.tv\/noticias\/wp-json\/wp\/v2\/tags?post=1708"}],"curies":[{"name":"wp","href":"https:\/\/api.w.org\/{rel}","templated":true}]}}