{"id":1691,"date":"2025-01-03T02:57:10","date_gmt":"2025-01-03T02:57:10","guid":{"rendered":"https:\/\/www.diario21.tv\/noticias\/empate-en-los-primeros-bebes-de-2025-en-espana-descubre-como-recibimos-a-los-recien-nacidos\/"},"modified":"2025-01-03T02:57:12","modified_gmt":"2025-01-03T02:57:12","slug":"empate-en-los-primeros-bebes-de-2025-en-espana-descubre-como-recibimos-a-los-recien-nacidos","status":"publish","type":"post","link":"https:\/\/www.diario21.tv\/noticias\/empate-en-los-primeros-bebes-de-2025-en-espana-descubre-como-recibimos-a-los-recien-nacidos\/","title":{"rendered":"\u00a1Empate en los primeros beb\u00e9s de 2025 en Espa\u00f1a! Descubre c\u00f3mo recibimos a los reci\u00e9n nacidos"},"content":{"rendered":"<h2>Empate en el nacimiento de los primeros beb\u00e9s de 2025 en Espa\u00f1a<\/h2>\n<p>El comienzo del a\u00f1o 2025 ha sido especialmente notable en Espa\u00f1a debido a la coincidencia inusual en el nacimiento de los primeros beb\u00e9s del a\u00f1o. Dos reci\u00e9n nacidos han compartido el honor de ser los primeros en llegar al mundo justo al comenzar el nuevo a\u00f1o, un evento que ha capturado la atenci\u00f3n de muchas personas en el pa\u00eds.<\/p>\n<h3>Detalles de los nacimientos simult\u00e1neos<\/h3>\n<p>Los protagonistas de esta historia son dos beb\u00e9s cuya llegada al mundo se produjo exactamente al mismo tiempo, en diferentes partes de Espa\u00f1a. Uno de ellos naci\u00f3 en un hospital de Madrid, mientras que el otro vio la luz en Barcelona. Ambos partos fueron atendidos en el primer segundo despu\u00e9s de la medianoche, marcando un empate t\u00e9cnico que es poco com\u00fan en los registros de nacimientos del pa\u00eds.<\/p>\n<p>Los equipos m\u00e9dicos de ambos hospitales confirmaron que los relojes marcaban las 00:00 cuando los beb\u00e9s emitieron su primer llanto, un detalle que a\u00f1ade emoci\u00f3n a este peculiar inicio de a\u00f1o. Los padres de los neonatos expresaron su sorpresa y alegr\u00eda al saber que sus hijos no solo compart\u00edan la fecha de nacimiento, sino tambi\u00e9n el t\u00edtulo de ser los primeros beb\u00e9s del a\u00f1o 2025 en Espa\u00f1a.<\/p>\n<h3>Reacciones y celebraciones<\/h3>\n<p>La noticia de este doble primer nacimiento se ha esparcido r\u00e1pidamente y ha sido motivo de celebraci\u00f3n. En ambos hospitales, el personal m\u00e9dico y las familias involucradas celebraron con entusiasmo este acontecimiento \u00fanico. Las autoridades hospitalarias organizaron peque\u00f1as ceremonias para conmemorar el evento, asegurando que tanto los beb\u00e9s como sus familias recibieran una c\u00e1lida bienvenida al nuevo a\u00f1o.<\/p>\n<p>En los medios de comunicaci\u00f3n y en las redes sociales, el empate en el nacimiento de estos beb\u00e9s ha generado numerosos comentarios y felicitaciones de personas de todo el pa\u00eds. Muchos destacan la singularidad de la coincidencia y env\u00edan buenos deseos para los reci\u00e9n nacidos y sus familias.<\/p>\n<h3>Significado y expectativas para el futuro<\/h3>\n<p>Este inusual empate en el nacimiento de los primeros beb\u00e9s del a\u00f1o no solo es un evento notable para las familidades involucradas, sino que tambi\u00e9n simboliza un comienzo lleno de esperanza y alegr\u00eda para el resto del pa\u00eds. La llegada de estos ni\u00f1os en el primer segundo del 2025 es vista por muchos como un buen augurio para el a\u00f1o que reci\u00e9n comienza.<\/p>\n<p>Los padres, por su parte, han compartido su emoci\u00f3n y los deseos de un futuro pr\u00f3spero y saludable para sus hijos. Mientras que el pa\u00eds sigue celebrando este curioso empate, todos esperan que este sea un presagio de un a\u00f1o nuevo lleno de felicidad y nuevos comienzos para todos en Espa\u00f1a.<\/p>\n\n\n<div class=\"kk-star-ratings kksr-auto kksr-align-left kksr-valign-bottom\"\n    data-payload='{&quot;align&quot;:&quot;left&quot;,&quot;id&quot;:&quot;1691&quot;,&quot;slug&quot;:&quot;default&quot;,&quot;valign&quot;:&quot;bottom&quot;,&quot;ignore&quot;:&quot;&quot;,&quot;reference&quot;:&quot;auto&quot;,&quot;class&quot;:&quot;&quot;,&quot;count&quot;:&quot;0&quot;,&quot;legendonly&quot;:&quot;&quot;,&quot;readonly&quot;:&quot;&quot;,&quot;score&quot;:&quot;0&quot;,&quot;starsonly&quot;:&quot;&quot;,&quot;best&quot;:&quot;5&quot;,&quot;gap&quot;:&quot;5&quot;,&quot;greet&quot;:&quot;Valora este post&quot;,&quot;legend&quot;:&quot;0\\\/5 - (0 votes)&quot;,&quot;size&quot;:&quot;22&quot;,&quot;title&quot;:&quot;\u00a1Empate en los primeros beb\u00e9s de 2025 en Espa\u00f1a! Descubre c\u00f3mo recibimos a los reci\u00e9n nacidos&quot;,&quot;width&quot;:&quot;0&quot;,&quot;_legend&quot;:&quot;{score}\\\/{best} - ({count} {votes})&quot;,&quot;font_factor&quot;:&quot;1.25&quot;}'>\n            \n<div class=\"kksr-stars\">\n    \n<div class=\"kksr-stars-inactive\">\n            <div class=\"kksr-star\" data-star=\"1\" style=\"padding-right: 5px\">\n            \n\n<div class=\"kksr-icon\" style=\"width: 22px; height: 22px;\"><\/div>\n        <\/div>\n            <div class=\"kksr-star\" data-star=\"2\" style=\"padding-right: 5px\">\n            \n\n<div class=\"kksr-icon\" style=\"width: 22px; height: 22px;\"><\/div>\n        <\/div>\n            <div class=\"kksr-star\" data-star=\"3\" style=\"padding-right: 5px\">\n            \n\n<div class=\"kksr-icon\" style=\"width: 22px; height: 22px;\"><\/div>\n        <\/div>\n            <div class=\"kksr-star\" data-star=\"4\" style=\"padding-right: 5px\">\n            \n\n<div class=\"kksr-icon\" style=\"width: 22px; height: 22px;\"><\/div>\n        <\/div>\n            <div class=\"kksr-star\" data-star=\"5\" style=\"padding-right: 5px\">\n            \n\n<div class=\"kksr-icon\" style=\"width: 22px; height: 22px;\"><\/div>\n        <\/div>\n    <\/div>\n    \n<div class=\"kksr-stars-active\" style=\"width: 0px;\">\n            <div class=\"kksr-star\" style=\"padding-right: 5px\">\n            \n\n<div class=\"kksr-icon\" style=\"width: 22px; height: 22px;\"><\/div>\n        <\/div>\n            <div class=\"kksr-star\" style=\"padding-right: 5px\">\n            \n\n<div class=\"kksr-icon\" style=\"width: 22px; height: 22px;\"><\/div>\n        <\/div>\n            <div class=\"kksr-star\" style=\"padding-right: 5px\">\n            \n\n<div class=\"kksr-icon\" style=\"width: 22px; height: 22px;\"><\/div>\n        <\/div>\n            <div class=\"kksr-star\" style=\"padding-right: 5px\">\n            \n\n<div class=\"kksr-icon\" style=\"width: 22px; height: 22px;\"><\/div>\n        <\/div>\n            <div class=\"kksr-star\" style=\"padding-right: 5px\">\n            \n\n<div class=\"kksr-icon\" style=\"width: 22px; height: 22px;\"><\/div>\n        <\/div>\n    <\/div>\n<\/div>\n                \n\n<div class=\"kksr-legend\" style=\"font-size: 17.6px;\">\n            <span class=\"kksr-muted\">Valora este post<\/span>\n    <\/div>\n    <\/div>\n","protected":false},"excerpt":{"rendered":"<p>Empate en el nacimiento de los primeros beb\u00e9s de 2025 en Espa\u00f1a El comienzo del a\u00f1o 2025 ha sido especialmente notable en Espa\u00f1a debido a la &#8230; <a title=\"\u00a1Empate en los primeros beb\u00e9s de 2025 en Espa\u00f1a! Descubre c\u00f3mo recibimos a los reci\u00e9n nacidos\" class=\"read-more\" href=\"https:\/\/www.diario21.tv\/noticias\/empate-en-los-primeros-bebes-de-2025-en-espana-descubre-como-recibimos-a-los-recien-nacidos\/\" aria-label=\"Leer m\u00e1s sobre \u00a1Empate en los primeros beb\u00e9s de 2025 en Espa\u00f1a! Descubre c\u00f3mo recibimos a los reci\u00e9n nacidos\">Seguir leyendo &rarr;<\/a><\/p>\n","protected":false},"author":20,"featured_media":1692,"comment_status":"open","ping_status":"open","sticky":false,"template":"","format":"standard","meta":{"footnotes":""},"categories":[13],"tags":[],"class_list":["post-1691","post","type-post","status-publish","format-standard","has-post-thumbnail","hentry","category-portada"],"yoast_head":"<!-- This site is optimized with the Yoast SEO plugin v25.6 - https:\/\/yoast.com\/wordpress\/plugins\/seo\/ -->\n<title>\u00a1Empate en los primeros beb\u00e9s de 2025 en Espa\u00f1a! Descubre c\u00f3mo recibimos a los reci\u00e9n nacidos - Diario 21<\/title>\n<meta name=\"robots\" content=\"index, follow, max-snippet:-1, max-image-preview:large, max-video-preview:-1\" \/>\n<link rel=\"canonical\" href=\"https:\/\/www.diario21.tv\/noticias\/empate-en-los-primeros-bebes-de-2025-en-espana-descubre-como-recibimos-a-los-recien-nacidos\/\" \/>\n<meta property=\"og:locale\" content=\"es_ES\" \/>\n<meta property=\"og:type\" content=\"article\" \/>\n<meta property=\"og:title\" content=\"\u00a1Empate en los primeros beb\u00e9s de 2025 en Espa\u00f1a! Descubre c\u00f3mo recibimos a los reci\u00e9n nacidos - Diario 21\" \/>\n<meta property=\"og:description\" content=\"Empate en el nacimiento de los primeros beb\u00e9s de 2025 en Espa\u00f1a El comienzo del a\u00f1o 2025 ha sido especialmente notable en Espa\u00f1a debido a la ... Seguir leyendo &rarr;\" \/>\n<meta property=\"og:url\" content=\"https:\/\/www.diario21.tv\/noticias\/empate-en-los-primeros-bebes-de-2025-en-espana-descubre-como-recibimos-a-los-recien-nacidos\/\" \/>\n<meta property=\"og:site_name\" content=\"Diario 21\" \/>\n<meta property=\"article:published_time\" content=\"2025-01-03T02:57:10+00:00\" \/>\n<meta property=\"article:modified_time\" content=\"2025-01-03T02:57:12+00:00\" \/>\n<meta property=\"og:image\" content=\"https:\/\/www.diario21.tv\/noticias\/wp-content\/uploads\/2025\/01\/\u00a1Empate-en-los-primeros-bebes-de-2025-en-Espana-Descubre.jpeg\" \/>\n\t<meta property=\"og:image:width\" content=\"1875\" \/>\n\t<meta property=\"og:image:height\" content=\"1359\" \/>\n\t<meta property=\"og:image:type\" content=\"image\/jpeg\" \/>\n<meta name=\"author\" content=\"Juan P\u00e9rez\" \/>\n<meta name=\"twitter:card\" content=\"summary_large_image\" \/>\n<meta name=\"twitter:label1\" content=\"Escrito por\" \/>\n\t<meta name=\"twitter:data1\" content=\"Juan P\u00e9rez\" \/>\n\t<meta name=\"twitter:label2\" content=\"Tiempo de lectura\" \/>\n\t<meta name=\"twitter:data2\" content=\"2 minutos\" \/>\n<script type=\"application\/ld+json\" class=\"yoast-schema-graph\">{\"@context\":\"https:\/\/schema.org\",\"@graph\":[{\"@type\":\"WebPage\",\"@id\":\"https:\/\/www.diario21.tv\/noticias\/empate-en-los-primeros-bebes-de-2025-en-espana-descubre-como-recibimos-a-los-recien-nacidos\/\",\"url\":\"https:\/\/www.diario21.tv\/noticias\/empate-en-los-primeros-bebes-de-2025-en-espana-descubre-como-recibimos-a-los-recien-nacidos\/\",\"name\":\"\u00a1Empate en los primeros beb\u00e9s de 2025 en Espa\u00f1a! Descubre c\u00f3mo recibimos a los reci\u00e9n nacidos - Diario 21\",\"isPartOf\":{\"@id\":\"https:\/\/www.diario21.tv\/noticias\/#website\"},\"primaryImageOfPage\":{\"@id\":\"https:\/\/www.diario21.tv\/noticias\/empate-en-los-primeros-bebes-de-2025-en-espana-descubre-como-recibimos-a-los-recien-nacidos\/#primaryimage\"},\"image\":{\"@id\":\"https:\/\/www.diario21.tv\/noticias\/empate-en-los-primeros-bebes-de-2025-en-espana-descubre-como-recibimos-a-los-recien-nacidos\/#primaryimage\"},\"thumbnailUrl\":\"https:\/\/www.diario21.tv\/noticias\/wp-content\/uploads\/2025\/01\/\u00a1Empate-en-los-primeros-bebes-de-2025-en-Espana-Descubre.jpeg\",\"datePublished\":\"2025-01-03T02:57:10+00:00\",\"dateModified\":\"2025-01-03T02:57:12+00:00\",\"author\":{\"@id\":\"https:\/\/www.diario21.tv\/noticias\/#\/schema\/person\/dfb778f73814d8f09f302618446a526b\"},\"breadcrumb\":{\"@id\":\"https:\/\/www.diario21.tv\/noticias\/empate-en-los-primeros-bebes-de-2025-en-espana-descubre-como-recibimos-a-los-recien-nacidos\/#breadcrumb\"},\"inLanguage\":\"es-AR\",\"potentialAction\":[{\"@type\":\"ReadAction\",\"target\":[\"https:\/\/www.diario21.tv\/noticias\/empate-en-los-primeros-bebes-de-2025-en-espana-descubre-como-recibimos-a-los-recien-nacidos\/\"]}]},{\"@type\":\"ImageObject\",\"inLanguage\":\"es-AR\",\"@id\":\"https:\/\/www.diario21.tv\/noticias\/empate-en-los-primeros-bebes-de-2025-en-espana-descubre-como-recibimos-a-los-recien-nacidos\/#primaryimage\",\"url\":\"https:\/\/www.diario21.tv\/noticias\/wp-content\/uploads\/2025\/01\/\u00a1Empate-en-los-primeros-bebes-de-2025-en-Espana-Descubre.jpeg\",\"contentUrl\":\"https:\/\/www.diario21.tv\/noticias\/wp-content\/uploads\/2025\/01\/\u00a1Empate-en-los-primeros-bebes-de-2025-en-Espana-Descubre.jpeg\",\"width\":1875,\"height\":1359,\"caption\":\"Empate t\u00e9cnico en las primeras beb\u00e9s de 2025 en Espa\u00f1a: as\u00ed han llegado los reci\u00e9n nacidos al a\u00f1o\"},{\"@type\":\"BreadcrumbList\",\"@id\":\"https:\/\/www.diario21.tv\/noticias\/empate-en-los-primeros-bebes-de-2025-en-espana-descubre-como-recibimos-a-los-recien-nacidos\/#breadcrumb\",\"itemListElement\":[{\"@type\":\"ListItem\",\"position\":1,\"name\":\"Accueil\",\"item\":\"https:\/\/www.diario21.tv\/noticias\/\"},{\"@type\":\"ListItem\",\"position\":2,\"name\":\"\u00a1Empate en los primeros beb\u00e9s de 2025 en Espa\u00f1a! Descubre c\u00f3mo recibimos a los reci\u00e9n nacidos\"}]},{\"@type\":\"WebSite\",\"@id\":\"https:\/\/www.diario21.tv\/noticias\/#website\",\"url\":\"https:\/\/www.diario21.tv\/noticias\/\",\"name\":\"Diario 21\",\"description\":\"\",\"potentialAction\":[{\"@type\":\"SearchAction\",\"target\":{\"@type\":\"EntryPoint\",\"urlTemplate\":\"https:\/\/www.diario21.tv\/noticias\/?s={search_term_string}\"},\"query-input\":{\"@type\":\"PropertyValueSpecification\",\"valueRequired\":true,\"valueName\":\"search_term_string\"}}],\"inLanguage\":\"es-AR\"},{\"@type\":\"Person\",\"@id\":\"https:\/\/www.diario21.tv\/noticias\/#\/schema\/person\/dfb778f73814d8f09f302618446a526b\",\"name\":\"Juan P\u00e9rez\",\"image\":{\"@type\":\"ImageObject\",\"inLanguage\":\"es-AR\",\"@id\":\"https:\/\/www.diario21.tv\/noticias\/#\/schema\/person\/image\/\",\"url\":\"https:\/\/secure.gravatar.com\/avatar\/c478a405bd10621167f4c3167cc770f5?s=96&d=mm&r=g\",\"contentUrl\":\"https:\/\/secure.gravatar.com\/avatar\/c478a405bd10621167f4c3167cc770f5?s=96&d=mm&r=g\",\"caption\":\"Juan P\u00e9rez\"},\"description\":\"Juan P\u00e9rez es el redactor en jefe de Diario 21. Con m\u00e1s de 10 a\u00f1os de experiencia en el periodismo, se especializa en pol\u00edtica nacional y an\u00e1lisis socioecon\u00f3mico. Su enfoque cr\u00edtico y riguroso aporta una perspectiva \u00fanica a cada art\u00edculo.\",\"sameAs\":[\"https:\/\/www.diario21.tv\/noticias\/\"],\"url\":\"https:\/\/www.diario21.tv\/noticias\/author\/juan-perez\/\"}]}<\/script>\n<!-- \/ Yoast SEO plugin. -->","yoast_head_json":{"title":"\u00a1Empate en los primeros beb\u00e9s de 2025 en Espa\u00f1a! Descubre c\u00f3mo recibimos a los reci\u00e9n nacidos - Diario 21","robots":{"index":"index","follow":"follow","max-snippet":"max-snippet:-1","max-image-preview":"max-image-preview:large","max-video-preview":"max-video-preview:-1"},"canonical":"https:\/\/www.diario21.tv\/noticias\/empate-en-los-primeros-bebes-de-2025-en-espana-descubre-como-recibimos-a-los-recien-nacidos\/","og_locale":"es_ES","og_type":"article","og_title":"\u00a1Empate en los primeros beb\u00e9s de 2025 en Espa\u00f1a! Descubre c\u00f3mo recibimos a los reci\u00e9n nacidos - Diario 21","og_description":"Empate en el nacimiento de los primeros beb\u00e9s de 2025 en Espa\u00f1a El comienzo del a\u00f1o 2025 ha sido especialmente notable en Espa\u00f1a debido a la ... Seguir leyendo &rarr;","og_url":"https:\/\/www.diario21.tv\/noticias\/empate-en-los-primeros-bebes-de-2025-en-espana-descubre-como-recibimos-a-los-recien-nacidos\/","og_site_name":"Diario 21","article_published_time":"2025-01-03T02:57:10+00:00","article_modified_time":"2025-01-03T02:57:12+00:00","og_image":[{"width":1875,"height":1359,"url":"https:\/\/www.diario21.tv\/noticias\/wp-content\/uploads\/2025\/01\/\u00a1Empate-en-los-primeros-bebes-de-2025-en-Espana-Descubre.jpeg","type":"image\/jpeg"}],"author":"Juan P\u00e9rez","twitter_card":"summary_large_image","twitter_misc":{"Escrito por":"Juan P\u00e9rez","Tiempo de lectura":"2 minutos"},"schema":{"@context":"https:\/\/schema.org","@graph":[{"@type":"WebPage","@id":"https:\/\/www.diario21.tv\/noticias\/empate-en-los-primeros-bebes-de-2025-en-espana-descubre-como-recibimos-a-los-recien-nacidos\/","url":"https:\/\/www.diario21.tv\/noticias\/empate-en-los-primeros-bebes-de-2025-en-espana-descubre-como-recibimos-a-los-recien-nacidos\/","name":"\u00a1Empate en los primeros beb\u00e9s de 2025 en Espa\u00f1a! Descubre c\u00f3mo recibimos a los reci\u00e9n nacidos - Diario 21","isPartOf":{"@id":"https:\/\/www.diario21.tv\/noticias\/#website"},"primaryImageOfPage":{"@id":"https:\/\/www.diario21.tv\/noticias\/empate-en-los-primeros-bebes-de-2025-en-espana-descubre-como-recibimos-a-los-recien-nacidos\/#primaryimage"},"image":{"@id":"https:\/\/www.diario21.tv\/noticias\/empate-en-los-primeros-bebes-de-2025-en-espana-descubre-como-recibimos-a-los-recien-nacidos\/#primaryimage"},"thumbnailUrl":"https:\/\/www.diario21.tv\/noticias\/wp-content\/uploads\/2025\/01\/\u00a1Empate-en-los-primeros-bebes-de-2025-en-Espana-Descubre.jpeg","datePublished":"2025-01-03T02:57:10+00:00","dateModified":"2025-01-03T02:57:12+00:00","author":{"@id":"https:\/\/www.diario21.tv\/noticias\/#\/schema\/person\/dfb778f73814d8f09f302618446a526b"},"breadcrumb":{"@id":"https:\/\/www.diario21.tv\/noticias\/empate-en-los-primeros-bebes-de-2025-en-espana-descubre-como-recibimos-a-los-recien-nacidos\/#breadcrumb"},"inLanguage":"es-AR","potentialAction":[{"@type":"ReadAction","target":["https:\/\/www.diario21.tv\/noticias\/empate-en-los-primeros-bebes-de-2025-en-espana-descubre-como-recibimos-a-los-recien-nacidos\/"]}]},{"@type":"ImageObject","inLanguage":"es-AR","@id":"https:\/\/www.diario21.tv\/noticias\/empate-en-los-primeros-bebes-de-2025-en-espana-descubre-como-recibimos-a-los-recien-nacidos\/#primaryimage","url":"https:\/\/www.diario21.tv\/noticias\/wp-content\/uploads\/2025\/01\/\u00a1Empate-en-los-primeros-bebes-de-2025-en-Espana-Descubre.jpeg","contentUrl":"https:\/\/www.diario21.tv\/noticias\/wp-content\/uploads\/2025\/01\/\u00a1Empate-en-los-primeros-bebes-de-2025-en-Espana-Descubre.jpeg","width":1875,"height":1359,"caption":"Empate t\u00e9cnico en las primeras beb\u00e9s de 2025 en Espa\u00f1a: as\u00ed han llegado los reci\u00e9n nacidos al a\u00f1o"},{"@type":"BreadcrumbList","@id":"https:\/\/www.diario21.tv\/noticias\/empate-en-los-primeros-bebes-de-2025-en-espana-descubre-como-recibimos-a-los-recien-nacidos\/#breadcrumb","itemListElement":[{"@type":"ListItem","position":1,"name":"Accueil","item":"https:\/\/www.diario21.tv\/noticias\/"},{"@type":"ListItem","position":2,"name":"\u00a1Empate en los primeros beb\u00e9s de 2025 en Espa\u00f1a! Descubre c\u00f3mo recibimos a los reci\u00e9n nacidos"}]},{"@type":"WebSite","@id":"https:\/\/www.diario21.tv\/noticias\/#website","url":"https:\/\/www.diario21.tv\/noticias\/","name":"Diario 21","description":"","potentialAction":[{"@type":"SearchAction","target":{"@type":"EntryPoint","urlTemplate":"https:\/\/www.diario21.tv\/noticias\/?s={search_term_string}"},"query-input":{"@type":"PropertyValueSpecification","valueRequired":true,"valueName":"search_term_string"}}],"inLanguage":"es-AR"},{"@type":"Person","@id":"https:\/\/www.diario21.tv\/noticias\/#\/schema\/person\/dfb778f73814d8f09f302618446a526b","name":"Juan P\u00e9rez","image":{"@type":"ImageObject","inLanguage":"es-AR","@id":"https:\/\/www.diario21.tv\/noticias\/#\/schema\/person\/image\/","url":"https:\/\/secure.gravatar.com\/avatar\/c478a405bd10621167f4c3167cc770f5?s=96&d=mm&r=g","contentUrl":"https:\/\/secure.gravatar.com\/avatar\/c478a405bd10621167f4c3167cc770f5?s=96&d=mm&r=g","caption":"Juan P\u00e9rez"},"description":"Juan P\u00e9rez es el redactor en jefe de Diario 21. Con m\u00e1s de 10 a\u00f1os de experiencia en el periodismo, se especializa en pol\u00edtica nacional y an\u00e1lisis socioecon\u00f3mico. Su enfoque cr\u00edtico y riguroso aporta una perspectiva \u00fanica a cada art\u00edculo.","sameAs":["https:\/\/www.diario21.tv\/noticias\/"],"url":"https:\/\/www.diario21.tv\/noticias\/author\/juan-perez\/"}]}},"_links":{"self":[{"href":"https:\/\/www.diario21.tv\/noticias\/wp-json\/wp\/v2\/posts\/1691"}],"collection":[{"href":"https:\/\/www.diario21.tv\/noticias\/wp-json\/wp\/v2\/posts"}],"about":[{"href":"https:\/\/www.diario21.tv\/noticias\/wp-json\/wp\/v2\/types\/post"}],"author":[{"embeddable":true,"href":"https:\/\/www.diario21.tv\/noticias\/wp-json\/wp\/v2\/users\/20"}],"replies":[{"embeddable":true,"href":"https:\/\/www.diario21.tv\/noticias\/wp-json\/wp\/v2\/comments?post=1691"}],"version-history":[{"count":1,"href":"https:\/\/www.diario21.tv\/noticias\/wp-json\/wp\/v2\/posts\/1691\/revisions"}],"predecessor-version":[{"id":1693,"href":"https:\/\/www.diario21.tv\/noticias\/wp-json\/wp\/v2\/posts\/1691\/revisions\/1693"}],"wp:featuredmedia":[{"embeddable":true,"href":"https:\/\/www.diario21.tv\/noticias\/wp-json\/wp\/v2\/media\/1692"}],"wp:attachment":[{"href":"https:\/\/www.diario21.tv\/noticias\/wp-json\/wp\/v2\/media?parent=1691"}],"wp:term":[{"taxonomy":"category","embeddable":true,"href":"https:\/\/www.diario21.tv\/noticias\/wp-json\/wp\/v2\/categories?post=1691"},{"taxonomy":"post_tag","embeddable":true,"href":"https:\/\/www.diario21.tv\/noticias\/wp-json\/wp\/v2\/tags?post=1691"}],"curies":[{"name":"wp","href":"https:\/\/api.w.org\/{rel}","templated":true}]}}