{"id":1688,"date":"2025-01-02T20:18:40","date_gmt":"2025-01-02T20:18:40","guid":{"rendered":"https:\/\/www.diario21.tv\/noticias\/el-papa-condena-la-guerra-inhumana-que-destroza-el-corazon-de-las-madres\/"},"modified":"2025-01-02T20:18:42","modified_gmt":"2025-01-02T20:18:42","slug":"el-papa-condena-la-guerra-inhumana-que-destroza-el-corazon-de-las-madres","status":"publish","type":"post","link":"https:\/\/www.diario21.tv\/noticias\/el-papa-condena-la-guerra-inhumana-que-destroza-el-corazon-de-las-madres\/","title":{"rendered":"El Papa condena la guerra inhumana que destroza el coraz\u00f3n de las madres"},"content":{"rendered":"<h2>El Papa Francisco Critica la Crueldad de la Guerra<\/h2>\n<p>En recientes declaraciones, el Papa Francisco ha expresado su profunda tristeza y preocupaci\u00f3n por la brutalidad y el car\u00e1cter inhumano de los conflictos b\u00e9licos, destacando especialmente el dolor insufrible que estos causan en las madres de aquellos involucrados. Durante un discurso, el pont\u00edfice enfatiz\u00f3 c\u00f3mo la guerra no solo destruye f\u00edsicamente a las comunidades, sino que tambi\u00e9n desgarra el coraz\u00f3n de quienes dan vida, refiri\u00e9ndose directamente al sufrimiento materno ante la p\u00e9rdida y el horror de la guerra.<\/p>\n<h3>El Impacto Devastador en las Familias<\/h3>\n<p>El l\u00edder de la Iglesia Cat\u00f3lica se\u00f1al\u00f3 que las consecuencias de cualquier conflicto armado trascienden las batallas y las estrategias militares. La guerra, seg\u00fan Francisco, tiene un efecto desolador en el n\u00facleo familiar, especialmente en las madres que deben enfrentar el dolor de perder a sus hijos o verlos partir hacia la incertidumbre del combate. Este aspecto emocional y personal de la guerra, a menudo overshadowed por discusiones pol\u00edticas y t\u00e1cticas de defensa, es crucial para entender la verdadera naturaleza de estos conflictos como tragedias humanas.<\/p>\n<h3>Un Llamado a la Paz y la Reconciliaci\u00f3n<\/h3>\n<p>Adem\u00e1s de describir las penurias causadas por la guerra, el Papa Francisco hizo un ferviente llamado a la comunidad internacional para buscar soluciones pac\u00edficas a los conflictos. Insisti\u00f3 en la importancia de trabajar hacia la reconciliaci\u00f3n y el entendimiento mutuo para evitar m\u00e1s sufrimiento. El pont\u00edfice reiter\u00f3 su compromiso con la paz mundial y exhort\u00f3 a l\u00edderes y naciones a priorizar el di\u00e1logo y el respeto por la vida humana sobre las ambiciones territoriales o pol\u00edticas.<\/p>\n<p>El mensaje del Papa no solo resalta la urgencia de la paz, sino que tambi\u00e9n recuerda a la sociedad global la importancia de la compasi\u00f3n y la empat\u00eda hacia todos aquellos afectados por la guerra. En un mundo donde los conflictos parecen interminables, las palabras del Papa Francisco sirven como un recordatorio sombr\u00edo de las consecuencias humanas de la guerra y un llamado a la acci\u00f3n para aquellos en posici\u00f3n de hacer cambios.<\/p>\n\n\n<div class=\"kk-star-ratings kksr-auto kksr-align-left kksr-valign-bottom\"\n    data-payload='{&quot;align&quot;:&quot;left&quot;,&quot;id&quot;:&quot;1688&quot;,&quot;slug&quot;:&quot;default&quot;,&quot;valign&quot;:&quot;bottom&quot;,&quot;ignore&quot;:&quot;&quot;,&quot;reference&quot;:&quot;auto&quot;,&quot;class&quot;:&quot;&quot;,&quot;count&quot;:&quot;0&quot;,&quot;legendonly&quot;:&quot;&quot;,&quot;readonly&quot;:&quot;&quot;,&quot;score&quot;:&quot;0&quot;,&quot;starsonly&quot;:&quot;&quot;,&quot;best&quot;:&quot;5&quot;,&quot;gap&quot;:&quot;5&quot;,&quot;greet&quot;:&quot;Valora este post&quot;,&quot;legend&quot;:&quot;0\\\/5 - (0 votes)&quot;,&quot;size&quot;:&quot;22&quot;,&quot;title&quot;:&quot;El Papa condena la guerra inhumana que destroza el coraz\u00f3n de las madres&quot;,&quot;width&quot;:&quot;0&quot;,&quot;_legend&quot;:&quot;{score}\\\/{best} - ({count} {votes})&quot;,&quot;font_factor&quot;:&quot;1.25&quot;}'>\n            \n<div class=\"kksr-stars\">\n    \n<div class=\"kksr-stars-inactive\">\n            <div class=\"kksr-star\" data-star=\"1\" style=\"padding-right: 5px\">\n            \n\n<div class=\"kksr-icon\" style=\"width: 22px; height: 22px;\"><\/div>\n        <\/div>\n            <div class=\"kksr-star\" data-star=\"2\" style=\"padding-right: 5px\">\n            \n\n<div class=\"kksr-icon\" style=\"width: 22px; height: 22px;\"><\/div>\n        <\/div>\n            <div class=\"kksr-star\" data-star=\"3\" style=\"padding-right: 5px\">\n            \n\n<div class=\"kksr-icon\" style=\"width: 22px; height: 22px;\"><\/div>\n        <\/div>\n            <div class=\"kksr-star\" data-star=\"4\" style=\"padding-right: 5px\">\n            \n\n<div class=\"kksr-icon\" style=\"width: 22px; height: 22px;\"><\/div>\n        <\/div>\n            <div class=\"kksr-star\" data-star=\"5\" style=\"padding-right: 5px\">\n            \n\n<div class=\"kksr-icon\" style=\"width: 22px; height: 22px;\"><\/div>\n        <\/div>\n    <\/div>\n    \n<div class=\"kksr-stars-active\" style=\"width: 0px;\">\n            <div class=\"kksr-star\" style=\"padding-right: 5px\">\n            \n\n<div class=\"kksr-icon\" style=\"width: 22px; height: 22px;\"><\/div>\n        <\/div>\n            <div class=\"kksr-star\" style=\"padding-right: 5px\">\n            \n\n<div class=\"kksr-icon\" style=\"width: 22px; height: 22px;\"><\/div>\n        <\/div>\n            <div class=\"kksr-star\" style=\"padding-right: 5px\">\n            \n\n<div class=\"kksr-icon\" style=\"width: 22px; height: 22px;\"><\/div>\n        <\/div>\n            <div class=\"kksr-star\" style=\"padding-right: 5px\">\n            \n\n<div class=\"kksr-icon\" style=\"width: 22px; height: 22px;\"><\/div>\n        <\/div>\n            <div class=\"kksr-star\" style=\"padding-right: 5px\">\n            \n\n<div class=\"kksr-icon\" style=\"width: 22px; height: 22px;\"><\/div>\n        <\/div>\n    <\/div>\n<\/div>\n                \n\n<div class=\"kksr-legend\" style=\"font-size: 17.6px;\">\n            <span class=\"kksr-muted\">Valora este post<\/span>\n    <\/div>\n    <\/div>\n","protected":false},"excerpt":{"rendered":"<p>El Papa Francisco Critica la Crueldad de la Guerra En recientes declaraciones, el Papa Francisco ha expresado su profunda tristeza y preocupaci\u00f3n por la brutalidad y &#8230; <a title=\"El Papa condena la guerra inhumana que destroza el coraz\u00f3n de las madres\" class=\"read-more\" href=\"https:\/\/www.diario21.tv\/noticias\/el-papa-condena-la-guerra-inhumana-que-destroza-el-corazon-de-las-madres\/\" aria-label=\"Leer m\u00e1s sobre El Papa condena la guerra inhumana que destroza el coraz\u00f3n de las madres\">Seguir leyendo &rarr;<\/a><\/p>\n","protected":false},"author":20,"featured_media":1689,"comment_status":"open","ping_status":"open","sticky":false,"template":"","format":"standard","meta":{"footnotes":""},"categories":[13],"tags":[],"class_list":["post-1688","post","type-post","status-publish","format-standard","has-post-thumbnail","hentry","category-portada"],"yoast_head":"<!-- This site is optimized with the Yoast SEO plugin v25.6 - https:\/\/yoast.com\/wordpress\/plugins\/seo\/ -->\n<title>El Papa condena la guerra inhumana que destroza el coraz\u00f3n de las madres - Diario 21<\/title>\n<meta name=\"robots\" content=\"index, follow, max-snippet:-1, max-image-preview:large, max-video-preview:-1\" \/>\n<link rel=\"canonical\" href=\"https:\/\/www.diario21.tv\/noticias\/el-papa-condena-la-guerra-inhumana-que-destroza-el-corazon-de-las-madres\/\" \/>\n<meta property=\"og:locale\" content=\"es_ES\" \/>\n<meta property=\"og:type\" content=\"article\" \/>\n<meta property=\"og:title\" content=\"El Papa condena la guerra inhumana que destroza el coraz\u00f3n de las madres - Diario 21\" \/>\n<meta property=\"og:description\" content=\"El Papa Francisco Critica la Crueldad de la Guerra En recientes declaraciones, el Papa Francisco ha expresado su profunda tristeza y preocupaci\u00f3n por la brutalidad y ... Seguir leyendo &rarr;\" \/>\n<meta property=\"og:url\" content=\"https:\/\/www.diario21.tv\/noticias\/el-papa-condena-la-guerra-inhumana-que-destroza-el-corazon-de-las-madres\/\" \/>\n<meta property=\"og:site_name\" content=\"Diario 21\" \/>\n<meta property=\"article:published_time\" content=\"2025-01-02T20:18:40+00:00\" \/>\n<meta property=\"article:modified_time\" content=\"2025-01-02T20:18:42+00:00\" \/>\n<meta property=\"og:image\" content=\"https:\/\/www.diario21.tv\/noticias\/wp-content\/uploads\/2025\/01\/El-Papa-condena-la-guerra-inhumana-que-destroza-el-corazon.jpg\" \/>\n\t<meta property=\"og:image:width\" content=\"1920\" \/>\n\t<meta property=\"og:image:height\" content=\"1080\" \/>\n\t<meta property=\"og:image:type\" content=\"image\/jpeg\" \/>\n<meta name=\"author\" content=\"Juan P\u00e9rez\" \/>\n<meta name=\"twitter:card\" content=\"summary_large_image\" \/>\n<meta name=\"twitter:label1\" content=\"Escrito por\" \/>\n\t<meta name=\"twitter:data1\" content=\"Juan P\u00e9rez\" \/>\n\t<meta name=\"twitter:label2\" content=\"Tiempo de lectura\" \/>\n\t<meta name=\"twitter:data2\" content=\"2 minutos\" \/>\n<script type=\"application\/ld+json\" class=\"yoast-schema-graph\">{\"@context\":\"https:\/\/schema.org\",\"@graph\":[{\"@type\":\"WebPage\",\"@id\":\"https:\/\/www.diario21.tv\/noticias\/el-papa-condena-la-guerra-inhumana-que-destroza-el-corazon-de-las-madres\/\",\"url\":\"https:\/\/www.diario21.tv\/noticias\/el-papa-condena-la-guerra-inhumana-que-destroza-el-corazon-de-las-madres\/\",\"name\":\"El Papa condena la guerra inhumana que destroza el coraz\u00f3n de las madres - Diario 21\",\"isPartOf\":{\"@id\":\"https:\/\/www.diario21.tv\/noticias\/#website\"},\"primaryImageOfPage\":{\"@id\":\"https:\/\/www.diario21.tv\/noticias\/el-papa-condena-la-guerra-inhumana-que-destroza-el-corazon-de-las-madres\/#primaryimage\"},\"image\":{\"@id\":\"https:\/\/www.diario21.tv\/noticias\/el-papa-condena-la-guerra-inhumana-que-destroza-el-corazon-de-las-madres\/#primaryimage\"},\"thumbnailUrl\":\"https:\/\/www.diario21.tv\/noticias\/wp-content\/uploads\/2025\/01\/El-Papa-condena-la-guerra-inhumana-que-destroza-el-corazon.jpg\",\"datePublished\":\"2025-01-02T20:18:40+00:00\",\"dateModified\":\"2025-01-02T20:18:42+00:00\",\"author\":{\"@id\":\"https:\/\/www.diario21.tv\/noticias\/#\/schema\/person\/dfb778f73814d8f09f302618446a526b\"},\"breadcrumb\":{\"@id\":\"https:\/\/www.diario21.tv\/noticias\/el-papa-condena-la-guerra-inhumana-que-destroza-el-corazon-de-las-madres\/#breadcrumb\"},\"inLanguage\":\"es-AR\",\"potentialAction\":[{\"@type\":\"ReadAction\",\"target\":[\"https:\/\/www.diario21.tv\/noticias\/el-papa-condena-la-guerra-inhumana-que-destroza-el-corazon-de-las-madres\/\"]}]},{\"@type\":\"ImageObject\",\"inLanguage\":\"es-AR\",\"@id\":\"https:\/\/www.diario21.tv\/noticias\/el-papa-condena-la-guerra-inhumana-que-destroza-el-corazon-de-las-madres\/#primaryimage\",\"url\":\"https:\/\/www.diario21.tv\/noticias\/wp-content\/uploads\/2025\/01\/El-Papa-condena-la-guerra-inhumana-que-destroza-el-corazon.jpg\",\"contentUrl\":\"https:\/\/www.diario21.tv\/noticias\/wp-content\/uploads\/2025\/01\/El-Papa-condena-la-guerra-inhumana-que-destroza-el-corazon.jpg\",\"width\":1920,\"height\":1080,\"caption\":\"El Papa lamenta lo \u00abinhumano de la guerra\u00bb, que \u00abrompe el coraz\u00f3n de las madres\u00bb\"},{\"@type\":\"BreadcrumbList\",\"@id\":\"https:\/\/www.diario21.tv\/noticias\/el-papa-condena-la-guerra-inhumana-que-destroza-el-corazon-de-las-madres\/#breadcrumb\",\"itemListElement\":[{\"@type\":\"ListItem\",\"position\":1,\"name\":\"Accueil\",\"item\":\"https:\/\/www.diario21.tv\/noticias\/\"},{\"@type\":\"ListItem\",\"position\":2,\"name\":\"El Papa condena la guerra inhumana que destroza el coraz\u00f3n de las madres\"}]},{\"@type\":\"WebSite\",\"@id\":\"https:\/\/www.diario21.tv\/noticias\/#website\",\"url\":\"https:\/\/www.diario21.tv\/noticias\/\",\"name\":\"Diario 21\",\"description\":\"\",\"potentialAction\":[{\"@type\":\"SearchAction\",\"target\":{\"@type\":\"EntryPoint\",\"urlTemplate\":\"https:\/\/www.diario21.tv\/noticias\/?s={search_term_string}\"},\"query-input\":{\"@type\":\"PropertyValueSpecification\",\"valueRequired\":true,\"valueName\":\"search_term_string\"}}],\"inLanguage\":\"es-AR\"},{\"@type\":\"Person\",\"@id\":\"https:\/\/www.diario21.tv\/noticias\/#\/schema\/person\/dfb778f73814d8f09f302618446a526b\",\"name\":\"Juan P\u00e9rez\",\"image\":{\"@type\":\"ImageObject\",\"inLanguage\":\"es-AR\",\"@id\":\"https:\/\/www.diario21.tv\/noticias\/#\/schema\/person\/image\/\",\"url\":\"https:\/\/secure.gravatar.com\/avatar\/c478a405bd10621167f4c3167cc770f5?s=96&d=mm&r=g\",\"contentUrl\":\"https:\/\/secure.gravatar.com\/avatar\/c478a405bd10621167f4c3167cc770f5?s=96&d=mm&r=g\",\"caption\":\"Juan P\u00e9rez\"},\"description\":\"Juan P\u00e9rez es el redactor en jefe de Diario 21. Con m\u00e1s de 10 a\u00f1os de experiencia en el periodismo, se especializa en pol\u00edtica nacional y an\u00e1lisis socioecon\u00f3mico. Su enfoque cr\u00edtico y riguroso aporta una perspectiva \u00fanica a cada art\u00edculo.\",\"sameAs\":[\"https:\/\/www.diario21.tv\/noticias\/\"],\"url\":\"https:\/\/www.diario21.tv\/noticias\/author\/juan-perez\/\"}]}<\/script>\n<!-- \/ Yoast SEO plugin. -->","yoast_head_json":{"title":"El Papa condena la guerra inhumana que destroza el coraz\u00f3n de las madres - Diario 21","robots":{"index":"index","follow":"follow","max-snippet":"max-snippet:-1","max-image-preview":"max-image-preview:large","max-video-preview":"max-video-preview:-1"},"canonical":"https:\/\/www.diario21.tv\/noticias\/el-papa-condena-la-guerra-inhumana-que-destroza-el-corazon-de-las-madres\/","og_locale":"es_ES","og_type":"article","og_title":"El Papa condena la guerra inhumana que destroza el coraz\u00f3n de las madres - Diario 21","og_description":"El Papa Francisco Critica la Crueldad de la Guerra En recientes declaraciones, el Papa Francisco ha expresado su profunda tristeza y preocupaci\u00f3n por la brutalidad y ... Seguir leyendo &rarr;","og_url":"https:\/\/www.diario21.tv\/noticias\/el-papa-condena-la-guerra-inhumana-que-destroza-el-corazon-de-las-madres\/","og_site_name":"Diario 21","article_published_time":"2025-01-02T20:18:40+00:00","article_modified_time":"2025-01-02T20:18:42+00:00","og_image":[{"width":1920,"height":1080,"url":"https:\/\/www.diario21.tv\/noticias\/wp-content\/uploads\/2025\/01\/El-Papa-condena-la-guerra-inhumana-que-destroza-el-corazon.jpg","type":"image\/jpeg"}],"author":"Juan P\u00e9rez","twitter_card":"summary_large_image","twitter_misc":{"Escrito por":"Juan P\u00e9rez","Tiempo de lectura":"2 minutos"},"schema":{"@context":"https:\/\/schema.org","@graph":[{"@type":"WebPage","@id":"https:\/\/www.diario21.tv\/noticias\/el-papa-condena-la-guerra-inhumana-que-destroza-el-corazon-de-las-madres\/","url":"https:\/\/www.diario21.tv\/noticias\/el-papa-condena-la-guerra-inhumana-que-destroza-el-corazon-de-las-madres\/","name":"El Papa condena la guerra inhumana que destroza el coraz\u00f3n de las madres - Diario 21","isPartOf":{"@id":"https:\/\/www.diario21.tv\/noticias\/#website"},"primaryImageOfPage":{"@id":"https:\/\/www.diario21.tv\/noticias\/el-papa-condena-la-guerra-inhumana-que-destroza-el-corazon-de-las-madres\/#primaryimage"},"image":{"@id":"https:\/\/www.diario21.tv\/noticias\/el-papa-condena-la-guerra-inhumana-que-destroza-el-corazon-de-las-madres\/#primaryimage"},"thumbnailUrl":"https:\/\/www.diario21.tv\/noticias\/wp-content\/uploads\/2025\/01\/El-Papa-condena-la-guerra-inhumana-que-destroza-el-corazon.jpg","datePublished":"2025-01-02T20:18:40+00:00","dateModified":"2025-01-02T20:18:42+00:00","author":{"@id":"https:\/\/www.diario21.tv\/noticias\/#\/schema\/person\/dfb778f73814d8f09f302618446a526b"},"breadcrumb":{"@id":"https:\/\/www.diario21.tv\/noticias\/el-papa-condena-la-guerra-inhumana-que-destroza-el-corazon-de-las-madres\/#breadcrumb"},"inLanguage":"es-AR","potentialAction":[{"@type":"ReadAction","target":["https:\/\/www.diario21.tv\/noticias\/el-papa-condena-la-guerra-inhumana-que-destroza-el-corazon-de-las-madres\/"]}]},{"@type":"ImageObject","inLanguage":"es-AR","@id":"https:\/\/www.diario21.tv\/noticias\/el-papa-condena-la-guerra-inhumana-que-destroza-el-corazon-de-las-madres\/#primaryimage","url":"https:\/\/www.diario21.tv\/noticias\/wp-content\/uploads\/2025\/01\/El-Papa-condena-la-guerra-inhumana-que-destroza-el-corazon.jpg","contentUrl":"https:\/\/www.diario21.tv\/noticias\/wp-content\/uploads\/2025\/01\/El-Papa-condena-la-guerra-inhumana-que-destroza-el-corazon.jpg","width":1920,"height":1080,"caption":"El Papa lamenta lo \u00abinhumano de la guerra\u00bb, que \u00abrompe el coraz\u00f3n de las madres\u00bb"},{"@type":"BreadcrumbList","@id":"https:\/\/www.diario21.tv\/noticias\/el-papa-condena-la-guerra-inhumana-que-destroza-el-corazon-de-las-madres\/#breadcrumb","itemListElement":[{"@type":"ListItem","position":1,"name":"Accueil","item":"https:\/\/www.diario21.tv\/noticias\/"},{"@type":"ListItem","position":2,"name":"El Papa condena la guerra inhumana que destroza el coraz\u00f3n de las madres"}]},{"@type":"WebSite","@id":"https:\/\/www.diario21.tv\/noticias\/#website","url":"https:\/\/www.diario21.tv\/noticias\/","name":"Diario 21","description":"","potentialAction":[{"@type":"SearchAction","target":{"@type":"EntryPoint","urlTemplate":"https:\/\/www.diario21.tv\/noticias\/?s={search_term_string}"},"query-input":{"@type":"PropertyValueSpecification","valueRequired":true,"valueName":"search_term_string"}}],"inLanguage":"es-AR"},{"@type":"Person","@id":"https:\/\/www.diario21.tv\/noticias\/#\/schema\/person\/dfb778f73814d8f09f302618446a526b","name":"Juan P\u00e9rez","image":{"@type":"ImageObject","inLanguage":"es-AR","@id":"https:\/\/www.diario21.tv\/noticias\/#\/schema\/person\/image\/","url":"https:\/\/secure.gravatar.com\/avatar\/c478a405bd10621167f4c3167cc770f5?s=96&d=mm&r=g","contentUrl":"https:\/\/secure.gravatar.com\/avatar\/c478a405bd10621167f4c3167cc770f5?s=96&d=mm&r=g","caption":"Juan P\u00e9rez"},"description":"Juan P\u00e9rez es el redactor en jefe de Diario 21. Con m\u00e1s de 10 a\u00f1os de experiencia en el periodismo, se especializa en pol\u00edtica nacional y an\u00e1lisis socioecon\u00f3mico. Su enfoque cr\u00edtico y riguroso aporta una perspectiva \u00fanica a cada art\u00edculo.","sameAs":["https:\/\/www.diario21.tv\/noticias\/"],"url":"https:\/\/www.diario21.tv\/noticias\/author\/juan-perez\/"}]}},"_links":{"self":[{"href":"https:\/\/www.diario21.tv\/noticias\/wp-json\/wp\/v2\/posts\/1688"}],"collection":[{"href":"https:\/\/www.diario21.tv\/noticias\/wp-json\/wp\/v2\/posts"}],"about":[{"href":"https:\/\/www.diario21.tv\/noticias\/wp-json\/wp\/v2\/types\/post"}],"author":[{"embeddable":true,"href":"https:\/\/www.diario21.tv\/noticias\/wp-json\/wp\/v2\/users\/20"}],"replies":[{"embeddable":true,"href":"https:\/\/www.diario21.tv\/noticias\/wp-json\/wp\/v2\/comments?post=1688"}],"version-history":[{"count":1,"href":"https:\/\/www.diario21.tv\/noticias\/wp-json\/wp\/v2\/posts\/1688\/revisions"}],"predecessor-version":[{"id":1690,"href":"https:\/\/www.diario21.tv\/noticias\/wp-json\/wp\/v2\/posts\/1688\/revisions\/1690"}],"wp:featuredmedia":[{"embeddable":true,"href":"https:\/\/www.diario21.tv\/noticias\/wp-json\/wp\/v2\/media\/1689"}],"wp:attachment":[{"href":"https:\/\/www.diario21.tv\/noticias\/wp-json\/wp\/v2\/media?parent=1688"}],"wp:term":[{"taxonomy":"category","embeddable":true,"href":"https:\/\/www.diario21.tv\/noticias\/wp-json\/wp\/v2\/categories?post=1688"},{"taxonomy":"post_tag","embeddable":true,"href":"https:\/\/www.diario21.tv\/noticias\/wp-json\/wp\/v2\/tags?post=1688"}],"curies":[{"name":"wp","href":"https:\/\/api.w.org\/{rel}","templated":true}]}}