{"id":1673,"date":"2025-01-01T06:14:15","date_gmt":"2025-01-01T06:14:15","guid":{"rendered":"https:\/\/www.diario21.tv\/noticias\/espana-supera-a-alemania-en-ensayos-clinicos-y-se-convierte-en-lider-europeo\/"},"modified":"2025-01-01T06:14:21","modified_gmt":"2025-01-01T06:14:21","slug":"espana-supera-a-alemania-en-ensayos-clinicos-y-se-convierte-en-lider-europeo","status":"publish","type":"post","link":"https:\/\/www.diario21.tv\/noticias\/espana-supera-a-alemania-en-ensayos-clinicos-y-se-convierte-en-lider-europeo\/","title":{"rendered":"Espa\u00f1a supera a Alemania en ensayos cl\u00ednicos y se convierte en l\u00edder europeo"},"content":{"rendered":"<h2>Espa\u00f1a se adelanta a Alemania en la realizaci\u00f3n de estudios cl\u00ednicos<\/h2>\n<p>Espa\u00f1a ha superado a Alemania en la cantidad de ensayos cl\u00ednicos realizados, posicion\u00e1ndose como el l\u00edder europeo en esta \u00e1rea cr\u00edtica de la investigaci\u00f3n m\u00e9dica. Este avance es significativo, ya que refleja el crecimiento y la fortaleza del sector de investigaci\u00f3n y desarrollo en el pa\u00eds.<\/p>\n<h3>Crece la infraestructura de investigaci\u00f3n en Espa\u00f1a<\/h3>\n<p>En los \u00faltimos a\u00f1os, Espa\u00f1a ha visto una significativa expansi\u00f3n en su infraestructura de investigaci\u00f3n cl\u00ednica. Hospitales y centros de investigaci\u00f3n han recibido inversiones sustanciales, lo que ha permitido mejorar las instalaciones y equipos, y atraer a profesionales altamente cualificados. Este desarrollo ha sido crucial para que Espa\u00f1a pueda acoger un mayor n\u00famero de estudios cl\u00ednicos de alta calidad.<\/p>\n<h3>Colaboraci\u00f3n entre el sector p\u00fablico y privado<\/h3>\n<p>Un factor clave en el ascenso de Espa\u00f1a como l\u00edder en ensayos cl\u00ednicos ha sido la eficaz colaboraci\u00f3n entre instituciones p\u00fablicas y empresas privadas. Esta sinergia ha facilitado un ambiente propicio para la investigaci\u00f3n, donde se comparten recursos y conocimientos. Adem\u00e1s, el gobierno espa\u00f1ol ha implementado pol\u00edticas que favorecen la investigaci\u00f3n cl\u00ednica, incluyendo incentivos fiscales y procedimientos regulatorios m\u00e1s \u00e1giles.<\/p>\n<h3>Impacto en la comunidad cient\u00edfica y m\u00e9dica<\/h3>\n<p>El liderazgo de Espa\u00f1a en la realizaci\u00f3n de ensayos cl\u00ednicos no solo ha tenido un impacto positivo en su econom\u00eda y en su sector de investigaci\u00f3n, sino tambi\u00e9n en la comunidad cient\u00edfica global. Los resultados obtenidos en estos estudios est\u00e1n contribuyendo significativamente al avance del conocimiento m\u00e9dico y al desarrollo de nuevos tratamientos y medicamentos.<\/p>\n<h3>El futuro de la investigaci\u00f3n cl\u00ednica en Espa\u00f1a<\/h3>\n<p>Con este nuevo estatus, Espa\u00f1a no solo se consolida como un centro neur\u00e1lgico para la investigaci\u00f3n cl\u00ednica en Europa, sino que tambi\u00e9n se proyecta como un actor clave a nivel mundial. Se espera que el pa\u00eds contin\u00fae creciendo en este campo, atrayendo m\u00e1s estudios internacionales y ampliando su capacidad de innovaci\u00f3n en el sector de la salud.<\/p>\n<p>Este liderazgo en ensayos cl\u00ednicos representa una gran oportunidad para Espa\u00f1a de destacar en la vanguardia de la investigaci\u00f3n m\u00e9dica y farmac\u00e9utica, beneficiando a pacientes a nivel mundial mediante el desarrollo de terapias m\u00e1s efectivas y seguras.<\/p>\n\n\n<div class=\"kk-star-ratings kksr-auto kksr-align-left kksr-valign-bottom\"\n    data-payload='{&quot;align&quot;:&quot;left&quot;,&quot;id&quot;:&quot;1673&quot;,&quot;slug&quot;:&quot;default&quot;,&quot;valign&quot;:&quot;bottom&quot;,&quot;ignore&quot;:&quot;&quot;,&quot;reference&quot;:&quot;auto&quot;,&quot;class&quot;:&quot;&quot;,&quot;count&quot;:&quot;0&quot;,&quot;legendonly&quot;:&quot;&quot;,&quot;readonly&quot;:&quot;&quot;,&quot;score&quot;:&quot;0&quot;,&quot;starsonly&quot;:&quot;&quot;,&quot;best&quot;:&quot;5&quot;,&quot;gap&quot;:&quot;5&quot;,&quot;greet&quot;:&quot;Valora este post&quot;,&quot;legend&quot;:&quot;0\\\/5 - (0 votes)&quot;,&quot;size&quot;:&quot;22&quot;,&quot;title&quot;:&quot;Espa\u00f1a supera a Alemania en ensayos cl\u00ednicos y se convierte en l\u00edder europeo&quot;,&quot;width&quot;:&quot;0&quot;,&quot;_legend&quot;:&quot;{score}\\\/{best} - ({count} {votes})&quot;,&quot;font_factor&quot;:&quot;1.25&quot;}'>\n            \n<div class=\"kksr-stars\">\n    \n<div class=\"kksr-stars-inactive\">\n            <div class=\"kksr-star\" data-star=\"1\" style=\"padding-right: 5px\">\n            \n\n<div class=\"kksr-icon\" style=\"width: 22px; height: 22px;\"><\/div>\n        <\/div>\n            <div class=\"kksr-star\" data-star=\"2\" style=\"padding-right: 5px\">\n            \n\n<div class=\"kksr-icon\" style=\"width: 22px; height: 22px;\"><\/div>\n        <\/div>\n            <div class=\"kksr-star\" data-star=\"3\" style=\"padding-right: 5px\">\n            \n\n<div class=\"kksr-icon\" style=\"width: 22px; height: 22px;\"><\/div>\n        <\/div>\n            <div class=\"kksr-star\" data-star=\"4\" style=\"padding-right: 5px\">\n            \n\n<div class=\"kksr-icon\" style=\"width: 22px; height: 22px;\"><\/div>\n        <\/div>\n            <div class=\"kksr-star\" data-star=\"5\" style=\"padding-right: 5px\">\n            \n\n<div class=\"kksr-icon\" style=\"width: 22px; height: 22px;\"><\/div>\n        <\/div>\n    <\/div>\n    \n<div class=\"kksr-stars-active\" style=\"width: 0px;\">\n            <div class=\"kksr-star\" style=\"padding-right: 5px\">\n            \n\n<div class=\"kksr-icon\" style=\"width: 22px; height: 22px;\"><\/div>\n        <\/div>\n            <div class=\"kksr-star\" style=\"padding-right: 5px\">\n            \n\n<div class=\"kksr-icon\" style=\"width: 22px; height: 22px;\"><\/div>\n        <\/div>\n            <div class=\"kksr-star\" style=\"padding-right: 5px\">\n            \n\n<div class=\"kksr-icon\" style=\"width: 22px; height: 22px;\"><\/div>\n        <\/div>\n            <div class=\"kksr-star\" style=\"padding-right: 5px\">\n            \n\n<div class=\"kksr-icon\" style=\"width: 22px; height: 22px;\"><\/div>\n        <\/div>\n            <div class=\"kksr-star\" style=\"padding-right: 5px\">\n            \n\n<div class=\"kksr-icon\" style=\"width: 22px; height: 22px;\"><\/div>\n        <\/div>\n    <\/div>\n<\/div>\n                \n\n<div class=\"kksr-legend\" style=\"font-size: 17.6px;\">\n            <span class=\"kksr-muted\">Valora este post<\/span>\n    <\/div>\n    <\/div>\n","protected":false},"excerpt":{"rendered":"<p>Espa\u00f1a se adelanta a Alemania en la realizaci\u00f3n de estudios cl\u00ednicos Espa\u00f1a ha superado a Alemania en la cantidad de ensayos cl\u00ednicos realizados, posicion\u00e1ndose como el &#8230; <a title=\"Espa\u00f1a supera a Alemania en ensayos cl\u00ednicos y se convierte en l\u00edder europeo\" class=\"read-more\" href=\"https:\/\/www.diario21.tv\/noticias\/espana-supera-a-alemania-en-ensayos-clinicos-y-se-convierte-en-lider-europeo\/\" aria-label=\"Leer m\u00e1s sobre Espa\u00f1a supera a Alemania en ensayos cl\u00ednicos y se convierte en l\u00edder europeo\">Seguir leyendo &rarr;<\/a><\/p>\n","protected":false},"author":20,"featured_media":1674,"comment_status":"open","ping_status":"open","sticky":false,"template":"","format":"standard","meta":{"footnotes":""},"categories":[13],"tags":[],"class_list":["post-1673","post","type-post","status-publish","format-standard","has-post-thumbnail","hentry","category-portada"],"yoast_head":"<!-- This site is optimized with the Yoast SEO plugin v25.6 - https:\/\/yoast.com\/wordpress\/plugins\/seo\/ -->\n<title>Espa\u00f1a supera a Alemania en ensayos cl\u00ednicos y se convierte en l\u00edder europeo - Diario 21<\/title>\n<meta name=\"robots\" content=\"index, follow, max-snippet:-1, max-image-preview:large, max-video-preview:-1\" \/>\n<link rel=\"canonical\" href=\"https:\/\/www.diario21.tv\/noticias\/espana-supera-a-alemania-en-ensayos-clinicos-y-se-convierte-en-lider-europeo\/\" \/>\n<meta property=\"og:locale\" content=\"es_ES\" \/>\n<meta property=\"og:type\" content=\"article\" \/>\n<meta property=\"og:title\" content=\"Espa\u00f1a supera a Alemania en ensayos cl\u00ednicos y se convierte en l\u00edder europeo - Diario 21\" \/>\n<meta property=\"og:description\" content=\"Espa\u00f1a se adelanta a Alemania en la realizaci\u00f3n de estudios cl\u00ednicos Espa\u00f1a ha superado a Alemania en la cantidad de ensayos cl\u00ednicos realizados, posicion\u00e1ndose como el ... Seguir leyendo &rarr;\" \/>\n<meta property=\"og:url\" content=\"https:\/\/www.diario21.tv\/noticias\/espana-supera-a-alemania-en-ensayos-clinicos-y-se-convierte-en-lider-europeo\/\" \/>\n<meta property=\"og:site_name\" content=\"Diario 21\" \/>\n<meta property=\"article:published_time\" content=\"2025-01-01T06:14:15+00:00\" \/>\n<meta property=\"article:modified_time\" content=\"2025-01-01T06:14:21+00:00\" \/>\n<meta property=\"og:image\" content=\"https:\/\/www.diario21.tv\/noticias\/wp-content\/uploads\/2025\/01\/Espana-supera-a-Alemania-en-ensayos-clinicos-y-se-convierte-scaled.jpg\" \/>\n\t<meta property=\"og:image:width\" content=\"2560\" \/>\n\t<meta property=\"og:image:height\" content=\"1706\" \/>\n\t<meta property=\"og:image:type\" content=\"image\/jpeg\" \/>\n<meta name=\"author\" content=\"Juan P\u00e9rez\" \/>\n<meta name=\"twitter:card\" content=\"summary_large_image\" \/>\n<meta name=\"twitter:label1\" content=\"Escrito por\" \/>\n\t<meta name=\"twitter:data1\" content=\"Juan P\u00e9rez\" \/>\n\t<meta name=\"twitter:label2\" content=\"Tiempo de lectura\" \/>\n\t<meta name=\"twitter:data2\" content=\"2 minutos\" \/>\n<script type=\"application\/ld+json\" class=\"yoast-schema-graph\">{\"@context\":\"https:\/\/schema.org\",\"@graph\":[{\"@type\":\"WebPage\",\"@id\":\"https:\/\/www.diario21.tv\/noticias\/espana-supera-a-alemania-en-ensayos-clinicos-y-se-convierte-en-lider-europeo\/\",\"url\":\"https:\/\/www.diario21.tv\/noticias\/espana-supera-a-alemania-en-ensayos-clinicos-y-se-convierte-en-lider-europeo\/\",\"name\":\"Espa\u00f1a supera a Alemania en ensayos cl\u00ednicos y se convierte en l\u00edder europeo - Diario 21\",\"isPartOf\":{\"@id\":\"https:\/\/www.diario21.tv\/noticias\/#website\"},\"primaryImageOfPage\":{\"@id\":\"https:\/\/www.diario21.tv\/noticias\/espana-supera-a-alemania-en-ensayos-clinicos-y-se-convierte-en-lider-europeo\/#primaryimage\"},\"image\":{\"@id\":\"https:\/\/www.diario21.tv\/noticias\/espana-supera-a-alemania-en-ensayos-clinicos-y-se-convierte-en-lider-europeo\/#primaryimage\"},\"thumbnailUrl\":\"https:\/\/www.diario21.tv\/noticias\/wp-content\/uploads\/2025\/01\/Espana-supera-a-Alemania-en-ensayos-clinicos-y-se-convierte-scaled.jpg\",\"datePublished\":\"2025-01-01T06:14:15+00:00\",\"dateModified\":\"2025-01-01T06:14:21+00:00\",\"author\":{\"@id\":\"https:\/\/www.diario21.tv\/noticias\/#\/schema\/person\/dfb778f73814d8f09f302618446a526b\"},\"breadcrumb\":{\"@id\":\"https:\/\/www.diario21.tv\/noticias\/espana-supera-a-alemania-en-ensayos-clinicos-y-se-convierte-en-lider-europeo\/#breadcrumb\"},\"inLanguage\":\"es-AR\",\"potentialAction\":[{\"@type\":\"ReadAction\",\"target\":[\"https:\/\/www.diario21.tv\/noticias\/espana-supera-a-alemania-en-ensayos-clinicos-y-se-convierte-en-lider-europeo\/\"]}]},{\"@type\":\"ImageObject\",\"inLanguage\":\"es-AR\",\"@id\":\"https:\/\/www.diario21.tv\/noticias\/espana-supera-a-alemania-en-ensayos-clinicos-y-se-convierte-en-lider-europeo\/#primaryimage\",\"url\":\"https:\/\/www.diario21.tv\/noticias\/wp-content\/uploads\/2025\/01\/Espana-supera-a-Alemania-en-ensayos-clinicos-y-se-convierte-scaled.jpg\",\"contentUrl\":\"https:\/\/www.diario21.tv\/noticias\/wp-content\/uploads\/2025\/01\/Espana-supera-a-Alemania-en-ensayos-clinicos-y-se-convierte-scaled.jpg\",\"width\":2560,\"height\":1706,\"caption\":\"Espa\u00f1a desbanca a Alemania como l\u00edder europeo en ensayos cl\u00ednicos\"},{\"@type\":\"BreadcrumbList\",\"@id\":\"https:\/\/www.diario21.tv\/noticias\/espana-supera-a-alemania-en-ensayos-clinicos-y-se-convierte-en-lider-europeo\/#breadcrumb\",\"itemListElement\":[{\"@type\":\"ListItem\",\"position\":1,\"name\":\"Accueil\",\"item\":\"https:\/\/www.diario21.tv\/noticias\/\"},{\"@type\":\"ListItem\",\"position\":2,\"name\":\"Espa\u00f1a supera a Alemania en ensayos cl\u00ednicos y se convierte en l\u00edder europeo\"}]},{\"@type\":\"WebSite\",\"@id\":\"https:\/\/www.diario21.tv\/noticias\/#website\",\"url\":\"https:\/\/www.diario21.tv\/noticias\/\",\"name\":\"Diario 21\",\"description\":\"\",\"potentialAction\":[{\"@type\":\"SearchAction\",\"target\":{\"@type\":\"EntryPoint\",\"urlTemplate\":\"https:\/\/www.diario21.tv\/noticias\/?s={search_term_string}\"},\"query-input\":{\"@type\":\"PropertyValueSpecification\",\"valueRequired\":true,\"valueName\":\"search_term_string\"}}],\"inLanguage\":\"es-AR\"},{\"@type\":\"Person\",\"@id\":\"https:\/\/www.diario21.tv\/noticias\/#\/schema\/person\/dfb778f73814d8f09f302618446a526b\",\"name\":\"Juan P\u00e9rez\",\"image\":{\"@type\":\"ImageObject\",\"inLanguage\":\"es-AR\",\"@id\":\"https:\/\/www.diario21.tv\/noticias\/#\/schema\/person\/image\/\",\"url\":\"https:\/\/secure.gravatar.com\/avatar\/c478a405bd10621167f4c3167cc770f5?s=96&d=mm&r=g\",\"contentUrl\":\"https:\/\/secure.gravatar.com\/avatar\/c478a405bd10621167f4c3167cc770f5?s=96&d=mm&r=g\",\"caption\":\"Juan P\u00e9rez\"},\"description\":\"Juan P\u00e9rez es el redactor en jefe de Diario 21. Con m\u00e1s de 10 a\u00f1os de experiencia en el periodismo, se especializa en pol\u00edtica nacional y an\u00e1lisis socioecon\u00f3mico. Su enfoque cr\u00edtico y riguroso aporta una perspectiva \u00fanica a cada art\u00edculo.\",\"sameAs\":[\"https:\/\/www.diario21.tv\/noticias\/\"],\"url\":\"https:\/\/www.diario21.tv\/noticias\/author\/juan-perez\/\"}]}<\/script>\n<!-- \/ Yoast SEO plugin. -->","yoast_head_json":{"title":"Espa\u00f1a supera a Alemania en ensayos cl\u00ednicos y se convierte en l\u00edder europeo - Diario 21","robots":{"index":"index","follow":"follow","max-snippet":"max-snippet:-1","max-image-preview":"max-image-preview:large","max-video-preview":"max-video-preview:-1"},"canonical":"https:\/\/www.diario21.tv\/noticias\/espana-supera-a-alemania-en-ensayos-clinicos-y-se-convierte-en-lider-europeo\/","og_locale":"es_ES","og_type":"article","og_title":"Espa\u00f1a supera a Alemania en ensayos cl\u00ednicos y se convierte en l\u00edder europeo - Diario 21","og_description":"Espa\u00f1a se adelanta a Alemania en la realizaci\u00f3n de estudios cl\u00ednicos Espa\u00f1a ha superado a Alemania en la cantidad de ensayos cl\u00ednicos realizados, posicion\u00e1ndose como el ... Seguir leyendo &rarr;","og_url":"https:\/\/www.diario21.tv\/noticias\/espana-supera-a-alemania-en-ensayos-clinicos-y-se-convierte-en-lider-europeo\/","og_site_name":"Diario 21","article_published_time":"2025-01-01T06:14:15+00:00","article_modified_time":"2025-01-01T06:14:21+00:00","og_image":[{"width":2560,"height":1706,"url":"https:\/\/www.diario21.tv\/noticias\/wp-content\/uploads\/2025\/01\/Espana-supera-a-Alemania-en-ensayos-clinicos-y-se-convierte-scaled.jpg","type":"image\/jpeg"}],"author":"Juan P\u00e9rez","twitter_card":"summary_large_image","twitter_misc":{"Escrito por":"Juan P\u00e9rez","Tiempo de lectura":"2 minutos"},"schema":{"@context":"https:\/\/schema.org","@graph":[{"@type":"WebPage","@id":"https:\/\/www.diario21.tv\/noticias\/espana-supera-a-alemania-en-ensayos-clinicos-y-se-convierte-en-lider-europeo\/","url":"https:\/\/www.diario21.tv\/noticias\/espana-supera-a-alemania-en-ensayos-clinicos-y-se-convierte-en-lider-europeo\/","name":"Espa\u00f1a supera a Alemania en ensayos cl\u00ednicos y se convierte en l\u00edder europeo - Diario 21","isPartOf":{"@id":"https:\/\/www.diario21.tv\/noticias\/#website"},"primaryImageOfPage":{"@id":"https:\/\/www.diario21.tv\/noticias\/espana-supera-a-alemania-en-ensayos-clinicos-y-se-convierte-en-lider-europeo\/#primaryimage"},"image":{"@id":"https:\/\/www.diario21.tv\/noticias\/espana-supera-a-alemania-en-ensayos-clinicos-y-se-convierte-en-lider-europeo\/#primaryimage"},"thumbnailUrl":"https:\/\/www.diario21.tv\/noticias\/wp-content\/uploads\/2025\/01\/Espana-supera-a-Alemania-en-ensayos-clinicos-y-se-convierte-scaled.jpg","datePublished":"2025-01-01T06:14:15+00:00","dateModified":"2025-01-01T06:14:21+00:00","author":{"@id":"https:\/\/www.diario21.tv\/noticias\/#\/schema\/person\/dfb778f73814d8f09f302618446a526b"},"breadcrumb":{"@id":"https:\/\/www.diario21.tv\/noticias\/espana-supera-a-alemania-en-ensayos-clinicos-y-se-convierte-en-lider-europeo\/#breadcrumb"},"inLanguage":"es-AR","potentialAction":[{"@type":"ReadAction","target":["https:\/\/www.diario21.tv\/noticias\/espana-supera-a-alemania-en-ensayos-clinicos-y-se-convierte-en-lider-europeo\/"]}]},{"@type":"ImageObject","inLanguage":"es-AR","@id":"https:\/\/www.diario21.tv\/noticias\/espana-supera-a-alemania-en-ensayos-clinicos-y-se-convierte-en-lider-europeo\/#primaryimage","url":"https:\/\/www.diario21.tv\/noticias\/wp-content\/uploads\/2025\/01\/Espana-supera-a-Alemania-en-ensayos-clinicos-y-se-convierte-scaled.jpg","contentUrl":"https:\/\/www.diario21.tv\/noticias\/wp-content\/uploads\/2025\/01\/Espana-supera-a-Alemania-en-ensayos-clinicos-y-se-convierte-scaled.jpg","width":2560,"height":1706,"caption":"Espa\u00f1a desbanca a Alemania como l\u00edder europeo en ensayos cl\u00ednicos"},{"@type":"BreadcrumbList","@id":"https:\/\/www.diario21.tv\/noticias\/espana-supera-a-alemania-en-ensayos-clinicos-y-se-convierte-en-lider-europeo\/#breadcrumb","itemListElement":[{"@type":"ListItem","position":1,"name":"Accueil","item":"https:\/\/www.diario21.tv\/noticias\/"},{"@type":"ListItem","position":2,"name":"Espa\u00f1a supera a Alemania en ensayos cl\u00ednicos y se convierte en l\u00edder europeo"}]},{"@type":"WebSite","@id":"https:\/\/www.diario21.tv\/noticias\/#website","url":"https:\/\/www.diario21.tv\/noticias\/","name":"Diario 21","description":"","potentialAction":[{"@type":"SearchAction","target":{"@type":"EntryPoint","urlTemplate":"https:\/\/www.diario21.tv\/noticias\/?s={search_term_string}"},"query-input":{"@type":"PropertyValueSpecification","valueRequired":true,"valueName":"search_term_string"}}],"inLanguage":"es-AR"},{"@type":"Person","@id":"https:\/\/www.diario21.tv\/noticias\/#\/schema\/person\/dfb778f73814d8f09f302618446a526b","name":"Juan P\u00e9rez","image":{"@type":"ImageObject","inLanguage":"es-AR","@id":"https:\/\/www.diario21.tv\/noticias\/#\/schema\/person\/image\/","url":"https:\/\/secure.gravatar.com\/avatar\/c478a405bd10621167f4c3167cc770f5?s=96&d=mm&r=g","contentUrl":"https:\/\/secure.gravatar.com\/avatar\/c478a405bd10621167f4c3167cc770f5?s=96&d=mm&r=g","caption":"Juan P\u00e9rez"},"description":"Juan P\u00e9rez es el redactor en jefe de Diario 21. Con m\u00e1s de 10 a\u00f1os de experiencia en el periodismo, se especializa en pol\u00edtica nacional y an\u00e1lisis socioecon\u00f3mico. Su enfoque cr\u00edtico y riguroso aporta una perspectiva \u00fanica a cada art\u00edculo.","sameAs":["https:\/\/www.diario21.tv\/noticias\/"],"url":"https:\/\/www.diario21.tv\/noticias\/author\/juan-perez\/"}]}},"_links":{"self":[{"href":"https:\/\/www.diario21.tv\/noticias\/wp-json\/wp\/v2\/posts\/1673"}],"collection":[{"href":"https:\/\/www.diario21.tv\/noticias\/wp-json\/wp\/v2\/posts"}],"about":[{"href":"https:\/\/www.diario21.tv\/noticias\/wp-json\/wp\/v2\/types\/post"}],"author":[{"embeddable":true,"href":"https:\/\/www.diario21.tv\/noticias\/wp-json\/wp\/v2\/users\/20"}],"replies":[{"embeddable":true,"href":"https:\/\/www.diario21.tv\/noticias\/wp-json\/wp\/v2\/comments?post=1673"}],"version-history":[{"count":1,"href":"https:\/\/www.diario21.tv\/noticias\/wp-json\/wp\/v2\/posts\/1673\/revisions"}],"predecessor-version":[{"id":1675,"href":"https:\/\/www.diario21.tv\/noticias\/wp-json\/wp\/v2\/posts\/1673\/revisions\/1675"}],"wp:featuredmedia":[{"embeddable":true,"href":"https:\/\/www.diario21.tv\/noticias\/wp-json\/wp\/v2\/media\/1674"}],"wp:attachment":[{"href":"https:\/\/www.diario21.tv\/noticias\/wp-json\/wp\/v2\/media?parent=1673"}],"wp:term":[{"taxonomy":"category","embeddable":true,"href":"https:\/\/www.diario21.tv\/noticias\/wp-json\/wp\/v2\/categories?post=1673"},{"taxonomy":"post_tag","embeddable":true,"href":"https:\/\/www.diario21.tv\/noticias\/wp-json\/wp\/v2\/tags?post=1673"}],"curies":[{"name":"wp","href":"https:\/\/api.w.org\/{rel}","templated":true}]}}