{"id":1668,"date":"2024-12-31T17:56:52","date_gmt":"2024-12-31T17:56:52","guid":{"rendered":"https:\/\/www.diario21.tv\/noticias\/impactante-la-ley-contra-la-violencia-de-genero-celebra-20-anos-en-medio-de-debates-criticos\/"},"modified":"2024-12-31T17:56:54","modified_gmt":"2024-12-31T17:56:54","slug":"impactante-la-ley-contra-la-violencia-de-genero-celebra-20-anos-en-medio-de-debates-criticos","status":"publish","type":"post","link":"https:\/\/www.diario21.tv\/noticias\/impactante-la-ley-contra-la-violencia-de-genero-celebra-20-anos-en-medio-de-debates-criticos\/","title":{"rendered":"\u00a1Impactante! La ley contra la violencia de g\u00e9nero celebra 20 a\u00f1os en medio de debates cr\u00edticos"},"content":{"rendered":"<h2>Veinte A\u00f1os de la Ley de Protecci\u00f3n contra la Violencia de G\u00e9nero<\/h2>\n<p>La legislaci\u00f3n espa\u00f1ola que aborda la violencia de g\u00e9nero celebra dos d\u00e9cadas desde su promulgaci\u00f3n. Esta ley, que fue un hito en su momento debido al amplio acuerdo alcanzado entre las diversas fuerzas pol\u00edticas, enfrenta en la actualidad nuevos desaf\u00edos y debates sobre su eficacia y aplicaci\u00f3n.<\/p>\n<h3>Un Consenso Hist\u00f3rico<\/h3>\n<p>En el momento de su creaci\u00f3n, la ley contra la violencia de g\u00e9nero represent\u00f3 un avance significativo en la lucha por los derechos de las mujeres en Espa\u00f1a. Con el apoyo de la mayor\u00eda de los partidos pol\u00edticos, esta normativa busc\u00f3 poner fin a una problem\u00e1tica profundamente arraigada en la sociedad. El consenso alcanzado entonces fue visto como un ejemplo de la capacidad de las fuerzas pol\u00edticas para unirse en causas de vital importancia.<\/p>\n<h3>Logros y Desaf\u00edos de la Ley<\/h3>\n<p>Desde su implementaci\u00f3n, la ley ha tenido un impacto notable en la concienciaci\u00f3n y en la reducci\u00f3n de los casos de violencia de g\u00e9nero. No obstante, a pesar de los avances, a\u00fan persisten retos significativos. La persistencia de casos de violencia y la necesidad de mejorar los mecanismos de protecci\u00f3n para las v\u00edctimas son se\u00f1alados como aspectos cr\u00edticos que requieren atenci\u00f3n continua.<\/p>\n<h3>Debates Actuales y Futuro de la Legislaci\u00f3n<\/h3>\n<p>Hoy en d\u00eda, el consenso original en torno a la ley se ve sometido a prueba. Diferencias en las perspectivas sobre g\u00e9nero y los derechos de las mujeres han emergido, provocando debates intensos sobre la direcci\u00f3n que debe tomar la legislaci\u00f3n. Algunos sectores argumentan que la ley necesita adaptarse a los nuevos tiempos y desaf\u00edos, mientras que otros abogan por una revisi\u00f3n m\u00e1s profunda de sus principios y objetivos.<\/p>\n<h3>Conclusi\u00f3n<\/h3>\n<p>A medida que la ley contra la violencia de g\u00e9nero en Espa\u00f1a cumple 20 a\u00f1os, es un momento oportuno para reflexionar sobre sus logros y las \u00e1reas que a\u00fan necesitan ser mejoradas. El futuro de esta legislaci\u00f3n ser\u00e1 decisivo para continuar protegiendo los derechos de las mujeres y asegurar una sociedad m\u00e1s justa y segura para todos. La celebraci\u00f3n de este aniversario no solo conmemora un logro legislativo, sino que tambi\u00e9n reafirma el compromiso con la lucha contra la violencia de g\u00e9nero.<\/p>\n\n\n<div class=\"kk-star-ratings kksr-auto kksr-align-left kksr-valign-bottom\"\n    data-payload='{&quot;align&quot;:&quot;left&quot;,&quot;id&quot;:&quot;1668&quot;,&quot;slug&quot;:&quot;default&quot;,&quot;valign&quot;:&quot;bottom&quot;,&quot;ignore&quot;:&quot;&quot;,&quot;reference&quot;:&quot;auto&quot;,&quot;class&quot;:&quot;&quot;,&quot;count&quot;:&quot;0&quot;,&quot;legendonly&quot;:&quot;&quot;,&quot;readonly&quot;:&quot;&quot;,&quot;score&quot;:&quot;0&quot;,&quot;starsonly&quot;:&quot;&quot;,&quot;best&quot;:&quot;5&quot;,&quot;gap&quot;:&quot;5&quot;,&quot;greet&quot;:&quot;Valora este post&quot;,&quot;legend&quot;:&quot;0\\\/5 - (0 votes)&quot;,&quot;size&quot;:&quot;22&quot;,&quot;title&quot;:&quot;\u00a1Impactante! La ley contra la violencia de g\u00e9nero celebra 20 a\u00f1os en medio de debates cr\u00edticos&quot;,&quot;width&quot;:&quot;0&quot;,&quot;_legend&quot;:&quot;{score}\\\/{best} - ({count} {votes})&quot;,&quot;font_factor&quot;:&quot;1.25&quot;}'>\n            \n<div class=\"kksr-stars\">\n    \n<div class=\"kksr-stars-inactive\">\n            <div class=\"kksr-star\" data-star=\"1\" style=\"padding-right: 5px\">\n            \n\n<div class=\"kksr-icon\" style=\"width: 22px; height: 22px;\"><\/div>\n        <\/div>\n            <div class=\"kksr-star\" data-star=\"2\" style=\"padding-right: 5px\">\n            \n\n<div class=\"kksr-icon\" style=\"width: 22px; height: 22px;\"><\/div>\n        <\/div>\n            <div class=\"kksr-star\" data-star=\"3\" style=\"padding-right: 5px\">\n            \n\n<div class=\"kksr-icon\" style=\"width: 22px; height: 22px;\"><\/div>\n        <\/div>\n            <div class=\"kksr-star\" data-star=\"4\" style=\"padding-right: 5px\">\n            \n\n<div class=\"kksr-icon\" style=\"width: 22px; height: 22px;\"><\/div>\n        <\/div>\n            <div class=\"kksr-star\" data-star=\"5\" style=\"padding-right: 5px\">\n            \n\n<div class=\"kksr-icon\" style=\"width: 22px; height: 22px;\"><\/div>\n        <\/div>\n    <\/div>\n    \n<div class=\"kksr-stars-active\" style=\"width: 0px;\">\n            <div class=\"kksr-star\" style=\"padding-right: 5px\">\n            \n\n<div class=\"kksr-icon\" style=\"width: 22px; height: 22px;\"><\/div>\n        <\/div>\n            <div class=\"kksr-star\" style=\"padding-right: 5px\">\n            \n\n<div class=\"kksr-icon\" style=\"width: 22px; height: 22px;\"><\/div>\n        <\/div>\n            <div class=\"kksr-star\" style=\"padding-right: 5px\">\n            \n\n<div class=\"kksr-icon\" style=\"width: 22px; height: 22px;\"><\/div>\n        <\/div>\n            <div class=\"kksr-star\" style=\"padding-right: 5px\">\n            \n\n<div class=\"kksr-icon\" style=\"width: 22px; height: 22px;\"><\/div>\n        <\/div>\n            <div class=\"kksr-star\" style=\"padding-right: 5px\">\n            \n\n<div class=\"kksr-icon\" style=\"width: 22px; height: 22px;\"><\/div>\n        <\/div>\n    <\/div>\n<\/div>\n                \n\n<div class=\"kksr-legend\" style=\"font-size: 17.6px;\">\n            <span class=\"kksr-muted\">Valora este post<\/span>\n    <\/div>\n    <\/div>\n","protected":false},"excerpt":{"rendered":"<p>Veinte A\u00f1os de la Ley de Protecci\u00f3n contra la Violencia de G\u00e9nero La legislaci\u00f3n espa\u00f1ola que aborda la violencia de g\u00e9nero celebra dos d\u00e9cadas desde su &#8230; <a title=\"\u00a1Impactante! La ley contra la violencia de g\u00e9nero celebra 20 a\u00f1os en medio de debates cr\u00edticos\" class=\"read-more\" href=\"https:\/\/www.diario21.tv\/noticias\/impactante-la-ley-contra-la-violencia-de-genero-celebra-20-anos-en-medio-de-debates-criticos\/\" aria-label=\"Leer m\u00e1s sobre \u00a1Impactante! La ley contra la violencia de g\u00e9nero celebra 20 a\u00f1os en medio de debates cr\u00edticos\">Seguir leyendo &rarr;<\/a><\/p>\n","protected":false},"author":20,"featured_media":1669,"comment_status":"open","ping_status":"open","sticky":false,"template":"","format":"standard","meta":{"footnotes":""},"categories":[13],"tags":[],"class_list":["post-1668","post","type-post","status-publish","format-standard","has-post-thumbnail","hentry","category-portada"],"yoast_head":"<!-- This site is optimized with the Yoast SEO plugin v25.6 - https:\/\/yoast.com\/wordpress\/plugins\/seo\/ -->\n<title>\u00a1Impactante! La ley contra la violencia de g\u00e9nero celebra 20 a\u00f1os en medio de debates cr\u00edticos - Diario 21<\/title>\n<meta name=\"robots\" content=\"index, follow, max-snippet:-1, max-image-preview:large, max-video-preview:-1\" \/>\n<link rel=\"canonical\" href=\"https:\/\/www.diario21.tv\/noticias\/impactante-la-ley-contra-la-violencia-de-genero-celebra-20-anos-en-medio-de-debates-criticos\/\" \/>\n<meta property=\"og:locale\" content=\"es_ES\" \/>\n<meta property=\"og:type\" content=\"article\" \/>\n<meta property=\"og:title\" content=\"\u00a1Impactante! La ley contra la violencia de g\u00e9nero celebra 20 a\u00f1os en medio de debates cr\u00edticos - Diario 21\" \/>\n<meta property=\"og:description\" content=\"Veinte A\u00f1os de la Ley de Protecci\u00f3n contra la Violencia de G\u00e9nero La legislaci\u00f3n espa\u00f1ola que aborda la violencia de g\u00e9nero celebra dos d\u00e9cadas desde su ... Seguir leyendo &rarr;\" \/>\n<meta property=\"og:url\" content=\"https:\/\/www.diario21.tv\/noticias\/impactante-la-ley-contra-la-violencia-de-genero-celebra-20-anos-en-medio-de-debates-criticos\/\" \/>\n<meta property=\"og:site_name\" content=\"Diario 21\" \/>\n<meta property=\"article:published_time\" content=\"2024-12-31T17:56:52+00:00\" \/>\n<meta property=\"article:modified_time\" content=\"2024-12-31T17:56:54+00:00\" \/>\n<meta property=\"og:image\" content=\"https:\/\/www.diario21.tv\/noticias\/wp-content\/uploads\/2024\/12\/\u00a1Impactante-La-ley-contra-la-violencia-de-genero-celebra-20.jpg\" \/>\n\t<meta property=\"og:image:width\" content=\"1902\" \/>\n\t<meta property=\"og:image:height\" content=\"1076\" \/>\n\t<meta property=\"og:image:type\" content=\"image\/jpeg\" \/>\n<meta name=\"author\" content=\"Juan P\u00e9rez\" \/>\n<meta name=\"twitter:card\" content=\"summary_large_image\" \/>\n<meta name=\"twitter:label1\" content=\"Escrito por\" \/>\n\t<meta name=\"twitter:data1\" content=\"Juan P\u00e9rez\" \/>\n\t<meta name=\"twitter:label2\" content=\"Tiempo de lectura\" \/>\n\t<meta name=\"twitter:data2\" content=\"2 minutos\" \/>\n<script type=\"application\/ld+json\" class=\"yoast-schema-graph\">{\"@context\":\"https:\/\/schema.org\",\"@graph\":[{\"@type\":\"WebPage\",\"@id\":\"https:\/\/www.diario21.tv\/noticias\/impactante-la-ley-contra-la-violencia-de-genero-celebra-20-anos-en-medio-de-debates-criticos\/\",\"url\":\"https:\/\/www.diario21.tv\/noticias\/impactante-la-ley-contra-la-violencia-de-genero-celebra-20-anos-en-medio-de-debates-criticos\/\",\"name\":\"\u00a1Impactante! La ley contra la violencia de g\u00e9nero celebra 20 a\u00f1os en medio de debates cr\u00edticos - Diario 21\",\"isPartOf\":{\"@id\":\"https:\/\/www.diario21.tv\/noticias\/#website\"},\"primaryImageOfPage\":{\"@id\":\"https:\/\/www.diario21.tv\/noticias\/impactante-la-ley-contra-la-violencia-de-genero-celebra-20-anos-en-medio-de-debates-criticos\/#primaryimage\"},\"image\":{\"@id\":\"https:\/\/www.diario21.tv\/noticias\/impactante-la-ley-contra-la-violencia-de-genero-celebra-20-anos-en-medio-de-debates-criticos\/#primaryimage\"},\"thumbnailUrl\":\"https:\/\/www.diario21.tv\/noticias\/wp-content\/uploads\/2024\/12\/\u00a1Impactante-La-ley-contra-la-violencia-de-genero-celebra-20.jpg\",\"datePublished\":\"2024-12-31T17:56:52+00:00\",\"dateModified\":\"2024-12-31T17:56:54+00:00\",\"author\":{\"@id\":\"https:\/\/www.diario21.tv\/noticias\/#\/schema\/person\/dfb778f73814d8f09f302618446a526b\"},\"breadcrumb\":{\"@id\":\"https:\/\/www.diario21.tv\/noticias\/impactante-la-ley-contra-la-violencia-de-genero-celebra-20-anos-en-medio-de-debates-criticos\/#breadcrumb\"},\"inLanguage\":\"es-AR\",\"potentialAction\":[{\"@type\":\"ReadAction\",\"target\":[\"https:\/\/www.diario21.tv\/noticias\/impactante-la-ley-contra-la-violencia-de-genero-celebra-20-anos-en-medio-de-debates-criticos\/\"]}]},{\"@type\":\"ImageObject\",\"inLanguage\":\"es-AR\",\"@id\":\"https:\/\/www.diario21.tv\/noticias\/impactante-la-ley-contra-la-violencia-de-genero-celebra-20-anos-en-medio-de-debates-criticos\/#primaryimage\",\"url\":\"https:\/\/www.diario21.tv\/noticias\/wp-content\/uploads\/2024\/12\/\u00a1Impactante-La-ley-contra-la-violencia-de-genero-celebra-20.jpg\",\"contentUrl\":\"https:\/\/www.diario21.tv\/noticias\/wp-content\/uploads\/2024\/12\/\u00a1Impactante-La-ley-contra-la-violencia-de-genero-celebra-20.jpg\",\"width\":1902,\"height\":1076,\"caption\":\"La ley contra la violencia de g\u00e9nero cumple 20 a\u00f1os forjada con un consenso hoy a prueba\"},{\"@type\":\"BreadcrumbList\",\"@id\":\"https:\/\/www.diario21.tv\/noticias\/impactante-la-ley-contra-la-violencia-de-genero-celebra-20-anos-en-medio-de-debates-criticos\/#breadcrumb\",\"itemListElement\":[{\"@type\":\"ListItem\",\"position\":1,\"name\":\"Accueil\",\"item\":\"https:\/\/www.diario21.tv\/noticias\/\"},{\"@type\":\"ListItem\",\"position\":2,\"name\":\"\u00a1Impactante! La ley contra la violencia de g\u00e9nero celebra 20 a\u00f1os en medio de debates cr\u00edticos\"}]},{\"@type\":\"WebSite\",\"@id\":\"https:\/\/www.diario21.tv\/noticias\/#website\",\"url\":\"https:\/\/www.diario21.tv\/noticias\/\",\"name\":\"Diario 21\",\"description\":\"\",\"potentialAction\":[{\"@type\":\"SearchAction\",\"target\":{\"@type\":\"EntryPoint\",\"urlTemplate\":\"https:\/\/www.diario21.tv\/noticias\/?s={search_term_string}\"},\"query-input\":{\"@type\":\"PropertyValueSpecification\",\"valueRequired\":true,\"valueName\":\"search_term_string\"}}],\"inLanguage\":\"es-AR\"},{\"@type\":\"Person\",\"@id\":\"https:\/\/www.diario21.tv\/noticias\/#\/schema\/person\/dfb778f73814d8f09f302618446a526b\",\"name\":\"Juan P\u00e9rez\",\"image\":{\"@type\":\"ImageObject\",\"inLanguage\":\"es-AR\",\"@id\":\"https:\/\/www.diario21.tv\/noticias\/#\/schema\/person\/image\/\",\"url\":\"https:\/\/secure.gravatar.com\/avatar\/c478a405bd10621167f4c3167cc770f5?s=96&d=mm&r=g\",\"contentUrl\":\"https:\/\/secure.gravatar.com\/avatar\/c478a405bd10621167f4c3167cc770f5?s=96&d=mm&r=g\",\"caption\":\"Juan P\u00e9rez\"},\"description\":\"Juan P\u00e9rez es el redactor en jefe de Diario 21. Con m\u00e1s de 10 a\u00f1os de experiencia en el periodismo, se especializa en pol\u00edtica nacional y an\u00e1lisis socioecon\u00f3mico. Su enfoque cr\u00edtico y riguroso aporta una perspectiva \u00fanica a cada art\u00edculo.\",\"sameAs\":[\"https:\/\/www.diario21.tv\/noticias\/\"],\"url\":\"https:\/\/www.diario21.tv\/noticias\/author\/juan-perez\/\"}]}<\/script>\n<!-- \/ Yoast SEO plugin. -->","yoast_head_json":{"title":"\u00a1Impactante! La ley contra la violencia de g\u00e9nero celebra 20 a\u00f1os en medio de debates cr\u00edticos - Diario 21","robots":{"index":"index","follow":"follow","max-snippet":"max-snippet:-1","max-image-preview":"max-image-preview:large","max-video-preview":"max-video-preview:-1"},"canonical":"https:\/\/www.diario21.tv\/noticias\/impactante-la-ley-contra-la-violencia-de-genero-celebra-20-anos-en-medio-de-debates-criticos\/","og_locale":"es_ES","og_type":"article","og_title":"\u00a1Impactante! La ley contra la violencia de g\u00e9nero celebra 20 a\u00f1os en medio de debates cr\u00edticos - Diario 21","og_description":"Veinte A\u00f1os de la Ley de Protecci\u00f3n contra la Violencia de G\u00e9nero La legislaci\u00f3n espa\u00f1ola que aborda la violencia de g\u00e9nero celebra dos d\u00e9cadas desde su ... Seguir leyendo &rarr;","og_url":"https:\/\/www.diario21.tv\/noticias\/impactante-la-ley-contra-la-violencia-de-genero-celebra-20-anos-en-medio-de-debates-criticos\/","og_site_name":"Diario 21","article_published_time":"2024-12-31T17:56:52+00:00","article_modified_time":"2024-12-31T17:56:54+00:00","og_image":[{"width":1902,"height":1076,"url":"https:\/\/www.diario21.tv\/noticias\/wp-content\/uploads\/2024\/12\/\u00a1Impactante-La-ley-contra-la-violencia-de-genero-celebra-20.jpg","type":"image\/jpeg"}],"author":"Juan P\u00e9rez","twitter_card":"summary_large_image","twitter_misc":{"Escrito por":"Juan P\u00e9rez","Tiempo de lectura":"2 minutos"},"schema":{"@context":"https:\/\/schema.org","@graph":[{"@type":"WebPage","@id":"https:\/\/www.diario21.tv\/noticias\/impactante-la-ley-contra-la-violencia-de-genero-celebra-20-anos-en-medio-de-debates-criticos\/","url":"https:\/\/www.diario21.tv\/noticias\/impactante-la-ley-contra-la-violencia-de-genero-celebra-20-anos-en-medio-de-debates-criticos\/","name":"\u00a1Impactante! La ley contra la violencia de g\u00e9nero celebra 20 a\u00f1os en medio de debates cr\u00edticos - Diario 21","isPartOf":{"@id":"https:\/\/www.diario21.tv\/noticias\/#website"},"primaryImageOfPage":{"@id":"https:\/\/www.diario21.tv\/noticias\/impactante-la-ley-contra-la-violencia-de-genero-celebra-20-anos-en-medio-de-debates-criticos\/#primaryimage"},"image":{"@id":"https:\/\/www.diario21.tv\/noticias\/impactante-la-ley-contra-la-violencia-de-genero-celebra-20-anos-en-medio-de-debates-criticos\/#primaryimage"},"thumbnailUrl":"https:\/\/www.diario21.tv\/noticias\/wp-content\/uploads\/2024\/12\/\u00a1Impactante-La-ley-contra-la-violencia-de-genero-celebra-20.jpg","datePublished":"2024-12-31T17:56:52+00:00","dateModified":"2024-12-31T17:56:54+00:00","author":{"@id":"https:\/\/www.diario21.tv\/noticias\/#\/schema\/person\/dfb778f73814d8f09f302618446a526b"},"breadcrumb":{"@id":"https:\/\/www.diario21.tv\/noticias\/impactante-la-ley-contra-la-violencia-de-genero-celebra-20-anos-en-medio-de-debates-criticos\/#breadcrumb"},"inLanguage":"es-AR","potentialAction":[{"@type":"ReadAction","target":["https:\/\/www.diario21.tv\/noticias\/impactante-la-ley-contra-la-violencia-de-genero-celebra-20-anos-en-medio-de-debates-criticos\/"]}]},{"@type":"ImageObject","inLanguage":"es-AR","@id":"https:\/\/www.diario21.tv\/noticias\/impactante-la-ley-contra-la-violencia-de-genero-celebra-20-anos-en-medio-de-debates-criticos\/#primaryimage","url":"https:\/\/www.diario21.tv\/noticias\/wp-content\/uploads\/2024\/12\/\u00a1Impactante-La-ley-contra-la-violencia-de-genero-celebra-20.jpg","contentUrl":"https:\/\/www.diario21.tv\/noticias\/wp-content\/uploads\/2024\/12\/\u00a1Impactante-La-ley-contra-la-violencia-de-genero-celebra-20.jpg","width":1902,"height":1076,"caption":"La ley contra la violencia de g\u00e9nero cumple 20 a\u00f1os forjada con un consenso hoy a prueba"},{"@type":"BreadcrumbList","@id":"https:\/\/www.diario21.tv\/noticias\/impactante-la-ley-contra-la-violencia-de-genero-celebra-20-anos-en-medio-de-debates-criticos\/#breadcrumb","itemListElement":[{"@type":"ListItem","position":1,"name":"Accueil","item":"https:\/\/www.diario21.tv\/noticias\/"},{"@type":"ListItem","position":2,"name":"\u00a1Impactante! La ley contra la violencia de g\u00e9nero celebra 20 a\u00f1os en medio de debates cr\u00edticos"}]},{"@type":"WebSite","@id":"https:\/\/www.diario21.tv\/noticias\/#website","url":"https:\/\/www.diario21.tv\/noticias\/","name":"Diario 21","description":"","potentialAction":[{"@type":"SearchAction","target":{"@type":"EntryPoint","urlTemplate":"https:\/\/www.diario21.tv\/noticias\/?s={search_term_string}"},"query-input":{"@type":"PropertyValueSpecification","valueRequired":true,"valueName":"search_term_string"}}],"inLanguage":"es-AR"},{"@type":"Person","@id":"https:\/\/www.diario21.tv\/noticias\/#\/schema\/person\/dfb778f73814d8f09f302618446a526b","name":"Juan P\u00e9rez","image":{"@type":"ImageObject","inLanguage":"es-AR","@id":"https:\/\/www.diario21.tv\/noticias\/#\/schema\/person\/image\/","url":"https:\/\/secure.gravatar.com\/avatar\/c478a405bd10621167f4c3167cc770f5?s=96&d=mm&r=g","contentUrl":"https:\/\/secure.gravatar.com\/avatar\/c478a405bd10621167f4c3167cc770f5?s=96&d=mm&r=g","caption":"Juan P\u00e9rez"},"description":"Juan P\u00e9rez es el redactor en jefe de Diario 21. Con m\u00e1s de 10 a\u00f1os de experiencia en el periodismo, se especializa en pol\u00edtica nacional y an\u00e1lisis socioecon\u00f3mico. Su enfoque cr\u00edtico y riguroso aporta una perspectiva \u00fanica a cada art\u00edculo.","sameAs":["https:\/\/www.diario21.tv\/noticias\/"],"url":"https:\/\/www.diario21.tv\/noticias\/author\/juan-perez\/"}]}},"_links":{"self":[{"href":"https:\/\/www.diario21.tv\/noticias\/wp-json\/wp\/v2\/posts\/1668"}],"collection":[{"href":"https:\/\/www.diario21.tv\/noticias\/wp-json\/wp\/v2\/posts"}],"about":[{"href":"https:\/\/www.diario21.tv\/noticias\/wp-json\/wp\/v2\/types\/post"}],"author":[{"embeddable":true,"href":"https:\/\/www.diario21.tv\/noticias\/wp-json\/wp\/v2\/users\/20"}],"replies":[{"embeddable":true,"href":"https:\/\/www.diario21.tv\/noticias\/wp-json\/wp\/v2\/comments?post=1668"}],"version-history":[{"count":1,"href":"https:\/\/www.diario21.tv\/noticias\/wp-json\/wp\/v2\/posts\/1668\/revisions"}],"predecessor-version":[{"id":1670,"href":"https:\/\/www.diario21.tv\/noticias\/wp-json\/wp\/v2\/posts\/1668\/revisions\/1670"}],"wp:featuredmedia":[{"embeddable":true,"href":"https:\/\/www.diario21.tv\/noticias\/wp-json\/wp\/v2\/media\/1669"}],"wp:attachment":[{"href":"https:\/\/www.diario21.tv\/noticias\/wp-json\/wp\/v2\/media?parent=1668"}],"wp:term":[{"taxonomy":"category","embeddable":true,"href":"https:\/\/www.diario21.tv\/noticias\/wp-json\/wp\/v2\/categories?post=1668"},{"taxonomy":"post_tag","embeddable":true,"href":"https:\/\/www.diario21.tv\/noticias\/wp-json\/wp\/v2\/tags?post=1668"}],"curies":[{"name":"wp","href":"https:\/\/api.w.org\/{rel}","templated":true}]}}