{"id":1659,"date":"2024-12-30T23:00:27","date_gmt":"2024-12-30T23:00:27","guid":{"rendered":"https:\/\/www.diario21.tv\/noticias\/urgente-activacion-de-pozos-de-emergencia-para-salvar-las-tablas-de-daimiel-de-la-inundacion\/"},"modified":"2024-12-30T23:00:30","modified_gmt":"2024-12-30T23:00:30","slug":"urgente-activacion-de-pozos-de-emergencia-para-salvar-las-tablas-de-daimiel-de-la-inundacion","status":"publish","type":"post","link":"https:\/\/www.diario21.tv\/noticias\/urgente-activacion-de-pozos-de-emergencia-para-salvar-las-tablas-de-daimiel-de-la-inundacion\/","title":{"rendered":"\u00a1Urgente! Activaci\u00f3n de pozos de emergencia para salvar Las Tablas de Daimiel de la inundaci\u00f3n"},"content":{"rendered":"<h2>Se activan pozos de emergencia para rescatar y rehidratar Las Tablas de Daimiel<\/h2>\n<p>Las Tablas de Daimiel, uno de los humedales m\u00e1s importantes de Espa\u00f1a, enfrenta una grave sequ\u00eda que ha llevado a las autoridades a tomar medidas dr\u00e1sticas para salvarlo. En un esfuerzo por revertir los efectos de la sequ\u00eda prolongada, se ha decidido activar una serie de pozos de emergencia con el objetivo de inundar y revitalizar este ecosistema cr\u00edtico.<\/p>\n<h3>La urgencia de actuar<\/h3>\n<p>La situaci\u00f3n en Las Tablas de Daimiel es cr\u00edtica. Este parque nacional, ubicado en la provincia de Ciudad Real, es reconocido por su biodiversidad \u00fanica y por ser un refugio vital para muchas especies de aves migratorias. Sin embargo, la falta de precipitaciones y el excesivo uso de agua para la agricultura en la regi\u00f3n han reducido dr\u00e1sticamente los niveles de agua, poniendo en peligro toda la vida acu\u00e1tica y terrestre del \u00e1rea.<\/p>\n<p>Ante este panorama, la Confederaci\u00f3n Hidrogr\u00e1fica del Guadiana ha puesto en marcha un plan de emergencia que incluye la activaci\u00f3n de pozos artificiales. Estos pozos tienen como fin principal aportar agua desde acu\u00edferos subterr\u00e1neos para ayudar a recargar el humedal.<\/p>\n<h3>Impacto ambiental y cr\u00edticas<\/h3>\n<p>La decisi\u00f3n de utilizar pozos de emergencia no ha estado exenta de controversia. Mientras algunos expertos y ecologistas aplauden la medida como un paso necesario para la conservaci\u00f3n del parque, otros advierten sobre los posibles riesgos de alterar de manera artificial el r\u00e9gimen hidrol\u00f3gico del humedal. Existe el temor de que el agua extra\u00edda pueda estar contaminada o que su uso desmedido pueda comprometer la sostenibilidad de los acu\u00edferos.<\/p>\n<p>No obstante, las autoridades insisten en que esta es la \u00fanica opci\u00f3n viable en el corto plazo para evitar un da\u00f1o irreparable en el ecosistema. Se han establecido rigurosos controles de calidad del agua y se monitoriza constantemente el impacto de la medida.<\/p>\n<h3>Expectativas futuras<\/h3>\n<p>Con la activaci\u00f3n de los pozos, se espera que Las Tablas de Daimiel comiencen a recuperar su nivel de agua habitual para la \u00e9poca. Este reabastecimiento es vital no solo para la flora y fauna del parque, sino tambi\u00e9n para mantener las caracter\u00edsticas paisaj\u00edsticas y naturales que atraen a turistas de todo el mundo.<\/p>\n<p>Adem\u00e1s, se est\u00e1 trabajando en planes a largo plazo para asegurar la sustentabilidad del humedal. Esto incluye la revisi\u00f3n de las pol\u00edticas de uso de agua en la agricultura y la implementaci\u00f3n de m\u00e1s proyectos de conservaci\u00f3n que puedan prevenir futuras crisis h\u00eddricas.<\/p>\n<p>Las medidas tomadas en Las Tablas de Daimiel son un recordatorio de la urgencia de actuar frente a los desaf\u00edos ambientales que enfrentamos. La colaboraci\u00f3n entre autoridades, cient\u00edficos y la comunidad es esencial para proteger nuestros valiosos ecosistemas acu\u00e1ticos.<\/p>\n\n\n<div class=\"kk-star-ratings kksr-auto kksr-align-left kksr-valign-bottom\"\n    data-payload='{&quot;align&quot;:&quot;left&quot;,&quot;id&quot;:&quot;1659&quot;,&quot;slug&quot;:&quot;default&quot;,&quot;valign&quot;:&quot;bottom&quot;,&quot;ignore&quot;:&quot;&quot;,&quot;reference&quot;:&quot;auto&quot;,&quot;class&quot;:&quot;&quot;,&quot;count&quot;:&quot;0&quot;,&quot;legendonly&quot;:&quot;&quot;,&quot;readonly&quot;:&quot;&quot;,&quot;score&quot;:&quot;0&quot;,&quot;starsonly&quot;:&quot;&quot;,&quot;best&quot;:&quot;5&quot;,&quot;gap&quot;:&quot;5&quot;,&quot;greet&quot;:&quot;Valora este post&quot;,&quot;legend&quot;:&quot;0\\\/5 - (0 votes)&quot;,&quot;size&quot;:&quot;22&quot;,&quot;title&quot;:&quot;\u00a1Urgente! Activaci\u00f3n de pozos de emergencia para salvar Las Tablas de Daimiel de la inundaci\u00f3n&quot;,&quot;width&quot;:&quot;0&quot;,&quot;_legend&quot;:&quot;{score}\\\/{best} - ({count} {votes})&quot;,&quot;font_factor&quot;:&quot;1.25&quot;}'>\n            \n<div class=\"kksr-stars\">\n    \n<div class=\"kksr-stars-inactive\">\n            <div class=\"kksr-star\" data-star=\"1\" style=\"padding-right: 5px\">\n            \n\n<div class=\"kksr-icon\" style=\"width: 22px; height: 22px;\"><\/div>\n        <\/div>\n            <div class=\"kksr-star\" data-star=\"2\" style=\"padding-right: 5px\">\n            \n\n<div class=\"kksr-icon\" style=\"width: 22px; height: 22px;\"><\/div>\n        <\/div>\n            <div class=\"kksr-star\" data-star=\"3\" style=\"padding-right: 5px\">\n            \n\n<div class=\"kksr-icon\" style=\"width: 22px; height: 22px;\"><\/div>\n        <\/div>\n            <div class=\"kksr-star\" data-star=\"4\" style=\"padding-right: 5px\">\n            \n\n<div class=\"kksr-icon\" style=\"width: 22px; height: 22px;\"><\/div>\n        <\/div>\n            <div class=\"kksr-star\" data-star=\"5\" style=\"padding-right: 5px\">\n            \n\n<div class=\"kksr-icon\" style=\"width: 22px; height: 22px;\"><\/div>\n        <\/div>\n    <\/div>\n    \n<div class=\"kksr-stars-active\" style=\"width: 0px;\">\n            <div class=\"kksr-star\" style=\"padding-right: 5px\">\n            \n\n<div class=\"kksr-icon\" style=\"width: 22px; height: 22px;\"><\/div>\n        <\/div>\n            <div class=\"kksr-star\" style=\"padding-right: 5px\">\n            \n\n<div class=\"kksr-icon\" style=\"width: 22px; height: 22px;\"><\/div>\n        <\/div>\n            <div class=\"kksr-star\" style=\"padding-right: 5px\">\n            \n\n<div class=\"kksr-icon\" style=\"width: 22px; height: 22px;\"><\/div>\n        <\/div>\n            <div class=\"kksr-star\" style=\"padding-right: 5px\">\n            \n\n<div class=\"kksr-icon\" style=\"width: 22px; height: 22px;\"><\/div>\n        <\/div>\n            <div class=\"kksr-star\" style=\"padding-right: 5px\">\n            \n\n<div class=\"kksr-icon\" style=\"width: 22px; height: 22px;\"><\/div>\n        <\/div>\n    <\/div>\n<\/div>\n                \n\n<div class=\"kksr-legend\" style=\"font-size: 17.6px;\">\n            <span class=\"kksr-muted\">Valora este post<\/span>\n    <\/div>\n    <\/div>\n","protected":false},"excerpt":{"rendered":"<p>Se activan pozos de emergencia para rescatar y rehidratar Las Tablas de Daimiel Las Tablas de Daimiel, uno de los humedales m\u00e1s importantes de Espa\u00f1a, enfrenta &#8230; <a title=\"\u00a1Urgente! Activaci\u00f3n de pozos de emergencia para salvar Las Tablas de Daimiel de la inundaci\u00f3n\" class=\"read-more\" href=\"https:\/\/www.diario21.tv\/noticias\/urgente-activacion-de-pozos-de-emergencia-para-salvar-las-tablas-de-daimiel-de-la-inundacion\/\" aria-label=\"Leer m\u00e1s sobre \u00a1Urgente! Activaci\u00f3n de pozos de emergencia para salvar Las Tablas de Daimiel de la inundaci\u00f3n\">Seguir leyendo &rarr;<\/a><\/p>\n","protected":false},"author":20,"featured_media":1660,"comment_status":"open","ping_status":"open","sticky":false,"template":"","format":"standard","meta":{"footnotes":""},"categories":[13],"tags":[],"class_list":["post-1659","post","type-post","status-publish","format-standard","has-post-thumbnail","hentry","category-portada"],"yoast_head":"<!-- This site is optimized with the Yoast SEO plugin v25.6 - https:\/\/yoast.com\/wordpress\/plugins\/seo\/ -->\n<title>\u00a1Urgente! Activaci\u00f3n de pozos de emergencia para salvar Las Tablas de Daimiel de la inundaci\u00f3n - Diario 21<\/title>\n<meta name=\"robots\" content=\"index, follow, max-snippet:-1, max-image-preview:large, max-video-preview:-1\" \/>\n<link rel=\"canonical\" href=\"https:\/\/www.diario21.tv\/noticias\/urgente-activacion-de-pozos-de-emergencia-para-salvar-las-tablas-de-daimiel-de-la-inundacion\/\" \/>\n<meta property=\"og:locale\" content=\"es_ES\" \/>\n<meta property=\"og:type\" content=\"article\" \/>\n<meta property=\"og:title\" content=\"\u00a1Urgente! Activaci\u00f3n de pozos de emergencia para salvar Las Tablas de Daimiel de la inundaci\u00f3n - Diario 21\" \/>\n<meta property=\"og:description\" content=\"Se activan pozos de emergencia para rescatar y rehidratar Las Tablas de Daimiel Las Tablas de Daimiel, uno de los humedales m\u00e1s importantes de Espa\u00f1a, enfrenta ... Seguir leyendo &rarr;\" \/>\n<meta property=\"og:url\" content=\"https:\/\/www.diario21.tv\/noticias\/urgente-activacion-de-pozos-de-emergencia-para-salvar-las-tablas-de-daimiel-de-la-inundacion\/\" \/>\n<meta property=\"og:site_name\" content=\"Diario 21\" \/>\n<meta property=\"article:published_time\" content=\"2024-12-30T23:00:27+00:00\" \/>\n<meta property=\"article:modified_time\" content=\"2024-12-30T23:00:30+00:00\" \/>\n<meta property=\"og:image\" content=\"https:\/\/www.diario21.tv\/noticias\/wp-content\/uploads\/2024\/12\/\u00a1Urgente-Activacion-de-pozos-de-emergencia-para-salvar-Las-Tablas.jpg\" \/>\n\t<meta property=\"og:image:width\" content=\"2500\" \/>\n\t<meta property=\"og:image:height\" content=\"1667\" \/>\n\t<meta property=\"og:image:type\" content=\"image\/jpeg\" \/>\n<meta name=\"author\" content=\"Juan P\u00e9rez\" \/>\n<meta name=\"twitter:card\" content=\"summary_large_image\" \/>\n<meta name=\"twitter:label1\" content=\"Escrito por\" \/>\n\t<meta name=\"twitter:data1\" content=\"Juan P\u00e9rez\" \/>\n\t<meta name=\"twitter:label2\" content=\"Tiempo de lectura\" \/>\n\t<meta name=\"twitter:data2\" content=\"2 minutos\" \/>\n<script type=\"application\/ld+json\" class=\"yoast-schema-graph\">{\"@context\":\"https:\/\/schema.org\",\"@graph\":[{\"@type\":\"WebPage\",\"@id\":\"https:\/\/www.diario21.tv\/noticias\/urgente-activacion-de-pozos-de-emergencia-para-salvar-las-tablas-de-daimiel-de-la-inundacion\/\",\"url\":\"https:\/\/www.diario21.tv\/noticias\/urgente-activacion-de-pozos-de-emergencia-para-salvar-las-tablas-de-daimiel-de-la-inundacion\/\",\"name\":\"\u00a1Urgente! Activaci\u00f3n de pozos de emergencia para salvar Las Tablas de Daimiel de la inundaci\u00f3n - Diario 21\",\"isPartOf\":{\"@id\":\"https:\/\/www.diario21.tv\/noticias\/#website\"},\"primaryImageOfPage\":{\"@id\":\"https:\/\/www.diario21.tv\/noticias\/urgente-activacion-de-pozos-de-emergencia-para-salvar-las-tablas-de-daimiel-de-la-inundacion\/#primaryimage\"},\"image\":{\"@id\":\"https:\/\/www.diario21.tv\/noticias\/urgente-activacion-de-pozos-de-emergencia-para-salvar-las-tablas-de-daimiel-de-la-inundacion\/#primaryimage\"},\"thumbnailUrl\":\"https:\/\/www.diario21.tv\/noticias\/wp-content\/uploads\/2024\/12\/\u00a1Urgente-Activacion-de-pozos-de-emergencia-para-salvar-Las-Tablas.jpg\",\"datePublished\":\"2024-12-30T23:00:27+00:00\",\"dateModified\":\"2024-12-30T23:00:30+00:00\",\"author\":{\"@id\":\"https:\/\/www.diario21.tv\/noticias\/#\/schema\/person\/dfb778f73814d8f09f302618446a526b\"},\"breadcrumb\":{\"@id\":\"https:\/\/www.diario21.tv\/noticias\/urgente-activacion-de-pozos-de-emergencia-para-salvar-las-tablas-de-daimiel-de-la-inundacion\/#breadcrumb\"},\"inLanguage\":\"es-AR\",\"potentialAction\":[{\"@type\":\"ReadAction\",\"target\":[\"https:\/\/www.diario21.tv\/noticias\/urgente-activacion-de-pozos-de-emergencia-para-salvar-las-tablas-de-daimiel-de-la-inundacion\/\"]}]},{\"@type\":\"ImageObject\",\"inLanguage\":\"es-AR\",\"@id\":\"https:\/\/www.diario21.tv\/noticias\/urgente-activacion-de-pozos-de-emergencia-para-salvar-las-tablas-de-daimiel-de-la-inundacion\/#primaryimage\",\"url\":\"https:\/\/www.diario21.tv\/noticias\/wp-content\/uploads\/2024\/12\/\u00a1Urgente-Activacion-de-pozos-de-emergencia-para-salvar-Las-Tablas.jpg\",\"contentUrl\":\"https:\/\/www.diario21.tv\/noticias\/wp-content\/uploads\/2024\/12\/\u00a1Urgente-Activacion-de-pozos-de-emergencia-para-salvar-Las-Tablas.jpg\",\"width\":2500,\"height\":1667,\"caption\":\"Activan los pozos de emergencia para salvar e inundar Las Tablas de Daimiel\"},{\"@type\":\"BreadcrumbList\",\"@id\":\"https:\/\/www.diario21.tv\/noticias\/urgente-activacion-de-pozos-de-emergencia-para-salvar-las-tablas-de-daimiel-de-la-inundacion\/#breadcrumb\",\"itemListElement\":[{\"@type\":\"ListItem\",\"position\":1,\"name\":\"Accueil\",\"item\":\"https:\/\/www.diario21.tv\/noticias\/\"},{\"@type\":\"ListItem\",\"position\":2,\"name\":\"\u00a1Urgente! Activaci\u00f3n de pozos de emergencia para salvar Las Tablas de Daimiel de la inundaci\u00f3n\"}]},{\"@type\":\"WebSite\",\"@id\":\"https:\/\/www.diario21.tv\/noticias\/#website\",\"url\":\"https:\/\/www.diario21.tv\/noticias\/\",\"name\":\"Diario 21\",\"description\":\"\",\"potentialAction\":[{\"@type\":\"SearchAction\",\"target\":{\"@type\":\"EntryPoint\",\"urlTemplate\":\"https:\/\/www.diario21.tv\/noticias\/?s={search_term_string}\"},\"query-input\":{\"@type\":\"PropertyValueSpecification\",\"valueRequired\":true,\"valueName\":\"search_term_string\"}}],\"inLanguage\":\"es-AR\"},{\"@type\":\"Person\",\"@id\":\"https:\/\/www.diario21.tv\/noticias\/#\/schema\/person\/dfb778f73814d8f09f302618446a526b\",\"name\":\"Juan P\u00e9rez\",\"image\":{\"@type\":\"ImageObject\",\"inLanguage\":\"es-AR\",\"@id\":\"https:\/\/www.diario21.tv\/noticias\/#\/schema\/person\/image\/\",\"url\":\"https:\/\/secure.gravatar.com\/avatar\/c478a405bd10621167f4c3167cc770f5?s=96&d=mm&r=g\",\"contentUrl\":\"https:\/\/secure.gravatar.com\/avatar\/c478a405bd10621167f4c3167cc770f5?s=96&d=mm&r=g\",\"caption\":\"Juan P\u00e9rez\"},\"description\":\"Juan P\u00e9rez es el redactor en jefe de Diario 21. Con m\u00e1s de 10 a\u00f1os de experiencia en el periodismo, se especializa en pol\u00edtica nacional y an\u00e1lisis socioecon\u00f3mico. Su enfoque cr\u00edtico y riguroso aporta una perspectiva \u00fanica a cada art\u00edculo.\",\"sameAs\":[\"https:\/\/www.diario21.tv\/noticias\/\"],\"url\":\"https:\/\/www.diario21.tv\/noticias\/author\/juan-perez\/\"}]}<\/script>\n<!-- \/ Yoast SEO plugin. -->","yoast_head_json":{"title":"\u00a1Urgente! Activaci\u00f3n de pozos de emergencia para salvar Las Tablas de Daimiel de la inundaci\u00f3n - Diario 21","robots":{"index":"index","follow":"follow","max-snippet":"max-snippet:-1","max-image-preview":"max-image-preview:large","max-video-preview":"max-video-preview:-1"},"canonical":"https:\/\/www.diario21.tv\/noticias\/urgente-activacion-de-pozos-de-emergencia-para-salvar-las-tablas-de-daimiel-de-la-inundacion\/","og_locale":"es_ES","og_type":"article","og_title":"\u00a1Urgente! Activaci\u00f3n de pozos de emergencia para salvar Las Tablas de Daimiel de la inundaci\u00f3n - Diario 21","og_description":"Se activan pozos de emergencia para rescatar y rehidratar Las Tablas de Daimiel Las Tablas de Daimiel, uno de los humedales m\u00e1s importantes de Espa\u00f1a, enfrenta ... Seguir leyendo &rarr;","og_url":"https:\/\/www.diario21.tv\/noticias\/urgente-activacion-de-pozos-de-emergencia-para-salvar-las-tablas-de-daimiel-de-la-inundacion\/","og_site_name":"Diario 21","article_published_time":"2024-12-30T23:00:27+00:00","article_modified_time":"2024-12-30T23:00:30+00:00","og_image":[{"width":2500,"height":1667,"url":"https:\/\/www.diario21.tv\/noticias\/wp-content\/uploads\/2024\/12\/\u00a1Urgente-Activacion-de-pozos-de-emergencia-para-salvar-Las-Tablas.jpg","type":"image\/jpeg"}],"author":"Juan P\u00e9rez","twitter_card":"summary_large_image","twitter_misc":{"Escrito por":"Juan P\u00e9rez","Tiempo de lectura":"2 minutos"},"schema":{"@context":"https:\/\/schema.org","@graph":[{"@type":"WebPage","@id":"https:\/\/www.diario21.tv\/noticias\/urgente-activacion-de-pozos-de-emergencia-para-salvar-las-tablas-de-daimiel-de-la-inundacion\/","url":"https:\/\/www.diario21.tv\/noticias\/urgente-activacion-de-pozos-de-emergencia-para-salvar-las-tablas-de-daimiel-de-la-inundacion\/","name":"\u00a1Urgente! Activaci\u00f3n de pozos de emergencia para salvar Las Tablas de Daimiel de la inundaci\u00f3n - Diario 21","isPartOf":{"@id":"https:\/\/www.diario21.tv\/noticias\/#website"},"primaryImageOfPage":{"@id":"https:\/\/www.diario21.tv\/noticias\/urgente-activacion-de-pozos-de-emergencia-para-salvar-las-tablas-de-daimiel-de-la-inundacion\/#primaryimage"},"image":{"@id":"https:\/\/www.diario21.tv\/noticias\/urgente-activacion-de-pozos-de-emergencia-para-salvar-las-tablas-de-daimiel-de-la-inundacion\/#primaryimage"},"thumbnailUrl":"https:\/\/www.diario21.tv\/noticias\/wp-content\/uploads\/2024\/12\/\u00a1Urgente-Activacion-de-pozos-de-emergencia-para-salvar-Las-Tablas.jpg","datePublished":"2024-12-30T23:00:27+00:00","dateModified":"2024-12-30T23:00:30+00:00","author":{"@id":"https:\/\/www.diario21.tv\/noticias\/#\/schema\/person\/dfb778f73814d8f09f302618446a526b"},"breadcrumb":{"@id":"https:\/\/www.diario21.tv\/noticias\/urgente-activacion-de-pozos-de-emergencia-para-salvar-las-tablas-de-daimiel-de-la-inundacion\/#breadcrumb"},"inLanguage":"es-AR","potentialAction":[{"@type":"ReadAction","target":["https:\/\/www.diario21.tv\/noticias\/urgente-activacion-de-pozos-de-emergencia-para-salvar-las-tablas-de-daimiel-de-la-inundacion\/"]}]},{"@type":"ImageObject","inLanguage":"es-AR","@id":"https:\/\/www.diario21.tv\/noticias\/urgente-activacion-de-pozos-de-emergencia-para-salvar-las-tablas-de-daimiel-de-la-inundacion\/#primaryimage","url":"https:\/\/www.diario21.tv\/noticias\/wp-content\/uploads\/2024\/12\/\u00a1Urgente-Activacion-de-pozos-de-emergencia-para-salvar-Las-Tablas.jpg","contentUrl":"https:\/\/www.diario21.tv\/noticias\/wp-content\/uploads\/2024\/12\/\u00a1Urgente-Activacion-de-pozos-de-emergencia-para-salvar-Las-Tablas.jpg","width":2500,"height":1667,"caption":"Activan los pozos de emergencia para salvar e inundar Las Tablas de Daimiel"},{"@type":"BreadcrumbList","@id":"https:\/\/www.diario21.tv\/noticias\/urgente-activacion-de-pozos-de-emergencia-para-salvar-las-tablas-de-daimiel-de-la-inundacion\/#breadcrumb","itemListElement":[{"@type":"ListItem","position":1,"name":"Accueil","item":"https:\/\/www.diario21.tv\/noticias\/"},{"@type":"ListItem","position":2,"name":"\u00a1Urgente! Activaci\u00f3n de pozos de emergencia para salvar Las Tablas de Daimiel de la inundaci\u00f3n"}]},{"@type":"WebSite","@id":"https:\/\/www.diario21.tv\/noticias\/#website","url":"https:\/\/www.diario21.tv\/noticias\/","name":"Diario 21","description":"","potentialAction":[{"@type":"SearchAction","target":{"@type":"EntryPoint","urlTemplate":"https:\/\/www.diario21.tv\/noticias\/?s={search_term_string}"},"query-input":{"@type":"PropertyValueSpecification","valueRequired":true,"valueName":"search_term_string"}}],"inLanguage":"es-AR"},{"@type":"Person","@id":"https:\/\/www.diario21.tv\/noticias\/#\/schema\/person\/dfb778f73814d8f09f302618446a526b","name":"Juan P\u00e9rez","image":{"@type":"ImageObject","inLanguage":"es-AR","@id":"https:\/\/www.diario21.tv\/noticias\/#\/schema\/person\/image\/","url":"https:\/\/secure.gravatar.com\/avatar\/c478a405bd10621167f4c3167cc770f5?s=96&d=mm&r=g","contentUrl":"https:\/\/secure.gravatar.com\/avatar\/c478a405bd10621167f4c3167cc770f5?s=96&d=mm&r=g","caption":"Juan P\u00e9rez"},"description":"Juan P\u00e9rez es el redactor en jefe de Diario 21. Con m\u00e1s de 10 a\u00f1os de experiencia en el periodismo, se especializa en pol\u00edtica nacional y an\u00e1lisis socioecon\u00f3mico. Su enfoque cr\u00edtico y riguroso aporta una perspectiva \u00fanica a cada art\u00edculo.","sameAs":["https:\/\/www.diario21.tv\/noticias\/"],"url":"https:\/\/www.diario21.tv\/noticias\/author\/juan-perez\/"}]}},"_links":{"self":[{"href":"https:\/\/www.diario21.tv\/noticias\/wp-json\/wp\/v2\/posts\/1659"}],"collection":[{"href":"https:\/\/www.diario21.tv\/noticias\/wp-json\/wp\/v2\/posts"}],"about":[{"href":"https:\/\/www.diario21.tv\/noticias\/wp-json\/wp\/v2\/types\/post"}],"author":[{"embeddable":true,"href":"https:\/\/www.diario21.tv\/noticias\/wp-json\/wp\/v2\/users\/20"}],"replies":[{"embeddable":true,"href":"https:\/\/www.diario21.tv\/noticias\/wp-json\/wp\/v2\/comments?post=1659"}],"version-history":[{"count":1,"href":"https:\/\/www.diario21.tv\/noticias\/wp-json\/wp\/v2\/posts\/1659\/revisions"}],"predecessor-version":[{"id":1661,"href":"https:\/\/www.diario21.tv\/noticias\/wp-json\/wp\/v2\/posts\/1659\/revisions\/1661"}],"wp:featuredmedia":[{"embeddable":true,"href":"https:\/\/www.diario21.tv\/noticias\/wp-json\/wp\/v2\/media\/1660"}],"wp:attachment":[{"href":"https:\/\/www.diario21.tv\/noticias\/wp-json\/wp\/v2\/media?parent=1659"}],"wp:term":[{"taxonomy":"category","embeddable":true,"href":"https:\/\/www.diario21.tv\/noticias\/wp-json\/wp\/v2\/categories?post=1659"},{"taxonomy":"post_tag","embeddable":true,"href":"https:\/\/www.diario21.tv\/noticias\/wp-json\/wp\/v2\/tags?post=1659"}],"curies":[{"name":"wp","href":"https:\/\/api.w.org\/{rel}","templated":true}]}}