{"id":1630,"date":"2024-12-28T02:50:02","date_gmt":"2024-12-28T02:50:02","guid":{"rendered":"https:\/\/www.diario21.tv\/noticias\/alerta-en-picassent-preso-peligroso-y-potencialmente-armado-sigue-fugado\/"},"modified":"2024-12-28T02:50:03","modified_gmt":"2024-12-28T02:50:03","slug":"alerta-en-picassent-preso-peligroso-y-potencialmente-armado-sigue-fugado","status":"publish","type":"post","link":"https:\/\/www.diario21.tv\/noticias\/alerta-en-picassent-preso-peligroso-y-potencialmente-armado-sigue-fugado\/","title":{"rendered":"\u00a1Alerta en Picassent! Preso peligroso y potencialmente armado sigue fugado"},"content":{"rendered":"<h2>Uno de los evadidos de Picassent, un criminal de alto riesgo que podr\u00eda estar armado<\/h2>\n<p>En un reciente y preocupante evento en Picassent, uno de los fugitivos que logr\u00f3 escaparse de la c\u00e1rcel ha sido identificado como un delincuente de considerable peligrosidad. Las autoridades advierten que este individuo podr\u00eda portar armas.<\/p>\n<h3>Detalles de la fuga<\/h3>\n<p>La fuga se produjo bajo circunstancias a\u00fan bajo investigaci\u00f3n, pero lo que se sabe es que este suceso ha puesto en alerta m\u00e1xima a las fuerzas de seguridad. El recluso, cuyo nombre no ha sido divulgado por razones de seguridad y protocolo legal, es conocido por su historial de delitos graves.<\/p>\n<h3>Perfil del fugitivo<\/h3>\n<p>Este individuo no es un novato en el mundo del crimen. Su historial delictivo incluye varios actos violentos, lo que incrementa la urgencia de las autoridades por capturarlo. La posibilidad de que est\u00e9 armado solo a\u00f1ade una capa adicional de riesgo a la situaci\u00f3n.<\/p>\n<h3>Reacciones y medidas de seguridad<\/h3>\n<p>Ante esta situaci\u00f3n, las autoridades han intensificado las medidas de seguridad en la zona y alrededores, incrementando los patrullajes y estableciendo controles m\u00e1s estrictos. La polic\u00eda ha emitido un llamado a la ciudadan\u00eda para que reporte cualquier actividad sospechosa que pudiera estar relacionada con este fugitivo.<\/p>\n<h3>Recomendaciones para la poblaci\u00f3n<\/h3>\n<p>Se insta a la poblaci\u00f3n a mantenerse vigilante y a evitar acercamientos o intentos de confrontar al fugitivo, dado su potencial peligro. La colaboraci\u00f3n ciudadana es fundamental en estos casos para facilitar la r\u00e1pida recaptura del delincuente y garantizar la seguridad de todos.<\/p>\n<p>Las autoridades est\u00e1n utilizando todos los recursos disponibles para rastrear y recapturar al fugitivo, pero la situaci\u00f3n a\u00fan es muy delicada. La comunidad de Picassent y \u00e1reas aleda\u00f1as se mantienen en estado de alerta mientras contin\u00faa la b\u00fasqueda.<\/p>\n\n\n<div class=\"kk-star-ratings kksr-auto kksr-align-left kksr-valign-bottom\"\n    data-payload='{&quot;align&quot;:&quot;left&quot;,&quot;id&quot;:&quot;1630&quot;,&quot;slug&quot;:&quot;default&quot;,&quot;valign&quot;:&quot;bottom&quot;,&quot;ignore&quot;:&quot;&quot;,&quot;reference&quot;:&quot;auto&quot;,&quot;class&quot;:&quot;&quot;,&quot;count&quot;:&quot;0&quot;,&quot;legendonly&quot;:&quot;&quot;,&quot;readonly&quot;:&quot;&quot;,&quot;score&quot;:&quot;0&quot;,&quot;starsonly&quot;:&quot;&quot;,&quot;best&quot;:&quot;5&quot;,&quot;gap&quot;:&quot;5&quot;,&quot;greet&quot;:&quot;Valora este post&quot;,&quot;legend&quot;:&quot;0\\\/5 - (0 votes)&quot;,&quot;size&quot;:&quot;22&quot;,&quot;title&quot;:&quot;\u00a1Alerta en Picassent! Preso peligroso y potencialmente armado sigue fugado&quot;,&quot;width&quot;:&quot;0&quot;,&quot;_legend&quot;:&quot;{score}\\\/{best} - ({count} {votes})&quot;,&quot;font_factor&quot;:&quot;1.25&quot;}'>\n            \n<div class=\"kksr-stars\">\n    \n<div class=\"kksr-stars-inactive\">\n            <div class=\"kksr-star\" data-star=\"1\" style=\"padding-right: 5px\">\n            \n\n<div class=\"kksr-icon\" style=\"width: 22px; height: 22px;\"><\/div>\n        <\/div>\n            <div class=\"kksr-star\" data-star=\"2\" style=\"padding-right: 5px\">\n            \n\n<div class=\"kksr-icon\" style=\"width: 22px; height: 22px;\"><\/div>\n        <\/div>\n            <div class=\"kksr-star\" data-star=\"3\" style=\"padding-right: 5px\">\n            \n\n<div class=\"kksr-icon\" style=\"width: 22px; height: 22px;\"><\/div>\n        <\/div>\n            <div class=\"kksr-star\" data-star=\"4\" style=\"padding-right: 5px\">\n            \n\n<div class=\"kksr-icon\" style=\"width: 22px; height: 22px;\"><\/div>\n        <\/div>\n            <div class=\"kksr-star\" data-star=\"5\" style=\"padding-right: 5px\">\n            \n\n<div class=\"kksr-icon\" style=\"width: 22px; height: 22px;\"><\/div>\n        <\/div>\n    <\/div>\n    \n<div class=\"kksr-stars-active\" style=\"width: 0px;\">\n            <div class=\"kksr-star\" style=\"padding-right: 5px\">\n            \n\n<div class=\"kksr-icon\" style=\"width: 22px; height: 22px;\"><\/div>\n        <\/div>\n            <div class=\"kksr-star\" style=\"padding-right: 5px\">\n            \n\n<div class=\"kksr-icon\" style=\"width: 22px; height: 22px;\"><\/div>\n        <\/div>\n            <div class=\"kksr-star\" style=\"padding-right: 5px\">\n            \n\n<div class=\"kksr-icon\" style=\"width: 22px; height: 22px;\"><\/div>\n        <\/div>\n            <div class=\"kksr-star\" style=\"padding-right: 5px\">\n            \n\n<div class=\"kksr-icon\" style=\"width: 22px; height: 22px;\"><\/div>\n        <\/div>\n            <div class=\"kksr-star\" style=\"padding-right: 5px\">\n            \n\n<div class=\"kksr-icon\" style=\"width: 22px; height: 22px;\"><\/div>\n        <\/div>\n    <\/div>\n<\/div>\n                \n\n<div class=\"kksr-legend\" style=\"font-size: 17.6px;\">\n            <span class=\"kksr-muted\">Valora este post<\/span>\n    <\/div>\n    <\/div>\n","protected":false},"excerpt":{"rendered":"<p>Uno de los evadidos de Picassent, un criminal de alto riesgo que podr\u00eda estar armado En un reciente y preocupante evento en Picassent, uno de los &#8230; <a title=\"\u00a1Alerta en Picassent! Preso peligroso y potencialmente armado sigue fugado\" class=\"read-more\" href=\"https:\/\/www.diario21.tv\/noticias\/alerta-en-picassent-preso-peligroso-y-potencialmente-armado-sigue-fugado\/\" aria-label=\"Leer m\u00e1s sobre \u00a1Alerta en Picassent! Preso peligroso y potencialmente armado sigue fugado\">Seguir leyendo &rarr;<\/a><\/p>\n","protected":false},"author":20,"featured_media":1631,"comment_status":"open","ping_status":"open","sticky":false,"template":"","format":"standard","meta":{"footnotes":""},"categories":[13],"tags":[],"class_list":["post-1630","post","type-post","status-publish","format-standard","has-post-thumbnail","hentry","category-portada"],"yoast_head":"<!-- This site is optimized with the Yoast SEO plugin v25.6 - https:\/\/yoast.com\/wordpress\/plugins\/seo\/ -->\n<title>\u00a1Alerta en Picassent! Preso peligroso y potencialmente armado sigue fugado - Diario 21<\/title>\n<meta name=\"robots\" content=\"index, follow, max-snippet:-1, max-image-preview:large, max-video-preview:-1\" \/>\n<link rel=\"canonical\" href=\"https:\/\/www.diario21.tv\/noticias\/alerta-en-picassent-preso-peligroso-y-potencialmente-armado-sigue-fugado\/\" \/>\n<meta property=\"og:locale\" content=\"es_ES\" \/>\n<meta property=\"og:type\" content=\"article\" \/>\n<meta property=\"og:title\" content=\"\u00a1Alerta en Picassent! Preso peligroso y potencialmente armado sigue fugado - Diario 21\" \/>\n<meta property=\"og:description\" content=\"Uno de los evadidos de Picassent, un criminal de alto riesgo que podr\u00eda estar armado En un reciente y preocupante evento en Picassent, uno de los ... Seguir leyendo &rarr;\" \/>\n<meta property=\"og:url\" content=\"https:\/\/www.diario21.tv\/noticias\/alerta-en-picassent-preso-peligroso-y-potencialmente-armado-sigue-fugado\/\" \/>\n<meta property=\"og:site_name\" content=\"Diario 21\" \/>\n<meta property=\"article:published_time\" content=\"2024-12-28T02:50:02+00:00\" \/>\n<meta property=\"article:modified_time\" content=\"2024-12-28T02:50:03+00:00\" \/>\n<meta property=\"og:image\" content=\"https:\/\/www.diario21.tv\/noticias\/wp-content\/uploads\/2024\/12\/\u00a1Alerta-en-Picassent-Preso-peligroso-y-potencialmente-armado-sigue-fugado.jpg\" \/>\n\t<meta property=\"og:image:width\" content=\"1920\" \/>\n\t<meta property=\"og:image:height\" content=\"1080\" \/>\n\t<meta property=\"og:image:type\" content=\"image\/jpeg\" \/>\n<meta name=\"author\" content=\"Juan P\u00e9rez\" \/>\n<meta name=\"twitter:card\" content=\"summary_large_image\" \/>\n<meta name=\"twitter:label1\" content=\"Escrito por\" \/>\n\t<meta name=\"twitter:data1\" content=\"Juan P\u00e9rez\" \/>\n\t<meta name=\"twitter:label2\" content=\"Tiempo de lectura\" \/>\n\t<meta name=\"twitter:data2\" content=\"2 minutos\" \/>\n<script type=\"application\/ld+json\" class=\"yoast-schema-graph\">{\"@context\":\"https:\/\/schema.org\",\"@graph\":[{\"@type\":\"WebPage\",\"@id\":\"https:\/\/www.diario21.tv\/noticias\/alerta-en-picassent-preso-peligroso-y-potencialmente-armado-sigue-fugado\/\",\"url\":\"https:\/\/www.diario21.tv\/noticias\/alerta-en-picassent-preso-peligroso-y-potencialmente-armado-sigue-fugado\/\",\"name\":\"\u00a1Alerta en Picassent! Preso peligroso y potencialmente armado sigue fugado - Diario 21\",\"isPartOf\":{\"@id\":\"https:\/\/www.diario21.tv\/noticias\/#website\"},\"primaryImageOfPage\":{\"@id\":\"https:\/\/www.diario21.tv\/noticias\/alerta-en-picassent-preso-peligroso-y-potencialmente-armado-sigue-fugado\/#primaryimage\"},\"image\":{\"@id\":\"https:\/\/www.diario21.tv\/noticias\/alerta-en-picassent-preso-peligroso-y-potencialmente-armado-sigue-fugado\/#primaryimage\"},\"thumbnailUrl\":\"https:\/\/www.diario21.tv\/noticias\/wp-content\/uploads\/2024\/12\/\u00a1Alerta-en-Picassent-Preso-peligroso-y-potencialmente-armado-sigue-fugado.jpg\",\"datePublished\":\"2024-12-28T02:50:02+00:00\",\"dateModified\":\"2024-12-28T02:50:03+00:00\",\"author\":{\"@id\":\"https:\/\/www.diario21.tv\/noticias\/#\/schema\/person\/dfb778f73814d8f09f302618446a526b\"},\"breadcrumb\":{\"@id\":\"https:\/\/www.diario21.tv\/noticias\/alerta-en-picassent-preso-peligroso-y-potencialmente-armado-sigue-fugado\/#breadcrumb\"},\"inLanguage\":\"es-AR\",\"potentialAction\":[{\"@type\":\"ReadAction\",\"target\":[\"https:\/\/www.diario21.tv\/noticias\/alerta-en-picassent-preso-peligroso-y-potencialmente-armado-sigue-fugado\/\"]}]},{\"@type\":\"ImageObject\",\"inLanguage\":\"es-AR\",\"@id\":\"https:\/\/www.diario21.tv\/noticias\/alerta-en-picassent-preso-peligroso-y-potencialmente-armado-sigue-fugado\/#primaryimage\",\"url\":\"https:\/\/www.diario21.tv\/noticias\/wp-content\/uploads\/2024\/12\/\u00a1Alerta-en-Picassent-Preso-peligroso-y-potencialmente-armado-sigue-fugado.jpg\",\"contentUrl\":\"https:\/\/www.diario21.tv\/noticias\/wp-content\/uploads\/2024\/12\/\u00a1Alerta-en-Picassent-Preso-peligroso-y-potencialmente-armado-sigue-fugado.jpg\",\"width\":1920,\"height\":1080,\"caption\":\"Uno de los presos fugados de Picassent es un delincuente peligroso y podr\u00eda ir armado\"},{\"@type\":\"BreadcrumbList\",\"@id\":\"https:\/\/www.diario21.tv\/noticias\/alerta-en-picassent-preso-peligroso-y-potencialmente-armado-sigue-fugado\/#breadcrumb\",\"itemListElement\":[{\"@type\":\"ListItem\",\"position\":1,\"name\":\"Accueil\",\"item\":\"https:\/\/www.diario21.tv\/noticias\/\"},{\"@type\":\"ListItem\",\"position\":2,\"name\":\"\u00a1Alerta en Picassent! Preso peligroso y potencialmente armado sigue fugado\"}]},{\"@type\":\"WebSite\",\"@id\":\"https:\/\/www.diario21.tv\/noticias\/#website\",\"url\":\"https:\/\/www.diario21.tv\/noticias\/\",\"name\":\"Diario 21\",\"description\":\"\",\"potentialAction\":[{\"@type\":\"SearchAction\",\"target\":{\"@type\":\"EntryPoint\",\"urlTemplate\":\"https:\/\/www.diario21.tv\/noticias\/?s={search_term_string}\"},\"query-input\":{\"@type\":\"PropertyValueSpecification\",\"valueRequired\":true,\"valueName\":\"search_term_string\"}}],\"inLanguage\":\"es-AR\"},{\"@type\":\"Person\",\"@id\":\"https:\/\/www.diario21.tv\/noticias\/#\/schema\/person\/dfb778f73814d8f09f302618446a526b\",\"name\":\"Juan P\u00e9rez\",\"image\":{\"@type\":\"ImageObject\",\"inLanguage\":\"es-AR\",\"@id\":\"https:\/\/www.diario21.tv\/noticias\/#\/schema\/person\/image\/\",\"url\":\"https:\/\/secure.gravatar.com\/avatar\/c478a405bd10621167f4c3167cc770f5?s=96&d=mm&r=g\",\"contentUrl\":\"https:\/\/secure.gravatar.com\/avatar\/c478a405bd10621167f4c3167cc770f5?s=96&d=mm&r=g\",\"caption\":\"Juan P\u00e9rez\"},\"description\":\"Juan P\u00e9rez es el redactor en jefe de Diario 21. Con m\u00e1s de 10 a\u00f1os de experiencia en el periodismo, se especializa en pol\u00edtica nacional y an\u00e1lisis socioecon\u00f3mico. Su enfoque cr\u00edtico y riguroso aporta una perspectiva \u00fanica a cada art\u00edculo.\",\"sameAs\":[\"https:\/\/www.diario21.tv\/noticias\/\"],\"url\":\"https:\/\/www.diario21.tv\/noticias\/author\/juan-perez\/\"}]}<\/script>\n<!-- \/ Yoast SEO plugin. -->","yoast_head_json":{"title":"\u00a1Alerta en Picassent! Preso peligroso y potencialmente armado sigue fugado - Diario 21","robots":{"index":"index","follow":"follow","max-snippet":"max-snippet:-1","max-image-preview":"max-image-preview:large","max-video-preview":"max-video-preview:-1"},"canonical":"https:\/\/www.diario21.tv\/noticias\/alerta-en-picassent-preso-peligroso-y-potencialmente-armado-sigue-fugado\/","og_locale":"es_ES","og_type":"article","og_title":"\u00a1Alerta en Picassent! Preso peligroso y potencialmente armado sigue fugado - Diario 21","og_description":"Uno de los evadidos de Picassent, un criminal de alto riesgo que podr\u00eda estar armado En un reciente y preocupante evento en Picassent, uno de los ... Seguir leyendo &rarr;","og_url":"https:\/\/www.diario21.tv\/noticias\/alerta-en-picassent-preso-peligroso-y-potencialmente-armado-sigue-fugado\/","og_site_name":"Diario 21","article_published_time":"2024-12-28T02:50:02+00:00","article_modified_time":"2024-12-28T02:50:03+00:00","og_image":[{"width":1920,"height":1080,"url":"https:\/\/www.diario21.tv\/noticias\/wp-content\/uploads\/2024\/12\/\u00a1Alerta-en-Picassent-Preso-peligroso-y-potencialmente-armado-sigue-fugado.jpg","type":"image\/jpeg"}],"author":"Juan P\u00e9rez","twitter_card":"summary_large_image","twitter_misc":{"Escrito por":"Juan P\u00e9rez","Tiempo de lectura":"2 minutos"},"schema":{"@context":"https:\/\/schema.org","@graph":[{"@type":"WebPage","@id":"https:\/\/www.diario21.tv\/noticias\/alerta-en-picassent-preso-peligroso-y-potencialmente-armado-sigue-fugado\/","url":"https:\/\/www.diario21.tv\/noticias\/alerta-en-picassent-preso-peligroso-y-potencialmente-armado-sigue-fugado\/","name":"\u00a1Alerta en Picassent! Preso peligroso y potencialmente armado sigue fugado - Diario 21","isPartOf":{"@id":"https:\/\/www.diario21.tv\/noticias\/#website"},"primaryImageOfPage":{"@id":"https:\/\/www.diario21.tv\/noticias\/alerta-en-picassent-preso-peligroso-y-potencialmente-armado-sigue-fugado\/#primaryimage"},"image":{"@id":"https:\/\/www.diario21.tv\/noticias\/alerta-en-picassent-preso-peligroso-y-potencialmente-armado-sigue-fugado\/#primaryimage"},"thumbnailUrl":"https:\/\/www.diario21.tv\/noticias\/wp-content\/uploads\/2024\/12\/\u00a1Alerta-en-Picassent-Preso-peligroso-y-potencialmente-armado-sigue-fugado.jpg","datePublished":"2024-12-28T02:50:02+00:00","dateModified":"2024-12-28T02:50:03+00:00","author":{"@id":"https:\/\/www.diario21.tv\/noticias\/#\/schema\/person\/dfb778f73814d8f09f302618446a526b"},"breadcrumb":{"@id":"https:\/\/www.diario21.tv\/noticias\/alerta-en-picassent-preso-peligroso-y-potencialmente-armado-sigue-fugado\/#breadcrumb"},"inLanguage":"es-AR","potentialAction":[{"@type":"ReadAction","target":["https:\/\/www.diario21.tv\/noticias\/alerta-en-picassent-preso-peligroso-y-potencialmente-armado-sigue-fugado\/"]}]},{"@type":"ImageObject","inLanguage":"es-AR","@id":"https:\/\/www.diario21.tv\/noticias\/alerta-en-picassent-preso-peligroso-y-potencialmente-armado-sigue-fugado\/#primaryimage","url":"https:\/\/www.diario21.tv\/noticias\/wp-content\/uploads\/2024\/12\/\u00a1Alerta-en-Picassent-Preso-peligroso-y-potencialmente-armado-sigue-fugado.jpg","contentUrl":"https:\/\/www.diario21.tv\/noticias\/wp-content\/uploads\/2024\/12\/\u00a1Alerta-en-Picassent-Preso-peligroso-y-potencialmente-armado-sigue-fugado.jpg","width":1920,"height":1080,"caption":"Uno de los presos fugados de Picassent es un delincuente peligroso y podr\u00eda ir armado"},{"@type":"BreadcrumbList","@id":"https:\/\/www.diario21.tv\/noticias\/alerta-en-picassent-preso-peligroso-y-potencialmente-armado-sigue-fugado\/#breadcrumb","itemListElement":[{"@type":"ListItem","position":1,"name":"Accueil","item":"https:\/\/www.diario21.tv\/noticias\/"},{"@type":"ListItem","position":2,"name":"\u00a1Alerta en Picassent! Preso peligroso y potencialmente armado sigue fugado"}]},{"@type":"WebSite","@id":"https:\/\/www.diario21.tv\/noticias\/#website","url":"https:\/\/www.diario21.tv\/noticias\/","name":"Diario 21","description":"","potentialAction":[{"@type":"SearchAction","target":{"@type":"EntryPoint","urlTemplate":"https:\/\/www.diario21.tv\/noticias\/?s={search_term_string}"},"query-input":{"@type":"PropertyValueSpecification","valueRequired":true,"valueName":"search_term_string"}}],"inLanguage":"es-AR"},{"@type":"Person","@id":"https:\/\/www.diario21.tv\/noticias\/#\/schema\/person\/dfb778f73814d8f09f302618446a526b","name":"Juan P\u00e9rez","image":{"@type":"ImageObject","inLanguage":"es-AR","@id":"https:\/\/www.diario21.tv\/noticias\/#\/schema\/person\/image\/","url":"https:\/\/secure.gravatar.com\/avatar\/c478a405bd10621167f4c3167cc770f5?s=96&d=mm&r=g","contentUrl":"https:\/\/secure.gravatar.com\/avatar\/c478a405bd10621167f4c3167cc770f5?s=96&d=mm&r=g","caption":"Juan P\u00e9rez"},"description":"Juan P\u00e9rez es el redactor en jefe de Diario 21. Con m\u00e1s de 10 a\u00f1os de experiencia en el periodismo, se especializa en pol\u00edtica nacional y an\u00e1lisis socioecon\u00f3mico. Su enfoque cr\u00edtico y riguroso aporta una perspectiva \u00fanica a cada art\u00edculo.","sameAs":["https:\/\/www.diario21.tv\/noticias\/"],"url":"https:\/\/www.diario21.tv\/noticias\/author\/juan-perez\/"}]}},"_links":{"self":[{"href":"https:\/\/www.diario21.tv\/noticias\/wp-json\/wp\/v2\/posts\/1630"}],"collection":[{"href":"https:\/\/www.diario21.tv\/noticias\/wp-json\/wp\/v2\/posts"}],"about":[{"href":"https:\/\/www.diario21.tv\/noticias\/wp-json\/wp\/v2\/types\/post"}],"author":[{"embeddable":true,"href":"https:\/\/www.diario21.tv\/noticias\/wp-json\/wp\/v2\/users\/20"}],"replies":[{"embeddable":true,"href":"https:\/\/www.diario21.tv\/noticias\/wp-json\/wp\/v2\/comments?post=1630"}],"version-history":[{"count":1,"href":"https:\/\/www.diario21.tv\/noticias\/wp-json\/wp\/v2\/posts\/1630\/revisions"}],"predecessor-version":[{"id":1632,"href":"https:\/\/www.diario21.tv\/noticias\/wp-json\/wp\/v2\/posts\/1630\/revisions\/1632"}],"wp:featuredmedia":[{"embeddable":true,"href":"https:\/\/www.diario21.tv\/noticias\/wp-json\/wp\/v2\/media\/1631"}],"wp:attachment":[{"href":"https:\/\/www.diario21.tv\/noticias\/wp-json\/wp\/v2\/media?parent=1630"}],"wp:term":[{"taxonomy":"category","embeddable":true,"href":"https:\/\/www.diario21.tv\/noticias\/wp-json\/wp\/v2\/categories?post=1630"},{"taxonomy":"post_tag","embeddable":true,"href":"https:\/\/www.diario21.tv\/noticias\/wp-json\/wp\/v2\/tags?post=1630"}],"curies":[{"name":"wp","href":"https:\/\/api.w.org\/{rel}","templated":true}]}}