{"id":1624,"date":"2024-12-27T13:56:48","date_gmt":"2024-12-27T13:56:48","guid":{"rendered":"https:\/\/www.diario21.tv\/noticias\/juana-rivas-y-su-hijo-acusan-al-padre-de-coaccion-y-solicitan-orden-de-proteccion-detalles-impactantes\/"},"modified":"2024-12-27T13:56:49","modified_gmt":"2024-12-27T13:56:49","slug":"juana-rivas-y-su-hijo-acusan-al-padre-de-coaccion-y-solicitan-orden-de-proteccion-detalles-impactantes","status":"publish","type":"post","link":"https:\/\/www.diario21.tv\/noticias\/juana-rivas-y-su-hijo-acusan-al-padre-de-coaccion-y-solicitan-orden-de-proteccion-detalles-impactantes\/","title":{"rendered":"Juana Rivas y su hijo acusan al padre de coacci\u00f3n y solicitan orden de protecci\u00f3n \u00a1Detalles impactantes!"},"content":{"rendered":"<h2>Juana Rivas y su hijo denuncian a su expareja por coacci\u00f3n<\/h2>\n<p>Juana Rivas, junto a su hijo mayor, ha presentado una denuncia en contra de Francesco Arcuri, el padre del menor, acus\u00e1ndolo de coacci\u00f3n. Adem\u00e1s, han solicitado a las autoridades judiciales una orden de protecci\u00f3n para salvaguardar su integridad y la de su hijo.<\/p>\n<h3>Detalles de la denuncia<\/h3>\n<p>El conflicto entre Juana Rivas y Francesco Arcuri ha sido p\u00fablico y prolongado, lleno de disputas legales y acusaciones mutuas. Esta vez, la denuncia proviene de alegaciones espec\u00edficas de coacci\u00f3n por parte de Arcuri hacia su hijo mayor. Seg\u00fan los documentos presentados en el juzgado, se acusa a Arcuri de ejercer presi\u00f3n psicol\u00f3gica sobre el joven, un aspecto que ha motivado a Juana y a su hijo a solicitar medidas legales de protecci\u00f3n.<\/p>\n<h3>La solicitud de protecci\u00f3n<\/h3>\n<p>En el marco de esta nueva denuncia, Juana Rivas y su hijo han pedido formalmente una orden de protecci\u00f3n. Esta medida busca ofrecer un resguardo legal y f\u00edsico ante cualquier posible represalia o amenaza por parte del padre. La solicitud incluye tambi\u00e9n una revisi\u00f3n de las condiciones de visita y comunicaci\u00f3n entre Arcuri y sus hijos, con el fin de asegurar que no se repitan los comportamientos que han llevado a la denuncia actual.<\/p>\n<h3>Antecedentes del caso<\/h3>\n<p>La relaci\u00f3n entre Juana Rivas y Francesco Arcuri ha estado marcada por una serie de desencuentros y enfrentamientos legales que han captado la atenci\u00f3n de la opini\u00f3n p\u00fablica y medios de comunicaci\u00f3n. Rivas hab\u00eda acusado previamente a Arcuri de malos tratos, lo que desencaden\u00f3 un largo proceso judicial que incluy\u00f3 la retenci\u00f3n de sus hijos en contra de las \u00f3rdenes judiciales, lo que a su vez, llev\u00f3 a su propia condena.<\/p>\n<h3>Pronunciamientos y reacciones<\/h3>\n<p>Hasta el momento, no ha habido una respuesta p\u00fablica por parte de Francesco Arcuri respecto a esta \u00faltima denuncia. El caso contin\u00faa desarroll\u00e1ndose en los tribunales, y se espera que en las pr\u00f3ximas semanas se tomen decisiones respecto a la orden de protecci\u00f3n y otras medidas cautelares solicitadas.<\/p>\n<h3>Impacto en la opini\u00f3n p\u00fablica<\/h3>\n<p>Este nuevo cap\u00edtulo en la saga legal entre Juana Rivas y Francesco Arcuri sigue generando divisiones y debates en la sociedad sobre temas de custodia, protecci\u00f3n infantil y derechos de los padres. Mientras algunos apoyan a Juana en su lucha por la seguridad de sus hijos, otros critican lo que consideran t\u00e1cticas legales agresivas y cuestionables.<\/p>\n<p>Este caso sigue siendo un ejemplo complejo y controvertido de c\u00f3mo los conflictos familiares pueden escalar y c\u00f3mo el sistema legal maneja estos delicados balances entre proteger a los menores y preservar los derechos de los padres.<\/p>\n\n\n<div class=\"kk-star-ratings kksr-auto kksr-align-left kksr-valign-bottom\"\n    data-payload='{&quot;align&quot;:&quot;left&quot;,&quot;id&quot;:&quot;1624&quot;,&quot;slug&quot;:&quot;default&quot;,&quot;valign&quot;:&quot;bottom&quot;,&quot;ignore&quot;:&quot;&quot;,&quot;reference&quot;:&quot;auto&quot;,&quot;class&quot;:&quot;&quot;,&quot;count&quot;:&quot;0&quot;,&quot;legendonly&quot;:&quot;&quot;,&quot;readonly&quot;:&quot;&quot;,&quot;score&quot;:&quot;0&quot;,&quot;starsonly&quot;:&quot;&quot;,&quot;best&quot;:&quot;5&quot;,&quot;gap&quot;:&quot;5&quot;,&quot;greet&quot;:&quot;Valora este post&quot;,&quot;legend&quot;:&quot;0\\\/5 - (0 votes)&quot;,&quot;size&quot;:&quot;22&quot;,&quot;title&quot;:&quot;Juana Rivas y su hijo acusan al padre de coacci\u00f3n y solicitan orden de protecci\u00f3n \u00a1Detalles impactantes!&quot;,&quot;width&quot;:&quot;0&quot;,&quot;_legend&quot;:&quot;{score}\\\/{best} - ({count} {votes})&quot;,&quot;font_factor&quot;:&quot;1.25&quot;}'>\n            \n<div class=\"kksr-stars\">\n    \n<div class=\"kksr-stars-inactive\">\n            <div class=\"kksr-star\" data-star=\"1\" style=\"padding-right: 5px\">\n            \n\n<div class=\"kksr-icon\" style=\"width: 22px; height: 22px;\"><\/div>\n        <\/div>\n            <div class=\"kksr-star\" data-star=\"2\" style=\"padding-right: 5px\">\n            \n\n<div class=\"kksr-icon\" style=\"width: 22px; height: 22px;\"><\/div>\n        <\/div>\n            <div class=\"kksr-star\" data-star=\"3\" style=\"padding-right: 5px\">\n            \n\n<div class=\"kksr-icon\" style=\"width: 22px; height: 22px;\"><\/div>\n        <\/div>\n            <div class=\"kksr-star\" data-star=\"4\" style=\"padding-right: 5px\">\n            \n\n<div class=\"kksr-icon\" style=\"width: 22px; height: 22px;\"><\/div>\n        <\/div>\n            <div class=\"kksr-star\" data-star=\"5\" style=\"padding-right: 5px\">\n            \n\n<div class=\"kksr-icon\" style=\"width: 22px; height: 22px;\"><\/div>\n        <\/div>\n    <\/div>\n    \n<div class=\"kksr-stars-active\" style=\"width: 0px;\">\n            <div class=\"kksr-star\" style=\"padding-right: 5px\">\n            \n\n<div class=\"kksr-icon\" style=\"width: 22px; height: 22px;\"><\/div>\n        <\/div>\n            <div class=\"kksr-star\" style=\"padding-right: 5px\">\n            \n\n<div class=\"kksr-icon\" style=\"width: 22px; height: 22px;\"><\/div>\n        <\/div>\n            <div class=\"kksr-star\" style=\"padding-right: 5px\">\n            \n\n<div class=\"kksr-icon\" style=\"width: 22px; height: 22px;\"><\/div>\n        <\/div>\n            <div class=\"kksr-star\" style=\"padding-right: 5px\">\n            \n\n<div class=\"kksr-icon\" style=\"width: 22px; height: 22px;\"><\/div>\n        <\/div>\n            <div class=\"kksr-star\" style=\"padding-right: 5px\">\n            \n\n<div class=\"kksr-icon\" style=\"width: 22px; height: 22px;\"><\/div>\n        <\/div>\n    <\/div>\n<\/div>\n                \n\n<div class=\"kksr-legend\" style=\"font-size: 17.6px;\">\n            <span class=\"kksr-muted\">Valora este post<\/span>\n    <\/div>\n    <\/div>\n","protected":false},"excerpt":{"rendered":"<p>Juana Rivas y su hijo denuncian a su expareja por coacci\u00f3n Juana Rivas, junto a su hijo mayor, ha presentado una denuncia en contra de Francesco &#8230; <a title=\"Juana Rivas y su hijo acusan al padre de coacci\u00f3n y solicitan orden de protecci\u00f3n \u00a1Detalles impactantes!\" class=\"read-more\" href=\"https:\/\/www.diario21.tv\/noticias\/juana-rivas-y-su-hijo-acusan-al-padre-de-coaccion-y-solicitan-orden-de-proteccion-detalles-impactantes\/\" aria-label=\"Leer m\u00e1s sobre Juana Rivas y su hijo acusan al padre de coacci\u00f3n y solicitan orden de protecci\u00f3n \u00a1Detalles impactantes!\">Seguir leyendo &rarr;<\/a><\/p>\n","protected":false},"author":20,"featured_media":1625,"comment_status":"open","ping_status":"open","sticky":false,"template":"","format":"standard","meta":{"footnotes":""},"categories":[13],"tags":[],"class_list":["post-1624","post","type-post","status-publish","format-standard","has-post-thumbnail","hentry","category-portada"],"yoast_head":"<!-- This site is optimized with the Yoast SEO plugin v25.6 - https:\/\/yoast.com\/wordpress\/plugins\/seo\/ -->\n<title>Juana Rivas y su hijo acusan al padre de coacci\u00f3n y solicitan orden de protecci\u00f3n \u00a1Detalles impactantes! - Diario 21<\/title>\n<meta name=\"robots\" content=\"index, follow, max-snippet:-1, max-image-preview:large, max-video-preview:-1\" \/>\n<link rel=\"canonical\" href=\"https:\/\/www.diario21.tv\/noticias\/juana-rivas-y-su-hijo-acusan-al-padre-de-coaccion-y-solicitan-orden-de-proteccion-detalles-impactantes\/\" \/>\n<meta property=\"og:locale\" content=\"es_ES\" \/>\n<meta property=\"og:type\" content=\"article\" \/>\n<meta property=\"og:title\" content=\"Juana Rivas y su hijo acusan al padre de coacci\u00f3n y solicitan orden de protecci\u00f3n \u00a1Detalles impactantes! - Diario 21\" \/>\n<meta property=\"og:description\" content=\"Juana Rivas y su hijo denuncian a su expareja por coacci\u00f3n Juana Rivas, junto a su hijo mayor, ha presentado una denuncia en contra de Francesco ... Seguir leyendo &rarr;\" \/>\n<meta property=\"og:url\" content=\"https:\/\/www.diario21.tv\/noticias\/juana-rivas-y-su-hijo-acusan-al-padre-de-coaccion-y-solicitan-orden-de-proteccion-detalles-impactantes\/\" \/>\n<meta property=\"og:site_name\" content=\"Diario 21\" \/>\n<meta property=\"article:published_time\" content=\"2024-12-27T13:56:48+00:00\" \/>\n<meta property=\"article:modified_time\" content=\"2024-12-27T13:56:49+00:00\" \/>\n<meta property=\"og:image\" content=\"https:\/\/www.diario21.tv\/noticias\/wp-content\/uploads\/2024\/12\/Juana-Rivas-y-su-hijo-acusan-al-padre-de-coaccion.jpg\" \/>\n\t<meta property=\"og:image:width\" content=\"1920\" \/>\n\t<meta property=\"og:image:height\" content=\"1080\" \/>\n\t<meta property=\"og:image:type\" content=\"image\/jpeg\" \/>\n<meta name=\"author\" content=\"Juan P\u00e9rez\" \/>\n<meta name=\"twitter:card\" content=\"summary_large_image\" \/>\n<meta name=\"twitter:label1\" content=\"Escrito por\" \/>\n\t<meta name=\"twitter:data1\" content=\"Juan P\u00e9rez\" \/>\n\t<meta name=\"twitter:label2\" content=\"Tiempo de lectura\" \/>\n\t<meta name=\"twitter:data2\" content=\"2 minutos\" \/>\n<script type=\"application\/ld+json\" class=\"yoast-schema-graph\">{\"@context\":\"https:\/\/schema.org\",\"@graph\":[{\"@type\":\"WebPage\",\"@id\":\"https:\/\/www.diario21.tv\/noticias\/juana-rivas-y-su-hijo-acusan-al-padre-de-coaccion-y-solicitan-orden-de-proteccion-detalles-impactantes\/\",\"url\":\"https:\/\/www.diario21.tv\/noticias\/juana-rivas-y-su-hijo-acusan-al-padre-de-coaccion-y-solicitan-orden-de-proteccion-detalles-impactantes\/\",\"name\":\"Juana Rivas y su hijo acusan al padre de coacci\u00f3n y solicitan orden de protecci\u00f3n \u00a1Detalles impactantes! - Diario 21\",\"isPartOf\":{\"@id\":\"https:\/\/www.diario21.tv\/noticias\/#website\"},\"primaryImageOfPage\":{\"@id\":\"https:\/\/www.diario21.tv\/noticias\/juana-rivas-y-su-hijo-acusan-al-padre-de-coaccion-y-solicitan-orden-de-proteccion-detalles-impactantes\/#primaryimage\"},\"image\":{\"@id\":\"https:\/\/www.diario21.tv\/noticias\/juana-rivas-y-su-hijo-acusan-al-padre-de-coaccion-y-solicitan-orden-de-proteccion-detalles-impactantes\/#primaryimage\"},\"thumbnailUrl\":\"https:\/\/www.diario21.tv\/noticias\/wp-content\/uploads\/2024\/12\/Juana-Rivas-y-su-hijo-acusan-al-padre-de-coaccion.jpg\",\"datePublished\":\"2024-12-27T13:56:48+00:00\",\"dateModified\":\"2024-12-27T13:56:49+00:00\",\"author\":{\"@id\":\"https:\/\/www.diario21.tv\/noticias\/#\/schema\/person\/dfb778f73814d8f09f302618446a526b\"},\"breadcrumb\":{\"@id\":\"https:\/\/www.diario21.tv\/noticias\/juana-rivas-y-su-hijo-acusan-al-padre-de-coaccion-y-solicitan-orden-de-proteccion-detalles-impactantes\/#breadcrumb\"},\"inLanguage\":\"es-AR\",\"potentialAction\":[{\"@type\":\"ReadAction\",\"target\":[\"https:\/\/www.diario21.tv\/noticias\/juana-rivas-y-su-hijo-acusan-al-padre-de-coaccion-y-solicitan-orden-de-proteccion-detalles-impactantes\/\"]}]},{\"@type\":\"ImageObject\",\"inLanguage\":\"es-AR\",\"@id\":\"https:\/\/www.diario21.tv\/noticias\/juana-rivas-y-su-hijo-acusan-al-padre-de-coaccion-y-solicitan-orden-de-proteccion-detalles-impactantes\/#primaryimage\",\"url\":\"https:\/\/www.diario21.tv\/noticias\/wp-content\/uploads\/2024\/12\/Juana-Rivas-y-su-hijo-acusan-al-padre-de-coaccion.jpg\",\"contentUrl\":\"https:\/\/www.diario21.tv\/noticias\/wp-content\/uploads\/2024\/12\/Juana-Rivas-y-su-hijo-acusan-al-padre-de-coaccion.jpg\",\"width\":1920,\"height\":1080,\"caption\":\"Juana Rivas y su hijo mayor denuncian al padre por coacci\u00f3n y pide una orden de protecci\u00f3n\"},{\"@type\":\"BreadcrumbList\",\"@id\":\"https:\/\/www.diario21.tv\/noticias\/juana-rivas-y-su-hijo-acusan-al-padre-de-coaccion-y-solicitan-orden-de-proteccion-detalles-impactantes\/#breadcrumb\",\"itemListElement\":[{\"@type\":\"ListItem\",\"position\":1,\"name\":\"Accueil\",\"item\":\"https:\/\/www.diario21.tv\/noticias\/\"},{\"@type\":\"ListItem\",\"position\":2,\"name\":\"Juana Rivas y su hijo acusan al padre de coacci\u00f3n y solicitan orden de protecci\u00f3n \u00a1Detalles impactantes!\"}]},{\"@type\":\"WebSite\",\"@id\":\"https:\/\/www.diario21.tv\/noticias\/#website\",\"url\":\"https:\/\/www.diario21.tv\/noticias\/\",\"name\":\"Diario 21\",\"description\":\"\",\"potentialAction\":[{\"@type\":\"SearchAction\",\"target\":{\"@type\":\"EntryPoint\",\"urlTemplate\":\"https:\/\/www.diario21.tv\/noticias\/?s={search_term_string}\"},\"query-input\":{\"@type\":\"PropertyValueSpecification\",\"valueRequired\":true,\"valueName\":\"search_term_string\"}}],\"inLanguage\":\"es-AR\"},{\"@type\":\"Person\",\"@id\":\"https:\/\/www.diario21.tv\/noticias\/#\/schema\/person\/dfb778f73814d8f09f302618446a526b\",\"name\":\"Juan P\u00e9rez\",\"image\":{\"@type\":\"ImageObject\",\"inLanguage\":\"es-AR\",\"@id\":\"https:\/\/www.diario21.tv\/noticias\/#\/schema\/person\/image\/\",\"url\":\"https:\/\/secure.gravatar.com\/avatar\/c478a405bd10621167f4c3167cc770f5?s=96&d=mm&r=g\",\"contentUrl\":\"https:\/\/secure.gravatar.com\/avatar\/c478a405bd10621167f4c3167cc770f5?s=96&d=mm&r=g\",\"caption\":\"Juan P\u00e9rez\"},\"description\":\"Juan P\u00e9rez es el redactor en jefe de Diario 21. Con m\u00e1s de 10 a\u00f1os de experiencia en el periodismo, se especializa en pol\u00edtica nacional y an\u00e1lisis socioecon\u00f3mico. Su enfoque cr\u00edtico y riguroso aporta una perspectiva \u00fanica a cada art\u00edculo.\",\"sameAs\":[\"https:\/\/www.diario21.tv\/noticias\/\"],\"url\":\"https:\/\/www.diario21.tv\/noticias\/author\/juan-perez\/\"}]}<\/script>\n<!-- \/ Yoast SEO plugin. -->","yoast_head_json":{"title":"Juana Rivas y su hijo acusan al padre de coacci\u00f3n y solicitan orden de protecci\u00f3n \u00a1Detalles impactantes! - Diario 21","robots":{"index":"index","follow":"follow","max-snippet":"max-snippet:-1","max-image-preview":"max-image-preview:large","max-video-preview":"max-video-preview:-1"},"canonical":"https:\/\/www.diario21.tv\/noticias\/juana-rivas-y-su-hijo-acusan-al-padre-de-coaccion-y-solicitan-orden-de-proteccion-detalles-impactantes\/","og_locale":"es_ES","og_type":"article","og_title":"Juana Rivas y su hijo acusan al padre de coacci\u00f3n y solicitan orden de protecci\u00f3n \u00a1Detalles impactantes! - Diario 21","og_description":"Juana Rivas y su hijo denuncian a su expareja por coacci\u00f3n Juana Rivas, junto a su hijo mayor, ha presentado una denuncia en contra de Francesco ... Seguir leyendo &rarr;","og_url":"https:\/\/www.diario21.tv\/noticias\/juana-rivas-y-su-hijo-acusan-al-padre-de-coaccion-y-solicitan-orden-de-proteccion-detalles-impactantes\/","og_site_name":"Diario 21","article_published_time":"2024-12-27T13:56:48+00:00","article_modified_time":"2024-12-27T13:56:49+00:00","og_image":[{"width":1920,"height":1080,"url":"https:\/\/www.diario21.tv\/noticias\/wp-content\/uploads\/2024\/12\/Juana-Rivas-y-su-hijo-acusan-al-padre-de-coaccion.jpg","type":"image\/jpeg"}],"author":"Juan P\u00e9rez","twitter_card":"summary_large_image","twitter_misc":{"Escrito por":"Juan P\u00e9rez","Tiempo de lectura":"2 minutos"},"schema":{"@context":"https:\/\/schema.org","@graph":[{"@type":"WebPage","@id":"https:\/\/www.diario21.tv\/noticias\/juana-rivas-y-su-hijo-acusan-al-padre-de-coaccion-y-solicitan-orden-de-proteccion-detalles-impactantes\/","url":"https:\/\/www.diario21.tv\/noticias\/juana-rivas-y-su-hijo-acusan-al-padre-de-coaccion-y-solicitan-orden-de-proteccion-detalles-impactantes\/","name":"Juana Rivas y su hijo acusan al padre de coacci\u00f3n y solicitan orden de protecci\u00f3n \u00a1Detalles impactantes! - Diario 21","isPartOf":{"@id":"https:\/\/www.diario21.tv\/noticias\/#website"},"primaryImageOfPage":{"@id":"https:\/\/www.diario21.tv\/noticias\/juana-rivas-y-su-hijo-acusan-al-padre-de-coaccion-y-solicitan-orden-de-proteccion-detalles-impactantes\/#primaryimage"},"image":{"@id":"https:\/\/www.diario21.tv\/noticias\/juana-rivas-y-su-hijo-acusan-al-padre-de-coaccion-y-solicitan-orden-de-proteccion-detalles-impactantes\/#primaryimage"},"thumbnailUrl":"https:\/\/www.diario21.tv\/noticias\/wp-content\/uploads\/2024\/12\/Juana-Rivas-y-su-hijo-acusan-al-padre-de-coaccion.jpg","datePublished":"2024-12-27T13:56:48+00:00","dateModified":"2024-12-27T13:56:49+00:00","author":{"@id":"https:\/\/www.diario21.tv\/noticias\/#\/schema\/person\/dfb778f73814d8f09f302618446a526b"},"breadcrumb":{"@id":"https:\/\/www.diario21.tv\/noticias\/juana-rivas-y-su-hijo-acusan-al-padre-de-coaccion-y-solicitan-orden-de-proteccion-detalles-impactantes\/#breadcrumb"},"inLanguage":"es-AR","potentialAction":[{"@type":"ReadAction","target":["https:\/\/www.diario21.tv\/noticias\/juana-rivas-y-su-hijo-acusan-al-padre-de-coaccion-y-solicitan-orden-de-proteccion-detalles-impactantes\/"]}]},{"@type":"ImageObject","inLanguage":"es-AR","@id":"https:\/\/www.diario21.tv\/noticias\/juana-rivas-y-su-hijo-acusan-al-padre-de-coaccion-y-solicitan-orden-de-proteccion-detalles-impactantes\/#primaryimage","url":"https:\/\/www.diario21.tv\/noticias\/wp-content\/uploads\/2024\/12\/Juana-Rivas-y-su-hijo-acusan-al-padre-de-coaccion.jpg","contentUrl":"https:\/\/www.diario21.tv\/noticias\/wp-content\/uploads\/2024\/12\/Juana-Rivas-y-su-hijo-acusan-al-padre-de-coaccion.jpg","width":1920,"height":1080,"caption":"Juana Rivas y su hijo mayor denuncian al padre por coacci\u00f3n y pide una orden de protecci\u00f3n"},{"@type":"BreadcrumbList","@id":"https:\/\/www.diario21.tv\/noticias\/juana-rivas-y-su-hijo-acusan-al-padre-de-coaccion-y-solicitan-orden-de-proteccion-detalles-impactantes\/#breadcrumb","itemListElement":[{"@type":"ListItem","position":1,"name":"Accueil","item":"https:\/\/www.diario21.tv\/noticias\/"},{"@type":"ListItem","position":2,"name":"Juana Rivas y su hijo acusan al padre de coacci\u00f3n y solicitan orden de protecci\u00f3n \u00a1Detalles impactantes!"}]},{"@type":"WebSite","@id":"https:\/\/www.diario21.tv\/noticias\/#website","url":"https:\/\/www.diario21.tv\/noticias\/","name":"Diario 21","description":"","potentialAction":[{"@type":"SearchAction","target":{"@type":"EntryPoint","urlTemplate":"https:\/\/www.diario21.tv\/noticias\/?s={search_term_string}"},"query-input":{"@type":"PropertyValueSpecification","valueRequired":true,"valueName":"search_term_string"}}],"inLanguage":"es-AR"},{"@type":"Person","@id":"https:\/\/www.diario21.tv\/noticias\/#\/schema\/person\/dfb778f73814d8f09f302618446a526b","name":"Juan P\u00e9rez","image":{"@type":"ImageObject","inLanguage":"es-AR","@id":"https:\/\/www.diario21.tv\/noticias\/#\/schema\/person\/image\/","url":"https:\/\/secure.gravatar.com\/avatar\/c478a405bd10621167f4c3167cc770f5?s=96&d=mm&r=g","contentUrl":"https:\/\/secure.gravatar.com\/avatar\/c478a405bd10621167f4c3167cc770f5?s=96&d=mm&r=g","caption":"Juan P\u00e9rez"},"description":"Juan P\u00e9rez es el redactor en jefe de Diario 21. Con m\u00e1s de 10 a\u00f1os de experiencia en el periodismo, se especializa en pol\u00edtica nacional y an\u00e1lisis socioecon\u00f3mico. Su enfoque cr\u00edtico y riguroso aporta una perspectiva \u00fanica a cada art\u00edculo.","sameAs":["https:\/\/www.diario21.tv\/noticias\/"],"url":"https:\/\/www.diario21.tv\/noticias\/author\/juan-perez\/"}]}},"_links":{"self":[{"href":"https:\/\/www.diario21.tv\/noticias\/wp-json\/wp\/v2\/posts\/1624"}],"collection":[{"href":"https:\/\/www.diario21.tv\/noticias\/wp-json\/wp\/v2\/posts"}],"about":[{"href":"https:\/\/www.diario21.tv\/noticias\/wp-json\/wp\/v2\/types\/post"}],"author":[{"embeddable":true,"href":"https:\/\/www.diario21.tv\/noticias\/wp-json\/wp\/v2\/users\/20"}],"replies":[{"embeddable":true,"href":"https:\/\/www.diario21.tv\/noticias\/wp-json\/wp\/v2\/comments?post=1624"}],"version-history":[{"count":1,"href":"https:\/\/www.diario21.tv\/noticias\/wp-json\/wp\/v2\/posts\/1624\/revisions"}],"predecessor-version":[{"id":1626,"href":"https:\/\/www.diario21.tv\/noticias\/wp-json\/wp\/v2\/posts\/1624\/revisions\/1626"}],"wp:featuredmedia":[{"embeddable":true,"href":"https:\/\/www.diario21.tv\/noticias\/wp-json\/wp\/v2\/media\/1625"}],"wp:attachment":[{"href":"https:\/\/www.diario21.tv\/noticias\/wp-json\/wp\/v2\/media?parent=1624"}],"wp:term":[{"taxonomy":"category","embeddable":true,"href":"https:\/\/www.diario21.tv\/noticias\/wp-json\/wp\/v2\/categories?post=1624"},{"taxonomy":"post_tag","embeddable":true,"href":"https:\/\/www.diario21.tv\/noticias\/wp-json\/wp\/v2\/tags?post=1624"}],"curies":[{"name":"wp","href":"https:\/\/api.w.org\/{rel}","templated":true}]}}