{"id":1621,"date":"2024-12-27T07:51:53","date_gmt":"2024-12-27T07:51:53","guid":{"rendered":"https:\/\/www.diario21.tv\/noticias\/incendio-intencionado-en-valencia-para-asesinar-a-su-esposo-detalles-impactantes\/"},"modified":"2024-12-27T07:51:55","modified_gmt":"2024-12-27T07:51:55","slug":"incendio-intencionado-en-valencia-para-asesinar-a-su-esposo-detalles-impactantes","status":"publish","type":"post","link":"https:\/\/www.diario21.tv\/noticias\/incendio-intencionado-en-valencia-para-asesinar-a-su-esposo-detalles-impactantes\/","title":{"rendered":"Incendio intencionado en Valencia para asesinar a su esposo: \u00a1Detalles impactantes!"},"content":{"rendered":"<h2>Incendio intencionado en Valencia con el objetivo de asesinar al esposo<\/h2>\n<p>En un evento alarmante en un edificio residencial de Valencia, una mujer ha sido acusada de provocar un incendio con la intenci\u00f3n de matar a su esposo. Este suceso no solo puso en peligro la vida del hombre, sino tambi\u00e9n la de otros inquilinos del inmueble.<\/p>\n<h3>Origen y motivaci\u00f3n detr\u00e1s del incendio<\/h3>\n<p>Seg\u00fan las investigaciones preliminares, la sospechosa, cuya identidad no ha sido revelada por motivos legales, habr\u00eda iniciado el fuego en su propio apartamento durante las primeras horas de la ma\u00f1ana. Las autoridades creen que el motivo detr\u00e1s de este acto extremo fue un intento de homicidio dirigido espec\u00edficamente hacia su marido, con quien al parecer manten\u00eda una relaci\u00f3n conflictiva.<\/p>\n<h3>La respuesta de los servicios de emergencia<\/h3>\n<p>Los bomberos respondieron r\u00e1pidamente al aviso de incendio y lograron controlar las llamas antes de que se propagaran a otros pisos. Afortunadamente, gracias a la eficaz intervenci\u00f3n, no se reportaron v\u00edctimas mortales. Sin embargo, varios residentes sufrieron inhalaci\u00f3n de humo y fueron atendidos en el lugar por servicios m\u00e9dicos.<\/p>\n<h3>Detenci\u00f3n y consecuencias legales<\/h3>\n<p>La presunta autora fue detenida por la polic\u00eda en el sitio poco despu\u00e9s del suceso. Actualmente, se enfrenta a cargos por tentativa de homicidio y da\u00f1os materiales graves. La investigaci\u00f3n sigue en curso, y se espera que en los pr\u00f3ximos d\u00edas se aclaren m\u00e1s detalles sobre las circunstancias que llevaron a este lamentable evento.<\/p>\n<p>Este incidente ha causado una gran conmoci\u00f3n entre los vecinos del edificio y ha reavivado el debate sobre la seguridad en las viviendas y la importancia de detectar y manejar conflictos dom\u00e9sticos de manera efectiva para prevenir tragedias.<\/p>\n\n\n<div class=\"kk-star-ratings kksr-auto kksr-align-left kksr-valign-bottom\"\n    data-payload='{&quot;align&quot;:&quot;left&quot;,&quot;id&quot;:&quot;1621&quot;,&quot;slug&quot;:&quot;default&quot;,&quot;valign&quot;:&quot;bottom&quot;,&quot;ignore&quot;:&quot;&quot;,&quot;reference&quot;:&quot;auto&quot;,&quot;class&quot;:&quot;&quot;,&quot;count&quot;:&quot;0&quot;,&quot;legendonly&quot;:&quot;&quot;,&quot;readonly&quot;:&quot;&quot;,&quot;score&quot;:&quot;0&quot;,&quot;starsonly&quot;:&quot;&quot;,&quot;best&quot;:&quot;5&quot;,&quot;gap&quot;:&quot;5&quot;,&quot;greet&quot;:&quot;Valora este post&quot;,&quot;legend&quot;:&quot;0\\\/5 - (0 votes)&quot;,&quot;size&quot;:&quot;22&quot;,&quot;title&quot;:&quot;Incendio intencionado en Valencia para asesinar a su esposo: \u00a1Detalles impactantes!&quot;,&quot;width&quot;:&quot;0&quot;,&quot;_legend&quot;:&quot;{score}\\\/{best} - ({count} {votes})&quot;,&quot;font_factor&quot;:&quot;1.25&quot;}'>\n            \n<div class=\"kksr-stars\">\n    \n<div class=\"kksr-stars-inactive\">\n            <div class=\"kksr-star\" data-star=\"1\" style=\"padding-right: 5px\">\n            \n\n<div class=\"kksr-icon\" style=\"width: 22px; height: 22px;\"><\/div>\n        <\/div>\n            <div class=\"kksr-star\" data-star=\"2\" style=\"padding-right: 5px\">\n            \n\n<div class=\"kksr-icon\" style=\"width: 22px; height: 22px;\"><\/div>\n        <\/div>\n            <div class=\"kksr-star\" data-star=\"3\" style=\"padding-right: 5px\">\n            \n\n<div class=\"kksr-icon\" style=\"width: 22px; height: 22px;\"><\/div>\n        <\/div>\n            <div class=\"kksr-star\" data-star=\"4\" style=\"padding-right: 5px\">\n            \n\n<div class=\"kksr-icon\" style=\"width: 22px; height: 22px;\"><\/div>\n        <\/div>\n            <div class=\"kksr-star\" data-star=\"5\" style=\"padding-right: 5px\">\n            \n\n<div class=\"kksr-icon\" style=\"width: 22px; height: 22px;\"><\/div>\n        <\/div>\n    <\/div>\n    \n<div class=\"kksr-stars-active\" style=\"width: 0px;\">\n            <div class=\"kksr-star\" style=\"padding-right: 5px\">\n            \n\n<div class=\"kksr-icon\" style=\"width: 22px; height: 22px;\"><\/div>\n        <\/div>\n            <div class=\"kksr-star\" style=\"padding-right: 5px\">\n            \n\n<div class=\"kksr-icon\" style=\"width: 22px; height: 22px;\"><\/div>\n        <\/div>\n            <div class=\"kksr-star\" style=\"padding-right: 5px\">\n            \n\n<div class=\"kksr-icon\" style=\"width: 22px; height: 22px;\"><\/div>\n        <\/div>\n            <div class=\"kksr-star\" style=\"padding-right: 5px\">\n            \n\n<div class=\"kksr-icon\" style=\"width: 22px; height: 22px;\"><\/div>\n        <\/div>\n            <div class=\"kksr-star\" style=\"padding-right: 5px\">\n            \n\n<div class=\"kksr-icon\" style=\"width: 22px; height: 22px;\"><\/div>\n        <\/div>\n    <\/div>\n<\/div>\n                \n\n<div class=\"kksr-legend\" style=\"font-size: 17.6px;\">\n            <span class=\"kksr-muted\">Valora este post<\/span>\n    <\/div>\n    <\/div>\n","protected":false},"excerpt":{"rendered":"<p>Incendio intencionado en Valencia con el objetivo de asesinar al esposo En un evento alarmante en un edificio residencial de Valencia, una mujer ha sido acusada &#8230; <a title=\"Incendio intencionado en Valencia para asesinar a su esposo: \u00a1Detalles impactantes!\" class=\"read-more\" href=\"https:\/\/www.diario21.tv\/noticias\/incendio-intencionado-en-valencia-para-asesinar-a-su-esposo-detalles-impactantes\/\" aria-label=\"Leer m\u00e1s sobre Incendio intencionado en Valencia para asesinar a su esposo: \u00a1Detalles impactantes!\">Seguir leyendo &rarr;<\/a><\/p>\n","protected":false},"author":20,"featured_media":1622,"comment_status":"open","ping_status":"open","sticky":false,"template":"","format":"standard","meta":{"footnotes":""},"categories":[13],"tags":[],"class_list":["post-1621","post","type-post","status-publish","format-standard","has-post-thumbnail","hentry","category-portada"],"yoast_head":"<!-- This site is optimized with the Yoast SEO plugin v25.6 - https:\/\/yoast.com\/wordpress\/plugins\/seo\/ -->\n<title>Incendio intencionado en Valencia para asesinar a su esposo: \u00a1Detalles impactantes! - Diario 21<\/title>\n<meta name=\"robots\" content=\"index, follow, max-snippet:-1, max-image-preview:large, max-video-preview:-1\" \/>\n<link rel=\"canonical\" href=\"https:\/\/www.diario21.tv\/noticias\/incendio-intencionado-en-valencia-para-asesinar-a-su-esposo-detalles-impactantes\/\" \/>\n<meta property=\"og:locale\" content=\"es_ES\" \/>\n<meta property=\"og:type\" content=\"article\" \/>\n<meta property=\"og:title\" content=\"Incendio intencionado en Valencia para asesinar a su esposo: \u00a1Detalles impactantes! - Diario 21\" \/>\n<meta property=\"og:description\" content=\"Incendio intencionado en Valencia con el objetivo de asesinar al esposo En un evento alarmante en un edificio residencial de Valencia, una mujer ha sido acusada ... Seguir leyendo &rarr;\" \/>\n<meta property=\"og:url\" content=\"https:\/\/www.diario21.tv\/noticias\/incendio-intencionado-en-valencia-para-asesinar-a-su-esposo-detalles-impactantes\/\" \/>\n<meta property=\"og:site_name\" content=\"Diario 21\" \/>\n<meta property=\"article:published_time\" content=\"2024-12-27T07:51:53+00:00\" \/>\n<meta property=\"article:modified_time\" content=\"2024-12-27T07:51:55+00:00\" \/>\n<meta property=\"og:image\" content=\"https:\/\/www.diario21.tv\/noticias\/wp-content\/uploads\/2024\/12\/Incendio-intencionado-en-Valencia-para-asesinar-a-su-esposo-\u00a1Detalles.jpg\" \/>\n\t<meta property=\"og:image:width\" content=\"1920\" \/>\n\t<meta property=\"og:image:height\" content=\"1080\" \/>\n\t<meta property=\"og:image:type\" content=\"image\/jpeg\" \/>\n<meta name=\"author\" content=\"Juan P\u00e9rez\" \/>\n<meta name=\"twitter:card\" content=\"summary_large_image\" \/>\n<meta name=\"twitter:label1\" content=\"Escrito por\" \/>\n\t<meta name=\"twitter:data1\" content=\"Juan P\u00e9rez\" \/>\n\t<meta name=\"twitter:label2\" content=\"Tiempo de lectura\" \/>\n\t<meta name=\"twitter:data2\" content=\"2 minutos\" \/>\n<script type=\"application\/ld+json\" class=\"yoast-schema-graph\">{\"@context\":\"https:\/\/schema.org\",\"@graph\":[{\"@type\":\"WebPage\",\"@id\":\"https:\/\/www.diario21.tv\/noticias\/incendio-intencionado-en-valencia-para-asesinar-a-su-esposo-detalles-impactantes\/\",\"url\":\"https:\/\/www.diario21.tv\/noticias\/incendio-intencionado-en-valencia-para-asesinar-a-su-esposo-detalles-impactantes\/\",\"name\":\"Incendio intencionado en Valencia para asesinar a su esposo: \u00a1Detalles impactantes! - Diario 21\",\"isPartOf\":{\"@id\":\"https:\/\/www.diario21.tv\/noticias\/#website\"},\"primaryImageOfPage\":{\"@id\":\"https:\/\/www.diario21.tv\/noticias\/incendio-intencionado-en-valencia-para-asesinar-a-su-esposo-detalles-impactantes\/#primaryimage\"},\"image\":{\"@id\":\"https:\/\/www.diario21.tv\/noticias\/incendio-intencionado-en-valencia-para-asesinar-a-su-esposo-detalles-impactantes\/#primaryimage\"},\"thumbnailUrl\":\"https:\/\/www.diario21.tv\/noticias\/wp-content\/uploads\/2024\/12\/Incendio-intencionado-en-Valencia-para-asesinar-a-su-esposo-\u00a1Detalles.jpg\",\"datePublished\":\"2024-12-27T07:51:53+00:00\",\"dateModified\":\"2024-12-27T07:51:55+00:00\",\"author\":{\"@id\":\"https:\/\/www.diario21.tv\/noticias\/#\/schema\/person\/dfb778f73814d8f09f302618446a526b\"},\"breadcrumb\":{\"@id\":\"https:\/\/www.diario21.tv\/noticias\/incendio-intencionado-en-valencia-para-asesinar-a-su-esposo-detalles-impactantes\/#breadcrumb\"},\"inLanguage\":\"es-AR\",\"potentialAction\":[{\"@type\":\"ReadAction\",\"target\":[\"https:\/\/www.diario21.tv\/noticias\/incendio-intencionado-en-valencia-para-asesinar-a-su-esposo-detalles-impactantes\/\"]}]},{\"@type\":\"ImageObject\",\"inLanguage\":\"es-AR\",\"@id\":\"https:\/\/www.diario21.tv\/noticias\/incendio-intencionado-en-valencia-para-asesinar-a-su-esposo-detalles-impactantes\/#primaryimage\",\"url\":\"https:\/\/www.diario21.tv\/noticias\/wp-content\/uploads\/2024\/12\/Incendio-intencionado-en-Valencia-para-asesinar-a-su-esposo-\u00a1Detalles.jpg\",\"contentUrl\":\"https:\/\/www.diario21.tv\/noticias\/wp-content\/uploads\/2024\/12\/Incendio-intencionado-en-Valencia-para-asesinar-a-su-esposo-\u00a1Detalles.jpg\",\"width\":1920,\"height\":1080,\"caption\":\"Provoca un incendio en un edificio de Valencia para intentar matar a su marido\"},{\"@type\":\"BreadcrumbList\",\"@id\":\"https:\/\/www.diario21.tv\/noticias\/incendio-intencionado-en-valencia-para-asesinar-a-su-esposo-detalles-impactantes\/#breadcrumb\",\"itemListElement\":[{\"@type\":\"ListItem\",\"position\":1,\"name\":\"Accueil\",\"item\":\"https:\/\/www.diario21.tv\/noticias\/\"},{\"@type\":\"ListItem\",\"position\":2,\"name\":\"Incendio intencionado en Valencia para asesinar a su esposo: \u00a1Detalles impactantes!\"}]},{\"@type\":\"WebSite\",\"@id\":\"https:\/\/www.diario21.tv\/noticias\/#website\",\"url\":\"https:\/\/www.diario21.tv\/noticias\/\",\"name\":\"Diario 21\",\"description\":\"\",\"potentialAction\":[{\"@type\":\"SearchAction\",\"target\":{\"@type\":\"EntryPoint\",\"urlTemplate\":\"https:\/\/www.diario21.tv\/noticias\/?s={search_term_string}\"},\"query-input\":{\"@type\":\"PropertyValueSpecification\",\"valueRequired\":true,\"valueName\":\"search_term_string\"}}],\"inLanguage\":\"es-AR\"},{\"@type\":\"Person\",\"@id\":\"https:\/\/www.diario21.tv\/noticias\/#\/schema\/person\/dfb778f73814d8f09f302618446a526b\",\"name\":\"Juan P\u00e9rez\",\"image\":{\"@type\":\"ImageObject\",\"inLanguage\":\"es-AR\",\"@id\":\"https:\/\/www.diario21.tv\/noticias\/#\/schema\/person\/image\/\",\"url\":\"https:\/\/secure.gravatar.com\/avatar\/c478a405bd10621167f4c3167cc770f5?s=96&d=mm&r=g\",\"contentUrl\":\"https:\/\/secure.gravatar.com\/avatar\/c478a405bd10621167f4c3167cc770f5?s=96&d=mm&r=g\",\"caption\":\"Juan P\u00e9rez\"},\"description\":\"Juan P\u00e9rez es el redactor en jefe de Diario 21. Con m\u00e1s de 10 a\u00f1os de experiencia en el periodismo, se especializa en pol\u00edtica nacional y an\u00e1lisis socioecon\u00f3mico. Su enfoque cr\u00edtico y riguroso aporta una perspectiva \u00fanica a cada art\u00edculo.\",\"sameAs\":[\"https:\/\/www.diario21.tv\/noticias\/\"],\"url\":\"https:\/\/www.diario21.tv\/noticias\/author\/juan-perez\/\"}]}<\/script>\n<!-- \/ Yoast SEO plugin. -->","yoast_head_json":{"title":"Incendio intencionado en Valencia para asesinar a su esposo: \u00a1Detalles impactantes! - Diario 21","robots":{"index":"index","follow":"follow","max-snippet":"max-snippet:-1","max-image-preview":"max-image-preview:large","max-video-preview":"max-video-preview:-1"},"canonical":"https:\/\/www.diario21.tv\/noticias\/incendio-intencionado-en-valencia-para-asesinar-a-su-esposo-detalles-impactantes\/","og_locale":"es_ES","og_type":"article","og_title":"Incendio intencionado en Valencia para asesinar a su esposo: \u00a1Detalles impactantes! - Diario 21","og_description":"Incendio intencionado en Valencia con el objetivo de asesinar al esposo En un evento alarmante en un edificio residencial de Valencia, una mujer ha sido acusada ... Seguir leyendo &rarr;","og_url":"https:\/\/www.diario21.tv\/noticias\/incendio-intencionado-en-valencia-para-asesinar-a-su-esposo-detalles-impactantes\/","og_site_name":"Diario 21","article_published_time":"2024-12-27T07:51:53+00:00","article_modified_time":"2024-12-27T07:51:55+00:00","og_image":[{"width":1920,"height":1080,"url":"https:\/\/www.diario21.tv\/noticias\/wp-content\/uploads\/2024\/12\/Incendio-intencionado-en-Valencia-para-asesinar-a-su-esposo-\u00a1Detalles.jpg","type":"image\/jpeg"}],"author":"Juan P\u00e9rez","twitter_card":"summary_large_image","twitter_misc":{"Escrito por":"Juan P\u00e9rez","Tiempo de lectura":"2 minutos"},"schema":{"@context":"https:\/\/schema.org","@graph":[{"@type":"WebPage","@id":"https:\/\/www.diario21.tv\/noticias\/incendio-intencionado-en-valencia-para-asesinar-a-su-esposo-detalles-impactantes\/","url":"https:\/\/www.diario21.tv\/noticias\/incendio-intencionado-en-valencia-para-asesinar-a-su-esposo-detalles-impactantes\/","name":"Incendio intencionado en Valencia para asesinar a su esposo: \u00a1Detalles impactantes! - Diario 21","isPartOf":{"@id":"https:\/\/www.diario21.tv\/noticias\/#website"},"primaryImageOfPage":{"@id":"https:\/\/www.diario21.tv\/noticias\/incendio-intencionado-en-valencia-para-asesinar-a-su-esposo-detalles-impactantes\/#primaryimage"},"image":{"@id":"https:\/\/www.diario21.tv\/noticias\/incendio-intencionado-en-valencia-para-asesinar-a-su-esposo-detalles-impactantes\/#primaryimage"},"thumbnailUrl":"https:\/\/www.diario21.tv\/noticias\/wp-content\/uploads\/2024\/12\/Incendio-intencionado-en-Valencia-para-asesinar-a-su-esposo-\u00a1Detalles.jpg","datePublished":"2024-12-27T07:51:53+00:00","dateModified":"2024-12-27T07:51:55+00:00","author":{"@id":"https:\/\/www.diario21.tv\/noticias\/#\/schema\/person\/dfb778f73814d8f09f302618446a526b"},"breadcrumb":{"@id":"https:\/\/www.diario21.tv\/noticias\/incendio-intencionado-en-valencia-para-asesinar-a-su-esposo-detalles-impactantes\/#breadcrumb"},"inLanguage":"es-AR","potentialAction":[{"@type":"ReadAction","target":["https:\/\/www.diario21.tv\/noticias\/incendio-intencionado-en-valencia-para-asesinar-a-su-esposo-detalles-impactantes\/"]}]},{"@type":"ImageObject","inLanguage":"es-AR","@id":"https:\/\/www.diario21.tv\/noticias\/incendio-intencionado-en-valencia-para-asesinar-a-su-esposo-detalles-impactantes\/#primaryimage","url":"https:\/\/www.diario21.tv\/noticias\/wp-content\/uploads\/2024\/12\/Incendio-intencionado-en-Valencia-para-asesinar-a-su-esposo-\u00a1Detalles.jpg","contentUrl":"https:\/\/www.diario21.tv\/noticias\/wp-content\/uploads\/2024\/12\/Incendio-intencionado-en-Valencia-para-asesinar-a-su-esposo-\u00a1Detalles.jpg","width":1920,"height":1080,"caption":"Provoca un incendio en un edificio de Valencia para intentar matar a su marido"},{"@type":"BreadcrumbList","@id":"https:\/\/www.diario21.tv\/noticias\/incendio-intencionado-en-valencia-para-asesinar-a-su-esposo-detalles-impactantes\/#breadcrumb","itemListElement":[{"@type":"ListItem","position":1,"name":"Accueil","item":"https:\/\/www.diario21.tv\/noticias\/"},{"@type":"ListItem","position":2,"name":"Incendio intencionado en Valencia para asesinar a su esposo: \u00a1Detalles impactantes!"}]},{"@type":"WebSite","@id":"https:\/\/www.diario21.tv\/noticias\/#website","url":"https:\/\/www.diario21.tv\/noticias\/","name":"Diario 21","description":"","potentialAction":[{"@type":"SearchAction","target":{"@type":"EntryPoint","urlTemplate":"https:\/\/www.diario21.tv\/noticias\/?s={search_term_string}"},"query-input":{"@type":"PropertyValueSpecification","valueRequired":true,"valueName":"search_term_string"}}],"inLanguage":"es-AR"},{"@type":"Person","@id":"https:\/\/www.diario21.tv\/noticias\/#\/schema\/person\/dfb778f73814d8f09f302618446a526b","name":"Juan P\u00e9rez","image":{"@type":"ImageObject","inLanguage":"es-AR","@id":"https:\/\/www.diario21.tv\/noticias\/#\/schema\/person\/image\/","url":"https:\/\/secure.gravatar.com\/avatar\/c478a405bd10621167f4c3167cc770f5?s=96&d=mm&r=g","contentUrl":"https:\/\/secure.gravatar.com\/avatar\/c478a405bd10621167f4c3167cc770f5?s=96&d=mm&r=g","caption":"Juan P\u00e9rez"},"description":"Juan P\u00e9rez es el redactor en jefe de Diario 21. Con m\u00e1s de 10 a\u00f1os de experiencia en el periodismo, se especializa en pol\u00edtica nacional y an\u00e1lisis socioecon\u00f3mico. Su enfoque cr\u00edtico y riguroso aporta una perspectiva \u00fanica a cada art\u00edculo.","sameAs":["https:\/\/www.diario21.tv\/noticias\/"],"url":"https:\/\/www.diario21.tv\/noticias\/author\/juan-perez\/"}]}},"_links":{"self":[{"href":"https:\/\/www.diario21.tv\/noticias\/wp-json\/wp\/v2\/posts\/1621"}],"collection":[{"href":"https:\/\/www.diario21.tv\/noticias\/wp-json\/wp\/v2\/posts"}],"about":[{"href":"https:\/\/www.diario21.tv\/noticias\/wp-json\/wp\/v2\/types\/post"}],"author":[{"embeddable":true,"href":"https:\/\/www.diario21.tv\/noticias\/wp-json\/wp\/v2\/users\/20"}],"replies":[{"embeddable":true,"href":"https:\/\/www.diario21.tv\/noticias\/wp-json\/wp\/v2\/comments?post=1621"}],"version-history":[{"count":1,"href":"https:\/\/www.diario21.tv\/noticias\/wp-json\/wp\/v2\/posts\/1621\/revisions"}],"predecessor-version":[{"id":1623,"href":"https:\/\/www.diario21.tv\/noticias\/wp-json\/wp\/v2\/posts\/1621\/revisions\/1623"}],"wp:featuredmedia":[{"embeddable":true,"href":"https:\/\/www.diario21.tv\/noticias\/wp-json\/wp\/v2\/media\/1622"}],"wp:attachment":[{"href":"https:\/\/www.diario21.tv\/noticias\/wp-json\/wp\/v2\/media?parent=1621"}],"wp:term":[{"taxonomy":"category","embeddable":true,"href":"https:\/\/www.diario21.tv\/noticias\/wp-json\/wp\/v2\/categories?post=1621"},{"taxonomy":"post_tag","embeddable":true,"href":"https:\/\/www.diario21.tv\/noticias\/wp-json\/wp\/v2\/tags?post=1621"}],"curies":[{"name":"wp","href":"https:\/\/api.w.org\/{rel}","templated":true}]}}