{"id":1616,"date":"2024-12-26T18:54:14","date_gmt":"2024-12-26T18:54:14","guid":{"rendered":"https:\/\/www.diario21.tv\/noticias\/almendralejo-celebra-la-primitiva-reparte-un-millon-de-euros-este-lunes\/"},"modified":"2024-12-26T18:54:15","modified_gmt":"2024-12-26T18:54:15","slug":"almendralejo-celebra-la-primitiva-reparte-un-millon-de-euros-este-lunes","status":"publish","type":"post","link":"https:\/\/www.diario21.tv\/noticias\/almendralejo-celebra-la-primitiva-reparte-un-millon-de-euros-este-lunes\/","title":{"rendered":"\u00a1Almendralejo celebra! La Primitiva reparte un mill\u00f3n de euros este lunes"},"content":{"rendered":"<h2>Un mill\u00f3n de euros de La Primitiva cae en Almendralejo<\/h2>\n<p>El sorteo de La Primitiva del lunes trajo consigo una gran sorpresa para un afortunado participante en Almendralejo, una ciudad perteneciente a la provincia de Badajoz. El premio mayor, que ascend\u00eda a un mill\u00f3n de euros, fue adjudicado a un boleto comprado en esta localidad.<\/p>\n<h3>Detalles del Sorteo<\/h3>\n<p>La celebraci\u00f3n del sorteo de La Primitiva, que tuvo lugar el pasado lunes, result\u00f3 ser un evento crucial para un residente de Almendralejo. Este sorteo, que es uno de los m\u00e1s antiguos y seguidos en Espa\u00f1a, consisti\u00f3 en la selecci\u00f3n de una combinaci\u00f3n ganadora que, en esta ocasi\u00f3n, coincidi\u00f3 con los n\u00fameros del boleto adquirido en Almendralejo.<\/p>\n<h3>Punto de Venta del Boleto Ganador<\/h3>\n<p>El boleto premiado fue vendido en una conocida administraci\u00f3n de loter\u00eda de Almendralejo, la cual ha visto aumentar su popularidad tras este acontecimiento. La ubicaci\u00f3n exacta de la administraci\u00f3n no ha sido revelada, pero es com\u00fan que tales establecimientos reciban una afluencia mayor de clientes deseosos de probar suerte, especialmente despu\u00e9s de un premio de tal magnitud.<\/p>\n<h3>Reacciones y Expectativas<\/h3>\n<p>La noticia del millonario premio ha generado un ambiente de excitaci\u00f3n y j\u00fabilo entre los residentes de la ciudad. Muchos de ellos se han acercado a la administraci\u00f3n de loter\u00eda para felicitar a los propietarios y, por supuesto, para comprar sus propios boletos con la esperanza de ser los pr\u00f3ximos ganadores.<\/p>\n<p>Mientras tanto, el ganador del premio a\u00fan no ha sido identificado p\u00fablicamente y se desconoce si ya ha reclamado su premio. En casos como este, es habitual que los ganadores tarden un tiempo en presentarse, ya sea por la necesidad de asesoramiento legal o simplemente por el impacto emocional de ganar una suma tan significativa de dinero.<\/p>\n<h3>Impacto en la Comunidad<\/h3>\n<p>Este tipo de premios no solo cambian la vida del ganador, sino que tambi\u00e9n tienen un impacto positivo en la comunidad. La noticia ha puesto a Almendralejo en el foco medi\u00e1tico, atrayendo la atenci\u00f3n y la curiosidad de personas de otras partes de Espa\u00f1a. Adem\u00e1s, se espera que el aumento en las ventas de boletos en la localidad contribuya econ\u00f3micamente a varios negocios locales.<\/p>\n<p>En resumen, el sorteo de La Primitiva de este lunes no solo ha dejado una considerable cantidad de dinero en Almendralejo, sino que tambi\u00e9n ha fortalecido el esp\u00edritu comunitario y la esperanza entre sus habitantes. Todos est\u00e1n expectantes ante la posibilidad de que la suerte vuelva a tocar a su puerta en futuros sorteos.<\/p>\n\n\n<div class=\"kk-star-ratings kksr-auto kksr-align-left kksr-valign-bottom\"\n    data-payload='{&quot;align&quot;:&quot;left&quot;,&quot;id&quot;:&quot;1616&quot;,&quot;slug&quot;:&quot;default&quot;,&quot;valign&quot;:&quot;bottom&quot;,&quot;ignore&quot;:&quot;&quot;,&quot;reference&quot;:&quot;auto&quot;,&quot;class&quot;:&quot;&quot;,&quot;count&quot;:&quot;0&quot;,&quot;legendonly&quot;:&quot;&quot;,&quot;readonly&quot;:&quot;&quot;,&quot;score&quot;:&quot;0&quot;,&quot;starsonly&quot;:&quot;&quot;,&quot;best&quot;:&quot;5&quot;,&quot;gap&quot;:&quot;5&quot;,&quot;greet&quot;:&quot;Valora este post&quot;,&quot;legend&quot;:&quot;0\\\/5 - (0 votes)&quot;,&quot;size&quot;:&quot;22&quot;,&quot;title&quot;:&quot;\u00a1Almendralejo celebra! La Primitiva reparte un mill\u00f3n de euros este lunes&quot;,&quot;width&quot;:&quot;0&quot;,&quot;_legend&quot;:&quot;{score}\\\/{best} - ({count} {votes})&quot;,&quot;font_factor&quot;:&quot;1.25&quot;}'>\n            \n<div class=\"kksr-stars\">\n    \n<div class=\"kksr-stars-inactive\">\n            <div class=\"kksr-star\" data-star=\"1\" style=\"padding-right: 5px\">\n            \n\n<div class=\"kksr-icon\" style=\"width: 22px; height: 22px;\"><\/div>\n        <\/div>\n            <div class=\"kksr-star\" data-star=\"2\" style=\"padding-right: 5px\">\n            \n\n<div class=\"kksr-icon\" style=\"width: 22px; height: 22px;\"><\/div>\n        <\/div>\n            <div class=\"kksr-star\" data-star=\"3\" style=\"padding-right: 5px\">\n            \n\n<div class=\"kksr-icon\" style=\"width: 22px; height: 22px;\"><\/div>\n        <\/div>\n            <div class=\"kksr-star\" data-star=\"4\" style=\"padding-right: 5px\">\n            \n\n<div class=\"kksr-icon\" style=\"width: 22px; height: 22px;\"><\/div>\n        <\/div>\n            <div class=\"kksr-star\" data-star=\"5\" style=\"padding-right: 5px\">\n            \n\n<div class=\"kksr-icon\" style=\"width: 22px; height: 22px;\"><\/div>\n        <\/div>\n    <\/div>\n    \n<div class=\"kksr-stars-active\" style=\"width: 0px;\">\n            <div class=\"kksr-star\" style=\"padding-right: 5px\">\n            \n\n<div class=\"kksr-icon\" style=\"width: 22px; height: 22px;\"><\/div>\n        <\/div>\n            <div class=\"kksr-star\" style=\"padding-right: 5px\">\n            \n\n<div class=\"kksr-icon\" style=\"width: 22px; height: 22px;\"><\/div>\n        <\/div>\n            <div class=\"kksr-star\" style=\"padding-right: 5px\">\n            \n\n<div class=\"kksr-icon\" style=\"width: 22px; height: 22px;\"><\/div>\n        <\/div>\n            <div class=\"kksr-star\" style=\"padding-right: 5px\">\n            \n\n<div class=\"kksr-icon\" style=\"width: 22px; height: 22px;\"><\/div>\n        <\/div>\n            <div class=\"kksr-star\" style=\"padding-right: 5px\">\n            \n\n<div class=\"kksr-icon\" style=\"width: 22px; height: 22px;\"><\/div>\n        <\/div>\n    <\/div>\n<\/div>\n                \n\n<div class=\"kksr-legend\" style=\"font-size: 17.6px;\">\n            <span class=\"kksr-muted\">Valora este post<\/span>\n    <\/div>\n    <\/div>\n","protected":false},"excerpt":{"rendered":"<p>Un mill\u00f3n de euros de La Primitiva cae en Almendralejo El sorteo de La Primitiva del lunes trajo consigo una gran sorpresa para un afortunado participante &#8230; <a title=\"\u00a1Almendralejo celebra! La Primitiva reparte un mill\u00f3n de euros este lunes\" class=\"read-more\" href=\"https:\/\/www.diario21.tv\/noticias\/almendralejo-celebra-la-primitiva-reparte-un-millon-de-euros-este-lunes\/\" aria-label=\"Leer m\u00e1s sobre \u00a1Almendralejo celebra! La Primitiva reparte un mill\u00f3n de euros este lunes\">Seguir leyendo &rarr;<\/a><\/p>\n","protected":false},"author":20,"featured_media":1538,"comment_status":"open","ping_status":"open","sticky":false,"template":"","format":"standard","meta":{"footnotes":""},"categories":[13],"tags":[],"class_list":["post-1616","post","type-post","status-publish","format-standard","has-post-thumbnail","hentry","category-portada"],"yoast_head":"<!-- This site is optimized with the Yoast SEO plugin v25.6 - https:\/\/yoast.com\/wordpress\/plugins\/seo\/ -->\n<title>\u00a1Almendralejo celebra! La Primitiva reparte un mill\u00f3n de euros este lunes - Diario 21<\/title>\n<meta name=\"robots\" content=\"index, follow, max-snippet:-1, max-image-preview:large, max-video-preview:-1\" \/>\n<link rel=\"canonical\" href=\"https:\/\/www.diario21.tv\/noticias\/almendralejo-celebra-la-primitiva-reparte-un-millon-de-euros-este-lunes\/\" \/>\n<meta property=\"og:locale\" content=\"es_ES\" \/>\n<meta property=\"og:type\" content=\"article\" \/>\n<meta property=\"og:title\" content=\"\u00a1Almendralejo celebra! La Primitiva reparte un mill\u00f3n de euros este lunes - Diario 21\" \/>\n<meta property=\"og:description\" content=\"Un mill\u00f3n de euros de La Primitiva cae en Almendralejo El sorteo de La Primitiva del lunes trajo consigo una gran sorpresa para un afortunado participante ... Seguir leyendo &rarr;\" \/>\n<meta property=\"og:url\" content=\"https:\/\/www.diario21.tv\/noticias\/almendralejo-celebra-la-primitiva-reparte-un-millon-de-euros-este-lunes\/\" \/>\n<meta property=\"og:site_name\" content=\"Diario 21\" \/>\n<meta property=\"article:published_time\" content=\"2024-12-26T18:54:14+00:00\" \/>\n<meta property=\"article:modified_time\" content=\"2024-12-26T18:54:15+00:00\" \/>\n<meta property=\"og:image\" content=\"https:\/\/www.diario21.tv\/noticias\/wp-content\/uploads\/2024\/12\/\u00a1Increible-Dos-afortunados-ganan-casi-54000-euros-cada-uno-en.jpg\" \/>\n\t<meta property=\"og:image:width\" content=\"1920\" \/>\n\t<meta property=\"og:image:height\" content=\"1080\" \/>\n\t<meta property=\"og:image:type\" content=\"image\/jpeg\" \/>\n<meta name=\"author\" content=\"Juan P\u00e9rez\" \/>\n<meta name=\"twitter:card\" content=\"summary_large_image\" \/>\n<meta name=\"twitter:label1\" content=\"Escrito por\" \/>\n\t<meta name=\"twitter:data1\" content=\"Juan P\u00e9rez\" \/>\n\t<meta name=\"twitter:label2\" content=\"Tiempo de lectura\" \/>\n\t<meta name=\"twitter:data2\" content=\"2 minutos\" \/>\n<script type=\"application\/ld+json\" class=\"yoast-schema-graph\">{\"@context\":\"https:\/\/schema.org\",\"@graph\":[{\"@type\":\"WebPage\",\"@id\":\"https:\/\/www.diario21.tv\/noticias\/almendralejo-celebra-la-primitiva-reparte-un-millon-de-euros-este-lunes\/\",\"url\":\"https:\/\/www.diario21.tv\/noticias\/almendralejo-celebra-la-primitiva-reparte-un-millon-de-euros-este-lunes\/\",\"name\":\"\u00a1Almendralejo celebra! La Primitiva reparte un mill\u00f3n de euros este lunes - Diario 21\",\"isPartOf\":{\"@id\":\"https:\/\/www.diario21.tv\/noticias\/#website\"},\"primaryImageOfPage\":{\"@id\":\"https:\/\/www.diario21.tv\/noticias\/almendralejo-celebra-la-primitiva-reparte-un-millon-de-euros-este-lunes\/#primaryimage\"},\"image\":{\"@id\":\"https:\/\/www.diario21.tv\/noticias\/almendralejo-celebra-la-primitiva-reparte-un-millon-de-euros-este-lunes\/#primaryimage\"},\"thumbnailUrl\":\"https:\/\/www.diario21.tv\/noticias\/wp-content\/uploads\/2024\/12\/\u00a1Increible-Dos-afortunados-ganan-casi-54000-euros-cada-uno-en.jpg\",\"datePublished\":\"2024-12-26T18:54:14+00:00\",\"dateModified\":\"2024-12-26T18:54:15+00:00\",\"author\":{\"@id\":\"https:\/\/www.diario21.tv\/noticias\/#\/schema\/person\/dfb778f73814d8f09f302618446a526b\"},\"breadcrumb\":{\"@id\":\"https:\/\/www.diario21.tv\/noticias\/almendralejo-celebra-la-primitiva-reparte-un-millon-de-euros-este-lunes\/#breadcrumb\"},\"inLanguage\":\"es-AR\",\"potentialAction\":[{\"@type\":\"ReadAction\",\"target\":[\"https:\/\/www.diario21.tv\/noticias\/almendralejo-celebra-la-primitiva-reparte-un-millon-de-euros-este-lunes\/\"]}]},{\"@type\":\"ImageObject\",\"inLanguage\":\"es-AR\",\"@id\":\"https:\/\/www.diario21.tv\/noticias\/almendralejo-celebra-la-primitiva-reparte-un-millon-de-euros-este-lunes\/#primaryimage\",\"url\":\"https:\/\/www.diario21.tv\/noticias\/wp-content\/uploads\/2024\/12\/\u00a1Increible-Dos-afortunados-ganan-casi-54000-euros-cada-uno-en.jpg\",\"contentUrl\":\"https:\/\/www.diario21.tv\/noticias\/wp-content\/uploads\/2024\/12\/\u00a1Increible-Dos-afortunados-ganan-casi-54000-euros-cada-uno-en.jpg\",\"width\":1920,\"height\":1080,\"caption\":\"Dos acertantes de La Primitiva se llevan cada uno casi 54.000 euros\"},{\"@type\":\"BreadcrumbList\",\"@id\":\"https:\/\/www.diario21.tv\/noticias\/almendralejo-celebra-la-primitiva-reparte-un-millon-de-euros-este-lunes\/#breadcrumb\",\"itemListElement\":[{\"@type\":\"ListItem\",\"position\":1,\"name\":\"Accueil\",\"item\":\"https:\/\/www.diario21.tv\/noticias\/\"},{\"@type\":\"ListItem\",\"position\":2,\"name\":\"\u00a1Almendralejo celebra! La Primitiva reparte un mill\u00f3n de euros este lunes\"}]},{\"@type\":\"WebSite\",\"@id\":\"https:\/\/www.diario21.tv\/noticias\/#website\",\"url\":\"https:\/\/www.diario21.tv\/noticias\/\",\"name\":\"Diario 21\",\"description\":\"\",\"potentialAction\":[{\"@type\":\"SearchAction\",\"target\":{\"@type\":\"EntryPoint\",\"urlTemplate\":\"https:\/\/www.diario21.tv\/noticias\/?s={search_term_string}\"},\"query-input\":{\"@type\":\"PropertyValueSpecification\",\"valueRequired\":true,\"valueName\":\"search_term_string\"}}],\"inLanguage\":\"es-AR\"},{\"@type\":\"Person\",\"@id\":\"https:\/\/www.diario21.tv\/noticias\/#\/schema\/person\/dfb778f73814d8f09f302618446a526b\",\"name\":\"Juan P\u00e9rez\",\"image\":{\"@type\":\"ImageObject\",\"inLanguage\":\"es-AR\",\"@id\":\"https:\/\/www.diario21.tv\/noticias\/#\/schema\/person\/image\/\",\"url\":\"https:\/\/secure.gravatar.com\/avatar\/c478a405bd10621167f4c3167cc770f5?s=96&d=mm&r=g\",\"contentUrl\":\"https:\/\/secure.gravatar.com\/avatar\/c478a405bd10621167f4c3167cc770f5?s=96&d=mm&r=g\",\"caption\":\"Juan P\u00e9rez\"},\"description\":\"Juan P\u00e9rez es el redactor en jefe de Diario 21. Con m\u00e1s de 10 a\u00f1os de experiencia en el periodismo, se especializa en pol\u00edtica nacional y an\u00e1lisis socioecon\u00f3mico. Su enfoque cr\u00edtico y riguroso aporta una perspectiva \u00fanica a cada art\u00edculo.\",\"sameAs\":[\"https:\/\/www.diario21.tv\/noticias\/\"],\"url\":\"https:\/\/www.diario21.tv\/noticias\/author\/juan-perez\/\"}]}<\/script>\n<!-- \/ Yoast SEO plugin. -->","yoast_head_json":{"title":"\u00a1Almendralejo celebra! La Primitiva reparte un mill\u00f3n de euros este lunes - Diario 21","robots":{"index":"index","follow":"follow","max-snippet":"max-snippet:-1","max-image-preview":"max-image-preview:large","max-video-preview":"max-video-preview:-1"},"canonical":"https:\/\/www.diario21.tv\/noticias\/almendralejo-celebra-la-primitiva-reparte-un-millon-de-euros-este-lunes\/","og_locale":"es_ES","og_type":"article","og_title":"\u00a1Almendralejo celebra! La Primitiva reparte un mill\u00f3n de euros este lunes - Diario 21","og_description":"Un mill\u00f3n de euros de La Primitiva cae en Almendralejo El sorteo de La Primitiva del lunes trajo consigo una gran sorpresa para un afortunado participante ... Seguir leyendo &rarr;","og_url":"https:\/\/www.diario21.tv\/noticias\/almendralejo-celebra-la-primitiva-reparte-un-millon-de-euros-este-lunes\/","og_site_name":"Diario 21","article_published_time":"2024-12-26T18:54:14+00:00","article_modified_time":"2024-12-26T18:54:15+00:00","og_image":[{"width":1920,"height":1080,"url":"https:\/\/www.diario21.tv\/noticias\/wp-content\/uploads\/2024\/12\/\u00a1Increible-Dos-afortunados-ganan-casi-54000-euros-cada-uno-en.jpg","type":"image\/jpeg"}],"author":"Juan P\u00e9rez","twitter_card":"summary_large_image","twitter_misc":{"Escrito por":"Juan P\u00e9rez","Tiempo de lectura":"2 minutos"},"schema":{"@context":"https:\/\/schema.org","@graph":[{"@type":"WebPage","@id":"https:\/\/www.diario21.tv\/noticias\/almendralejo-celebra-la-primitiva-reparte-un-millon-de-euros-este-lunes\/","url":"https:\/\/www.diario21.tv\/noticias\/almendralejo-celebra-la-primitiva-reparte-un-millon-de-euros-este-lunes\/","name":"\u00a1Almendralejo celebra! La Primitiva reparte un mill\u00f3n de euros este lunes - Diario 21","isPartOf":{"@id":"https:\/\/www.diario21.tv\/noticias\/#website"},"primaryImageOfPage":{"@id":"https:\/\/www.diario21.tv\/noticias\/almendralejo-celebra-la-primitiva-reparte-un-millon-de-euros-este-lunes\/#primaryimage"},"image":{"@id":"https:\/\/www.diario21.tv\/noticias\/almendralejo-celebra-la-primitiva-reparte-un-millon-de-euros-este-lunes\/#primaryimage"},"thumbnailUrl":"https:\/\/www.diario21.tv\/noticias\/wp-content\/uploads\/2024\/12\/\u00a1Increible-Dos-afortunados-ganan-casi-54000-euros-cada-uno-en.jpg","datePublished":"2024-12-26T18:54:14+00:00","dateModified":"2024-12-26T18:54:15+00:00","author":{"@id":"https:\/\/www.diario21.tv\/noticias\/#\/schema\/person\/dfb778f73814d8f09f302618446a526b"},"breadcrumb":{"@id":"https:\/\/www.diario21.tv\/noticias\/almendralejo-celebra-la-primitiva-reparte-un-millon-de-euros-este-lunes\/#breadcrumb"},"inLanguage":"es-AR","potentialAction":[{"@type":"ReadAction","target":["https:\/\/www.diario21.tv\/noticias\/almendralejo-celebra-la-primitiva-reparte-un-millon-de-euros-este-lunes\/"]}]},{"@type":"ImageObject","inLanguage":"es-AR","@id":"https:\/\/www.diario21.tv\/noticias\/almendralejo-celebra-la-primitiva-reparte-un-millon-de-euros-este-lunes\/#primaryimage","url":"https:\/\/www.diario21.tv\/noticias\/wp-content\/uploads\/2024\/12\/\u00a1Increible-Dos-afortunados-ganan-casi-54000-euros-cada-uno-en.jpg","contentUrl":"https:\/\/www.diario21.tv\/noticias\/wp-content\/uploads\/2024\/12\/\u00a1Increible-Dos-afortunados-ganan-casi-54000-euros-cada-uno-en.jpg","width":1920,"height":1080,"caption":"Dos acertantes de La Primitiva se llevan cada uno casi 54.000 euros"},{"@type":"BreadcrumbList","@id":"https:\/\/www.diario21.tv\/noticias\/almendralejo-celebra-la-primitiva-reparte-un-millon-de-euros-este-lunes\/#breadcrumb","itemListElement":[{"@type":"ListItem","position":1,"name":"Accueil","item":"https:\/\/www.diario21.tv\/noticias\/"},{"@type":"ListItem","position":2,"name":"\u00a1Almendralejo celebra! La Primitiva reparte un mill\u00f3n de euros este lunes"}]},{"@type":"WebSite","@id":"https:\/\/www.diario21.tv\/noticias\/#website","url":"https:\/\/www.diario21.tv\/noticias\/","name":"Diario 21","description":"","potentialAction":[{"@type":"SearchAction","target":{"@type":"EntryPoint","urlTemplate":"https:\/\/www.diario21.tv\/noticias\/?s={search_term_string}"},"query-input":{"@type":"PropertyValueSpecification","valueRequired":true,"valueName":"search_term_string"}}],"inLanguage":"es-AR"},{"@type":"Person","@id":"https:\/\/www.diario21.tv\/noticias\/#\/schema\/person\/dfb778f73814d8f09f302618446a526b","name":"Juan P\u00e9rez","image":{"@type":"ImageObject","inLanguage":"es-AR","@id":"https:\/\/www.diario21.tv\/noticias\/#\/schema\/person\/image\/","url":"https:\/\/secure.gravatar.com\/avatar\/c478a405bd10621167f4c3167cc770f5?s=96&d=mm&r=g","contentUrl":"https:\/\/secure.gravatar.com\/avatar\/c478a405bd10621167f4c3167cc770f5?s=96&d=mm&r=g","caption":"Juan P\u00e9rez"},"description":"Juan P\u00e9rez es el redactor en jefe de Diario 21. Con m\u00e1s de 10 a\u00f1os de experiencia en el periodismo, se especializa en pol\u00edtica nacional y an\u00e1lisis socioecon\u00f3mico. Su enfoque cr\u00edtico y riguroso aporta una perspectiva \u00fanica a cada art\u00edculo.","sameAs":["https:\/\/www.diario21.tv\/noticias\/"],"url":"https:\/\/www.diario21.tv\/noticias\/author\/juan-perez\/"}]}},"_links":{"self":[{"href":"https:\/\/www.diario21.tv\/noticias\/wp-json\/wp\/v2\/posts\/1616"}],"collection":[{"href":"https:\/\/www.diario21.tv\/noticias\/wp-json\/wp\/v2\/posts"}],"about":[{"href":"https:\/\/www.diario21.tv\/noticias\/wp-json\/wp\/v2\/types\/post"}],"author":[{"embeddable":true,"href":"https:\/\/www.diario21.tv\/noticias\/wp-json\/wp\/v2\/users\/20"}],"replies":[{"embeddable":true,"href":"https:\/\/www.diario21.tv\/noticias\/wp-json\/wp\/v2\/comments?post=1616"}],"version-history":[{"count":1,"href":"https:\/\/www.diario21.tv\/noticias\/wp-json\/wp\/v2\/posts\/1616\/revisions"}],"predecessor-version":[{"id":1617,"href":"https:\/\/www.diario21.tv\/noticias\/wp-json\/wp\/v2\/posts\/1616\/revisions\/1617"}],"wp:featuredmedia":[{"embeddable":true,"href":"https:\/\/www.diario21.tv\/noticias\/wp-json\/wp\/v2\/media\/1538"}],"wp:attachment":[{"href":"https:\/\/www.diario21.tv\/noticias\/wp-json\/wp\/v2\/media?parent=1616"}],"wp:term":[{"taxonomy":"category","embeddable":true,"href":"https:\/\/www.diario21.tv\/noticias\/wp-json\/wp\/v2\/categories?post=1616"},{"taxonomy":"post_tag","embeddable":true,"href":"https:\/\/www.diario21.tv\/noticias\/wp-json\/wp\/v2\/tags?post=1616"}],"curies":[{"name":"wp","href":"https:\/\/api.w.org\/{rel}","templated":true}]}}