{"id":1608,"date":"2024-12-25T17:17:34","date_gmt":"2024-12-25T17:17:34","guid":{"rendered":"https:\/\/www.diario21.tv\/noticias\/francia-conmocionada-los-oscuros-secretos-del-caso-pelicot-al-descubierto\/"},"modified":"2024-12-25T17:17:36","modified_gmt":"2024-12-25T17:17:36","slug":"francia-conmocionada-los-oscuros-secretos-del-caso-pelicot-al-descubierto","status":"publish","type":"post","link":"https:\/\/www.diario21.tv\/noticias\/francia-conmocionada-los-oscuros-secretos-del-caso-pelicot-al-descubierto\/","title":{"rendered":"Francia conmocionada: Los oscuros secretos del &#8216;caso Pelicot&#8217; al descubierto"},"content":{"rendered":"<h2>Francia enfrenta su reflejo tras las revelaciones del &#8216;caso Pelicot&#8217;<\/h2>\n<p>Francia se encuentra en una intensa introspecci\u00f3n despu\u00e9s de que se revelaran detalles perturbadores en lo que ahora se conoce como el &#8216;caso Pelicot&#8217;. Este caso ha destapado una serie de eventos que muchos preferir\u00edan dejar en el olvido, pero que han suscitado un debate nacional sobre la justicia y la moralidad en la sociedad francesa.<\/p>\n<h3>Los Or\u00edgenes del Esc\u00e1ndalo<\/h3>\n<p>Todo comenz\u00f3 cuando investigaciones period\u00edsticas sacaron a la luz las actividades il\u00edcitas de un grupo de individuos influyentes, liderados por el empresario conocido como Pelicot. Este grupo estaba involucrado en una red de corrupci\u00f3n y abuso de poder que afectaba varios niveles de la sociedad, desde la pol\u00edtica hasta el sector empresarial.<\/p>\n<h3>Impacto en la Sociedad Francesa<\/h3>\n<p>Las revelaciones han causado conmoci\u00f3n entre los ciudadanos franceses. La confianza en las instituciones ha sido severamente da\u00f1ada, ya que muchos se preguntan c\u00f3mo fue posible que estas actividades continuaran sin ser detectadas durante tanto tiempo. Adem\u00e1s, el caso ha reavivado debates sobre la \u00e9tica en los negocios y la pol\u00edtica, y sobre c\u00f3mo estos sectores pueden ser reformados para evitar que tales abusos se repitan en el futuro.<\/p>\n<h3>Reacciones Pol\u00edticas y Sociales<\/h3>\n<p>El gobierno franc\u00e9s ha respondido con promesas de endurecer las leyes y aumentar la transparencia en sus operaciones. Sin embargo, muchos cr\u00edticos argumentan que estas medidas son insuficientes y que se necesita una reforma m\u00e1s profunda para realmente cambiar el sistema.<\/p>\n<p>Por otro lado, la sociedad civil ha mostrado un renovado inter\u00e9s en participar en el proceso pol\u00edtico, con un aumento en el activismo y en la formaci\u00f3n de grupos de vigilancia destinados a supervisar la conducta de los funcionarios p\u00fablicos y las pr\u00e1cticas empresariales.<\/p>\n<h3>El Camino Hacia la Recuperaci\u00f3n<\/h3>\n<p>Aunque el camino hacia la recuperaci\u00f3n parece largo y lleno de desaf\u00edos, el &#8216;caso Pelicot&#8217; podr\u00eda eventualmente servir como un catalizador para el cambio positivo en Francia. Al destapar las sombras de la corrupci\u00f3n, ha presentado una oportunidad para que el pa\u00eds se reconstruya sobre bases m\u00e1s s\u00f3lidas y transparentes.<\/p>\n<p>En conclusi\u00f3n, el &#8216;caso Pelicot&#8217; ha sido un duro golpe para Francia, pero tambi\u00e9n ha abierto la puerta a una discusi\u00f3n necesaria sobre los valores y la direcci\u00f3n futura del pa\u00eds. La sociedad francesa ahora tiene la oportunidad de asegurarse de que los errores del pasado no se repitan y de moverse hacia un futuro m\u00e1s justo y \u00e9tico.<\/p>\n\n\n<div class=\"kk-star-ratings kksr-auto kksr-align-left kksr-valign-bottom\"\n    data-payload='{&quot;align&quot;:&quot;left&quot;,&quot;id&quot;:&quot;1608&quot;,&quot;slug&quot;:&quot;default&quot;,&quot;valign&quot;:&quot;bottom&quot;,&quot;ignore&quot;:&quot;&quot;,&quot;reference&quot;:&quot;auto&quot;,&quot;class&quot;:&quot;&quot;,&quot;count&quot;:&quot;0&quot;,&quot;legendonly&quot;:&quot;&quot;,&quot;readonly&quot;:&quot;&quot;,&quot;score&quot;:&quot;0&quot;,&quot;starsonly&quot;:&quot;&quot;,&quot;best&quot;:&quot;5&quot;,&quot;gap&quot;:&quot;5&quot;,&quot;greet&quot;:&quot;Valora este post&quot;,&quot;legend&quot;:&quot;0\\\/5 - (0 votes)&quot;,&quot;size&quot;:&quot;22&quot;,&quot;title&quot;:&quot;Francia conmocionada: Los oscuros secretos del \\u0026#039;caso Pelicot\\u0026#039; al descubierto&quot;,&quot;width&quot;:&quot;0&quot;,&quot;_legend&quot;:&quot;{score}\\\/{best} - ({count} {votes})&quot;,&quot;font_factor&quot;:&quot;1.25&quot;}'>\n            \n<div class=\"kksr-stars\">\n    \n<div class=\"kksr-stars-inactive\">\n            <div class=\"kksr-star\" data-star=\"1\" style=\"padding-right: 5px\">\n            \n\n<div class=\"kksr-icon\" style=\"width: 22px; height: 22px;\"><\/div>\n        <\/div>\n            <div class=\"kksr-star\" data-star=\"2\" style=\"padding-right: 5px\">\n            \n\n<div class=\"kksr-icon\" style=\"width: 22px; height: 22px;\"><\/div>\n        <\/div>\n            <div class=\"kksr-star\" data-star=\"3\" style=\"padding-right: 5px\">\n            \n\n<div class=\"kksr-icon\" style=\"width: 22px; height: 22px;\"><\/div>\n        <\/div>\n            <div class=\"kksr-star\" data-star=\"4\" style=\"padding-right: 5px\">\n            \n\n<div class=\"kksr-icon\" style=\"width: 22px; height: 22px;\"><\/div>\n        <\/div>\n            <div class=\"kksr-star\" data-star=\"5\" style=\"padding-right: 5px\">\n            \n\n<div class=\"kksr-icon\" style=\"width: 22px; height: 22px;\"><\/div>\n        <\/div>\n    <\/div>\n    \n<div class=\"kksr-stars-active\" style=\"width: 0px;\">\n            <div class=\"kksr-star\" style=\"padding-right: 5px\">\n            \n\n<div class=\"kksr-icon\" style=\"width: 22px; height: 22px;\"><\/div>\n        <\/div>\n            <div class=\"kksr-star\" style=\"padding-right: 5px\">\n            \n\n<div class=\"kksr-icon\" style=\"width: 22px; height: 22px;\"><\/div>\n        <\/div>\n            <div class=\"kksr-star\" style=\"padding-right: 5px\">\n            \n\n<div class=\"kksr-icon\" style=\"width: 22px; height: 22px;\"><\/div>\n        <\/div>\n            <div class=\"kksr-star\" style=\"padding-right: 5px\">\n            \n\n<div class=\"kksr-icon\" style=\"width: 22px; height: 22px;\"><\/div>\n        <\/div>\n            <div class=\"kksr-star\" style=\"padding-right: 5px\">\n            \n\n<div class=\"kksr-icon\" style=\"width: 22px; height: 22px;\"><\/div>\n        <\/div>\n    <\/div>\n<\/div>\n                \n\n<div class=\"kksr-legend\" style=\"font-size: 17.6px;\">\n            <span class=\"kksr-muted\">Valora este post<\/span>\n    <\/div>\n    <\/div>\n","protected":false},"excerpt":{"rendered":"<p>Francia enfrenta su reflejo tras las revelaciones del &#8216;caso Pelicot&#8217; Francia se encuentra en una intensa introspecci\u00f3n despu\u00e9s de que se revelaran detalles perturbadores en lo &#8230; <a title=\"Francia conmocionada: Los oscuros secretos del &#8216;caso Pelicot&#8217; al descubierto\" class=\"read-more\" href=\"https:\/\/www.diario21.tv\/noticias\/francia-conmocionada-los-oscuros-secretos-del-caso-pelicot-al-descubierto\/\" aria-label=\"Leer m\u00e1s sobre Francia conmocionada: Los oscuros secretos del &#8216;caso Pelicot&#8217; al descubierto\">Seguir leyendo &rarr;<\/a><\/p>\n","protected":false},"author":20,"featured_media":1609,"comment_status":"open","ping_status":"open","sticky":false,"template":"","format":"standard","meta":{"footnotes":""},"categories":[13],"tags":[],"class_list":["post-1608","post","type-post","status-publish","format-standard","has-post-thumbnail","hentry","category-portada"],"yoast_head":"<!-- This site is optimized with the Yoast SEO plugin v25.6 - https:\/\/yoast.com\/wordpress\/plugins\/seo\/ -->\n<title>Francia conmocionada: Los oscuros secretos del &#039;caso Pelicot&#039; al descubierto - Diario 21<\/title>\n<meta name=\"robots\" content=\"index, follow, max-snippet:-1, max-image-preview:large, max-video-preview:-1\" \/>\n<link rel=\"canonical\" href=\"https:\/\/www.diario21.tv\/noticias\/francia-conmocionada-los-oscuros-secretos-del-caso-pelicot-al-descubierto\/\" \/>\n<meta property=\"og:locale\" content=\"es_ES\" \/>\n<meta property=\"og:type\" content=\"article\" \/>\n<meta property=\"og:title\" content=\"Francia conmocionada: Los oscuros secretos del &#039;caso Pelicot&#039; al descubierto - Diario 21\" \/>\n<meta property=\"og:description\" content=\"Francia enfrenta su reflejo tras las revelaciones del &#8216;caso Pelicot&#8217; Francia se encuentra en una intensa introspecci\u00f3n despu\u00e9s de que se revelaran detalles perturbadores en lo ... Seguir leyendo &rarr;\" \/>\n<meta property=\"og:url\" content=\"https:\/\/www.diario21.tv\/noticias\/francia-conmocionada-los-oscuros-secretos-del-caso-pelicot-al-descubierto\/\" \/>\n<meta property=\"og:site_name\" content=\"Diario 21\" \/>\n<meta property=\"article:published_time\" content=\"2024-12-25T17:17:34+00:00\" \/>\n<meta property=\"article:modified_time\" content=\"2024-12-25T17:17:36+00:00\" \/>\n<meta property=\"og:image\" content=\"https:\/\/www.diario21.tv\/noticias\/wp-content\/uploads\/2024\/12\/Francia-conmocionada-Los-oscuros-secretos-del-caso-Pelicot-al-descubierto.jpg\" \/>\n\t<meta property=\"og:image:width\" content=\"1920\" \/>\n\t<meta property=\"og:image:height\" content=\"1080\" \/>\n\t<meta property=\"og:image:type\" content=\"image\/jpeg\" \/>\n<meta name=\"author\" content=\"Juan P\u00e9rez\" \/>\n<meta name=\"twitter:card\" content=\"summary_large_image\" \/>\n<meta name=\"twitter:label1\" content=\"Escrito por\" \/>\n\t<meta name=\"twitter:data1\" content=\"Juan P\u00e9rez\" \/>\n\t<meta name=\"twitter:label2\" content=\"Tiempo de lectura\" \/>\n\t<meta name=\"twitter:data2\" content=\"2 minutos\" \/>\n<script type=\"application\/ld+json\" class=\"yoast-schema-graph\">{\"@context\":\"https:\/\/schema.org\",\"@graph\":[{\"@type\":\"WebPage\",\"@id\":\"https:\/\/www.diario21.tv\/noticias\/francia-conmocionada-los-oscuros-secretos-del-caso-pelicot-al-descubierto\/\",\"url\":\"https:\/\/www.diario21.tv\/noticias\/francia-conmocionada-los-oscuros-secretos-del-caso-pelicot-al-descubierto\/\",\"name\":\"Francia conmocionada: Los oscuros secretos del 'caso Pelicot' al descubierto - Diario 21\",\"isPartOf\":{\"@id\":\"https:\/\/www.diario21.tv\/noticias\/#website\"},\"primaryImageOfPage\":{\"@id\":\"https:\/\/www.diario21.tv\/noticias\/francia-conmocionada-los-oscuros-secretos-del-caso-pelicot-al-descubierto\/#primaryimage\"},\"image\":{\"@id\":\"https:\/\/www.diario21.tv\/noticias\/francia-conmocionada-los-oscuros-secretos-del-caso-pelicot-al-descubierto\/#primaryimage\"},\"thumbnailUrl\":\"https:\/\/www.diario21.tv\/noticias\/wp-content\/uploads\/2024\/12\/Francia-conmocionada-Los-oscuros-secretos-del-caso-Pelicot-al-descubierto.jpg\",\"datePublished\":\"2024-12-25T17:17:34+00:00\",\"dateModified\":\"2024-12-25T17:17:36+00:00\",\"author\":{\"@id\":\"https:\/\/www.diario21.tv\/noticias\/#\/schema\/person\/dfb778f73814d8f09f302618446a526b\"},\"breadcrumb\":{\"@id\":\"https:\/\/www.diario21.tv\/noticias\/francia-conmocionada-los-oscuros-secretos-del-caso-pelicot-al-descubierto\/#breadcrumb\"},\"inLanguage\":\"es-AR\",\"potentialAction\":[{\"@type\":\"ReadAction\",\"target\":[\"https:\/\/www.diario21.tv\/noticias\/francia-conmocionada-los-oscuros-secretos-del-caso-pelicot-al-descubierto\/\"]}]},{\"@type\":\"ImageObject\",\"inLanguage\":\"es-AR\",\"@id\":\"https:\/\/www.diario21.tv\/noticias\/francia-conmocionada-los-oscuros-secretos-del-caso-pelicot-al-descubierto\/#primaryimage\",\"url\":\"https:\/\/www.diario21.tv\/noticias\/wp-content\/uploads\/2024\/12\/Francia-conmocionada-Los-oscuros-secretos-del-caso-Pelicot-al-descubierto.jpg\",\"contentUrl\":\"https:\/\/www.diario21.tv\/noticias\/wp-content\/uploads\/2024\/12\/Francia-conmocionada-Los-oscuros-secretos-del-caso-Pelicot-al-descubierto.jpg\",\"width\":1920,\"height\":1080,\"caption\":\"Francia se mira al espejo tras los horrores destapados en el &#039;caso Pelicot&#039;\"},{\"@type\":\"BreadcrumbList\",\"@id\":\"https:\/\/www.diario21.tv\/noticias\/francia-conmocionada-los-oscuros-secretos-del-caso-pelicot-al-descubierto\/#breadcrumb\",\"itemListElement\":[{\"@type\":\"ListItem\",\"position\":1,\"name\":\"Accueil\",\"item\":\"https:\/\/www.diario21.tv\/noticias\/\"},{\"@type\":\"ListItem\",\"position\":2,\"name\":\"Francia conmocionada: Los oscuros secretos del &#8216;caso Pelicot&#8217; al descubierto\"}]},{\"@type\":\"WebSite\",\"@id\":\"https:\/\/www.diario21.tv\/noticias\/#website\",\"url\":\"https:\/\/www.diario21.tv\/noticias\/\",\"name\":\"Diario 21\",\"description\":\"\",\"potentialAction\":[{\"@type\":\"SearchAction\",\"target\":{\"@type\":\"EntryPoint\",\"urlTemplate\":\"https:\/\/www.diario21.tv\/noticias\/?s={search_term_string}\"},\"query-input\":{\"@type\":\"PropertyValueSpecification\",\"valueRequired\":true,\"valueName\":\"search_term_string\"}}],\"inLanguage\":\"es-AR\"},{\"@type\":\"Person\",\"@id\":\"https:\/\/www.diario21.tv\/noticias\/#\/schema\/person\/dfb778f73814d8f09f302618446a526b\",\"name\":\"Juan P\u00e9rez\",\"image\":{\"@type\":\"ImageObject\",\"inLanguage\":\"es-AR\",\"@id\":\"https:\/\/www.diario21.tv\/noticias\/#\/schema\/person\/image\/\",\"url\":\"https:\/\/secure.gravatar.com\/avatar\/c478a405bd10621167f4c3167cc770f5?s=96&d=mm&r=g\",\"contentUrl\":\"https:\/\/secure.gravatar.com\/avatar\/c478a405bd10621167f4c3167cc770f5?s=96&d=mm&r=g\",\"caption\":\"Juan P\u00e9rez\"},\"description\":\"Juan P\u00e9rez es el redactor en jefe de Diario 21. Con m\u00e1s de 10 a\u00f1os de experiencia en el periodismo, se especializa en pol\u00edtica nacional y an\u00e1lisis socioecon\u00f3mico. Su enfoque cr\u00edtico y riguroso aporta una perspectiva \u00fanica a cada art\u00edculo.\",\"sameAs\":[\"https:\/\/www.diario21.tv\/noticias\/\"],\"url\":\"https:\/\/www.diario21.tv\/noticias\/author\/juan-perez\/\"}]}<\/script>\n<!-- \/ Yoast SEO plugin. -->","yoast_head_json":{"title":"Francia conmocionada: Los oscuros secretos del 'caso Pelicot' al descubierto - Diario 21","robots":{"index":"index","follow":"follow","max-snippet":"max-snippet:-1","max-image-preview":"max-image-preview:large","max-video-preview":"max-video-preview:-1"},"canonical":"https:\/\/www.diario21.tv\/noticias\/francia-conmocionada-los-oscuros-secretos-del-caso-pelicot-al-descubierto\/","og_locale":"es_ES","og_type":"article","og_title":"Francia conmocionada: Los oscuros secretos del 'caso Pelicot' al descubierto - Diario 21","og_description":"Francia enfrenta su reflejo tras las revelaciones del &#8216;caso Pelicot&#8217; Francia se encuentra en una intensa introspecci\u00f3n despu\u00e9s de que se revelaran detalles perturbadores en lo ... Seguir leyendo &rarr;","og_url":"https:\/\/www.diario21.tv\/noticias\/francia-conmocionada-los-oscuros-secretos-del-caso-pelicot-al-descubierto\/","og_site_name":"Diario 21","article_published_time":"2024-12-25T17:17:34+00:00","article_modified_time":"2024-12-25T17:17:36+00:00","og_image":[{"width":1920,"height":1080,"url":"https:\/\/www.diario21.tv\/noticias\/wp-content\/uploads\/2024\/12\/Francia-conmocionada-Los-oscuros-secretos-del-caso-Pelicot-al-descubierto.jpg","type":"image\/jpeg"}],"author":"Juan P\u00e9rez","twitter_card":"summary_large_image","twitter_misc":{"Escrito por":"Juan P\u00e9rez","Tiempo de lectura":"2 minutos"},"schema":{"@context":"https:\/\/schema.org","@graph":[{"@type":"WebPage","@id":"https:\/\/www.diario21.tv\/noticias\/francia-conmocionada-los-oscuros-secretos-del-caso-pelicot-al-descubierto\/","url":"https:\/\/www.diario21.tv\/noticias\/francia-conmocionada-los-oscuros-secretos-del-caso-pelicot-al-descubierto\/","name":"Francia conmocionada: Los oscuros secretos del 'caso Pelicot' al descubierto - Diario 21","isPartOf":{"@id":"https:\/\/www.diario21.tv\/noticias\/#website"},"primaryImageOfPage":{"@id":"https:\/\/www.diario21.tv\/noticias\/francia-conmocionada-los-oscuros-secretos-del-caso-pelicot-al-descubierto\/#primaryimage"},"image":{"@id":"https:\/\/www.diario21.tv\/noticias\/francia-conmocionada-los-oscuros-secretos-del-caso-pelicot-al-descubierto\/#primaryimage"},"thumbnailUrl":"https:\/\/www.diario21.tv\/noticias\/wp-content\/uploads\/2024\/12\/Francia-conmocionada-Los-oscuros-secretos-del-caso-Pelicot-al-descubierto.jpg","datePublished":"2024-12-25T17:17:34+00:00","dateModified":"2024-12-25T17:17:36+00:00","author":{"@id":"https:\/\/www.diario21.tv\/noticias\/#\/schema\/person\/dfb778f73814d8f09f302618446a526b"},"breadcrumb":{"@id":"https:\/\/www.diario21.tv\/noticias\/francia-conmocionada-los-oscuros-secretos-del-caso-pelicot-al-descubierto\/#breadcrumb"},"inLanguage":"es-AR","potentialAction":[{"@type":"ReadAction","target":["https:\/\/www.diario21.tv\/noticias\/francia-conmocionada-los-oscuros-secretos-del-caso-pelicot-al-descubierto\/"]}]},{"@type":"ImageObject","inLanguage":"es-AR","@id":"https:\/\/www.diario21.tv\/noticias\/francia-conmocionada-los-oscuros-secretos-del-caso-pelicot-al-descubierto\/#primaryimage","url":"https:\/\/www.diario21.tv\/noticias\/wp-content\/uploads\/2024\/12\/Francia-conmocionada-Los-oscuros-secretos-del-caso-Pelicot-al-descubierto.jpg","contentUrl":"https:\/\/www.diario21.tv\/noticias\/wp-content\/uploads\/2024\/12\/Francia-conmocionada-Los-oscuros-secretos-del-caso-Pelicot-al-descubierto.jpg","width":1920,"height":1080,"caption":"Francia se mira al espejo tras los horrores destapados en el &#039;caso Pelicot&#039;"},{"@type":"BreadcrumbList","@id":"https:\/\/www.diario21.tv\/noticias\/francia-conmocionada-los-oscuros-secretos-del-caso-pelicot-al-descubierto\/#breadcrumb","itemListElement":[{"@type":"ListItem","position":1,"name":"Accueil","item":"https:\/\/www.diario21.tv\/noticias\/"},{"@type":"ListItem","position":2,"name":"Francia conmocionada: Los oscuros secretos del &#8216;caso Pelicot&#8217; al descubierto"}]},{"@type":"WebSite","@id":"https:\/\/www.diario21.tv\/noticias\/#website","url":"https:\/\/www.diario21.tv\/noticias\/","name":"Diario 21","description":"","potentialAction":[{"@type":"SearchAction","target":{"@type":"EntryPoint","urlTemplate":"https:\/\/www.diario21.tv\/noticias\/?s={search_term_string}"},"query-input":{"@type":"PropertyValueSpecification","valueRequired":true,"valueName":"search_term_string"}}],"inLanguage":"es-AR"},{"@type":"Person","@id":"https:\/\/www.diario21.tv\/noticias\/#\/schema\/person\/dfb778f73814d8f09f302618446a526b","name":"Juan P\u00e9rez","image":{"@type":"ImageObject","inLanguage":"es-AR","@id":"https:\/\/www.diario21.tv\/noticias\/#\/schema\/person\/image\/","url":"https:\/\/secure.gravatar.com\/avatar\/c478a405bd10621167f4c3167cc770f5?s=96&d=mm&r=g","contentUrl":"https:\/\/secure.gravatar.com\/avatar\/c478a405bd10621167f4c3167cc770f5?s=96&d=mm&r=g","caption":"Juan P\u00e9rez"},"description":"Juan P\u00e9rez es el redactor en jefe de Diario 21. Con m\u00e1s de 10 a\u00f1os de experiencia en el periodismo, se especializa en pol\u00edtica nacional y an\u00e1lisis socioecon\u00f3mico. Su enfoque cr\u00edtico y riguroso aporta una perspectiva \u00fanica a cada art\u00edculo.","sameAs":["https:\/\/www.diario21.tv\/noticias\/"],"url":"https:\/\/www.diario21.tv\/noticias\/author\/juan-perez\/"}]}},"_links":{"self":[{"href":"https:\/\/www.diario21.tv\/noticias\/wp-json\/wp\/v2\/posts\/1608"}],"collection":[{"href":"https:\/\/www.diario21.tv\/noticias\/wp-json\/wp\/v2\/posts"}],"about":[{"href":"https:\/\/www.diario21.tv\/noticias\/wp-json\/wp\/v2\/types\/post"}],"author":[{"embeddable":true,"href":"https:\/\/www.diario21.tv\/noticias\/wp-json\/wp\/v2\/users\/20"}],"replies":[{"embeddable":true,"href":"https:\/\/www.diario21.tv\/noticias\/wp-json\/wp\/v2\/comments?post=1608"}],"version-history":[{"count":1,"href":"https:\/\/www.diario21.tv\/noticias\/wp-json\/wp\/v2\/posts\/1608\/revisions"}],"predecessor-version":[{"id":1610,"href":"https:\/\/www.diario21.tv\/noticias\/wp-json\/wp\/v2\/posts\/1608\/revisions\/1610"}],"wp:featuredmedia":[{"embeddable":true,"href":"https:\/\/www.diario21.tv\/noticias\/wp-json\/wp\/v2\/media\/1609"}],"wp:attachment":[{"href":"https:\/\/www.diario21.tv\/noticias\/wp-json\/wp\/v2\/media?parent=1608"}],"wp:term":[{"taxonomy":"category","embeddable":true,"href":"https:\/\/www.diario21.tv\/noticias\/wp-json\/wp\/v2\/categories?post=1608"},{"taxonomy":"post_tag","embeddable":true,"href":"https:\/\/www.diario21.tv\/noticias\/wp-json\/wp\/v2\/tags?post=1608"}],"curies":[{"name":"wp","href":"https:\/\/api.w.org\/{rel}","templated":true}]}}