{"id":1602,"date":"2024-12-25T05:05:49","date_gmt":"2024-12-25T05:05:49","guid":{"rendered":"https:\/\/www.diario21.tv\/noticias\/alerta-navidena-descubre-el-pronostico-de-la-aemet-para-esta-semana-festiva\/"},"modified":"2024-12-25T05:05:51","modified_gmt":"2024-12-25T05:05:51","slug":"alerta-navidena-descubre-el-pronostico-de-la-aemet-para-esta-semana-festiva","status":"publish","type":"post","link":"https:\/\/www.diario21.tv\/noticias\/alerta-navidena-descubre-el-pronostico-de-la-aemet-para-esta-semana-festiva\/","title":{"rendered":"\u00a1Alerta Navide\u00f1a! Descubre el pron\u00f3stico de la Aemet para esta semana festiva"},"content":{"rendered":"<h2>Previsiones Meteorol\u00f3gicas de Aemet para la Semana Navide\u00f1a<\/h2>\n<p>A medida que se acercan las festividades de Navidad, muchos se preguntan c\u00f3mo ser\u00e1 el clima durante esta semana tan especial. La Agencia Estatal de Meteorolog\u00eda (Aemet) ha proporcionado detalles sobre las condiciones meteorol\u00f3gicas que podemos esperar en Espa\u00f1a en estos d\u00edas festivos.<\/p>\n<h3>Condiciones Generales<\/h3>\n<p>Seg\u00fan la Aemet, la semana de Navidad se caracterizar\u00e1 por un clima relativamente estable en la mayor parte del pa\u00eds, aunque habr\u00e1 algunas variaciones importantes dependiendo de la regi\u00f3n. Las temperaturas ser\u00e1n t\u00edpicas para la \u00e9poca del a\u00f1o, sin grandes sorpresas, aunque se espera que sean ligeramente m\u00e1s altas de lo habitual en algunas \u00e1reas.<\/p>\n<h3>Detalles por Regiones<\/h3>\n<p>En el norte de Espa\u00f1a, se prev\u00e9n cielos mayormente despejados con algunas posibilidades de precipitaciones ligeras, especialmente en \u00e1reas costeras. Las temperaturas se mantendr\u00e1n frescas, pero agradables para la temporada, con m\u00ednimas que podr\u00edan descender ligeramente por debajo de lo normal.<\/p>\n<p>En el centro del pa\u00eds, la estabilidad ser\u00e1 la norma con cielos claros y pocas probabilidades de lluvia. Esto ser\u00e1 ideal para aquellos que planean actividades al aire libre durante las festividades. Las temperaturas nocturnas podr\u00edan ser fr\u00edas, por lo que se recomienda abrigarse bien si se planea participar en eventos o celebraciones nocturnas.<\/p>\n<p>El sur de Espa\u00f1a disfrutar\u00e1 de un clima m\u00e1s c\u00e1lido comparado con el resto del pa\u00eds. Se esperan temperaturas m\u00e1s altas de lo habitual para la \u00e9poca del a\u00f1o, lo que podr\u00eda proporcionar un respiro del t\u00edpico fr\u00edo invernal. Sin embargo, no se descarta la posibilidad de algunos chubascos espor\u00e1dicos que podr\u00edan aparecer sin mucho aviso previo.<\/p>\n<h3>Recomendaciones<\/h3>\n<p>Aemet aconseja a todos los ciudadanos y visitantes que est\u00e9n atentos a las actualizaciones del pron\u00f3stico meteorol\u00f3gico, especialmente si tienen planes de viajar o participar en actividades al aire libre. La variabilidad del clima en esta \u00e9poca del a\u00f1o puede traer sorpresas, y es mejor estar preparado para cualquier cambio.<\/p>\n<p>En resumen, la semana de Navidad se presenta mayormente estable en t\u00e9rminos meteorol\u00f3gicos en Espa\u00f1a, con algunas diferencias regionales que deben tenerse en cuenta. Aunque no se esperan condiciones extremas, siempre es prudente estar informado y preparado. Disfrutar de las festividades con seguridad y comodidad es posible con solo un poco de previsi\u00f3n y planificaci\u00f3n.<\/p>\n\n\n<div class=\"kk-star-ratings kksr-auto kksr-align-left kksr-valign-bottom\"\n    data-payload='{&quot;align&quot;:&quot;left&quot;,&quot;id&quot;:&quot;1602&quot;,&quot;slug&quot;:&quot;default&quot;,&quot;valign&quot;:&quot;bottom&quot;,&quot;ignore&quot;:&quot;&quot;,&quot;reference&quot;:&quot;auto&quot;,&quot;class&quot;:&quot;&quot;,&quot;count&quot;:&quot;0&quot;,&quot;legendonly&quot;:&quot;&quot;,&quot;readonly&quot;:&quot;&quot;,&quot;score&quot;:&quot;0&quot;,&quot;starsonly&quot;:&quot;&quot;,&quot;best&quot;:&quot;5&quot;,&quot;gap&quot;:&quot;5&quot;,&quot;greet&quot;:&quot;Valora este post&quot;,&quot;legend&quot;:&quot;0\\\/5 - (0 votes)&quot;,&quot;size&quot;:&quot;22&quot;,&quot;title&quot;:&quot;\u00a1Alerta Navide\u00f1a! Descubre el pron\u00f3stico de la Aemet para esta semana festiva&quot;,&quot;width&quot;:&quot;0&quot;,&quot;_legend&quot;:&quot;{score}\\\/{best} - ({count} {votes})&quot;,&quot;font_factor&quot;:&quot;1.25&quot;}'>\n            \n<div class=\"kksr-stars\">\n    \n<div class=\"kksr-stars-inactive\">\n            <div class=\"kksr-star\" data-star=\"1\" style=\"padding-right: 5px\">\n            \n\n<div class=\"kksr-icon\" style=\"width: 22px; height: 22px;\"><\/div>\n        <\/div>\n            <div class=\"kksr-star\" data-star=\"2\" style=\"padding-right: 5px\">\n            \n\n<div class=\"kksr-icon\" style=\"width: 22px; height: 22px;\"><\/div>\n        <\/div>\n            <div class=\"kksr-star\" data-star=\"3\" style=\"padding-right: 5px\">\n            \n\n<div class=\"kksr-icon\" style=\"width: 22px; height: 22px;\"><\/div>\n        <\/div>\n            <div class=\"kksr-star\" data-star=\"4\" style=\"padding-right: 5px\">\n            \n\n<div class=\"kksr-icon\" style=\"width: 22px; height: 22px;\"><\/div>\n        <\/div>\n            <div class=\"kksr-star\" data-star=\"5\" style=\"padding-right: 5px\">\n            \n\n<div class=\"kksr-icon\" style=\"width: 22px; height: 22px;\"><\/div>\n        <\/div>\n    <\/div>\n    \n<div class=\"kksr-stars-active\" style=\"width: 0px;\">\n            <div class=\"kksr-star\" style=\"padding-right: 5px\">\n            \n\n<div class=\"kksr-icon\" style=\"width: 22px; height: 22px;\"><\/div>\n        <\/div>\n            <div class=\"kksr-star\" style=\"padding-right: 5px\">\n            \n\n<div class=\"kksr-icon\" style=\"width: 22px; height: 22px;\"><\/div>\n        <\/div>\n            <div class=\"kksr-star\" style=\"padding-right: 5px\">\n            \n\n<div class=\"kksr-icon\" style=\"width: 22px; height: 22px;\"><\/div>\n        <\/div>\n            <div class=\"kksr-star\" style=\"padding-right: 5px\">\n            \n\n<div class=\"kksr-icon\" style=\"width: 22px; height: 22px;\"><\/div>\n        <\/div>\n            <div class=\"kksr-star\" style=\"padding-right: 5px\">\n            \n\n<div class=\"kksr-icon\" style=\"width: 22px; height: 22px;\"><\/div>\n        <\/div>\n    <\/div>\n<\/div>\n                \n\n<div class=\"kksr-legend\" style=\"font-size: 17.6px;\">\n            <span class=\"kksr-muted\">Valora este post<\/span>\n    <\/div>\n    <\/div>\n","protected":false},"excerpt":{"rendered":"<p>Previsiones Meteorol\u00f3gicas de Aemet para la Semana Navide\u00f1a A medida que se acercan las festividades de Navidad, muchos se preguntan c\u00f3mo ser\u00e1 el clima durante esta &#8230; <a title=\"\u00a1Alerta Navide\u00f1a! Descubre el pron\u00f3stico de la Aemet para esta semana festiva\" class=\"read-more\" href=\"https:\/\/www.diario21.tv\/noticias\/alerta-navidena-descubre-el-pronostico-de-la-aemet-para-esta-semana-festiva\/\" aria-label=\"Leer m\u00e1s sobre \u00a1Alerta Navide\u00f1a! Descubre el pron\u00f3stico de la Aemet para esta semana festiva\">Seguir leyendo &rarr;<\/a><\/p>\n","protected":false},"author":20,"featured_media":1603,"comment_status":"open","ping_status":"open","sticky":false,"template":"","format":"standard","meta":{"footnotes":""},"categories":[13],"tags":[],"class_list":["post-1602","post","type-post","status-publish","format-standard","has-post-thumbnail","hentry","category-portada"],"yoast_head":"<!-- This site is optimized with the Yoast SEO plugin v25.6 - https:\/\/yoast.com\/wordpress\/plugins\/seo\/ -->\n<title>\u00a1Alerta Navide\u00f1a! Descubre el pron\u00f3stico de la Aemet para esta semana festiva - Diario 21<\/title>\n<meta name=\"robots\" content=\"index, follow, max-snippet:-1, max-image-preview:large, max-video-preview:-1\" \/>\n<link rel=\"canonical\" href=\"https:\/\/www.diario21.tv\/noticias\/alerta-navidena-descubre-el-pronostico-de-la-aemet-para-esta-semana-festiva\/\" \/>\n<meta property=\"og:locale\" content=\"es_ES\" \/>\n<meta property=\"og:type\" content=\"article\" \/>\n<meta property=\"og:title\" content=\"\u00a1Alerta Navide\u00f1a! Descubre el pron\u00f3stico de la Aemet para esta semana festiva - Diario 21\" \/>\n<meta property=\"og:description\" content=\"Previsiones Meteorol\u00f3gicas de Aemet para la Semana Navide\u00f1a A medida que se acercan las festividades de Navidad, muchos se preguntan c\u00f3mo ser\u00e1 el clima durante esta ... Seguir leyendo &rarr;\" \/>\n<meta property=\"og:url\" content=\"https:\/\/www.diario21.tv\/noticias\/alerta-navidena-descubre-el-pronostico-de-la-aemet-para-esta-semana-festiva\/\" \/>\n<meta property=\"og:site_name\" content=\"Diario 21\" \/>\n<meta property=\"article:published_time\" content=\"2024-12-25T05:05:49+00:00\" \/>\n<meta property=\"article:modified_time\" content=\"2024-12-25T05:05:51+00:00\" \/>\n<meta property=\"og:image\" content=\"https:\/\/www.diario21.tv\/noticias\/wp-content\/uploads\/2024\/12\/\u00a1Alerta-Navidena-Descubre-el-pronostico-de-la-Aemet-para-esta.jpg\" \/>\n\t<meta property=\"og:image:width\" content=\"1913\" \/>\n\t<meta property=\"og:image:height\" content=\"1080\" \/>\n\t<meta property=\"og:image:type\" content=\"image\/jpeg\" \/>\n<meta name=\"author\" content=\"Juan P\u00e9rez\" \/>\n<meta name=\"twitter:card\" content=\"summary_large_image\" \/>\n<meta name=\"twitter:label1\" content=\"Escrito por\" \/>\n\t<meta name=\"twitter:data1\" content=\"Juan P\u00e9rez\" \/>\n\t<meta name=\"twitter:label2\" content=\"Tiempo de lectura\" \/>\n\t<meta name=\"twitter:data2\" content=\"2 minutos\" \/>\n<script type=\"application\/ld+json\" class=\"yoast-schema-graph\">{\"@context\":\"https:\/\/schema.org\",\"@graph\":[{\"@type\":\"WebPage\",\"@id\":\"https:\/\/www.diario21.tv\/noticias\/alerta-navidena-descubre-el-pronostico-de-la-aemet-para-esta-semana-festiva\/\",\"url\":\"https:\/\/www.diario21.tv\/noticias\/alerta-navidena-descubre-el-pronostico-de-la-aemet-para-esta-semana-festiva\/\",\"name\":\"\u00a1Alerta Navide\u00f1a! Descubre el pron\u00f3stico de la Aemet para esta semana festiva - Diario 21\",\"isPartOf\":{\"@id\":\"https:\/\/www.diario21.tv\/noticias\/#website\"},\"primaryImageOfPage\":{\"@id\":\"https:\/\/www.diario21.tv\/noticias\/alerta-navidena-descubre-el-pronostico-de-la-aemet-para-esta-semana-festiva\/#primaryimage\"},\"image\":{\"@id\":\"https:\/\/www.diario21.tv\/noticias\/alerta-navidena-descubre-el-pronostico-de-la-aemet-para-esta-semana-festiva\/#primaryimage\"},\"thumbnailUrl\":\"https:\/\/www.diario21.tv\/noticias\/wp-content\/uploads\/2024\/12\/\u00a1Alerta-Navidena-Descubre-el-pronostico-de-la-Aemet-para-esta.jpg\",\"datePublished\":\"2024-12-25T05:05:49+00:00\",\"dateModified\":\"2024-12-25T05:05:51+00:00\",\"author\":{\"@id\":\"https:\/\/www.diario21.tv\/noticias\/#\/schema\/person\/dfb778f73814d8f09f302618446a526b\"},\"breadcrumb\":{\"@id\":\"https:\/\/www.diario21.tv\/noticias\/alerta-navidena-descubre-el-pronostico-de-la-aemet-para-esta-semana-festiva\/#breadcrumb\"},\"inLanguage\":\"es-AR\",\"potentialAction\":[{\"@type\":\"ReadAction\",\"target\":[\"https:\/\/www.diario21.tv\/noticias\/alerta-navidena-descubre-el-pronostico-de-la-aemet-para-esta-semana-festiva\/\"]}]},{\"@type\":\"ImageObject\",\"inLanguage\":\"es-AR\",\"@id\":\"https:\/\/www.diario21.tv\/noticias\/alerta-navidena-descubre-el-pronostico-de-la-aemet-para-esta-semana-festiva\/#primaryimage\",\"url\":\"https:\/\/www.diario21.tv\/noticias\/wp-content\/uploads\/2024\/12\/\u00a1Alerta-Navidena-Descubre-el-pronostico-de-la-Aemet-para-esta.jpg\",\"contentUrl\":\"https:\/\/www.diario21.tv\/noticias\/wp-content\/uploads\/2024\/12\/\u00a1Alerta-Navidena-Descubre-el-pronostico-de-la-Aemet-para-esta.jpg\",\"width\":1913,\"height\":1080,\"caption\":\"El pron\u00f3stico de la Aemet para la semana de Navidad\"},{\"@type\":\"BreadcrumbList\",\"@id\":\"https:\/\/www.diario21.tv\/noticias\/alerta-navidena-descubre-el-pronostico-de-la-aemet-para-esta-semana-festiva\/#breadcrumb\",\"itemListElement\":[{\"@type\":\"ListItem\",\"position\":1,\"name\":\"Accueil\",\"item\":\"https:\/\/www.diario21.tv\/noticias\/\"},{\"@type\":\"ListItem\",\"position\":2,\"name\":\"\u00a1Alerta Navide\u00f1a! Descubre el pron\u00f3stico de la Aemet para esta semana festiva\"}]},{\"@type\":\"WebSite\",\"@id\":\"https:\/\/www.diario21.tv\/noticias\/#website\",\"url\":\"https:\/\/www.diario21.tv\/noticias\/\",\"name\":\"Diario 21\",\"description\":\"\",\"potentialAction\":[{\"@type\":\"SearchAction\",\"target\":{\"@type\":\"EntryPoint\",\"urlTemplate\":\"https:\/\/www.diario21.tv\/noticias\/?s={search_term_string}\"},\"query-input\":{\"@type\":\"PropertyValueSpecification\",\"valueRequired\":true,\"valueName\":\"search_term_string\"}}],\"inLanguage\":\"es-AR\"},{\"@type\":\"Person\",\"@id\":\"https:\/\/www.diario21.tv\/noticias\/#\/schema\/person\/dfb778f73814d8f09f302618446a526b\",\"name\":\"Juan P\u00e9rez\",\"image\":{\"@type\":\"ImageObject\",\"inLanguage\":\"es-AR\",\"@id\":\"https:\/\/www.diario21.tv\/noticias\/#\/schema\/person\/image\/\",\"url\":\"https:\/\/secure.gravatar.com\/avatar\/c478a405bd10621167f4c3167cc770f5?s=96&d=mm&r=g\",\"contentUrl\":\"https:\/\/secure.gravatar.com\/avatar\/c478a405bd10621167f4c3167cc770f5?s=96&d=mm&r=g\",\"caption\":\"Juan P\u00e9rez\"},\"description\":\"Juan P\u00e9rez es el redactor en jefe de Diario 21. Con m\u00e1s de 10 a\u00f1os de experiencia en el periodismo, se especializa en pol\u00edtica nacional y an\u00e1lisis socioecon\u00f3mico. Su enfoque cr\u00edtico y riguroso aporta una perspectiva \u00fanica a cada art\u00edculo.\",\"sameAs\":[\"https:\/\/www.diario21.tv\/noticias\/\"],\"url\":\"https:\/\/www.diario21.tv\/noticias\/author\/juan-perez\/\"}]}<\/script>\n<!-- \/ Yoast SEO plugin. -->","yoast_head_json":{"title":"\u00a1Alerta Navide\u00f1a! Descubre el pron\u00f3stico de la Aemet para esta semana festiva - Diario 21","robots":{"index":"index","follow":"follow","max-snippet":"max-snippet:-1","max-image-preview":"max-image-preview:large","max-video-preview":"max-video-preview:-1"},"canonical":"https:\/\/www.diario21.tv\/noticias\/alerta-navidena-descubre-el-pronostico-de-la-aemet-para-esta-semana-festiva\/","og_locale":"es_ES","og_type":"article","og_title":"\u00a1Alerta Navide\u00f1a! Descubre el pron\u00f3stico de la Aemet para esta semana festiva - Diario 21","og_description":"Previsiones Meteorol\u00f3gicas de Aemet para la Semana Navide\u00f1a A medida que se acercan las festividades de Navidad, muchos se preguntan c\u00f3mo ser\u00e1 el clima durante esta ... Seguir leyendo &rarr;","og_url":"https:\/\/www.diario21.tv\/noticias\/alerta-navidena-descubre-el-pronostico-de-la-aemet-para-esta-semana-festiva\/","og_site_name":"Diario 21","article_published_time":"2024-12-25T05:05:49+00:00","article_modified_time":"2024-12-25T05:05:51+00:00","og_image":[{"width":1913,"height":1080,"url":"https:\/\/www.diario21.tv\/noticias\/wp-content\/uploads\/2024\/12\/\u00a1Alerta-Navidena-Descubre-el-pronostico-de-la-Aemet-para-esta.jpg","type":"image\/jpeg"}],"author":"Juan P\u00e9rez","twitter_card":"summary_large_image","twitter_misc":{"Escrito por":"Juan P\u00e9rez","Tiempo de lectura":"2 minutos"},"schema":{"@context":"https:\/\/schema.org","@graph":[{"@type":"WebPage","@id":"https:\/\/www.diario21.tv\/noticias\/alerta-navidena-descubre-el-pronostico-de-la-aemet-para-esta-semana-festiva\/","url":"https:\/\/www.diario21.tv\/noticias\/alerta-navidena-descubre-el-pronostico-de-la-aemet-para-esta-semana-festiva\/","name":"\u00a1Alerta Navide\u00f1a! Descubre el pron\u00f3stico de la Aemet para esta semana festiva - Diario 21","isPartOf":{"@id":"https:\/\/www.diario21.tv\/noticias\/#website"},"primaryImageOfPage":{"@id":"https:\/\/www.diario21.tv\/noticias\/alerta-navidena-descubre-el-pronostico-de-la-aemet-para-esta-semana-festiva\/#primaryimage"},"image":{"@id":"https:\/\/www.diario21.tv\/noticias\/alerta-navidena-descubre-el-pronostico-de-la-aemet-para-esta-semana-festiva\/#primaryimage"},"thumbnailUrl":"https:\/\/www.diario21.tv\/noticias\/wp-content\/uploads\/2024\/12\/\u00a1Alerta-Navidena-Descubre-el-pronostico-de-la-Aemet-para-esta.jpg","datePublished":"2024-12-25T05:05:49+00:00","dateModified":"2024-12-25T05:05:51+00:00","author":{"@id":"https:\/\/www.diario21.tv\/noticias\/#\/schema\/person\/dfb778f73814d8f09f302618446a526b"},"breadcrumb":{"@id":"https:\/\/www.diario21.tv\/noticias\/alerta-navidena-descubre-el-pronostico-de-la-aemet-para-esta-semana-festiva\/#breadcrumb"},"inLanguage":"es-AR","potentialAction":[{"@type":"ReadAction","target":["https:\/\/www.diario21.tv\/noticias\/alerta-navidena-descubre-el-pronostico-de-la-aemet-para-esta-semana-festiva\/"]}]},{"@type":"ImageObject","inLanguage":"es-AR","@id":"https:\/\/www.diario21.tv\/noticias\/alerta-navidena-descubre-el-pronostico-de-la-aemet-para-esta-semana-festiva\/#primaryimage","url":"https:\/\/www.diario21.tv\/noticias\/wp-content\/uploads\/2024\/12\/\u00a1Alerta-Navidena-Descubre-el-pronostico-de-la-Aemet-para-esta.jpg","contentUrl":"https:\/\/www.diario21.tv\/noticias\/wp-content\/uploads\/2024\/12\/\u00a1Alerta-Navidena-Descubre-el-pronostico-de-la-Aemet-para-esta.jpg","width":1913,"height":1080,"caption":"El pron\u00f3stico de la Aemet para la semana de Navidad"},{"@type":"BreadcrumbList","@id":"https:\/\/www.diario21.tv\/noticias\/alerta-navidena-descubre-el-pronostico-de-la-aemet-para-esta-semana-festiva\/#breadcrumb","itemListElement":[{"@type":"ListItem","position":1,"name":"Accueil","item":"https:\/\/www.diario21.tv\/noticias\/"},{"@type":"ListItem","position":2,"name":"\u00a1Alerta Navide\u00f1a! Descubre el pron\u00f3stico de la Aemet para esta semana festiva"}]},{"@type":"WebSite","@id":"https:\/\/www.diario21.tv\/noticias\/#website","url":"https:\/\/www.diario21.tv\/noticias\/","name":"Diario 21","description":"","potentialAction":[{"@type":"SearchAction","target":{"@type":"EntryPoint","urlTemplate":"https:\/\/www.diario21.tv\/noticias\/?s={search_term_string}"},"query-input":{"@type":"PropertyValueSpecification","valueRequired":true,"valueName":"search_term_string"}}],"inLanguage":"es-AR"},{"@type":"Person","@id":"https:\/\/www.diario21.tv\/noticias\/#\/schema\/person\/dfb778f73814d8f09f302618446a526b","name":"Juan P\u00e9rez","image":{"@type":"ImageObject","inLanguage":"es-AR","@id":"https:\/\/www.diario21.tv\/noticias\/#\/schema\/person\/image\/","url":"https:\/\/secure.gravatar.com\/avatar\/c478a405bd10621167f4c3167cc770f5?s=96&d=mm&r=g","contentUrl":"https:\/\/secure.gravatar.com\/avatar\/c478a405bd10621167f4c3167cc770f5?s=96&d=mm&r=g","caption":"Juan P\u00e9rez"},"description":"Juan P\u00e9rez es el redactor en jefe de Diario 21. Con m\u00e1s de 10 a\u00f1os de experiencia en el periodismo, se especializa en pol\u00edtica nacional y an\u00e1lisis socioecon\u00f3mico. Su enfoque cr\u00edtico y riguroso aporta una perspectiva \u00fanica a cada art\u00edculo.","sameAs":["https:\/\/www.diario21.tv\/noticias\/"],"url":"https:\/\/www.diario21.tv\/noticias\/author\/juan-perez\/"}]}},"_links":{"self":[{"href":"https:\/\/www.diario21.tv\/noticias\/wp-json\/wp\/v2\/posts\/1602"}],"collection":[{"href":"https:\/\/www.diario21.tv\/noticias\/wp-json\/wp\/v2\/posts"}],"about":[{"href":"https:\/\/www.diario21.tv\/noticias\/wp-json\/wp\/v2\/types\/post"}],"author":[{"embeddable":true,"href":"https:\/\/www.diario21.tv\/noticias\/wp-json\/wp\/v2\/users\/20"}],"replies":[{"embeddable":true,"href":"https:\/\/www.diario21.tv\/noticias\/wp-json\/wp\/v2\/comments?post=1602"}],"version-history":[{"count":1,"href":"https:\/\/www.diario21.tv\/noticias\/wp-json\/wp\/v2\/posts\/1602\/revisions"}],"predecessor-version":[{"id":1604,"href":"https:\/\/www.diario21.tv\/noticias\/wp-json\/wp\/v2\/posts\/1602\/revisions\/1604"}],"wp:featuredmedia":[{"embeddable":true,"href":"https:\/\/www.diario21.tv\/noticias\/wp-json\/wp\/v2\/media\/1603"}],"wp:attachment":[{"href":"https:\/\/www.diario21.tv\/noticias\/wp-json\/wp\/v2\/media?parent=1602"}],"wp:term":[{"taxonomy":"category","embeddable":true,"href":"https:\/\/www.diario21.tv\/noticias\/wp-json\/wp\/v2\/categories?post=1602"},{"taxonomy":"post_tag","embeddable":true,"href":"https:\/\/www.diario21.tv\/noticias\/wp-json\/wp\/v2\/tags?post=1602"}],"curies":[{"name":"wp","href":"https:\/\/api.w.org\/{rel}","templated":true}]}}