{"id":1599,"date":"2024-12-24T23:00:29","date_gmt":"2024-12-24T23:00:29","guid":{"rendered":"https:\/\/www.diario21.tv\/noticias\/tragedia-en-ciudad-real-muere-joven-de-36-anos-en-accidente-de-caza\/"},"modified":"2024-12-24T23:00:30","modified_gmt":"2024-12-24T23:00:30","slug":"tragedia-en-ciudad-real-muere-joven-de-36-anos-en-accidente-de-caza","status":"publish","type":"post","link":"https:\/\/www.diario21.tv\/noticias\/tragedia-en-ciudad-real-muere-joven-de-36-anos-en-accidente-de-caza\/","title":{"rendered":"Tragedia en Ciudad Real: Muere joven de 36 a\u00f1os en accidente de caza"},"content":{"rendered":"<h2>Fallece un cazador de 36 a\u00f1os en Ciudad Real tras un accidente<\/h2>\n<p>Un tr\u00e1gico suceso ha conmocionado a la comunidad de Ciudad Real, donde un hombre de 36 a\u00f1os ha perdido la vida en un accidente de caza. Este lamentable evento tuvo lugar durante una jornada cineg\u00e9tica en la localidad, dejando a familiares y amigos en un profundo dolor.<\/p>\n<h3>Detalles del incidente<\/h3>\n<p>El accidente ocurri\u00f3 en la ma\u00f1ana del s\u00e1bado, mientras la v\u00edctima, acompa\u00f1ada de otros cazadores, participaba en una actividad de caza en una zona rural de Ciudad Real. Seg\u00fan fuentes cercanas al caso, todo apunta a que se trat\u00f3 de un disparo accidental que alcanz\u00f3 al hombre, caus\u00e1ndole heridas mortales.<\/p>\n<p>Las autoridades fueron alertadas inmediatamente, y los servicios de emergencia se desplazaron r\u00e1pidamente al lugar. A pesar de los esfuerzos por salvar su vida, el hombre fue declarado muerto en el sitio debido a la gravedad de sus heridas.<\/p>\n<h3>Investigaci\u00f3n en curso<\/h3>\n<p>La Guardia Civil ha abierto una investigaci\u00f3n para esclarecer las circunstancias exactas bajo las cuales se produjo el disparo. En estos momentos, se est\u00e1 procediendo a recopilar testimonios de los presentes y a realizar las pericias necesarias para determinar si se cumplieron todas las normas de seguridad pertinentes.<\/p>\n<p>Este incidente ha puesto de relieve la importancia de seguir rigurosas medidas de seguridad durante la pr\u00e1ctica de la caza. La comunidad de cazadores ha sido llamada a revisar y reforzar sus protocolos para evitar que tragedias como esta se repitan en el futuro.<\/p>\n<h3>Reacciones y condolencias<\/h3>\n<p>La noticia del fallecimiento ha generado una ola de tristeza entre los conocidos de la v\u00edctima y la comunidad en general. Familiares, amigos y conocidos han expresado su dolor y conmoci\u00f3n a trav\u00e9s de las redes sociales, recordando al hombre como un apasionado de la naturaleza y un entusiasta de la vida al aire libre.<\/p>\n<p>Las autoridades locales y organizaciones relacionadas con la caza han enviado sus condolencias a la familia del fallecido y han reiterado su compromiso con la seguridad en todas las actividades cineg\u00e9ticas.<\/p>\n<p>Este triste suceso sirve como un doloroso recordatorio de los riesgos asociados con la caza y la necesidad imperante de adherirse estrictamente a todas las medidas de seguridad para proteger la vida de los participantes.<\/p>\n\n\n<div class=\"kk-star-ratings kksr-auto kksr-align-left kksr-valign-bottom\"\n    data-payload='{&quot;align&quot;:&quot;left&quot;,&quot;id&quot;:&quot;1599&quot;,&quot;slug&quot;:&quot;default&quot;,&quot;valign&quot;:&quot;bottom&quot;,&quot;ignore&quot;:&quot;&quot;,&quot;reference&quot;:&quot;auto&quot;,&quot;class&quot;:&quot;&quot;,&quot;count&quot;:&quot;0&quot;,&quot;legendonly&quot;:&quot;&quot;,&quot;readonly&quot;:&quot;&quot;,&quot;score&quot;:&quot;0&quot;,&quot;starsonly&quot;:&quot;&quot;,&quot;best&quot;:&quot;5&quot;,&quot;gap&quot;:&quot;5&quot;,&quot;greet&quot;:&quot;Valora este post&quot;,&quot;legend&quot;:&quot;0\\\/5 - (0 votes)&quot;,&quot;size&quot;:&quot;22&quot;,&quot;title&quot;:&quot;Tragedia en Ciudad Real: Muere joven de 36 a\u00f1os en accidente de caza&quot;,&quot;width&quot;:&quot;0&quot;,&quot;_legend&quot;:&quot;{score}\\\/{best} - ({count} {votes})&quot;,&quot;font_factor&quot;:&quot;1.25&quot;}'>\n            \n<div class=\"kksr-stars\">\n    \n<div class=\"kksr-stars-inactive\">\n            <div class=\"kksr-star\" data-star=\"1\" style=\"padding-right: 5px\">\n            \n\n<div class=\"kksr-icon\" style=\"width: 22px; height: 22px;\"><\/div>\n        <\/div>\n            <div class=\"kksr-star\" data-star=\"2\" style=\"padding-right: 5px\">\n            \n\n<div class=\"kksr-icon\" style=\"width: 22px; height: 22px;\"><\/div>\n        <\/div>\n            <div class=\"kksr-star\" data-star=\"3\" style=\"padding-right: 5px\">\n            \n\n<div class=\"kksr-icon\" style=\"width: 22px; height: 22px;\"><\/div>\n        <\/div>\n            <div class=\"kksr-star\" data-star=\"4\" style=\"padding-right: 5px\">\n            \n\n<div class=\"kksr-icon\" style=\"width: 22px; height: 22px;\"><\/div>\n        <\/div>\n            <div class=\"kksr-star\" data-star=\"5\" style=\"padding-right: 5px\">\n            \n\n<div class=\"kksr-icon\" style=\"width: 22px; height: 22px;\"><\/div>\n        <\/div>\n    <\/div>\n    \n<div class=\"kksr-stars-active\" style=\"width: 0px;\">\n            <div class=\"kksr-star\" style=\"padding-right: 5px\">\n            \n\n<div class=\"kksr-icon\" style=\"width: 22px; height: 22px;\"><\/div>\n        <\/div>\n            <div class=\"kksr-star\" style=\"padding-right: 5px\">\n            \n\n<div class=\"kksr-icon\" style=\"width: 22px; height: 22px;\"><\/div>\n        <\/div>\n            <div class=\"kksr-star\" style=\"padding-right: 5px\">\n            \n\n<div class=\"kksr-icon\" style=\"width: 22px; height: 22px;\"><\/div>\n        <\/div>\n            <div class=\"kksr-star\" style=\"padding-right: 5px\">\n            \n\n<div class=\"kksr-icon\" style=\"width: 22px; height: 22px;\"><\/div>\n        <\/div>\n            <div class=\"kksr-star\" style=\"padding-right: 5px\">\n            \n\n<div class=\"kksr-icon\" style=\"width: 22px; height: 22px;\"><\/div>\n        <\/div>\n    <\/div>\n<\/div>\n                \n\n<div class=\"kksr-legend\" style=\"font-size: 17.6px;\">\n            <span class=\"kksr-muted\">Valora este post<\/span>\n    <\/div>\n    <\/div>\n","protected":false},"excerpt":{"rendered":"<p>Fallece un cazador de 36 a\u00f1os en Ciudad Real tras un accidente Un tr\u00e1gico suceso ha conmocionado a la comunidad de Ciudad Real, donde un hombre &#8230; <a title=\"Tragedia en Ciudad Real: Muere joven de 36 a\u00f1os en accidente de caza\" class=\"read-more\" href=\"https:\/\/www.diario21.tv\/noticias\/tragedia-en-ciudad-real-muere-joven-de-36-anos-en-accidente-de-caza\/\" aria-label=\"Leer m\u00e1s sobre Tragedia en Ciudad Real: Muere joven de 36 a\u00f1os en accidente de caza\">Seguir leyendo &rarr;<\/a><\/p>\n","protected":false},"author":20,"featured_media":1600,"comment_status":"open","ping_status":"open","sticky":false,"template":"","format":"standard","meta":{"footnotes":""},"categories":[13],"tags":[],"class_list":["post-1599","post","type-post","status-publish","format-standard","has-post-thumbnail","hentry","category-portada"],"yoast_head":"<!-- This site is optimized with the Yoast SEO plugin v25.6 - https:\/\/yoast.com\/wordpress\/plugins\/seo\/ -->\n<title>Tragedia en Ciudad Real: Muere joven de 36 a\u00f1os en accidente de caza - Diario 21<\/title>\n<meta name=\"robots\" content=\"index, follow, max-snippet:-1, max-image-preview:large, max-video-preview:-1\" \/>\n<link rel=\"canonical\" href=\"https:\/\/www.diario21.tv\/noticias\/tragedia-en-ciudad-real-muere-joven-de-36-anos-en-accidente-de-caza\/\" \/>\n<meta property=\"og:locale\" content=\"es_ES\" \/>\n<meta property=\"og:type\" content=\"article\" \/>\n<meta property=\"og:title\" content=\"Tragedia en Ciudad Real: Muere joven de 36 a\u00f1os en accidente de caza - Diario 21\" \/>\n<meta property=\"og:description\" content=\"Fallece un cazador de 36 a\u00f1os en Ciudad Real tras un accidente Un tr\u00e1gico suceso ha conmocionado a la comunidad de Ciudad Real, donde un hombre ... Seguir leyendo &rarr;\" \/>\n<meta property=\"og:url\" content=\"https:\/\/www.diario21.tv\/noticias\/tragedia-en-ciudad-real-muere-joven-de-36-anos-en-accidente-de-caza\/\" \/>\n<meta property=\"og:site_name\" content=\"Diario 21\" \/>\n<meta property=\"article:published_time\" content=\"2024-12-24T23:00:29+00:00\" \/>\n<meta property=\"article:modified_time\" content=\"2024-12-24T23:00:30+00:00\" \/>\n<meta property=\"og:image\" content=\"https:\/\/www.diario21.tv\/noticias\/wp-content\/uploads\/2024\/12\/Tragedia-en-Ciudad-Real-Muere-joven-de-36-anos-en.jpg\" \/>\n\t<meta property=\"og:image:width\" content=\"1920\" \/>\n\t<meta property=\"og:image:height\" content=\"1080\" \/>\n\t<meta property=\"og:image:type\" content=\"image\/jpeg\" \/>\n<meta name=\"author\" content=\"Juan P\u00e9rez\" \/>\n<meta name=\"twitter:card\" content=\"summary_large_image\" \/>\n<meta name=\"twitter:label1\" content=\"Escrito por\" \/>\n\t<meta name=\"twitter:data1\" content=\"Juan P\u00e9rez\" \/>\n\t<meta name=\"twitter:label2\" content=\"Tiempo de lectura\" \/>\n\t<meta name=\"twitter:data2\" content=\"2 minutos\" \/>\n<script type=\"application\/ld+json\" class=\"yoast-schema-graph\">{\"@context\":\"https:\/\/schema.org\",\"@graph\":[{\"@type\":\"WebPage\",\"@id\":\"https:\/\/www.diario21.tv\/noticias\/tragedia-en-ciudad-real-muere-joven-de-36-anos-en-accidente-de-caza\/\",\"url\":\"https:\/\/www.diario21.tv\/noticias\/tragedia-en-ciudad-real-muere-joven-de-36-anos-en-accidente-de-caza\/\",\"name\":\"Tragedia en Ciudad Real: Muere joven de 36 a\u00f1os en accidente de caza - Diario 21\",\"isPartOf\":{\"@id\":\"https:\/\/www.diario21.tv\/noticias\/#website\"},\"primaryImageOfPage\":{\"@id\":\"https:\/\/www.diario21.tv\/noticias\/tragedia-en-ciudad-real-muere-joven-de-36-anos-en-accidente-de-caza\/#primaryimage\"},\"image\":{\"@id\":\"https:\/\/www.diario21.tv\/noticias\/tragedia-en-ciudad-real-muere-joven-de-36-anos-en-accidente-de-caza\/#primaryimage\"},\"thumbnailUrl\":\"https:\/\/www.diario21.tv\/noticias\/wp-content\/uploads\/2024\/12\/Tragedia-en-Ciudad-Real-Muere-joven-de-36-anos-en.jpg\",\"datePublished\":\"2024-12-24T23:00:29+00:00\",\"dateModified\":\"2024-12-24T23:00:30+00:00\",\"author\":{\"@id\":\"https:\/\/www.diario21.tv\/noticias\/#\/schema\/person\/dfb778f73814d8f09f302618446a526b\"},\"breadcrumb\":{\"@id\":\"https:\/\/www.diario21.tv\/noticias\/tragedia-en-ciudad-real-muere-joven-de-36-anos-en-accidente-de-caza\/#breadcrumb\"},\"inLanguage\":\"es-AR\",\"potentialAction\":[{\"@type\":\"ReadAction\",\"target\":[\"https:\/\/www.diario21.tv\/noticias\/tragedia-en-ciudad-real-muere-joven-de-36-anos-en-accidente-de-caza\/\"]}]},{\"@type\":\"ImageObject\",\"inLanguage\":\"es-AR\",\"@id\":\"https:\/\/www.diario21.tv\/noticias\/tragedia-en-ciudad-real-muere-joven-de-36-anos-en-accidente-de-caza\/#primaryimage\",\"url\":\"https:\/\/www.diario21.tv\/noticias\/wp-content\/uploads\/2024\/12\/Tragedia-en-Ciudad-Real-Muere-joven-de-36-anos-en.jpg\",\"contentUrl\":\"https:\/\/www.diario21.tv\/noticias\/wp-content\/uploads\/2024\/12\/Tragedia-en-Ciudad-Real-Muere-joven-de-36-anos-en.jpg\",\"width\":1920,\"height\":1080,\"caption\":\"Muere un hombre de 36 a\u00f1os en un accidente de caza en Ciudad Real\"},{\"@type\":\"BreadcrumbList\",\"@id\":\"https:\/\/www.diario21.tv\/noticias\/tragedia-en-ciudad-real-muere-joven-de-36-anos-en-accidente-de-caza\/#breadcrumb\",\"itemListElement\":[{\"@type\":\"ListItem\",\"position\":1,\"name\":\"Accueil\",\"item\":\"https:\/\/www.diario21.tv\/noticias\/\"},{\"@type\":\"ListItem\",\"position\":2,\"name\":\"Tragedia en Ciudad Real: Muere joven de 36 a\u00f1os en accidente de caza\"}]},{\"@type\":\"WebSite\",\"@id\":\"https:\/\/www.diario21.tv\/noticias\/#website\",\"url\":\"https:\/\/www.diario21.tv\/noticias\/\",\"name\":\"Diario 21\",\"description\":\"\",\"potentialAction\":[{\"@type\":\"SearchAction\",\"target\":{\"@type\":\"EntryPoint\",\"urlTemplate\":\"https:\/\/www.diario21.tv\/noticias\/?s={search_term_string}\"},\"query-input\":{\"@type\":\"PropertyValueSpecification\",\"valueRequired\":true,\"valueName\":\"search_term_string\"}}],\"inLanguage\":\"es-AR\"},{\"@type\":\"Person\",\"@id\":\"https:\/\/www.diario21.tv\/noticias\/#\/schema\/person\/dfb778f73814d8f09f302618446a526b\",\"name\":\"Juan P\u00e9rez\",\"image\":{\"@type\":\"ImageObject\",\"inLanguage\":\"es-AR\",\"@id\":\"https:\/\/www.diario21.tv\/noticias\/#\/schema\/person\/image\/\",\"url\":\"https:\/\/secure.gravatar.com\/avatar\/c478a405bd10621167f4c3167cc770f5?s=96&d=mm&r=g\",\"contentUrl\":\"https:\/\/secure.gravatar.com\/avatar\/c478a405bd10621167f4c3167cc770f5?s=96&d=mm&r=g\",\"caption\":\"Juan P\u00e9rez\"},\"description\":\"Juan P\u00e9rez es el redactor en jefe de Diario 21. Con m\u00e1s de 10 a\u00f1os de experiencia en el periodismo, se especializa en pol\u00edtica nacional y an\u00e1lisis socioecon\u00f3mico. Su enfoque cr\u00edtico y riguroso aporta una perspectiva \u00fanica a cada art\u00edculo.\",\"sameAs\":[\"https:\/\/www.diario21.tv\/noticias\/\"],\"url\":\"https:\/\/www.diario21.tv\/noticias\/author\/juan-perez\/\"}]}<\/script>\n<!-- \/ Yoast SEO plugin. -->","yoast_head_json":{"title":"Tragedia en Ciudad Real: Muere joven de 36 a\u00f1os en accidente de caza - Diario 21","robots":{"index":"index","follow":"follow","max-snippet":"max-snippet:-1","max-image-preview":"max-image-preview:large","max-video-preview":"max-video-preview:-1"},"canonical":"https:\/\/www.diario21.tv\/noticias\/tragedia-en-ciudad-real-muere-joven-de-36-anos-en-accidente-de-caza\/","og_locale":"es_ES","og_type":"article","og_title":"Tragedia en Ciudad Real: Muere joven de 36 a\u00f1os en accidente de caza - Diario 21","og_description":"Fallece un cazador de 36 a\u00f1os en Ciudad Real tras un accidente Un tr\u00e1gico suceso ha conmocionado a la comunidad de Ciudad Real, donde un hombre ... Seguir leyendo &rarr;","og_url":"https:\/\/www.diario21.tv\/noticias\/tragedia-en-ciudad-real-muere-joven-de-36-anos-en-accidente-de-caza\/","og_site_name":"Diario 21","article_published_time":"2024-12-24T23:00:29+00:00","article_modified_time":"2024-12-24T23:00:30+00:00","og_image":[{"width":1920,"height":1080,"url":"https:\/\/www.diario21.tv\/noticias\/wp-content\/uploads\/2024\/12\/Tragedia-en-Ciudad-Real-Muere-joven-de-36-anos-en.jpg","type":"image\/jpeg"}],"author":"Juan P\u00e9rez","twitter_card":"summary_large_image","twitter_misc":{"Escrito por":"Juan P\u00e9rez","Tiempo de lectura":"2 minutos"},"schema":{"@context":"https:\/\/schema.org","@graph":[{"@type":"WebPage","@id":"https:\/\/www.diario21.tv\/noticias\/tragedia-en-ciudad-real-muere-joven-de-36-anos-en-accidente-de-caza\/","url":"https:\/\/www.diario21.tv\/noticias\/tragedia-en-ciudad-real-muere-joven-de-36-anos-en-accidente-de-caza\/","name":"Tragedia en Ciudad Real: Muere joven de 36 a\u00f1os en accidente de caza - Diario 21","isPartOf":{"@id":"https:\/\/www.diario21.tv\/noticias\/#website"},"primaryImageOfPage":{"@id":"https:\/\/www.diario21.tv\/noticias\/tragedia-en-ciudad-real-muere-joven-de-36-anos-en-accidente-de-caza\/#primaryimage"},"image":{"@id":"https:\/\/www.diario21.tv\/noticias\/tragedia-en-ciudad-real-muere-joven-de-36-anos-en-accidente-de-caza\/#primaryimage"},"thumbnailUrl":"https:\/\/www.diario21.tv\/noticias\/wp-content\/uploads\/2024\/12\/Tragedia-en-Ciudad-Real-Muere-joven-de-36-anos-en.jpg","datePublished":"2024-12-24T23:00:29+00:00","dateModified":"2024-12-24T23:00:30+00:00","author":{"@id":"https:\/\/www.diario21.tv\/noticias\/#\/schema\/person\/dfb778f73814d8f09f302618446a526b"},"breadcrumb":{"@id":"https:\/\/www.diario21.tv\/noticias\/tragedia-en-ciudad-real-muere-joven-de-36-anos-en-accidente-de-caza\/#breadcrumb"},"inLanguage":"es-AR","potentialAction":[{"@type":"ReadAction","target":["https:\/\/www.diario21.tv\/noticias\/tragedia-en-ciudad-real-muere-joven-de-36-anos-en-accidente-de-caza\/"]}]},{"@type":"ImageObject","inLanguage":"es-AR","@id":"https:\/\/www.diario21.tv\/noticias\/tragedia-en-ciudad-real-muere-joven-de-36-anos-en-accidente-de-caza\/#primaryimage","url":"https:\/\/www.diario21.tv\/noticias\/wp-content\/uploads\/2024\/12\/Tragedia-en-Ciudad-Real-Muere-joven-de-36-anos-en.jpg","contentUrl":"https:\/\/www.diario21.tv\/noticias\/wp-content\/uploads\/2024\/12\/Tragedia-en-Ciudad-Real-Muere-joven-de-36-anos-en.jpg","width":1920,"height":1080,"caption":"Muere un hombre de 36 a\u00f1os en un accidente de caza en Ciudad Real"},{"@type":"BreadcrumbList","@id":"https:\/\/www.diario21.tv\/noticias\/tragedia-en-ciudad-real-muere-joven-de-36-anos-en-accidente-de-caza\/#breadcrumb","itemListElement":[{"@type":"ListItem","position":1,"name":"Accueil","item":"https:\/\/www.diario21.tv\/noticias\/"},{"@type":"ListItem","position":2,"name":"Tragedia en Ciudad Real: Muere joven de 36 a\u00f1os en accidente de caza"}]},{"@type":"WebSite","@id":"https:\/\/www.diario21.tv\/noticias\/#website","url":"https:\/\/www.diario21.tv\/noticias\/","name":"Diario 21","description":"","potentialAction":[{"@type":"SearchAction","target":{"@type":"EntryPoint","urlTemplate":"https:\/\/www.diario21.tv\/noticias\/?s={search_term_string}"},"query-input":{"@type":"PropertyValueSpecification","valueRequired":true,"valueName":"search_term_string"}}],"inLanguage":"es-AR"},{"@type":"Person","@id":"https:\/\/www.diario21.tv\/noticias\/#\/schema\/person\/dfb778f73814d8f09f302618446a526b","name":"Juan P\u00e9rez","image":{"@type":"ImageObject","inLanguage":"es-AR","@id":"https:\/\/www.diario21.tv\/noticias\/#\/schema\/person\/image\/","url":"https:\/\/secure.gravatar.com\/avatar\/c478a405bd10621167f4c3167cc770f5?s=96&d=mm&r=g","contentUrl":"https:\/\/secure.gravatar.com\/avatar\/c478a405bd10621167f4c3167cc770f5?s=96&d=mm&r=g","caption":"Juan P\u00e9rez"},"description":"Juan P\u00e9rez es el redactor en jefe de Diario 21. Con m\u00e1s de 10 a\u00f1os de experiencia en el periodismo, se especializa en pol\u00edtica nacional y an\u00e1lisis socioecon\u00f3mico. Su enfoque cr\u00edtico y riguroso aporta una perspectiva \u00fanica a cada art\u00edculo.","sameAs":["https:\/\/www.diario21.tv\/noticias\/"],"url":"https:\/\/www.diario21.tv\/noticias\/author\/juan-perez\/"}]}},"_links":{"self":[{"href":"https:\/\/www.diario21.tv\/noticias\/wp-json\/wp\/v2\/posts\/1599"}],"collection":[{"href":"https:\/\/www.diario21.tv\/noticias\/wp-json\/wp\/v2\/posts"}],"about":[{"href":"https:\/\/www.diario21.tv\/noticias\/wp-json\/wp\/v2\/types\/post"}],"author":[{"embeddable":true,"href":"https:\/\/www.diario21.tv\/noticias\/wp-json\/wp\/v2\/users\/20"}],"replies":[{"embeddable":true,"href":"https:\/\/www.diario21.tv\/noticias\/wp-json\/wp\/v2\/comments?post=1599"}],"version-history":[{"count":1,"href":"https:\/\/www.diario21.tv\/noticias\/wp-json\/wp\/v2\/posts\/1599\/revisions"}],"predecessor-version":[{"id":1601,"href":"https:\/\/www.diario21.tv\/noticias\/wp-json\/wp\/v2\/posts\/1599\/revisions\/1601"}],"wp:featuredmedia":[{"embeddable":true,"href":"https:\/\/www.diario21.tv\/noticias\/wp-json\/wp\/v2\/media\/1600"}],"wp:attachment":[{"href":"https:\/\/www.diario21.tv\/noticias\/wp-json\/wp\/v2\/media?parent=1599"}],"wp:term":[{"taxonomy":"category","embeddable":true,"href":"https:\/\/www.diario21.tv\/noticias\/wp-json\/wp\/v2\/categories?post=1599"},{"taxonomy":"post_tag","embeddable":true,"href":"https:\/\/www.diario21.tv\/noticias\/wp-json\/wp\/v2\/tags?post=1599"}],"curies":[{"name":"wp","href":"https:\/\/api.w.org\/{rel}","templated":true}]}}