{"id":159,"date":"2024-08-23T22:00:39","date_gmt":"2024-08-23T22:00:39","guid":{"rendered":"https:\/\/www.diario21.tv\/noticias\/impactante-comisario-que-asesino-a-su-novia-y-exesposa-podria-perder-sus-condecoraciones\/"},"modified":"2024-08-23T22:00:41","modified_gmt":"2024-08-23T22:00:41","slug":"impactante-comisario-que-asesino-a-su-novia-y-exesposa-podria-perder-sus-condecoraciones","status":"publish","type":"post","link":"https:\/\/www.diario21.tv\/noticias\/impactante-comisario-que-asesino-a-su-novia-y-exesposa-podria-perder-sus-condecoraciones\/","title":{"rendered":"\u00a1Impactante! Comisario que asesin\u00f3 a su novia y exesposa podr\u00eda perder sus condecoraciones"},"content":{"rendered":"<h2>El Ejecutivo considera revocar los reconocimientos al comisario que asesin\u00f3 a su pareja y a su antigua esposa<\/h2>\n<p>El Ejecutivo est\u00e1 evaluando la posibilidad de retirar las distinciones otorgadas al jefe de polic\u00eda que fue responsable del asesinato de su actual compa\u00f1era sentimental y de su exmujer. Esta medida viene en respuesta a los actos atroces cometidos por este individuo, que han causado una gran conmoci\u00f3n en la sociedad.<\/p>\n<p>La decisi\u00f3n de quitar o no las condecoraciones a este comisario est\u00e1 a\u00fan en proceso de debate. Las autoridades pertinentes est\u00e1n analizando la situaci\u00f3n para tomar la decisi\u00f3n m\u00e1s justa y acorde con los hechos.<\/p>\n<p>Este caso ha despertado un amplio debate en la sociedad, ya que se trata de un individuo que ha recibido reconocimientos por su servicio p\u00fablico, pero ha realizado actos inexcusables que contradicen los valores que dichos honores representan.<\/p>\n<p>El comisario en cuesti\u00f3n hab\u00eda recibido varias distinciones a lo largo de su carrera en la polic\u00eda. Sin embargo, sus actos posteriores han empa\u00f1ado su reputaci\u00f3n y han llevado a cuestionar si es justo que conserve dichos reconocimientos.<\/p>\n<p>La retirada de estos premios significar\u00eda un fuerte golpe a la imagen de este individuo, ya que implica la desaprobaci\u00f3n de sus actos por parte del Gobierno. Adem\u00e1s, podr\u00eda servir como un mensaje para la sociedad, subrayando que los actos de violencia no son tolerados, y mucho menos cuando provienen de figuras de autoridad.<\/p>\n<p>Mientras tanto, la sociedad espera con ansiedad la decisi\u00f3n final del Gobierno en este caso. Muchos creen que es fundamental que se tomen medidas dr\u00e1sticas para demostrar que no hay impunidad para este tipo de actos, independientemente de las distinciones o cargos que una persona pueda tener.<\/p>\n<h2>La posible revocaci\u00f3n de las condecoraciones<\/h2>\n<p>La revocaci\u00f3n de las condecoraciones es un proceso que debe ser evaluado cuidadosamente. No es algo que se tome a la ligera, ya que implica despojar a una persona de los reconocimientos recibidos por su servicio a la comunidad.<\/p>\n<p>Adem\u00e1s, esta decisi\u00f3n podr\u00eda tener implicaciones legales, ya que podr\u00eda ser interpretada como una forma de castigo adicional a la pena que ya ha sido impuesta por el tribunal. Por lo tanto, las autoridades deben considerar cuidadosamente todas las implicaciones antes de tomar una decisi\u00f3n.<\/p>\n<p>A pesar de estas consideraciones, muchos creen que es la decisi\u00f3n correcta. Argumentan que, dada la gravedad de los actos cometidos por el comisario, es apropiado que se le quite cualquier tipo de reconocimiento.<\/p>\n<p>A medida que el debate contin\u00faa, la sociedad espera que se haga justicia. La decisi\u00f3n final del Gobierno sobre si retirar o no las condecoraciones al comisario que mat\u00f3 a su novia y a su exesposa ser\u00e1 una clara declaraci\u00f3n de su postura sobre los actos de violencia.<\/p>\n\n\n<div class=\"kk-star-ratings kksr-auto kksr-align-left kksr-valign-bottom\"\n    data-payload='{&quot;align&quot;:&quot;left&quot;,&quot;id&quot;:&quot;159&quot;,&quot;slug&quot;:&quot;default&quot;,&quot;valign&quot;:&quot;bottom&quot;,&quot;ignore&quot;:&quot;&quot;,&quot;reference&quot;:&quot;auto&quot;,&quot;class&quot;:&quot;&quot;,&quot;count&quot;:&quot;0&quot;,&quot;legendonly&quot;:&quot;&quot;,&quot;readonly&quot;:&quot;&quot;,&quot;score&quot;:&quot;0&quot;,&quot;starsonly&quot;:&quot;&quot;,&quot;best&quot;:&quot;5&quot;,&quot;gap&quot;:&quot;5&quot;,&quot;greet&quot;:&quot;Valora este post&quot;,&quot;legend&quot;:&quot;0\\\/5 - (0 votes)&quot;,&quot;size&quot;:&quot;22&quot;,&quot;title&quot;:&quot;\u00a1Impactante! Comisario que asesin\u00f3 a su novia y exesposa podr\u00eda perder sus condecoraciones&quot;,&quot;width&quot;:&quot;0&quot;,&quot;_legend&quot;:&quot;{score}\\\/{best} - ({count} {votes})&quot;,&quot;font_factor&quot;:&quot;1.25&quot;}'>\n            \n<div class=\"kksr-stars\">\n    \n<div class=\"kksr-stars-inactive\">\n            <div class=\"kksr-star\" data-star=\"1\" style=\"padding-right: 5px\">\n            \n\n<div class=\"kksr-icon\" style=\"width: 22px; height: 22px;\"><\/div>\n        <\/div>\n            <div class=\"kksr-star\" data-star=\"2\" style=\"padding-right: 5px\">\n            \n\n<div class=\"kksr-icon\" style=\"width: 22px; height: 22px;\"><\/div>\n        <\/div>\n            <div class=\"kksr-star\" data-star=\"3\" style=\"padding-right: 5px\">\n            \n\n<div class=\"kksr-icon\" style=\"width: 22px; height: 22px;\"><\/div>\n        <\/div>\n            <div class=\"kksr-star\" data-star=\"4\" style=\"padding-right: 5px\">\n            \n\n<div class=\"kksr-icon\" style=\"width: 22px; height: 22px;\"><\/div>\n        <\/div>\n            <div class=\"kksr-star\" data-star=\"5\" style=\"padding-right: 5px\">\n            \n\n<div class=\"kksr-icon\" style=\"width: 22px; height: 22px;\"><\/div>\n        <\/div>\n    <\/div>\n    \n<div class=\"kksr-stars-active\" style=\"width: 0px;\">\n            <div class=\"kksr-star\" style=\"padding-right: 5px\">\n            \n\n<div class=\"kksr-icon\" style=\"width: 22px; height: 22px;\"><\/div>\n        <\/div>\n            <div class=\"kksr-star\" style=\"padding-right: 5px\">\n            \n\n<div class=\"kksr-icon\" style=\"width: 22px; height: 22px;\"><\/div>\n        <\/div>\n            <div class=\"kksr-star\" style=\"padding-right: 5px\">\n            \n\n<div class=\"kksr-icon\" style=\"width: 22px; height: 22px;\"><\/div>\n        <\/div>\n            <div class=\"kksr-star\" style=\"padding-right: 5px\">\n            \n\n<div class=\"kksr-icon\" style=\"width: 22px; height: 22px;\"><\/div>\n        <\/div>\n            <div class=\"kksr-star\" style=\"padding-right: 5px\">\n            \n\n<div class=\"kksr-icon\" style=\"width: 22px; height: 22px;\"><\/div>\n        <\/div>\n    <\/div>\n<\/div>\n                \n\n<div class=\"kksr-legend\" style=\"font-size: 17.6px;\">\n            <span class=\"kksr-muted\">Valora este post<\/span>\n    <\/div>\n    <\/div>\n","protected":false},"excerpt":{"rendered":"<p>El Ejecutivo considera revocar los reconocimientos al comisario que asesin\u00f3 a su pareja y a su antigua esposa El Ejecutivo est\u00e1 evaluando la posibilidad de retirar &#8230; <a title=\"\u00a1Impactante! Comisario que asesin\u00f3 a su novia y exesposa podr\u00eda perder sus condecoraciones\" class=\"read-more\" href=\"https:\/\/www.diario21.tv\/noticias\/impactante-comisario-que-asesino-a-su-novia-y-exesposa-podria-perder-sus-condecoraciones\/\" aria-label=\"Leer m\u00e1s sobre \u00a1Impactante! Comisario que asesin\u00f3 a su novia y exesposa podr\u00eda perder sus condecoraciones\">Seguir leyendo &rarr;<\/a><\/p>\n","protected":false},"author":16,"featured_media":160,"comment_status":"open","ping_status":"open","sticky":false,"template":"","format":"standard","meta":{"footnotes":""},"categories":[12],"tags":[],"class_list":["post-159","post","type-post","status-publish","format-standard","has-post-thumbnail","hentry","category-tendencia"],"yoast_head":"<!-- This site is optimized with the Yoast SEO plugin v25.6 - https:\/\/yoast.com\/wordpress\/plugins\/seo\/ -->\n<title>\u00a1Impactante! Comisario que asesin\u00f3 a su novia y exesposa podr\u00eda perder sus condecoraciones - Diario 21<\/title>\n<meta name=\"robots\" content=\"index, follow, max-snippet:-1, max-image-preview:large, max-video-preview:-1\" \/>\n<link rel=\"canonical\" href=\"https:\/\/www.diario21.tv\/noticias\/impactante-comisario-que-asesino-a-su-novia-y-exesposa-podria-perder-sus-condecoraciones\/\" \/>\n<meta property=\"og:locale\" content=\"es_ES\" \/>\n<meta property=\"og:type\" content=\"article\" \/>\n<meta property=\"og:title\" content=\"\u00a1Impactante! Comisario que asesin\u00f3 a su novia y exesposa podr\u00eda perder sus condecoraciones - Diario 21\" \/>\n<meta property=\"og:description\" content=\"El Ejecutivo considera revocar los reconocimientos al comisario que asesin\u00f3 a su pareja y a su antigua esposa El Ejecutivo est\u00e1 evaluando la posibilidad de retirar ... Seguir leyendo &rarr;\" \/>\n<meta property=\"og:url\" content=\"https:\/\/www.diario21.tv\/noticias\/impactante-comisario-que-asesino-a-su-novia-y-exesposa-podria-perder-sus-condecoraciones\/\" \/>\n<meta property=\"og:site_name\" content=\"Diario 21\" \/>\n<meta property=\"article:published_time\" content=\"2024-08-23T22:00:39+00:00\" \/>\n<meta property=\"article:modified_time\" content=\"2024-08-23T22:00:41+00:00\" \/>\n<meta property=\"og:image\" content=\"https:\/\/www.diario21.tv\/noticias\/wp-content\/uploads\/2024\/08\/\u00a1Impactante-Comisario-que-asesino-a-su-novia-y-exesposa-podria.JPG\" \/>\n\t<meta property=\"og:image:width\" content=\"1920\" \/>\n\t<meta property=\"og:image:height\" content=\"1080\" \/>\n\t<meta property=\"og:image:type\" content=\"image\/jpeg\" \/>\n<meta name=\"author\" content=\"Diario 21\" \/>\n<meta name=\"twitter:card\" content=\"summary_large_image\" \/>\n<meta name=\"twitter:label1\" content=\"Escrito por\" \/>\n\t<meta name=\"twitter:data1\" content=\"Diario 21\" \/>\n\t<meta name=\"twitter:label2\" content=\"Tiempo de lectura\" \/>\n\t<meta name=\"twitter:data2\" content=\"2 minutos\" \/>\n<script type=\"application\/ld+json\" class=\"yoast-schema-graph\">{\"@context\":\"https:\/\/schema.org\",\"@graph\":[{\"@type\":\"WebPage\",\"@id\":\"https:\/\/www.diario21.tv\/noticias\/impactante-comisario-que-asesino-a-su-novia-y-exesposa-podria-perder-sus-condecoraciones\/\",\"url\":\"https:\/\/www.diario21.tv\/noticias\/impactante-comisario-que-asesino-a-su-novia-y-exesposa-podria-perder-sus-condecoraciones\/\",\"name\":\"\u00a1Impactante! Comisario que asesin\u00f3 a su novia y exesposa podr\u00eda perder sus condecoraciones - Diario 21\",\"isPartOf\":{\"@id\":\"https:\/\/www.diario21.tv\/noticias\/#website\"},\"primaryImageOfPage\":{\"@id\":\"https:\/\/www.diario21.tv\/noticias\/impactante-comisario-que-asesino-a-su-novia-y-exesposa-podria-perder-sus-condecoraciones\/#primaryimage\"},\"image\":{\"@id\":\"https:\/\/www.diario21.tv\/noticias\/impactante-comisario-que-asesino-a-su-novia-y-exesposa-podria-perder-sus-condecoraciones\/#primaryimage\"},\"thumbnailUrl\":\"https:\/\/www.diario21.tv\/noticias\/wp-content\/uploads\/2024\/08\/\u00a1Impactante-Comisario-que-asesino-a-su-novia-y-exesposa-podria.JPG\",\"datePublished\":\"2024-08-23T22:00:39+00:00\",\"dateModified\":\"2024-08-23T22:00:41+00:00\",\"author\":{\"@id\":\"https:\/\/www.diario21.tv\/noticias\/#\/schema\/person\/7de9d6205bd3da5b7f01f5cffb18d715\"},\"breadcrumb\":{\"@id\":\"https:\/\/www.diario21.tv\/noticias\/impactante-comisario-que-asesino-a-su-novia-y-exesposa-podria-perder-sus-condecoraciones\/#breadcrumb\"},\"inLanguage\":\"es-AR\",\"potentialAction\":[{\"@type\":\"ReadAction\",\"target\":[\"https:\/\/www.diario21.tv\/noticias\/impactante-comisario-que-asesino-a-su-novia-y-exesposa-podria-perder-sus-condecoraciones\/\"]}]},{\"@type\":\"ImageObject\",\"inLanguage\":\"es-AR\",\"@id\":\"https:\/\/www.diario21.tv\/noticias\/impactante-comisario-que-asesino-a-su-novia-y-exesposa-podria-perder-sus-condecoraciones\/#primaryimage\",\"url\":\"https:\/\/www.diario21.tv\/noticias\/wp-content\/uploads\/2024\/08\/\u00a1Impactante-Comisario-que-asesino-a-su-novia-y-exesposa-podria.JPG\",\"contentUrl\":\"https:\/\/www.diario21.tv\/noticias\/wp-content\/uploads\/2024\/08\/\u00a1Impactante-Comisario-que-asesino-a-su-novia-y-exesposa-podria.JPG\",\"width\":1920,\"height\":1080,\"caption\":\"El Gobierno estudia quitar las condecoraciones al comisario que mat\u00f3 a su novia y a su exesposa\"},{\"@type\":\"BreadcrumbList\",\"@id\":\"https:\/\/www.diario21.tv\/noticias\/impactante-comisario-que-asesino-a-su-novia-y-exesposa-podria-perder-sus-condecoraciones\/#breadcrumb\",\"itemListElement\":[{\"@type\":\"ListItem\",\"position\":1,\"name\":\"Accueil\",\"item\":\"https:\/\/www.diario21.tv\/noticias\/\"},{\"@type\":\"ListItem\",\"position\":2,\"name\":\"\u00a1Impactante! Comisario que asesin\u00f3 a su novia y exesposa podr\u00eda perder sus condecoraciones\"}]},{\"@type\":\"WebSite\",\"@id\":\"https:\/\/www.diario21.tv\/noticias\/#website\",\"url\":\"https:\/\/www.diario21.tv\/noticias\/\",\"name\":\"Diario 21\",\"description\":\"\",\"potentialAction\":[{\"@type\":\"SearchAction\",\"target\":{\"@type\":\"EntryPoint\",\"urlTemplate\":\"https:\/\/www.diario21.tv\/noticias\/?s={search_term_string}\"},\"query-input\":{\"@type\":\"PropertyValueSpecification\",\"valueRequired\":true,\"valueName\":\"search_term_string\"}}],\"inLanguage\":\"es-AR\"},{\"@type\":\"Person\",\"@id\":\"https:\/\/www.diario21.tv\/noticias\/#\/schema\/person\/7de9d6205bd3da5b7f01f5cffb18d715\",\"name\":\"Diario 21\",\"image\":{\"@type\":\"ImageObject\",\"inLanguage\":\"es-AR\",\"@id\":\"https:\/\/www.diario21.tv\/noticias\/#\/schema\/person\/image\/\",\"url\":\"https:\/\/secure.gravatar.com\/avatar\/d1d5e764b940c8e5990284cabcd5dea9?s=96&d=mm&r=g\",\"contentUrl\":\"https:\/\/secure.gravatar.com\/avatar\/d1d5e764b940c8e5990284cabcd5dea9?s=96&d=mm&r=g\",\"caption\":\"Diario 21\"},\"url\":\"https:\/\/www.diario21.tv\/noticias\/author\/diario-21\/\"}]}<\/script>\n<!-- \/ Yoast SEO plugin. -->","yoast_head_json":{"title":"\u00a1Impactante! Comisario que asesin\u00f3 a su novia y exesposa podr\u00eda perder sus condecoraciones - Diario 21","robots":{"index":"index","follow":"follow","max-snippet":"max-snippet:-1","max-image-preview":"max-image-preview:large","max-video-preview":"max-video-preview:-1"},"canonical":"https:\/\/www.diario21.tv\/noticias\/impactante-comisario-que-asesino-a-su-novia-y-exesposa-podria-perder-sus-condecoraciones\/","og_locale":"es_ES","og_type":"article","og_title":"\u00a1Impactante! Comisario que asesin\u00f3 a su novia y exesposa podr\u00eda perder sus condecoraciones - Diario 21","og_description":"El Ejecutivo considera revocar los reconocimientos al comisario que asesin\u00f3 a su pareja y a su antigua esposa El Ejecutivo est\u00e1 evaluando la posibilidad de retirar ... Seguir leyendo &rarr;","og_url":"https:\/\/www.diario21.tv\/noticias\/impactante-comisario-que-asesino-a-su-novia-y-exesposa-podria-perder-sus-condecoraciones\/","og_site_name":"Diario 21","article_published_time":"2024-08-23T22:00:39+00:00","article_modified_time":"2024-08-23T22:00:41+00:00","og_image":[{"width":1920,"height":1080,"url":"https:\/\/www.diario21.tv\/noticias\/wp-content\/uploads\/2024\/08\/\u00a1Impactante-Comisario-que-asesino-a-su-novia-y-exesposa-podria.JPG","type":"image\/jpeg"}],"author":"Diario 21","twitter_card":"summary_large_image","twitter_misc":{"Escrito por":"Diario 21","Tiempo de lectura":"2 minutos"},"schema":{"@context":"https:\/\/schema.org","@graph":[{"@type":"WebPage","@id":"https:\/\/www.diario21.tv\/noticias\/impactante-comisario-que-asesino-a-su-novia-y-exesposa-podria-perder-sus-condecoraciones\/","url":"https:\/\/www.diario21.tv\/noticias\/impactante-comisario-que-asesino-a-su-novia-y-exesposa-podria-perder-sus-condecoraciones\/","name":"\u00a1Impactante! Comisario que asesin\u00f3 a su novia y exesposa podr\u00eda perder sus condecoraciones - Diario 21","isPartOf":{"@id":"https:\/\/www.diario21.tv\/noticias\/#website"},"primaryImageOfPage":{"@id":"https:\/\/www.diario21.tv\/noticias\/impactante-comisario-que-asesino-a-su-novia-y-exesposa-podria-perder-sus-condecoraciones\/#primaryimage"},"image":{"@id":"https:\/\/www.diario21.tv\/noticias\/impactante-comisario-que-asesino-a-su-novia-y-exesposa-podria-perder-sus-condecoraciones\/#primaryimage"},"thumbnailUrl":"https:\/\/www.diario21.tv\/noticias\/wp-content\/uploads\/2024\/08\/\u00a1Impactante-Comisario-que-asesino-a-su-novia-y-exesposa-podria.JPG","datePublished":"2024-08-23T22:00:39+00:00","dateModified":"2024-08-23T22:00:41+00:00","author":{"@id":"https:\/\/www.diario21.tv\/noticias\/#\/schema\/person\/7de9d6205bd3da5b7f01f5cffb18d715"},"breadcrumb":{"@id":"https:\/\/www.diario21.tv\/noticias\/impactante-comisario-que-asesino-a-su-novia-y-exesposa-podria-perder-sus-condecoraciones\/#breadcrumb"},"inLanguage":"es-AR","potentialAction":[{"@type":"ReadAction","target":["https:\/\/www.diario21.tv\/noticias\/impactante-comisario-que-asesino-a-su-novia-y-exesposa-podria-perder-sus-condecoraciones\/"]}]},{"@type":"ImageObject","inLanguage":"es-AR","@id":"https:\/\/www.diario21.tv\/noticias\/impactante-comisario-que-asesino-a-su-novia-y-exesposa-podria-perder-sus-condecoraciones\/#primaryimage","url":"https:\/\/www.diario21.tv\/noticias\/wp-content\/uploads\/2024\/08\/\u00a1Impactante-Comisario-que-asesino-a-su-novia-y-exesposa-podria.JPG","contentUrl":"https:\/\/www.diario21.tv\/noticias\/wp-content\/uploads\/2024\/08\/\u00a1Impactante-Comisario-que-asesino-a-su-novia-y-exesposa-podria.JPG","width":1920,"height":1080,"caption":"El Gobierno estudia quitar las condecoraciones al comisario que mat\u00f3 a su novia y a su exesposa"},{"@type":"BreadcrumbList","@id":"https:\/\/www.diario21.tv\/noticias\/impactante-comisario-que-asesino-a-su-novia-y-exesposa-podria-perder-sus-condecoraciones\/#breadcrumb","itemListElement":[{"@type":"ListItem","position":1,"name":"Accueil","item":"https:\/\/www.diario21.tv\/noticias\/"},{"@type":"ListItem","position":2,"name":"\u00a1Impactante! Comisario que asesin\u00f3 a su novia y exesposa podr\u00eda perder sus condecoraciones"}]},{"@type":"WebSite","@id":"https:\/\/www.diario21.tv\/noticias\/#website","url":"https:\/\/www.diario21.tv\/noticias\/","name":"Diario 21","description":"","potentialAction":[{"@type":"SearchAction","target":{"@type":"EntryPoint","urlTemplate":"https:\/\/www.diario21.tv\/noticias\/?s={search_term_string}"},"query-input":{"@type":"PropertyValueSpecification","valueRequired":true,"valueName":"search_term_string"}}],"inLanguage":"es-AR"},{"@type":"Person","@id":"https:\/\/www.diario21.tv\/noticias\/#\/schema\/person\/7de9d6205bd3da5b7f01f5cffb18d715","name":"Diario 21","image":{"@type":"ImageObject","inLanguage":"es-AR","@id":"https:\/\/www.diario21.tv\/noticias\/#\/schema\/person\/image\/","url":"https:\/\/secure.gravatar.com\/avatar\/d1d5e764b940c8e5990284cabcd5dea9?s=96&d=mm&r=g","contentUrl":"https:\/\/secure.gravatar.com\/avatar\/d1d5e764b940c8e5990284cabcd5dea9?s=96&d=mm&r=g","caption":"Diario 21"},"url":"https:\/\/www.diario21.tv\/noticias\/author\/diario-21\/"}]}},"_links":{"self":[{"href":"https:\/\/www.diario21.tv\/noticias\/wp-json\/wp\/v2\/posts\/159"}],"collection":[{"href":"https:\/\/www.diario21.tv\/noticias\/wp-json\/wp\/v2\/posts"}],"about":[{"href":"https:\/\/www.diario21.tv\/noticias\/wp-json\/wp\/v2\/types\/post"}],"author":[{"embeddable":true,"href":"https:\/\/www.diario21.tv\/noticias\/wp-json\/wp\/v2\/users\/16"}],"replies":[{"embeddable":true,"href":"https:\/\/www.diario21.tv\/noticias\/wp-json\/wp\/v2\/comments?post=159"}],"version-history":[{"count":1,"href":"https:\/\/www.diario21.tv\/noticias\/wp-json\/wp\/v2\/posts\/159\/revisions"}],"predecessor-version":[{"id":161,"href":"https:\/\/www.diario21.tv\/noticias\/wp-json\/wp\/v2\/posts\/159\/revisions\/161"}],"wp:featuredmedia":[{"embeddable":true,"href":"https:\/\/www.diario21.tv\/noticias\/wp-json\/wp\/v2\/media\/160"}],"wp:attachment":[{"href":"https:\/\/www.diario21.tv\/noticias\/wp-json\/wp\/v2\/media?parent=159"}],"wp:term":[{"taxonomy":"category","embeddable":true,"href":"https:\/\/www.diario21.tv\/noticias\/wp-json\/wp\/v2\/categories?post=159"},{"taxonomy":"post_tag","embeddable":true,"href":"https:\/\/www.diario21.tv\/noticias\/wp-json\/wp\/v2\/tags?post=159"}],"curies":[{"name":"wp","href":"https:\/\/api.w.org\/{rel}","templated":true}]}}