{"id":1581,"date":"2024-12-23T10:01:01","date_gmt":"2024-12-23T10:01:01","guid":{"rendered":"https:\/\/www.diario21.tv\/noticias\/tragedia-en-marbella-nino-de-cinco-anos-fallece-tras-caer-de-un-edificio\/"},"modified":"2024-12-23T10:01:02","modified_gmt":"2024-12-23T10:01:02","slug":"tragedia-en-marbella-nino-de-cinco-anos-fallece-tras-caer-de-un-edificio","status":"publish","type":"post","link":"https:\/\/www.diario21.tv\/noticias\/tragedia-en-marbella-nino-de-cinco-anos-fallece-tras-caer-de-un-edificio\/","title":{"rendered":"Tragedia en Marbella: Ni\u00f1o de cinco a\u00f1os fallece tras caer de un edificio"},"content":{"rendered":"<h2>Tr\u00e1gico Suceso en Marbella: Fallece un Ni\u00f1o de Cinco A\u00f1os<\/h2>\n<p>En un desafortunado incidente que tuvo lugar en Marbella, un ni\u00f1o de apenas cinco a\u00f1os perdi\u00f3 la vida tras caer desde una considerable altura en un edificio. Los hechos ocurrieron el pasado jueves, conmocionando a la comunidad local y generando un profundo pesar entre los vecinos y conocidos de la familia afectada.<\/p>\n<h3>Detalles del Incidente<\/h3>\n<p>El tr\u00e1gico evento se produjo en horas de la tarde, cuando el peque\u00f1o, por razones que a\u00fan est\u00e1n siendo investigadas, se precipit\u00f3 desde un balc\u00f3n situado en una de las plantas altas del edificio. A pesar de los esfuerzos inmediatos por prestarle auxilio, el ni\u00f1o fue declarado fallecido en el lugar debido a las graves lesiones sufridas.<\/p>\n<h3>Respuesta de los Servicios de Emergencia<\/h3>\n<p>Tan pronto como se report\u00f3 el accidente, los servicios de emergencia se desplazaron r\u00e1pidamente al lugar del suceso. Equipos de param\u00e9dicos, junto con la polic\u00eda local, acudieron para atender la situaci\u00f3n. Aunque los profesionales m\u00e9dicos hicieron todo lo posible por salvar la vida del menor, sus esfuerzos resultaron infructuosos.<\/p>\n<h3>Investigaci\u00f3n en Curso<\/h3>\n<p>Las autoridades han iniciado una investigaci\u00f3n para determinar las circunstancias exactas detr\u00e1s de la ca\u00edda del ni\u00f1o. Se est\u00e1 llevando a cabo un an\u00e1lisis exhaustivo de la escena y se han tomado testimonios de posibles testigos para recabar m\u00e1s informaci\u00f3n. La polic\u00eda mantiene abiertas todas las hip\u00f3tesis, desde un accidente hasta otras posibilidades.<\/p>\n<h3>Reacciones de la Comunidad<\/h3>\n<p>El impacto de esta tragedia ha resonado profundamente en la comunidad de Marbella. Vecinos y conocidos han expresado su conmoci\u00f3n y tristeza, y muchos han comenzado a dejar muestras de condolencia y tributos florales en las inmediaciones del edificio donde ocurri\u00f3 el accidente. La familia del ni\u00f1o, profundamente afectada, ha recibido el apoyo de la comunidad y de grupos de asistencia psicol\u00f3gica.<\/p>\n<p>Este lamentable suceso ha puesto de relieve la importancia de asegurar la seguridad de los ni\u00f1os en entornos dom\u00e9sticos, especialmente en lugares elevados como balcones y ventanas. Adem\u00e1s, ha generado un llamado a revisar las medidas de seguridad en los edificios para prevenir futuros incidentes de esta naturaleza.<\/p>\n<p>La comunidad de Marbella sigue lamentando la p\u00e9rdida del joven ni\u00f1o y espera que la investigaci\u00f3n en curso pueda esclarecer los detalles de este tr\u00e1gico evento, ofreciendo algo de consuelo y respuestas a la familia doliente.<\/p>\n\n\n<div class=\"kk-star-ratings kksr-auto kksr-align-left kksr-valign-bottom\"\n    data-payload='{&quot;align&quot;:&quot;left&quot;,&quot;id&quot;:&quot;1581&quot;,&quot;slug&quot;:&quot;default&quot;,&quot;valign&quot;:&quot;bottom&quot;,&quot;ignore&quot;:&quot;&quot;,&quot;reference&quot;:&quot;auto&quot;,&quot;class&quot;:&quot;&quot;,&quot;count&quot;:&quot;0&quot;,&quot;legendonly&quot;:&quot;&quot;,&quot;readonly&quot;:&quot;&quot;,&quot;score&quot;:&quot;0&quot;,&quot;starsonly&quot;:&quot;&quot;,&quot;best&quot;:&quot;5&quot;,&quot;gap&quot;:&quot;5&quot;,&quot;greet&quot;:&quot;Valora este post&quot;,&quot;legend&quot;:&quot;0\\\/5 - (0 votes)&quot;,&quot;size&quot;:&quot;22&quot;,&quot;title&quot;:&quot;Tragedia en Marbella: Ni\u00f1o de cinco a\u00f1os fallece tras caer de un edificio&quot;,&quot;width&quot;:&quot;0&quot;,&quot;_legend&quot;:&quot;{score}\\\/{best} - ({count} {votes})&quot;,&quot;font_factor&quot;:&quot;1.25&quot;}'>\n            \n<div class=\"kksr-stars\">\n    \n<div class=\"kksr-stars-inactive\">\n            <div class=\"kksr-star\" data-star=\"1\" style=\"padding-right: 5px\">\n            \n\n<div class=\"kksr-icon\" style=\"width: 22px; height: 22px;\"><\/div>\n        <\/div>\n            <div class=\"kksr-star\" data-star=\"2\" style=\"padding-right: 5px\">\n            \n\n<div class=\"kksr-icon\" style=\"width: 22px; height: 22px;\"><\/div>\n        <\/div>\n            <div class=\"kksr-star\" data-star=\"3\" style=\"padding-right: 5px\">\n            \n\n<div class=\"kksr-icon\" style=\"width: 22px; height: 22px;\"><\/div>\n        <\/div>\n            <div class=\"kksr-star\" data-star=\"4\" style=\"padding-right: 5px\">\n            \n\n<div class=\"kksr-icon\" style=\"width: 22px; height: 22px;\"><\/div>\n        <\/div>\n            <div class=\"kksr-star\" data-star=\"5\" style=\"padding-right: 5px\">\n            \n\n<div class=\"kksr-icon\" style=\"width: 22px; height: 22px;\"><\/div>\n        <\/div>\n    <\/div>\n    \n<div class=\"kksr-stars-active\" style=\"width: 0px;\">\n            <div class=\"kksr-star\" style=\"padding-right: 5px\">\n            \n\n<div class=\"kksr-icon\" style=\"width: 22px; height: 22px;\"><\/div>\n        <\/div>\n            <div class=\"kksr-star\" style=\"padding-right: 5px\">\n            \n\n<div class=\"kksr-icon\" style=\"width: 22px; height: 22px;\"><\/div>\n        <\/div>\n            <div class=\"kksr-star\" style=\"padding-right: 5px\">\n            \n\n<div class=\"kksr-icon\" style=\"width: 22px; height: 22px;\"><\/div>\n        <\/div>\n            <div class=\"kksr-star\" style=\"padding-right: 5px\">\n            \n\n<div class=\"kksr-icon\" style=\"width: 22px; height: 22px;\"><\/div>\n        <\/div>\n            <div class=\"kksr-star\" style=\"padding-right: 5px\">\n            \n\n<div class=\"kksr-icon\" style=\"width: 22px; height: 22px;\"><\/div>\n        <\/div>\n    <\/div>\n<\/div>\n                \n\n<div class=\"kksr-legend\" style=\"font-size: 17.6px;\">\n            <span class=\"kksr-muted\">Valora este post<\/span>\n    <\/div>\n    <\/div>\n","protected":false},"excerpt":{"rendered":"<p>Tr\u00e1gico Suceso en Marbella: Fallece un Ni\u00f1o de Cinco A\u00f1os En un desafortunado incidente que tuvo lugar en Marbella, un ni\u00f1o de apenas cinco a\u00f1os perdi\u00f3 &#8230; <a title=\"Tragedia en Marbella: Ni\u00f1o de cinco a\u00f1os fallece tras caer de un edificio\" class=\"read-more\" href=\"https:\/\/www.diario21.tv\/noticias\/tragedia-en-marbella-nino-de-cinco-anos-fallece-tras-caer-de-un-edificio\/\" aria-label=\"Leer m\u00e1s sobre Tragedia en Marbella: Ni\u00f1o de cinco a\u00f1os fallece tras caer de un edificio\">Seguir leyendo &rarr;<\/a><\/p>\n","protected":false},"author":20,"featured_media":1582,"comment_status":"open","ping_status":"open","sticky":false,"template":"","format":"standard","meta":{"footnotes":""},"categories":[13],"tags":[],"class_list":["post-1581","post","type-post","status-publish","format-standard","has-post-thumbnail","hentry","category-portada"],"yoast_head":"<!-- This site is optimized with the Yoast SEO plugin v25.6 - https:\/\/yoast.com\/wordpress\/plugins\/seo\/ -->\n<title>Tragedia en Marbella: Ni\u00f1o de cinco a\u00f1os fallece tras caer de un edificio - Diario 21<\/title>\n<meta name=\"robots\" content=\"index, follow, max-snippet:-1, max-image-preview:large, max-video-preview:-1\" \/>\n<link rel=\"canonical\" href=\"https:\/\/www.diario21.tv\/noticias\/tragedia-en-marbella-nino-de-cinco-anos-fallece-tras-caer-de-un-edificio\/\" \/>\n<meta property=\"og:locale\" content=\"es_ES\" \/>\n<meta property=\"og:type\" content=\"article\" \/>\n<meta property=\"og:title\" content=\"Tragedia en Marbella: Ni\u00f1o de cinco a\u00f1os fallece tras caer de un edificio - Diario 21\" \/>\n<meta property=\"og:description\" content=\"Tr\u00e1gico Suceso en Marbella: Fallece un Ni\u00f1o de Cinco A\u00f1os En un desafortunado incidente que tuvo lugar en Marbella, un ni\u00f1o de apenas cinco a\u00f1os perdi\u00f3 ... Seguir leyendo &rarr;\" \/>\n<meta property=\"og:url\" content=\"https:\/\/www.diario21.tv\/noticias\/tragedia-en-marbella-nino-de-cinco-anos-fallece-tras-caer-de-un-edificio\/\" \/>\n<meta property=\"og:site_name\" content=\"Diario 21\" \/>\n<meta property=\"article:published_time\" content=\"2024-12-23T10:01:01+00:00\" \/>\n<meta property=\"article:modified_time\" content=\"2024-12-23T10:01:02+00:00\" \/>\n<meta property=\"og:image\" content=\"https:\/\/www.diario21.tv\/noticias\/wp-content\/uploads\/2024\/12\/Tragedia-en-Marbella-Nino-de-cinco-anos-fallece-tras-caer.jpg\" \/>\n\t<meta property=\"og:image:width\" content=\"1920\" \/>\n\t<meta property=\"og:image:height\" content=\"1080\" \/>\n\t<meta property=\"og:image:type\" content=\"image\/jpeg\" \/>\n<meta name=\"author\" content=\"Juan P\u00e9rez\" \/>\n<meta name=\"twitter:card\" content=\"summary_large_image\" \/>\n<meta name=\"twitter:label1\" content=\"Escrito por\" \/>\n\t<meta name=\"twitter:data1\" content=\"Juan P\u00e9rez\" \/>\n\t<meta name=\"twitter:label2\" content=\"Tiempo de lectura\" \/>\n\t<meta name=\"twitter:data2\" content=\"2 minutos\" \/>\n<script type=\"application\/ld+json\" class=\"yoast-schema-graph\">{\"@context\":\"https:\/\/schema.org\",\"@graph\":[{\"@type\":\"WebPage\",\"@id\":\"https:\/\/www.diario21.tv\/noticias\/tragedia-en-marbella-nino-de-cinco-anos-fallece-tras-caer-de-un-edificio\/\",\"url\":\"https:\/\/www.diario21.tv\/noticias\/tragedia-en-marbella-nino-de-cinco-anos-fallece-tras-caer-de-un-edificio\/\",\"name\":\"Tragedia en Marbella: Ni\u00f1o de cinco a\u00f1os fallece tras caer de un edificio - Diario 21\",\"isPartOf\":{\"@id\":\"https:\/\/www.diario21.tv\/noticias\/#website\"},\"primaryImageOfPage\":{\"@id\":\"https:\/\/www.diario21.tv\/noticias\/tragedia-en-marbella-nino-de-cinco-anos-fallece-tras-caer-de-un-edificio\/#primaryimage\"},\"image\":{\"@id\":\"https:\/\/www.diario21.tv\/noticias\/tragedia-en-marbella-nino-de-cinco-anos-fallece-tras-caer-de-un-edificio\/#primaryimage\"},\"thumbnailUrl\":\"https:\/\/www.diario21.tv\/noticias\/wp-content\/uploads\/2024\/12\/Tragedia-en-Marbella-Nino-de-cinco-anos-fallece-tras-caer.jpg\",\"datePublished\":\"2024-12-23T10:01:01+00:00\",\"dateModified\":\"2024-12-23T10:01:02+00:00\",\"author\":{\"@id\":\"https:\/\/www.diario21.tv\/noticias\/#\/schema\/person\/dfb778f73814d8f09f302618446a526b\"},\"breadcrumb\":{\"@id\":\"https:\/\/www.diario21.tv\/noticias\/tragedia-en-marbella-nino-de-cinco-anos-fallece-tras-caer-de-un-edificio\/#breadcrumb\"},\"inLanguage\":\"es-AR\",\"potentialAction\":[{\"@type\":\"ReadAction\",\"target\":[\"https:\/\/www.diario21.tv\/noticias\/tragedia-en-marbella-nino-de-cinco-anos-fallece-tras-caer-de-un-edificio\/\"]}]},{\"@type\":\"ImageObject\",\"inLanguage\":\"es-AR\",\"@id\":\"https:\/\/www.diario21.tv\/noticias\/tragedia-en-marbella-nino-de-cinco-anos-fallece-tras-caer-de-un-edificio\/#primaryimage\",\"url\":\"https:\/\/www.diario21.tv\/noticias\/wp-content\/uploads\/2024\/12\/Tragedia-en-Marbella-Nino-de-cinco-anos-fallece-tras-caer.jpg\",\"contentUrl\":\"https:\/\/www.diario21.tv\/noticias\/wp-content\/uploads\/2024\/12\/Tragedia-en-Marbella-Nino-de-cinco-anos-fallece-tras-caer.jpg\",\"width\":1920,\"height\":1080,\"caption\":\"Muere un ni\u00f1o de cinco a\u00f1os al precipitarse desde un edificio en Marbella\"},{\"@type\":\"BreadcrumbList\",\"@id\":\"https:\/\/www.diario21.tv\/noticias\/tragedia-en-marbella-nino-de-cinco-anos-fallece-tras-caer-de-un-edificio\/#breadcrumb\",\"itemListElement\":[{\"@type\":\"ListItem\",\"position\":1,\"name\":\"Accueil\",\"item\":\"https:\/\/www.diario21.tv\/noticias\/\"},{\"@type\":\"ListItem\",\"position\":2,\"name\":\"Tragedia en Marbella: Ni\u00f1o de cinco a\u00f1os fallece tras caer de un edificio\"}]},{\"@type\":\"WebSite\",\"@id\":\"https:\/\/www.diario21.tv\/noticias\/#website\",\"url\":\"https:\/\/www.diario21.tv\/noticias\/\",\"name\":\"Diario 21\",\"description\":\"\",\"potentialAction\":[{\"@type\":\"SearchAction\",\"target\":{\"@type\":\"EntryPoint\",\"urlTemplate\":\"https:\/\/www.diario21.tv\/noticias\/?s={search_term_string}\"},\"query-input\":{\"@type\":\"PropertyValueSpecification\",\"valueRequired\":true,\"valueName\":\"search_term_string\"}}],\"inLanguage\":\"es-AR\"},{\"@type\":\"Person\",\"@id\":\"https:\/\/www.diario21.tv\/noticias\/#\/schema\/person\/dfb778f73814d8f09f302618446a526b\",\"name\":\"Juan P\u00e9rez\",\"image\":{\"@type\":\"ImageObject\",\"inLanguage\":\"es-AR\",\"@id\":\"https:\/\/www.diario21.tv\/noticias\/#\/schema\/person\/image\/\",\"url\":\"https:\/\/secure.gravatar.com\/avatar\/c478a405bd10621167f4c3167cc770f5?s=96&d=mm&r=g\",\"contentUrl\":\"https:\/\/secure.gravatar.com\/avatar\/c478a405bd10621167f4c3167cc770f5?s=96&d=mm&r=g\",\"caption\":\"Juan P\u00e9rez\"},\"description\":\"Juan P\u00e9rez es el redactor en jefe de Diario 21. Con m\u00e1s de 10 a\u00f1os de experiencia en el periodismo, se especializa en pol\u00edtica nacional y an\u00e1lisis socioecon\u00f3mico. Su enfoque cr\u00edtico y riguroso aporta una perspectiva \u00fanica a cada art\u00edculo.\",\"sameAs\":[\"https:\/\/www.diario21.tv\/noticias\/\"],\"url\":\"https:\/\/www.diario21.tv\/noticias\/author\/juan-perez\/\"}]}<\/script>\n<!-- \/ Yoast SEO plugin. -->","yoast_head_json":{"title":"Tragedia en Marbella: Ni\u00f1o de cinco a\u00f1os fallece tras caer de un edificio - Diario 21","robots":{"index":"index","follow":"follow","max-snippet":"max-snippet:-1","max-image-preview":"max-image-preview:large","max-video-preview":"max-video-preview:-1"},"canonical":"https:\/\/www.diario21.tv\/noticias\/tragedia-en-marbella-nino-de-cinco-anos-fallece-tras-caer-de-un-edificio\/","og_locale":"es_ES","og_type":"article","og_title":"Tragedia en Marbella: Ni\u00f1o de cinco a\u00f1os fallece tras caer de un edificio - Diario 21","og_description":"Tr\u00e1gico Suceso en Marbella: Fallece un Ni\u00f1o de Cinco A\u00f1os En un desafortunado incidente que tuvo lugar en Marbella, un ni\u00f1o de apenas cinco a\u00f1os perdi\u00f3 ... Seguir leyendo &rarr;","og_url":"https:\/\/www.diario21.tv\/noticias\/tragedia-en-marbella-nino-de-cinco-anos-fallece-tras-caer-de-un-edificio\/","og_site_name":"Diario 21","article_published_time":"2024-12-23T10:01:01+00:00","article_modified_time":"2024-12-23T10:01:02+00:00","og_image":[{"width":1920,"height":1080,"url":"https:\/\/www.diario21.tv\/noticias\/wp-content\/uploads\/2024\/12\/Tragedia-en-Marbella-Nino-de-cinco-anos-fallece-tras-caer.jpg","type":"image\/jpeg"}],"author":"Juan P\u00e9rez","twitter_card":"summary_large_image","twitter_misc":{"Escrito por":"Juan P\u00e9rez","Tiempo de lectura":"2 minutos"},"schema":{"@context":"https:\/\/schema.org","@graph":[{"@type":"WebPage","@id":"https:\/\/www.diario21.tv\/noticias\/tragedia-en-marbella-nino-de-cinco-anos-fallece-tras-caer-de-un-edificio\/","url":"https:\/\/www.diario21.tv\/noticias\/tragedia-en-marbella-nino-de-cinco-anos-fallece-tras-caer-de-un-edificio\/","name":"Tragedia en Marbella: Ni\u00f1o de cinco a\u00f1os fallece tras caer de un edificio - Diario 21","isPartOf":{"@id":"https:\/\/www.diario21.tv\/noticias\/#website"},"primaryImageOfPage":{"@id":"https:\/\/www.diario21.tv\/noticias\/tragedia-en-marbella-nino-de-cinco-anos-fallece-tras-caer-de-un-edificio\/#primaryimage"},"image":{"@id":"https:\/\/www.diario21.tv\/noticias\/tragedia-en-marbella-nino-de-cinco-anos-fallece-tras-caer-de-un-edificio\/#primaryimage"},"thumbnailUrl":"https:\/\/www.diario21.tv\/noticias\/wp-content\/uploads\/2024\/12\/Tragedia-en-Marbella-Nino-de-cinco-anos-fallece-tras-caer.jpg","datePublished":"2024-12-23T10:01:01+00:00","dateModified":"2024-12-23T10:01:02+00:00","author":{"@id":"https:\/\/www.diario21.tv\/noticias\/#\/schema\/person\/dfb778f73814d8f09f302618446a526b"},"breadcrumb":{"@id":"https:\/\/www.diario21.tv\/noticias\/tragedia-en-marbella-nino-de-cinco-anos-fallece-tras-caer-de-un-edificio\/#breadcrumb"},"inLanguage":"es-AR","potentialAction":[{"@type":"ReadAction","target":["https:\/\/www.diario21.tv\/noticias\/tragedia-en-marbella-nino-de-cinco-anos-fallece-tras-caer-de-un-edificio\/"]}]},{"@type":"ImageObject","inLanguage":"es-AR","@id":"https:\/\/www.diario21.tv\/noticias\/tragedia-en-marbella-nino-de-cinco-anos-fallece-tras-caer-de-un-edificio\/#primaryimage","url":"https:\/\/www.diario21.tv\/noticias\/wp-content\/uploads\/2024\/12\/Tragedia-en-Marbella-Nino-de-cinco-anos-fallece-tras-caer.jpg","contentUrl":"https:\/\/www.diario21.tv\/noticias\/wp-content\/uploads\/2024\/12\/Tragedia-en-Marbella-Nino-de-cinco-anos-fallece-tras-caer.jpg","width":1920,"height":1080,"caption":"Muere un ni\u00f1o de cinco a\u00f1os al precipitarse desde un edificio en Marbella"},{"@type":"BreadcrumbList","@id":"https:\/\/www.diario21.tv\/noticias\/tragedia-en-marbella-nino-de-cinco-anos-fallece-tras-caer-de-un-edificio\/#breadcrumb","itemListElement":[{"@type":"ListItem","position":1,"name":"Accueil","item":"https:\/\/www.diario21.tv\/noticias\/"},{"@type":"ListItem","position":2,"name":"Tragedia en Marbella: Ni\u00f1o de cinco a\u00f1os fallece tras caer de un edificio"}]},{"@type":"WebSite","@id":"https:\/\/www.diario21.tv\/noticias\/#website","url":"https:\/\/www.diario21.tv\/noticias\/","name":"Diario 21","description":"","potentialAction":[{"@type":"SearchAction","target":{"@type":"EntryPoint","urlTemplate":"https:\/\/www.diario21.tv\/noticias\/?s={search_term_string}"},"query-input":{"@type":"PropertyValueSpecification","valueRequired":true,"valueName":"search_term_string"}}],"inLanguage":"es-AR"},{"@type":"Person","@id":"https:\/\/www.diario21.tv\/noticias\/#\/schema\/person\/dfb778f73814d8f09f302618446a526b","name":"Juan P\u00e9rez","image":{"@type":"ImageObject","inLanguage":"es-AR","@id":"https:\/\/www.diario21.tv\/noticias\/#\/schema\/person\/image\/","url":"https:\/\/secure.gravatar.com\/avatar\/c478a405bd10621167f4c3167cc770f5?s=96&d=mm&r=g","contentUrl":"https:\/\/secure.gravatar.com\/avatar\/c478a405bd10621167f4c3167cc770f5?s=96&d=mm&r=g","caption":"Juan P\u00e9rez"},"description":"Juan P\u00e9rez es el redactor en jefe de Diario 21. Con m\u00e1s de 10 a\u00f1os de experiencia en el periodismo, se especializa en pol\u00edtica nacional y an\u00e1lisis socioecon\u00f3mico. Su enfoque cr\u00edtico y riguroso aporta una perspectiva \u00fanica a cada art\u00edculo.","sameAs":["https:\/\/www.diario21.tv\/noticias\/"],"url":"https:\/\/www.diario21.tv\/noticias\/author\/juan-perez\/"}]}},"_links":{"self":[{"href":"https:\/\/www.diario21.tv\/noticias\/wp-json\/wp\/v2\/posts\/1581"}],"collection":[{"href":"https:\/\/www.diario21.tv\/noticias\/wp-json\/wp\/v2\/posts"}],"about":[{"href":"https:\/\/www.diario21.tv\/noticias\/wp-json\/wp\/v2\/types\/post"}],"author":[{"embeddable":true,"href":"https:\/\/www.diario21.tv\/noticias\/wp-json\/wp\/v2\/users\/20"}],"replies":[{"embeddable":true,"href":"https:\/\/www.diario21.tv\/noticias\/wp-json\/wp\/v2\/comments?post=1581"}],"version-history":[{"count":1,"href":"https:\/\/www.diario21.tv\/noticias\/wp-json\/wp\/v2\/posts\/1581\/revisions"}],"predecessor-version":[{"id":1583,"href":"https:\/\/www.diario21.tv\/noticias\/wp-json\/wp\/v2\/posts\/1581\/revisions\/1583"}],"wp:featuredmedia":[{"embeddable":true,"href":"https:\/\/www.diario21.tv\/noticias\/wp-json\/wp\/v2\/media\/1582"}],"wp:attachment":[{"href":"https:\/\/www.diario21.tv\/noticias\/wp-json\/wp\/v2\/media?parent=1581"}],"wp:term":[{"taxonomy":"category","embeddable":true,"href":"https:\/\/www.diario21.tv\/noticias\/wp-json\/wp\/v2\/categories?post=1581"},{"taxonomy":"post_tag","embeddable":true,"href":"https:\/\/www.diario21.tv\/noticias\/wp-json\/wp\/v2\/tags?post=1581"}],"curies":[{"name":"wp","href":"https:\/\/api.w.org\/{rel}","templated":true}]}}