{"id":1567,"date":"2024-12-21T18:11:55","date_gmt":"2024-12-21T18:11:55","guid":{"rendered":"https:\/\/www.diario21.tv\/noticias\/descubre-la-solucion-de-mercadona-para-cenas-navidenas-faciles-y-deliciosas\/"},"modified":"2024-12-21T18:11:57","modified_gmt":"2024-12-21T18:11:57","slug":"descubre-la-solucion-de-mercadona-para-cenas-navidenas-faciles-y-deliciosas","status":"publish","type":"post","link":"https:\/\/www.diario21.tv\/noticias\/descubre-la-solucion-de-mercadona-para-cenas-navidenas-faciles-y-deliciosas\/","title":{"rendered":"\u00a1Descubre la soluci\u00f3n de Mercadona para cenas navide\u00f1as f\u00e1ciles y deliciosas!"},"content":{"rendered":"<h2>Descubre la Propuesta de Mercadona para unas Cenas Navide\u00f1as Sencillas<\/h2>\n<p>Cuando se acercan las festividades, uno de los grandes retos es preparar cenas que impresionen a los invitados sin requerir un esfuerzo descomunal. Mercadona ha pensado en esto y ofrece una variedad de productos que prometen convertir cualquier cena navide\u00f1a en un evento memorable y sin complicaciones.<\/p>\n<h3>Variedad de Platos Preparados<\/h3>\n<p>Mercadona ha ampliado su gama de platos listos para consumir, ideales para aquellos que buscan soluciones pr\u00e1cticas durante estas fechas tan atareadas. Desde entrantes hasta platos principales, la cadena de supermercados ofrece opciones que solo requieren ser calentadas antes de servir. Esta es una excelente noticia para quienes desean disfrutar m\u00e1s tiempo con la familia y menos tiempo en la cocina.<\/p>\n<h3>Calidad y Sabor a Buen Precio<\/h3>\n<p>No solo la comodidad es un factor a destacar, sino tambi\u00e9n la calidad y el sabor de los productos. Mercadona colabora con proveedores locales para asegurar que los ingredientes sean de primera, garantizando platos de gran sabor a precios accesibles. Esta combinaci\u00f3n permite a los consumidores ofrecer cenas de lujo sin vaciar sus bolsillos.<\/p>\n<h3>Opciones para Todos los Gustos<\/h3>\n<p>Entre las opciones disponibles, se encuentran platos que van desde tradicionales hasta innovadores, asegurando satisfacer los paladares m\u00e1s variados. Los cl\u00e1sicos como el pavo relleno y el cordero asado se hacen presentes, pero tambi\u00e9n hay alternativas m\u00e1s ligeras y opciones vegetarianas, demostrando que Mercadona piensa en todos sus clientes.<\/p>\n<h3>Facilidad de Preparaci\u00f3n<\/h3>\n<p>Uno de los mayores atractivos de la oferta de Mercadona es la facilidad de preparaci\u00f3n de los platos. La mayor\u00eda de las opciones s\u00f3lo requieren ser calentadas, y las instrucciones claras en los empaques facilitan a\u00fan m\u00e1s el proceso. Esto es ideal para quienes no tienen mucha experiencia en la cocina o simplemente quieren evitar el estr\u00e9s que a menudo acompa\u00f1a a la preparaci\u00f3n de grandes cenas.<\/p>\n<h3>Disponibilidad y Acceso<\/h3>\n<p>Todos estos productos est\u00e1n disponibles en las tiendas Mercadona a lo largo del pa\u00eds. La cadena ha asegurado tener suficiente stock para responder a la alta demanda durante la temporada navide\u00f1a. Adem\u00e1s, Mercadona ha hecho esfuerzos para mantener los estantes bien surtidos y ampliar sus horarios en d\u00edas seleccionados, asegurando que m\u00e1s clientes puedan acceder a sus productos en los momentos m\u00e1s convenidos.<\/p>\n<h3>Conclusi\u00f3n<\/h3>\n<p>La propuesta de Mercadona para las cenas de Navidad es clara: disfrutar de platos deliciosos, con calidad de restaurante, sin necesidad de pasar horas en la cocina. Esta temporada, Mercadona se convierte en el aliado perfecto para aquellos que buscan impresionar a sus invitados mientras disfrutan de m\u00e1s tiempo en compa\u00f1\u00eda de seres queridos, todo gracias a su enfoque en la calidad, la variedad y la conveniencia.<\/p>\n\n\n<div class=\"kk-star-ratings kksr-auto kksr-align-left kksr-valign-bottom\"\n    data-payload='{&quot;align&quot;:&quot;left&quot;,&quot;id&quot;:&quot;1567&quot;,&quot;slug&quot;:&quot;default&quot;,&quot;valign&quot;:&quot;bottom&quot;,&quot;ignore&quot;:&quot;&quot;,&quot;reference&quot;:&quot;auto&quot;,&quot;class&quot;:&quot;&quot;,&quot;count&quot;:&quot;0&quot;,&quot;legendonly&quot;:&quot;&quot;,&quot;readonly&quot;:&quot;&quot;,&quot;score&quot;:&quot;0&quot;,&quot;starsonly&quot;:&quot;&quot;,&quot;best&quot;:&quot;5&quot;,&quot;gap&quot;:&quot;5&quot;,&quot;greet&quot;:&quot;Valora este post&quot;,&quot;legend&quot;:&quot;0\\\/5 - (0 votes)&quot;,&quot;size&quot;:&quot;22&quot;,&quot;title&quot;:&quot;\u00a1Descubre la soluci\u00f3n de Mercadona para cenas navide\u00f1as f\u00e1ciles y deliciosas!&quot;,&quot;width&quot;:&quot;0&quot;,&quot;_legend&quot;:&quot;{score}\\\/{best} - ({count} {votes})&quot;,&quot;font_factor&quot;:&quot;1.25&quot;}'>\n            \n<div class=\"kksr-stars\">\n    \n<div class=\"kksr-stars-inactive\">\n            <div class=\"kksr-star\" data-star=\"1\" style=\"padding-right: 5px\">\n            \n\n<div class=\"kksr-icon\" style=\"width: 22px; height: 22px;\"><\/div>\n        <\/div>\n            <div class=\"kksr-star\" data-star=\"2\" style=\"padding-right: 5px\">\n            \n\n<div class=\"kksr-icon\" style=\"width: 22px; height: 22px;\"><\/div>\n        <\/div>\n            <div class=\"kksr-star\" data-star=\"3\" style=\"padding-right: 5px\">\n            \n\n<div class=\"kksr-icon\" style=\"width: 22px; height: 22px;\"><\/div>\n        <\/div>\n            <div class=\"kksr-star\" data-star=\"4\" style=\"padding-right: 5px\">\n            \n\n<div class=\"kksr-icon\" style=\"width: 22px; height: 22px;\"><\/div>\n        <\/div>\n            <div class=\"kksr-star\" data-star=\"5\" style=\"padding-right: 5px\">\n            \n\n<div class=\"kksr-icon\" style=\"width: 22px; height: 22px;\"><\/div>\n        <\/div>\n    <\/div>\n    \n<div class=\"kksr-stars-active\" style=\"width: 0px;\">\n            <div class=\"kksr-star\" style=\"padding-right: 5px\">\n            \n\n<div class=\"kksr-icon\" style=\"width: 22px; height: 22px;\"><\/div>\n        <\/div>\n            <div class=\"kksr-star\" style=\"padding-right: 5px\">\n            \n\n<div class=\"kksr-icon\" style=\"width: 22px; height: 22px;\"><\/div>\n        <\/div>\n            <div class=\"kksr-star\" style=\"padding-right: 5px\">\n            \n\n<div class=\"kksr-icon\" style=\"width: 22px; height: 22px;\"><\/div>\n        <\/div>\n            <div class=\"kksr-star\" style=\"padding-right: 5px\">\n            \n\n<div class=\"kksr-icon\" style=\"width: 22px; height: 22px;\"><\/div>\n        <\/div>\n            <div class=\"kksr-star\" style=\"padding-right: 5px\">\n            \n\n<div class=\"kksr-icon\" style=\"width: 22px; height: 22px;\"><\/div>\n        <\/div>\n    <\/div>\n<\/div>\n                \n\n<div class=\"kksr-legend\" style=\"font-size: 17.6px;\">\n            <span class=\"kksr-muted\">Valora este post<\/span>\n    <\/div>\n    <\/div>\n","protected":false},"excerpt":{"rendered":"<p>Descubre la Propuesta de Mercadona para unas Cenas Navide\u00f1as Sencillas Cuando se acercan las festividades, uno de los grandes retos es preparar cenas que impresionen a &#8230; <a title=\"\u00a1Descubre la soluci\u00f3n de Mercadona para cenas navide\u00f1as f\u00e1ciles y deliciosas!\" class=\"read-more\" href=\"https:\/\/www.diario21.tv\/noticias\/descubre-la-solucion-de-mercadona-para-cenas-navidenas-faciles-y-deliciosas\/\" aria-label=\"Leer m\u00e1s sobre \u00a1Descubre la soluci\u00f3n de Mercadona para cenas navide\u00f1as f\u00e1ciles y deliciosas!\">Seguir leyendo &rarr;<\/a><\/p>\n","protected":false},"author":20,"featured_media":1568,"comment_status":"open","ping_status":"open","sticky":false,"template":"","format":"standard","meta":{"footnotes":""},"categories":[13],"tags":[],"class_list":["post-1567","post","type-post","status-publish","format-standard","has-post-thumbnail","hentry","category-portada"],"yoast_head":"<!-- This site is optimized with the Yoast SEO plugin v25.6 - https:\/\/yoast.com\/wordpress\/plugins\/seo\/ -->\n<title>\u00a1Descubre la soluci\u00f3n de Mercadona para cenas navide\u00f1as f\u00e1ciles y deliciosas! - Diario 21<\/title>\n<meta name=\"robots\" content=\"index, follow, max-snippet:-1, max-image-preview:large, max-video-preview:-1\" \/>\n<link rel=\"canonical\" href=\"https:\/\/www.diario21.tv\/noticias\/descubre-la-solucion-de-mercadona-para-cenas-navidenas-faciles-y-deliciosas\/\" \/>\n<meta property=\"og:locale\" content=\"es_ES\" \/>\n<meta property=\"og:type\" content=\"article\" \/>\n<meta property=\"og:title\" content=\"\u00a1Descubre la soluci\u00f3n de Mercadona para cenas navide\u00f1as f\u00e1ciles y deliciosas! - Diario 21\" \/>\n<meta property=\"og:description\" content=\"Descubre la Propuesta de Mercadona para unas Cenas Navide\u00f1as Sencillas Cuando se acercan las festividades, uno de los grandes retos es preparar cenas que impresionen a ... Seguir leyendo &rarr;\" \/>\n<meta property=\"og:url\" content=\"https:\/\/www.diario21.tv\/noticias\/descubre-la-solucion-de-mercadona-para-cenas-navidenas-faciles-y-deliciosas\/\" \/>\n<meta property=\"og:site_name\" content=\"Diario 21\" \/>\n<meta property=\"article:published_time\" content=\"2024-12-21T18:11:55+00:00\" \/>\n<meta property=\"article:modified_time\" content=\"2024-12-21T18:11:57+00:00\" \/>\n<meta property=\"og:image\" content=\"https:\/\/www.diario21.tv\/noticias\/wp-content\/uploads\/2024\/12\/\u00a1Descubre-la-solucion-de-Mercadona-para-cenas-navidenas-faciles-y.jpg\" \/>\n\t<meta property=\"og:image:width\" content=\"1920\" \/>\n\t<meta property=\"og:image:height\" content=\"1080\" \/>\n\t<meta property=\"og:image:type\" content=\"image\/jpeg\" \/>\n<meta name=\"author\" content=\"Juan P\u00e9rez\" \/>\n<meta name=\"twitter:card\" content=\"summary_large_image\" \/>\n<meta name=\"twitter:label1\" content=\"Escrito por\" \/>\n\t<meta name=\"twitter:data1\" content=\"Juan P\u00e9rez\" \/>\n\t<meta name=\"twitter:label2\" content=\"Tiempo de lectura\" \/>\n\t<meta name=\"twitter:data2\" content=\"2 minutos\" \/>\n<script type=\"application\/ld+json\" class=\"yoast-schema-graph\">{\"@context\":\"https:\/\/schema.org\",\"@graph\":[{\"@type\":\"WebPage\",\"@id\":\"https:\/\/www.diario21.tv\/noticias\/descubre-la-solucion-de-mercadona-para-cenas-navidenas-faciles-y-deliciosas\/\",\"url\":\"https:\/\/www.diario21.tv\/noticias\/descubre-la-solucion-de-mercadona-para-cenas-navidenas-faciles-y-deliciosas\/\",\"name\":\"\u00a1Descubre la soluci\u00f3n de Mercadona para cenas navide\u00f1as f\u00e1ciles y deliciosas! - Diario 21\",\"isPartOf\":{\"@id\":\"https:\/\/www.diario21.tv\/noticias\/#website\"},\"primaryImageOfPage\":{\"@id\":\"https:\/\/www.diario21.tv\/noticias\/descubre-la-solucion-de-mercadona-para-cenas-navidenas-faciles-y-deliciosas\/#primaryimage\"},\"image\":{\"@id\":\"https:\/\/www.diario21.tv\/noticias\/descubre-la-solucion-de-mercadona-para-cenas-navidenas-faciles-y-deliciosas\/#primaryimage\"},\"thumbnailUrl\":\"https:\/\/www.diario21.tv\/noticias\/wp-content\/uploads\/2024\/12\/\u00a1Descubre-la-solucion-de-Mercadona-para-cenas-navidenas-faciles-y.jpg\",\"datePublished\":\"2024-12-21T18:11:55+00:00\",\"dateModified\":\"2024-12-21T18:11:57+00:00\",\"author\":{\"@id\":\"https:\/\/www.diario21.tv\/noticias\/#\/schema\/person\/dfb778f73814d8f09f302618446a526b\"},\"breadcrumb\":{\"@id\":\"https:\/\/www.diario21.tv\/noticias\/descubre-la-solucion-de-mercadona-para-cenas-navidenas-faciles-y-deliciosas\/#breadcrumb\"},\"inLanguage\":\"es-AR\",\"potentialAction\":[{\"@type\":\"ReadAction\",\"target\":[\"https:\/\/www.diario21.tv\/noticias\/descubre-la-solucion-de-mercadona-para-cenas-navidenas-faciles-y-deliciosas\/\"]}]},{\"@type\":\"ImageObject\",\"inLanguage\":\"es-AR\",\"@id\":\"https:\/\/www.diario21.tv\/noticias\/descubre-la-solucion-de-mercadona-para-cenas-navidenas-faciles-y-deliciosas\/#primaryimage\",\"url\":\"https:\/\/www.diario21.tv\/noticias\/wp-content\/uploads\/2024\/12\/\u00a1Descubre-la-solucion-de-Mercadona-para-cenas-navidenas-faciles-y.jpg\",\"contentUrl\":\"https:\/\/www.diario21.tv\/noticias\/wp-content\/uploads\/2024\/12\/\u00a1Descubre-la-solucion-de-Mercadona-para-cenas-navidenas-faciles-y.jpg\",\"width\":1920,\"height\":1080,\"caption\":\"Mercadona tiene la soluci\u00f3n perfecta para tus cenas de Navidad sin complicaciones\"},{\"@type\":\"BreadcrumbList\",\"@id\":\"https:\/\/www.diario21.tv\/noticias\/descubre-la-solucion-de-mercadona-para-cenas-navidenas-faciles-y-deliciosas\/#breadcrumb\",\"itemListElement\":[{\"@type\":\"ListItem\",\"position\":1,\"name\":\"Accueil\",\"item\":\"https:\/\/www.diario21.tv\/noticias\/\"},{\"@type\":\"ListItem\",\"position\":2,\"name\":\"\u00a1Descubre la soluci\u00f3n de Mercadona para cenas navide\u00f1as f\u00e1ciles y deliciosas!\"}]},{\"@type\":\"WebSite\",\"@id\":\"https:\/\/www.diario21.tv\/noticias\/#website\",\"url\":\"https:\/\/www.diario21.tv\/noticias\/\",\"name\":\"Diario 21\",\"description\":\"\",\"potentialAction\":[{\"@type\":\"SearchAction\",\"target\":{\"@type\":\"EntryPoint\",\"urlTemplate\":\"https:\/\/www.diario21.tv\/noticias\/?s={search_term_string}\"},\"query-input\":{\"@type\":\"PropertyValueSpecification\",\"valueRequired\":true,\"valueName\":\"search_term_string\"}}],\"inLanguage\":\"es-AR\"},{\"@type\":\"Person\",\"@id\":\"https:\/\/www.diario21.tv\/noticias\/#\/schema\/person\/dfb778f73814d8f09f302618446a526b\",\"name\":\"Juan P\u00e9rez\",\"image\":{\"@type\":\"ImageObject\",\"inLanguage\":\"es-AR\",\"@id\":\"https:\/\/www.diario21.tv\/noticias\/#\/schema\/person\/image\/\",\"url\":\"https:\/\/secure.gravatar.com\/avatar\/c478a405bd10621167f4c3167cc770f5?s=96&d=mm&r=g\",\"contentUrl\":\"https:\/\/secure.gravatar.com\/avatar\/c478a405bd10621167f4c3167cc770f5?s=96&d=mm&r=g\",\"caption\":\"Juan P\u00e9rez\"},\"description\":\"Juan P\u00e9rez es el redactor en jefe de Diario 21. Con m\u00e1s de 10 a\u00f1os de experiencia en el periodismo, se especializa en pol\u00edtica nacional y an\u00e1lisis socioecon\u00f3mico. Su enfoque cr\u00edtico y riguroso aporta una perspectiva \u00fanica a cada art\u00edculo.\",\"sameAs\":[\"https:\/\/www.diario21.tv\/noticias\/\"],\"url\":\"https:\/\/www.diario21.tv\/noticias\/author\/juan-perez\/\"}]}<\/script>\n<!-- \/ Yoast SEO plugin. -->","yoast_head_json":{"title":"\u00a1Descubre la soluci\u00f3n de Mercadona para cenas navide\u00f1as f\u00e1ciles y deliciosas! - Diario 21","robots":{"index":"index","follow":"follow","max-snippet":"max-snippet:-1","max-image-preview":"max-image-preview:large","max-video-preview":"max-video-preview:-1"},"canonical":"https:\/\/www.diario21.tv\/noticias\/descubre-la-solucion-de-mercadona-para-cenas-navidenas-faciles-y-deliciosas\/","og_locale":"es_ES","og_type":"article","og_title":"\u00a1Descubre la soluci\u00f3n de Mercadona para cenas navide\u00f1as f\u00e1ciles y deliciosas! - Diario 21","og_description":"Descubre la Propuesta de Mercadona para unas Cenas Navide\u00f1as Sencillas Cuando se acercan las festividades, uno de los grandes retos es preparar cenas que impresionen a ... Seguir leyendo &rarr;","og_url":"https:\/\/www.diario21.tv\/noticias\/descubre-la-solucion-de-mercadona-para-cenas-navidenas-faciles-y-deliciosas\/","og_site_name":"Diario 21","article_published_time":"2024-12-21T18:11:55+00:00","article_modified_time":"2024-12-21T18:11:57+00:00","og_image":[{"width":1920,"height":1080,"url":"https:\/\/www.diario21.tv\/noticias\/wp-content\/uploads\/2024\/12\/\u00a1Descubre-la-solucion-de-Mercadona-para-cenas-navidenas-faciles-y.jpg","type":"image\/jpeg"}],"author":"Juan P\u00e9rez","twitter_card":"summary_large_image","twitter_misc":{"Escrito por":"Juan P\u00e9rez","Tiempo de lectura":"2 minutos"},"schema":{"@context":"https:\/\/schema.org","@graph":[{"@type":"WebPage","@id":"https:\/\/www.diario21.tv\/noticias\/descubre-la-solucion-de-mercadona-para-cenas-navidenas-faciles-y-deliciosas\/","url":"https:\/\/www.diario21.tv\/noticias\/descubre-la-solucion-de-mercadona-para-cenas-navidenas-faciles-y-deliciosas\/","name":"\u00a1Descubre la soluci\u00f3n de Mercadona para cenas navide\u00f1as f\u00e1ciles y deliciosas! - Diario 21","isPartOf":{"@id":"https:\/\/www.diario21.tv\/noticias\/#website"},"primaryImageOfPage":{"@id":"https:\/\/www.diario21.tv\/noticias\/descubre-la-solucion-de-mercadona-para-cenas-navidenas-faciles-y-deliciosas\/#primaryimage"},"image":{"@id":"https:\/\/www.diario21.tv\/noticias\/descubre-la-solucion-de-mercadona-para-cenas-navidenas-faciles-y-deliciosas\/#primaryimage"},"thumbnailUrl":"https:\/\/www.diario21.tv\/noticias\/wp-content\/uploads\/2024\/12\/\u00a1Descubre-la-solucion-de-Mercadona-para-cenas-navidenas-faciles-y.jpg","datePublished":"2024-12-21T18:11:55+00:00","dateModified":"2024-12-21T18:11:57+00:00","author":{"@id":"https:\/\/www.diario21.tv\/noticias\/#\/schema\/person\/dfb778f73814d8f09f302618446a526b"},"breadcrumb":{"@id":"https:\/\/www.diario21.tv\/noticias\/descubre-la-solucion-de-mercadona-para-cenas-navidenas-faciles-y-deliciosas\/#breadcrumb"},"inLanguage":"es-AR","potentialAction":[{"@type":"ReadAction","target":["https:\/\/www.diario21.tv\/noticias\/descubre-la-solucion-de-mercadona-para-cenas-navidenas-faciles-y-deliciosas\/"]}]},{"@type":"ImageObject","inLanguage":"es-AR","@id":"https:\/\/www.diario21.tv\/noticias\/descubre-la-solucion-de-mercadona-para-cenas-navidenas-faciles-y-deliciosas\/#primaryimage","url":"https:\/\/www.diario21.tv\/noticias\/wp-content\/uploads\/2024\/12\/\u00a1Descubre-la-solucion-de-Mercadona-para-cenas-navidenas-faciles-y.jpg","contentUrl":"https:\/\/www.diario21.tv\/noticias\/wp-content\/uploads\/2024\/12\/\u00a1Descubre-la-solucion-de-Mercadona-para-cenas-navidenas-faciles-y.jpg","width":1920,"height":1080,"caption":"Mercadona tiene la soluci\u00f3n perfecta para tus cenas de Navidad sin complicaciones"},{"@type":"BreadcrumbList","@id":"https:\/\/www.diario21.tv\/noticias\/descubre-la-solucion-de-mercadona-para-cenas-navidenas-faciles-y-deliciosas\/#breadcrumb","itemListElement":[{"@type":"ListItem","position":1,"name":"Accueil","item":"https:\/\/www.diario21.tv\/noticias\/"},{"@type":"ListItem","position":2,"name":"\u00a1Descubre la soluci\u00f3n de Mercadona para cenas navide\u00f1as f\u00e1ciles y deliciosas!"}]},{"@type":"WebSite","@id":"https:\/\/www.diario21.tv\/noticias\/#website","url":"https:\/\/www.diario21.tv\/noticias\/","name":"Diario 21","description":"","potentialAction":[{"@type":"SearchAction","target":{"@type":"EntryPoint","urlTemplate":"https:\/\/www.diario21.tv\/noticias\/?s={search_term_string}"},"query-input":{"@type":"PropertyValueSpecification","valueRequired":true,"valueName":"search_term_string"}}],"inLanguage":"es-AR"},{"@type":"Person","@id":"https:\/\/www.diario21.tv\/noticias\/#\/schema\/person\/dfb778f73814d8f09f302618446a526b","name":"Juan P\u00e9rez","image":{"@type":"ImageObject","inLanguage":"es-AR","@id":"https:\/\/www.diario21.tv\/noticias\/#\/schema\/person\/image\/","url":"https:\/\/secure.gravatar.com\/avatar\/c478a405bd10621167f4c3167cc770f5?s=96&d=mm&r=g","contentUrl":"https:\/\/secure.gravatar.com\/avatar\/c478a405bd10621167f4c3167cc770f5?s=96&d=mm&r=g","caption":"Juan P\u00e9rez"},"description":"Juan P\u00e9rez es el redactor en jefe de Diario 21. Con m\u00e1s de 10 a\u00f1os de experiencia en el periodismo, se especializa en pol\u00edtica nacional y an\u00e1lisis socioecon\u00f3mico. Su enfoque cr\u00edtico y riguroso aporta una perspectiva \u00fanica a cada art\u00edculo.","sameAs":["https:\/\/www.diario21.tv\/noticias\/"],"url":"https:\/\/www.diario21.tv\/noticias\/author\/juan-perez\/"}]}},"_links":{"self":[{"href":"https:\/\/www.diario21.tv\/noticias\/wp-json\/wp\/v2\/posts\/1567"}],"collection":[{"href":"https:\/\/www.diario21.tv\/noticias\/wp-json\/wp\/v2\/posts"}],"about":[{"href":"https:\/\/www.diario21.tv\/noticias\/wp-json\/wp\/v2\/types\/post"}],"author":[{"embeddable":true,"href":"https:\/\/www.diario21.tv\/noticias\/wp-json\/wp\/v2\/users\/20"}],"replies":[{"embeddable":true,"href":"https:\/\/www.diario21.tv\/noticias\/wp-json\/wp\/v2\/comments?post=1567"}],"version-history":[{"count":1,"href":"https:\/\/www.diario21.tv\/noticias\/wp-json\/wp\/v2\/posts\/1567\/revisions"}],"predecessor-version":[{"id":1569,"href":"https:\/\/www.diario21.tv\/noticias\/wp-json\/wp\/v2\/posts\/1567\/revisions\/1569"}],"wp:featuredmedia":[{"embeddable":true,"href":"https:\/\/www.diario21.tv\/noticias\/wp-json\/wp\/v2\/media\/1568"}],"wp:attachment":[{"href":"https:\/\/www.diario21.tv\/noticias\/wp-json\/wp\/v2\/media?parent=1567"}],"wp:term":[{"taxonomy":"category","embeddable":true,"href":"https:\/\/www.diario21.tv\/noticias\/wp-json\/wp\/v2\/categories?post=1567"},{"taxonomy":"post_tag","embeddable":true,"href":"https:\/\/www.diario21.tv\/noticias\/wp-json\/wp\/v2\/tags?post=1567"}],"curies":[{"name":"wp","href":"https:\/\/api.w.org\/{rel}","templated":true}]}}