{"id":1564,"date":"2024-12-21T12:00:37","date_gmt":"2024-12-21T12:00:37","guid":{"rendered":"https:\/\/www.diario21.tv\/noticias\/exclusivo-centro-lider-en-investigacion-del-cancer-en-espana-retiene-a-su-directora-hasta-2025\/"},"modified":"2024-12-21T12:00:38","modified_gmt":"2024-12-21T12:00:38","slug":"exclusivo-centro-lider-en-investigacion-del-cancer-en-espana-retiene-a-su-directora-hasta-2025","status":"publish","type":"post","link":"https:\/\/www.diario21.tv\/noticias\/exclusivo-centro-lider-en-investigacion-del-cancer-en-espana-retiene-a-su-directora-hasta-2025\/","title":{"rendered":"\u00a1Exclusivo! Centro l\u00edder en investigaci\u00f3n del c\u00e1ncer en Espa\u00f1a retiene a su directora hasta 2025"},"content":{"rendered":"<h2>La decisi\u00f3n sobre la direcci\u00f3n del principal centro de investigaci\u00f3n oncol\u00f3gica en Espa\u00f1a se aplaza hasta 2025<\/h2>\n<p>En una reciente reuni\u00f3n, los encargados del centro de investigaci\u00f3n m\u00e1s prominente en la lucha contra el c\u00e1ncer en Espa\u00f1a decidieron posponer la finalizaci\u00f3n del contrato de su actual directora hasta el a\u00f1o 2025. Este centro, que se ha destacado por su papel clave en el avance de la investigaci\u00f3n oncol\u00f3gica en el pa\u00eds, ha visto numerosos \u00e9xitos bajo la gesti\u00f3n de la actual directora.<\/p>\n<h3>Un an\u00e1lisis detallado de la situaci\u00f3n<\/h3>\n<p>La decisi\u00f3n de extender el per\u00edodo de liderazgo de la directora fue tomada tras una evaluaci\u00f3n exhaustiva de los logros y desaf\u00edos enfrentados por el centro durante su gesti\u00f3n. Los patronos consideraron varios factores clave, incluyendo la progresi\u00f3n de proyectos de investigaci\u00f3n actuales, la captaci\u00f3n de financiamiento y la integraci\u00f3n de nuevas tecnolog\u00edas en los procesos de investigaci\u00f3n.<\/p>\n<p>Uno de los aspectos m\u00e1s destacados de su administraci\u00f3n ha sido la capacidad de atraer y retener talento cient\u00edfico de alto nivel, lo cual ha sido fundamental para el desarrollo y la expansi\u00f3n de la investigaci\u00f3n en el centro. Adem\u00e1s, la directora ha implementado con \u00e9xito varias iniciativas que han mejorado la colaboraci\u00f3n con otras instituciones nacionales e internacionales, fortaleciendo as\u00ed el impacto global del centro en la lucha contra el c\u00e1ncer.<\/p>\n<h3>Impacto y expectativas futuras<\/h3>\n<p>La extensi\u00f3n del mandato de la directora hasta 2025 se ve como un paso positivo para mantener la estabilidad y el impulso en el centro. Se espera que esta continuidad permita la finalizaci\u00f3n de varios proyectos de investigaci\u00f3n importantes que est\u00e1n en curso y la implementaci\u00f3n de nuevas estrategias para enfrentar los retos emergentes en el campo de la oncolog\u00eda.<\/p>\n<p>La comunidad cient\u00edfica y los patrocinadores del centro han recibido con optimismo la noticia, expresando su confianza en la capacidad de liderazgo de la directora para llevar a cabo la misi\u00f3n del centro. Adem\u00e1s, se anticipa que esta decisi\u00f3n contribuir\u00e1 a reforzar la posici\u00f3n del centro como l\u00edder en la investigaci\u00f3n del c\u00e1ncer no solo en Espa\u00f1a, sino en toda Europa.<\/p>\n<p>En resumen, la prolongaci\u00f3n del contrato de la directora del principal centro de investigaci\u00f3n contra el c\u00e1ncer en Espa\u00f1a hasta 2025 refleja un reconocimiento a su excelente gesti\u00f3n y los resultados positivos obtenidos bajo su liderazgo. Con esta medida, el centro se asegura una direcci\u00f3n experimentada y comprometida para continuar su misi\u00f3n de avanzar en la lucha contra el c\u00e1ncer.<\/p>\n\n\n<div class=\"kk-star-ratings kksr-auto kksr-align-left kksr-valign-bottom\"\n    data-payload='{&quot;align&quot;:&quot;left&quot;,&quot;id&quot;:&quot;1564&quot;,&quot;slug&quot;:&quot;default&quot;,&quot;valign&quot;:&quot;bottom&quot;,&quot;ignore&quot;:&quot;&quot;,&quot;reference&quot;:&quot;auto&quot;,&quot;class&quot;:&quot;&quot;,&quot;count&quot;:&quot;0&quot;,&quot;legendonly&quot;:&quot;&quot;,&quot;readonly&quot;:&quot;&quot;,&quot;score&quot;:&quot;0&quot;,&quot;starsonly&quot;:&quot;&quot;,&quot;best&quot;:&quot;5&quot;,&quot;gap&quot;:&quot;5&quot;,&quot;greet&quot;:&quot;Valora este post&quot;,&quot;legend&quot;:&quot;0\\\/5 - (0 votes)&quot;,&quot;size&quot;:&quot;22&quot;,&quot;title&quot;:&quot;\u00a1Exclusivo! Centro l\u00edder en investigaci\u00f3n del c\u00e1ncer en Espa\u00f1a retiene a su directora hasta 2025&quot;,&quot;width&quot;:&quot;0&quot;,&quot;_legend&quot;:&quot;{score}\\\/{best} - ({count} {votes})&quot;,&quot;font_factor&quot;:&quot;1.25&quot;}'>\n            \n<div class=\"kksr-stars\">\n    \n<div class=\"kksr-stars-inactive\">\n            <div class=\"kksr-star\" data-star=\"1\" style=\"padding-right: 5px\">\n            \n\n<div class=\"kksr-icon\" style=\"width: 22px; height: 22px;\"><\/div>\n        <\/div>\n            <div class=\"kksr-star\" data-star=\"2\" style=\"padding-right: 5px\">\n            \n\n<div class=\"kksr-icon\" style=\"width: 22px; height: 22px;\"><\/div>\n        <\/div>\n            <div class=\"kksr-star\" data-star=\"3\" style=\"padding-right: 5px\">\n            \n\n<div class=\"kksr-icon\" style=\"width: 22px; height: 22px;\"><\/div>\n        <\/div>\n            <div class=\"kksr-star\" data-star=\"4\" style=\"padding-right: 5px\">\n            \n\n<div class=\"kksr-icon\" style=\"width: 22px; height: 22px;\"><\/div>\n        <\/div>\n            <div class=\"kksr-star\" data-star=\"5\" style=\"padding-right: 5px\">\n            \n\n<div class=\"kksr-icon\" style=\"width: 22px; height: 22px;\"><\/div>\n        <\/div>\n    <\/div>\n    \n<div class=\"kksr-stars-active\" style=\"width: 0px;\">\n            <div class=\"kksr-star\" style=\"padding-right: 5px\">\n            \n\n<div class=\"kksr-icon\" style=\"width: 22px; height: 22px;\"><\/div>\n        <\/div>\n            <div class=\"kksr-star\" style=\"padding-right: 5px\">\n            \n\n<div class=\"kksr-icon\" style=\"width: 22px; height: 22px;\"><\/div>\n        <\/div>\n            <div class=\"kksr-star\" style=\"padding-right: 5px\">\n            \n\n<div class=\"kksr-icon\" style=\"width: 22px; height: 22px;\"><\/div>\n        <\/div>\n            <div class=\"kksr-star\" style=\"padding-right: 5px\">\n            \n\n<div class=\"kksr-icon\" style=\"width: 22px; height: 22px;\"><\/div>\n        <\/div>\n            <div class=\"kksr-star\" style=\"padding-right: 5px\">\n            \n\n<div class=\"kksr-icon\" style=\"width: 22px; height: 22px;\"><\/div>\n        <\/div>\n    <\/div>\n<\/div>\n                \n\n<div class=\"kksr-legend\" style=\"font-size: 17.6px;\">\n            <span class=\"kksr-muted\">Valora este post<\/span>\n    <\/div>\n    <\/div>\n","protected":false},"excerpt":{"rendered":"<p>La decisi\u00f3n sobre la direcci\u00f3n del principal centro de investigaci\u00f3n oncol\u00f3gica en Espa\u00f1a se aplaza hasta 2025 En una reciente reuni\u00f3n, los encargados del centro de &#8230; <a title=\"\u00a1Exclusivo! Centro l\u00edder en investigaci\u00f3n del c\u00e1ncer en Espa\u00f1a retiene a su directora hasta 2025\" class=\"read-more\" href=\"https:\/\/www.diario21.tv\/noticias\/exclusivo-centro-lider-en-investigacion-del-cancer-en-espana-retiene-a-su-directora-hasta-2025\/\" aria-label=\"Leer m\u00e1s sobre \u00a1Exclusivo! Centro l\u00edder en investigaci\u00f3n del c\u00e1ncer en Espa\u00f1a retiene a su directora hasta 2025\">Seguir leyendo &rarr;<\/a><\/p>\n","protected":false},"author":20,"featured_media":1565,"comment_status":"open","ping_status":"open","sticky":false,"template":"","format":"standard","meta":{"footnotes":""},"categories":[13],"tags":[],"class_list":["post-1564","post","type-post","status-publish","format-standard","has-post-thumbnail","hentry","category-portada"],"yoast_head":"<!-- This site is optimized with the Yoast SEO plugin v25.6 - https:\/\/yoast.com\/wordpress\/plugins\/seo\/ -->\n<title>\u00a1Exclusivo! Centro l\u00edder en investigaci\u00f3n del c\u00e1ncer en Espa\u00f1a retiene a su directora hasta 2025 - Diario 21<\/title>\n<meta name=\"robots\" content=\"index, follow, max-snippet:-1, max-image-preview:large, max-video-preview:-1\" \/>\n<link rel=\"canonical\" href=\"https:\/\/www.diario21.tv\/noticias\/exclusivo-centro-lider-en-investigacion-del-cancer-en-espana-retiene-a-su-directora-hasta-2025\/\" \/>\n<meta property=\"og:locale\" content=\"es_ES\" \/>\n<meta property=\"og:type\" content=\"article\" \/>\n<meta property=\"og:title\" content=\"\u00a1Exclusivo! Centro l\u00edder en investigaci\u00f3n del c\u00e1ncer en Espa\u00f1a retiene a su directora hasta 2025 - Diario 21\" \/>\n<meta property=\"og:description\" content=\"La decisi\u00f3n sobre la direcci\u00f3n del principal centro de investigaci\u00f3n oncol\u00f3gica en Espa\u00f1a se aplaza hasta 2025 En una reciente reuni\u00f3n, los encargados del centro de ... Seguir leyendo &rarr;\" \/>\n<meta property=\"og:url\" content=\"https:\/\/www.diario21.tv\/noticias\/exclusivo-centro-lider-en-investigacion-del-cancer-en-espana-retiene-a-su-directora-hasta-2025\/\" \/>\n<meta property=\"og:site_name\" content=\"Diario 21\" \/>\n<meta property=\"article:published_time\" content=\"2024-12-21T12:00:37+00:00\" \/>\n<meta property=\"article:modified_time\" content=\"2024-12-21T12:00:38+00:00\" \/>\n<meta property=\"og:image\" content=\"https:\/\/www.diario21.tv\/noticias\/wp-content\/uploads\/2024\/12\/\u00a1Exclusivo-Centro-lider-en-investigacion-del-cancer-en-Espana-retiene.JPG\" \/>\n\t<meta property=\"og:image:width\" content=\"800\" \/>\n\t<meta property=\"og:image:height\" content=\"533\" \/>\n\t<meta property=\"og:image:type\" content=\"image\/jpeg\" \/>\n<meta name=\"author\" content=\"Juan P\u00e9rez\" \/>\n<meta name=\"twitter:card\" content=\"summary_large_image\" \/>\n<meta name=\"twitter:label1\" content=\"Escrito por\" \/>\n\t<meta name=\"twitter:data1\" content=\"Juan P\u00e9rez\" \/>\n\t<meta name=\"twitter:label2\" content=\"Tiempo de lectura\" \/>\n\t<meta name=\"twitter:data2\" content=\"2 minutos\" \/>\n<script type=\"application\/ld+json\" class=\"yoast-schema-graph\">{\"@context\":\"https:\/\/schema.org\",\"@graph\":[{\"@type\":\"WebPage\",\"@id\":\"https:\/\/www.diario21.tv\/noticias\/exclusivo-centro-lider-en-investigacion-del-cancer-en-espana-retiene-a-su-directora-hasta-2025\/\",\"url\":\"https:\/\/www.diario21.tv\/noticias\/exclusivo-centro-lider-en-investigacion-del-cancer-en-espana-retiene-a-su-directora-hasta-2025\/\",\"name\":\"\u00a1Exclusivo! Centro l\u00edder en investigaci\u00f3n del c\u00e1ncer en Espa\u00f1a retiene a su directora hasta 2025 - Diario 21\",\"isPartOf\":{\"@id\":\"https:\/\/www.diario21.tv\/noticias\/#website\"},\"primaryImageOfPage\":{\"@id\":\"https:\/\/www.diario21.tv\/noticias\/exclusivo-centro-lider-en-investigacion-del-cancer-en-espana-retiene-a-su-directora-hasta-2025\/#primaryimage\"},\"image\":{\"@id\":\"https:\/\/www.diario21.tv\/noticias\/exclusivo-centro-lider-en-investigacion-del-cancer-en-espana-retiene-a-su-directora-hasta-2025\/#primaryimage\"},\"thumbnailUrl\":\"https:\/\/www.diario21.tv\/noticias\/wp-content\/uploads\/2024\/12\/\u00a1Exclusivo-Centro-lider-en-investigacion-del-cancer-en-Espana-retiene.JPG\",\"datePublished\":\"2024-12-21T12:00:37+00:00\",\"dateModified\":\"2024-12-21T12:00:38+00:00\",\"author\":{\"@id\":\"https:\/\/www.diario21.tv\/noticias\/#\/schema\/person\/dfb778f73814d8f09f302618446a526b\"},\"breadcrumb\":{\"@id\":\"https:\/\/www.diario21.tv\/noticias\/exclusivo-centro-lider-en-investigacion-del-cancer-en-espana-retiene-a-su-directora-hasta-2025\/#breadcrumb\"},\"inLanguage\":\"es-AR\",\"potentialAction\":[{\"@type\":\"ReadAction\",\"target\":[\"https:\/\/www.diario21.tv\/noticias\/exclusivo-centro-lider-en-investigacion-del-cancer-en-espana-retiene-a-su-directora-hasta-2025\/\"]}]},{\"@type\":\"ImageObject\",\"inLanguage\":\"es-AR\",\"@id\":\"https:\/\/www.diario21.tv\/noticias\/exclusivo-centro-lider-en-investigacion-del-cancer-en-espana-retiene-a-su-directora-hasta-2025\/#primaryimage\",\"url\":\"https:\/\/www.diario21.tv\/noticias\/wp-content\/uploads\/2024\/12\/\u00a1Exclusivo-Centro-lider-en-investigacion-del-cancer-en-Espana-retiene.JPG\",\"contentUrl\":\"https:\/\/www.diario21.tv\/noticias\/wp-content\/uploads\/2024\/12\/\u00a1Exclusivo-Centro-lider-en-investigacion-del-cancer-en-Espana-retiene.JPG\",\"width\":800,\"height\":533,\"caption\":\"Los patronos del mayor centro de investigaci\u00f3n contra el c\u00e1ncer en Espa\u00f1a posponen el cese de su directora a 2025\"},{\"@type\":\"BreadcrumbList\",\"@id\":\"https:\/\/www.diario21.tv\/noticias\/exclusivo-centro-lider-en-investigacion-del-cancer-en-espana-retiene-a-su-directora-hasta-2025\/#breadcrumb\",\"itemListElement\":[{\"@type\":\"ListItem\",\"position\":1,\"name\":\"Accueil\",\"item\":\"https:\/\/www.diario21.tv\/noticias\/\"},{\"@type\":\"ListItem\",\"position\":2,\"name\":\"\u00a1Exclusivo! Centro l\u00edder en investigaci\u00f3n del c\u00e1ncer en Espa\u00f1a retiene a su directora hasta 2025\"}]},{\"@type\":\"WebSite\",\"@id\":\"https:\/\/www.diario21.tv\/noticias\/#website\",\"url\":\"https:\/\/www.diario21.tv\/noticias\/\",\"name\":\"Diario 21\",\"description\":\"\",\"potentialAction\":[{\"@type\":\"SearchAction\",\"target\":{\"@type\":\"EntryPoint\",\"urlTemplate\":\"https:\/\/www.diario21.tv\/noticias\/?s={search_term_string}\"},\"query-input\":{\"@type\":\"PropertyValueSpecification\",\"valueRequired\":true,\"valueName\":\"search_term_string\"}}],\"inLanguage\":\"es-AR\"},{\"@type\":\"Person\",\"@id\":\"https:\/\/www.diario21.tv\/noticias\/#\/schema\/person\/dfb778f73814d8f09f302618446a526b\",\"name\":\"Juan P\u00e9rez\",\"image\":{\"@type\":\"ImageObject\",\"inLanguage\":\"es-AR\",\"@id\":\"https:\/\/www.diario21.tv\/noticias\/#\/schema\/person\/image\/\",\"url\":\"https:\/\/secure.gravatar.com\/avatar\/c478a405bd10621167f4c3167cc770f5?s=96&d=mm&r=g\",\"contentUrl\":\"https:\/\/secure.gravatar.com\/avatar\/c478a405bd10621167f4c3167cc770f5?s=96&d=mm&r=g\",\"caption\":\"Juan P\u00e9rez\"},\"description\":\"Juan P\u00e9rez es el redactor en jefe de Diario 21. Con m\u00e1s de 10 a\u00f1os de experiencia en el periodismo, se especializa en pol\u00edtica nacional y an\u00e1lisis socioecon\u00f3mico. Su enfoque cr\u00edtico y riguroso aporta una perspectiva \u00fanica a cada art\u00edculo.\",\"sameAs\":[\"https:\/\/www.diario21.tv\/noticias\/\"],\"url\":\"https:\/\/www.diario21.tv\/noticias\/author\/juan-perez\/\"}]}<\/script>\n<!-- \/ Yoast SEO plugin. -->","yoast_head_json":{"title":"\u00a1Exclusivo! Centro l\u00edder en investigaci\u00f3n del c\u00e1ncer en Espa\u00f1a retiene a su directora hasta 2025 - Diario 21","robots":{"index":"index","follow":"follow","max-snippet":"max-snippet:-1","max-image-preview":"max-image-preview:large","max-video-preview":"max-video-preview:-1"},"canonical":"https:\/\/www.diario21.tv\/noticias\/exclusivo-centro-lider-en-investigacion-del-cancer-en-espana-retiene-a-su-directora-hasta-2025\/","og_locale":"es_ES","og_type":"article","og_title":"\u00a1Exclusivo! Centro l\u00edder en investigaci\u00f3n del c\u00e1ncer en Espa\u00f1a retiene a su directora hasta 2025 - Diario 21","og_description":"La decisi\u00f3n sobre la direcci\u00f3n del principal centro de investigaci\u00f3n oncol\u00f3gica en Espa\u00f1a se aplaza hasta 2025 En una reciente reuni\u00f3n, los encargados del centro de ... Seguir leyendo &rarr;","og_url":"https:\/\/www.diario21.tv\/noticias\/exclusivo-centro-lider-en-investigacion-del-cancer-en-espana-retiene-a-su-directora-hasta-2025\/","og_site_name":"Diario 21","article_published_time":"2024-12-21T12:00:37+00:00","article_modified_time":"2024-12-21T12:00:38+00:00","og_image":[{"width":800,"height":533,"url":"https:\/\/www.diario21.tv\/noticias\/wp-content\/uploads\/2024\/12\/\u00a1Exclusivo-Centro-lider-en-investigacion-del-cancer-en-Espana-retiene.JPG","type":"image\/jpeg"}],"author":"Juan P\u00e9rez","twitter_card":"summary_large_image","twitter_misc":{"Escrito por":"Juan P\u00e9rez","Tiempo de lectura":"2 minutos"},"schema":{"@context":"https:\/\/schema.org","@graph":[{"@type":"WebPage","@id":"https:\/\/www.diario21.tv\/noticias\/exclusivo-centro-lider-en-investigacion-del-cancer-en-espana-retiene-a-su-directora-hasta-2025\/","url":"https:\/\/www.diario21.tv\/noticias\/exclusivo-centro-lider-en-investigacion-del-cancer-en-espana-retiene-a-su-directora-hasta-2025\/","name":"\u00a1Exclusivo! Centro l\u00edder en investigaci\u00f3n del c\u00e1ncer en Espa\u00f1a retiene a su directora hasta 2025 - Diario 21","isPartOf":{"@id":"https:\/\/www.diario21.tv\/noticias\/#website"},"primaryImageOfPage":{"@id":"https:\/\/www.diario21.tv\/noticias\/exclusivo-centro-lider-en-investigacion-del-cancer-en-espana-retiene-a-su-directora-hasta-2025\/#primaryimage"},"image":{"@id":"https:\/\/www.diario21.tv\/noticias\/exclusivo-centro-lider-en-investigacion-del-cancer-en-espana-retiene-a-su-directora-hasta-2025\/#primaryimage"},"thumbnailUrl":"https:\/\/www.diario21.tv\/noticias\/wp-content\/uploads\/2024\/12\/\u00a1Exclusivo-Centro-lider-en-investigacion-del-cancer-en-Espana-retiene.JPG","datePublished":"2024-12-21T12:00:37+00:00","dateModified":"2024-12-21T12:00:38+00:00","author":{"@id":"https:\/\/www.diario21.tv\/noticias\/#\/schema\/person\/dfb778f73814d8f09f302618446a526b"},"breadcrumb":{"@id":"https:\/\/www.diario21.tv\/noticias\/exclusivo-centro-lider-en-investigacion-del-cancer-en-espana-retiene-a-su-directora-hasta-2025\/#breadcrumb"},"inLanguage":"es-AR","potentialAction":[{"@type":"ReadAction","target":["https:\/\/www.diario21.tv\/noticias\/exclusivo-centro-lider-en-investigacion-del-cancer-en-espana-retiene-a-su-directora-hasta-2025\/"]}]},{"@type":"ImageObject","inLanguage":"es-AR","@id":"https:\/\/www.diario21.tv\/noticias\/exclusivo-centro-lider-en-investigacion-del-cancer-en-espana-retiene-a-su-directora-hasta-2025\/#primaryimage","url":"https:\/\/www.diario21.tv\/noticias\/wp-content\/uploads\/2024\/12\/\u00a1Exclusivo-Centro-lider-en-investigacion-del-cancer-en-Espana-retiene.JPG","contentUrl":"https:\/\/www.diario21.tv\/noticias\/wp-content\/uploads\/2024\/12\/\u00a1Exclusivo-Centro-lider-en-investigacion-del-cancer-en-Espana-retiene.JPG","width":800,"height":533,"caption":"Los patronos del mayor centro de investigaci\u00f3n contra el c\u00e1ncer en Espa\u00f1a posponen el cese de su directora a 2025"},{"@type":"BreadcrumbList","@id":"https:\/\/www.diario21.tv\/noticias\/exclusivo-centro-lider-en-investigacion-del-cancer-en-espana-retiene-a-su-directora-hasta-2025\/#breadcrumb","itemListElement":[{"@type":"ListItem","position":1,"name":"Accueil","item":"https:\/\/www.diario21.tv\/noticias\/"},{"@type":"ListItem","position":2,"name":"\u00a1Exclusivo! Centro l\u00edder en investigaci\u00f3n del c\u00e1ncer en Espa\u00f1a retiene a su directora hasta 2025"}]},{"@type":"WebSite","@id":"https:\/\/www.diario21.tv\/noticias\/#website","url":"https:\/\/www.diario21.tv\/noticias\/","name":"Diario 21","description":"","potentialAction":[{"@type":"SearchAction","target":{"@type":"EntryPoint","urlTemplate":"https:\/\/www.diario21.tv\/noticias\/?s={search_term_string}"},"query-input":{"@type":"PropertyValueSpecification","valueRequired":true,"valueName":"search_term_string"}}],"inLanguage":"es-AR"},{"@type":"Person","@id":"https:\/\/www.diario21.tv\/noticias\/#\/schema\/person\/dfb778f73814d8f09f302618446a526b","name":"Juan P\u00e9rez","image":{"@type":"ImageObject","inLanguage":"es-AR","@id":"https:\/\/www.diario21.tv\/noticias\/#\/schema\/person\/image\/","url":"https:\/\/secure.gravatar.com\/avatar\/c478a405bd10621167f4c3167cc770f5?s=96&d=mm&r=g","contentUrl":"https:\/\/secure.gravatar.com\/avatar\/c478a405bd10621167f4c3167cc770f5?s=96&d=mm&r=g","caption":"Juan P\u00e9rez"},"description":"Juan P\u00e9rez es el redactor en jefe de Diario 21. Con m\u00e1s de 10 a\u00f1os de experiencia en el periodismo, se especializa en pol\u00edtica nacional y an\u00e1lisis socioecon\u00f3mico. Su enfoque cr\u00edtico y riguroso aporta una perspectiva \u00fanica a cada art\u00edculo.","sameAs":["https:\/\/www.diario21.tv\/noticias\/"],"url":"https:\/\/www.diario21.tv\/noticias\/author\/juan-perez\/"}]}},"_links":{"self":[{"href":"https:\/\/www.diario21.tv\/noticias\/wp-json\/wp\/v2\/posts\/1564"}],"collection":[{"href":"https:\/\/www.diario21.tv\/noticias\/wp-json\/wp\/v2\/posts"}],"about":[{"href":"https:\/\/www.diario21.tv\/noticias\/wp-json\/wp\/v2\/types\/post"}],"author":[{"embeddable":true,"href":"https:\/\/www.diario21.tv\/noticias\/wp-json\/wp\/v2\/users\/20"}],"replies":[{"embeddable":true,"href":"https:\/\/www.diario21.tv\/noticias\/wp-json\/wp\/v2\/comments?post=1564"}],"version-history":[{"count":1,"href":"https:\/\/www.diario21.tv\/noticias\/wp-json\/wp\/v2\/posts\/1564\/revisions"}],"predecessor-version":[{"id":1566,"href":"https:\/\/www.diario21.tv\/noticias\/wp-json\/wp\/v2\/posts\/1564\/revisions\/1566"}],"wp:featuredmedia":[{"embeddable":true,"href":"https:\/\/www.diario21.tv\/noticias\/wp-json\/wp\/v2\/media\/1565"}],"wp:attachment":[{"href":"https:\/\/www.diario21.tv\/noticias\/wp-json\/wp\/v2\/media?parent=1564"}],"wp:term":[{"taxonomy":"category","embeddable":true,"href":"https:\/\/www.diario21.tv\/noticias\/wp-json\/wp\/v2\/categories?post=1564"},{"taxonomy":"post_tag","embeddable":true,"href":"https:\/\/www.diario21.tv\/noticias\/wp-json\/wp\/v2\/tags?post=1564"}],"curies":[{"name":"wp","href":"https:\/\/api.w.org\/{rel}","templated":true}]}}