{"id":1552,"date":"2024-12-20T11:15:00","date_gmt":"2024-12-20T11:15:00","guid":{"rendered":"https:\/\/www.diario21.tv\/noticias\/escandalo-en-la-salud-tecnico-condenado-por-acto-indecente-con-paciente-octogenaria\/"},"modified":"2024-12-20T11:15:01","modified_gmt":"2024-12-20T11:15:01","slug":"escandalo-en-la-salud-tecnico-condenado-por-acto-indecente-con-paciente-octogenaria","status":"publish","type":"post","link":"https:\/\/www.diario21.tv\/noticias\/escandalo-en-la-salud-tecnico-condenado-por-acto-indecente-con-paciente-octogenaria\/","title":{"rendered":"\u00a1Esc\u00e1ndalo en la salud! T\u00e9cnico condenado por acto indecente con paciente octogenaria."},"content":{"rendered":"<h2>Condena a un t\u00e9cnico de salud por acto indebido con una paciente de avanzada edad<\/h2>\n<p>Un reciente fallo judicial ha condenado a un t\u00e9cnico de atenci\u00f3n m\u00e9dica despu\u00e9s de que se le encontrara culpable de colocar su \u00f3rgano genital en las manos de una paciente que superaba los ochenta a\u00f1os de edad. Este incidente, que ha causado gran consternaci\u00f3n tanto en la comunidad m\u00e9dica como en la sociedad en general, pone de relieve serias cuestiones sobre la conducta profesional y la seguridad de los pacientes vulnerables en entornos de cuidado de la salud.<\/p>\n<h3>Detalles del incidente<\/h3>\n<p>El hecho ocurri\u00f3 cuando la paciente, una mujer de m\u00e1s de ochenta a\u00f1os, se encontraba en una consulta m\u00e9dica para un chequeo de rutina. Seg\u00fan los informes, el t\u00e9cnico aprovech\u00f3 un momento en que la paciente estaba sola y consciente para cometer el acto. La r\u00e1pida reacci\u00f3n de la paciente al rechazar al t\u00e9cnico y alertar a otros miembros del personal fue crucial para la posterior investigaci\u00f3n y la eventual condena del implicado.<\/p>\n<h3>Respuesta del sistema judicial<\/h3>\n<p>El sistema judicial actu\u00f3 con celeridad ante este caso, considerando la gravedad del acto y la vulnerabilidad de la v\u00edctima. El t\u00e9cnico sanitario fue encontrado culpable de conducta inapropiada y abuso de confianza, lo que llev\u00f3 a una condena significativa que busca servir tanto de castigo como de disuasi\u00f3n para futuros casos similares. La sentencia tambi\u00e9n incluy\u00f3 medidas adicionales para asegurar que el acusado no pueda volver a trabajar en el sector de la salud, protegiendo as\u00ed a futuros pacientes.<\/p>\n<h3>Reacciones y consecuencias<\/h3>\n<p>La comunidad m\u00e9dica ha reaccionado con indignaci\u00f3n y preocupaci\u00f3n ante este incidente. Se han iniciado varias discusiones sobre c\u00f3mo mejorar los protocolos de seguridad y supervisi\u00f3n en las instalaciones m\u00e9dicas para prevenir que situaciones como esta se repitan. Adem\u00e1s, este caso ha impulsado a varias organizaciones de derechos de pacientes a demandar controles m\u00e1s estrictos y capacitaciones obligatorias en \u00e9tica m\u00e9dica para todo el personal de salud.<\/p>\n<p>Este lamentable suceso ha subrayado la necesidad imperiosa de mantener y mejorar constantemente las normas de conducta profesional en el \u00e1mbito de la salud, as\u00ed como de proteger a los pacientes, especialmente a aquellos en situaciones de vulnerabilidad. La condena no solo busca castigar al culpable, sino tambi\u00e9n reafirmar el compromiso de la sociedad con la integridad y la seguridad en la atenci\u00f3n m\u00e9dica.<\/p>\n\n\n<div class=\"kk-star-ratings kksr-auto kksr-align-left kksr-valign-bottom\"\n    data-payload='{&quot;align&quot;:&quot;left&quot;,&quot;id&quot;:&quot;1552&quot;,&quot;slug&quot;:&quot;default&quot;,&quot;valign&quot;:&quot;bottom&quot;,&quot;ignore&quot;:&quot;&quot;,&quot;reference&quot;:&quot;auto&quot;,&quot;class&quot;:&quot;&quot;,&quot;count&quot;:&quot;0&quot;,&quot;legendonly&quot;:&quot;&quot;,&quot;readonly&quot;:&quot;&quot;,&quot;score&quot;:&quot;0&quot;,&quot;starsonly&quot;:&quot;&quot;,&quot;best&quot;:&quot;5&quot;,&quot;gap&quot;:&quot;5&quot;,&quot;greet&quot;:&quot;Valora este post&quot;,&quot;legend&quot;:&quot;0\\\/5 - (0 votes)&quot;,&quot;size&quot;:&quot;22&quot;,&quot;title&quot;:&quot;\u00a1Esc\u00e1ndalo en la salud! T\u00e9cnico condenado por acto indecente con paciente octogenaria.&quot;,&quot;width&quot;:&quot;0&quot;,&quot;_legend&quot;:&quot;{score}\\\/{best} - ({count} {votes})&quot;,&quot;font_factor&quot;:&quot;1.25&quot;}'>\n            \n<div class=\"kksr-stars\">\n    \n<div class=\"kksr-stars-inactive\">\n            <div class=\"kksr-star\" data-star=\"1\" style=\"padding-right: 5px\">\n            \n\n<div class=\"kksr-icon\" style=\"width: 22px; height: 22px;\"><\/div>\n        <\/div>\n            <div class=\"kksr-star\" data-star=\"2\" style=\"padding-right: 5px\">\n            \n\n<div class=\"kksr-icon\" style=\"width: 22px; height: 22px;\"><\/div>\n        <\/div>\n            <div class=\"kksr-star\" data-star=\"3\" style=\"padding-right: 5px\">\n            \n\n<div class=\"kksr-icon\" style=\"width: 22px; height: 22px;\"><\/div>\n        <\/div>\n            <div class=\"kksr-star\" data-star=\"4\" style=\"padding-right: 5px\">\n            \n\n<div class=\"kksr-icon\" style=\"width: 22px; height: 22px;\"><\/div>\n        <\/div>\n            <div class=\"kksr-star\" data-star=\"5\" style=\"padding-right: 5px\">\n            \n\n<div class=\"kksr-icon\" style=\"width: 22px; height: 22px;\"><\/div>\n        <\/div>\n    <\/div>\n    \n<div class=\"kksr-stars-active\" style=\"width: 0px;\">\n            <div class=\"kksr-star\" style=\"padding-right: 5px\">\n            \n\n<div class=\"kksr-icon\" style=\"width: 22px; height: 22px;\"><\/div>\n        <\/div>\n            <div class=\"kksr-star\" style=\"padding-right: 5px\">\n            \n\n<div class=\"kksr-icon\" style=\"width: 22px; height: 22px;\"><\/div>\n        <\/div>\n            <div class=\"kksr-star\" style=\"padding-right: 5px\">\n            \n\n<div class=\"kksr-icon\" style=\"width: 22px; height: 22px;\"><\/div>\n        <\/div>\n            <div class=\"kksr-star\" style=\"padding-right: 5px\">\n            \n\n<div class=\"kksr-icon\" style=\"width: 22px; height: 22px;\"><\/div>\n        <\/div>\n            <div class=\"kksr-star\" style=\"padding-right: 5px\">\n            \n\n<div class=\"kksr-icon\" style=\"width: 22px; height: 22px;\"><\/div>\n        <\/div>\n    <\/div>\n<\/div>\n                \n\n<div class=\"kksr-legend\" style=\"font-size: 17.6px;\">\n            <span class=\"kksr-muted\">Valora este post<\/span>\n    <\/div>\n    <\/div>\n","protected":false},"excerpt":{"rendered":"<p>Condena a un t\u00e9cnico de salud por acto indebido con una paciente de avanzada edad Un reciente fallo judicial ha condenado a un t\u00e9cnico de atenci\u00f3n &#8230; <a title=\"\u00a1Esc\u00e1ndalo en la salud! T\u00e9cnico condenado por acto indecente con paciente octogenaria.\" class=\"read-more\" href=\"https:\/\/www.diario21.tv\/noticias\/escandalo-en-la-salud-tecnico-condenado-por-acto-indecente-con-paciente-octogenaria\/\" aria-label=\"Leer m\u00e1s sobre \u00a1Esc\u00e1ndalo en la salud! T\u00e9cnico condenado por acto indecente con paciente octogenaria.\">Seguir leyendo &rarr;<\/a><\/p>\n","protected":false},"author":20,"featured_media":1553,"comment_status":"open","ping_status":"open","sticky":false,"template":"","format":"standard","meta":{"footnotes":""},"categories":[13],"tags":[],"class_list":["post-1552","post","type-post","status-publish","format-standard","has-post-thumbnail","hentry","category-portada"],"yoast_head":"<!-- This site is optimized with the Yoast SEO plugin v25.6 - https:\/\/yoast.com\/wordpress\/plugins\/seo\/ -->\n<title>\u00a1Esc\u00e1ndalo en la salud! T\u00e9cnico condenado por acto indecente con paciente octogenaria. - Diario 21<\/title>\n<meta name=\"robots\" content=\"index, follow, max-snippet:-1, max-image-preview:large, max-video-preview:-1\" \/>\n<link rel=\"canonical\" href=\"https:\/\/www.diario21.tv\/noticias\/escandalo-en-la-salud-tecnico-condenado-por-acto-indecente-con-paciente-octogenaria\/\" \/>\n<meta property=\"og:locale\" content=\"es_ES\" \/>\n<meta property=\"og:type\" content=\"article\" \/>\n<meta property=\"og:title\" content=\"\u00a1Esc\u00e1ndalo en la salud! T\u00e9cnico condenado por acto indecente con paciente octogenaria. - Diario 21\" \/>\n<meta property=\"og:description\" content=\"Condena a un t\u00e9cnico de salud por acto indebido con una paciente de avanzada edad Un reciente fallo judicial ha condenado a un t\u00e9cnico de atenci\u00f3n ... Seguir leyendo &rarr;\" \/>\n<meta property=\"og:url\" content=\"https:\/\/www.diario21.tv\/noticias\/escandalo-en-la-salud-tecnico-condenado-por-acto-indecente-con-paciente-octogenaria\/\" \/>\n<meta property=\"og:site_name\" content=\"Diario 21\" \/>\n<meta property=\"article:published_time\" content=\"2024-12-20T11:15:00+00:00\" \/>\n<meta property=\"article:modified_time\" content=\"2024-12-20T11:15:01+00:00\" \/>\n<meta property=\"og:image\" content=\"https:\/\/www.diario21.tv\/noticias\/wp-content\/uploads\/2024\/12\/\u00a1Escandalo-en-la-salud-Tecnico-condenado-por-acto-indecente-con.jpg\" \/>\n\t<meta property=\"og:image:width\" content=\"1248\" \/>\n\t<meta property=\"og:image:height\" content=\"770\" \/>\n\t<meta property=\"og:image:type\" content=\"image\/jpeg\" \/>\n<meta name=\"author\" content=\"Juan P\u00e9rez\" \/>\n<meta name=\"twitter:card\" content=\"summary_large_image\" \/>\n<meta name=\"twitter:label1\" content=\"Escrito por\" \/>\n\t<meta name=\"twitter:data1\" content=\"Juan P\u00e9rez\" \/>\n\t<meta name=\"twitter:label2\" content=\"Tiempo de lectura\" \/>\n\t<meta name=\"twitter:data2\" content=\"2 minutos\" \/>\n<script type=\"application\/ld+json\" class=\"yoast-schema-graph\">{\"@context\":\"https:\/\/schema.org\",\"@graph\":[{\"@type\":\"WebPage\",\"@id\":\"https:\/\/www.diario21.tv\/noticias\/escandalo-en-la-salud-tecnico-condenado-por-acto-indecente-con-paciente-octogenaria\/\",\"url\":\"https:\/\/www.diario21.tv\/noticias\/escandalo-en-la-salud-tecnico-condenado-por-acto-indecente-con-paciente-octogenaria\/\",\"name\":\"\u00a1Esc\u00e1ndalo en la salud! T\u00e9cnico condenado por acto indecente con paciente octogenaria. - Diario 21\",\"isPartOf\":{\"@id\":\"https:\/\/www.diario21.tv\/noticias\/#website\"},\"primaryImageOfPage\":{\"@id\":\"https:\/\/www.diario21.tv\/noticias\/escandalo-en-la-salud-tecnico-condenado-por-acto-indecente-con-paciente-octogenaria\/#primaryimage\"},\"image\":{\"@id\":\"https:\/\/www.diario21.tv\/noticias\/escandalo-en-la-salud-tecnico-condenado-por-acto-indecente-con-paciente-octogenaria\/#primaryimage\"},\"thumbnailUrl\":\"https:\/\/www.diario21.tv\/noticias\/wp-content\/uploads\/2024\/12\/\u00a1Escandalo-en-la-salud-Tecnico-condenado-por-acto-indecente-con.jpg\",\"datePublished\":\"2024-12-20T11:15:00+00:00\",\"dateModified\":\"2024-12-20T11:15:01+00:00\",\"author\":{\"@id\":\"https:\/\/www.diario21.tv\/noticias\/#\/schema\/person\/dfb778f73814d8f09f302618446a526b\"},\"breadcrumb\":{\"@id\":\"https:\/\/www.diario21.tv\/noticias\/escandalo-en-la-salud-tecnico-condenado-por-acto-indecente-con-paciente-octogenaria\/#breadcrumb\"},\"inLanguage\":\"es-AR\",\"potentialAction\":[{\"@type\":\"ReadAction\",\"target\":[\"https:\/\/www.diario21.tv\/noticias\/escandalo-en-la-salud-tecnico-condenado-por-acto-indecente-con-paciente-octogenaria\/\"]}]},{\"@type\":\"ImageObject\",\"inLanguage\":\"es-AR\",\"@id\":\"https:\/\/www.diario21.tv\/noticias\/escandalo-en-la-salud-tecnico-condenado-por-acto-indecente-con-paciente-octogenaria\/#primaryimage\",\"url\":\"https:\/\/www.diario21.tv\/noticias\/wp-content\/uploads\/2024\/12\/\u00a1Escandalo-en-la-salud-Tecnico-condenado-por-acto-indecente-con.jpg\",\"contentUrl\":\"https:\/\/www.diario21.tv\/noticias\/wp-content\/uploads\/2024\/12\/\u00a1Escandalo-en-la-salud-Tecnico-condenado-por-acto-indecente-con.jpg\",\"width\":1248,\"height\":770,\"caption\":\"Condenado un t\u00e9cnico sanitario por poner su pene en las manos de una paciente octogenaria\"},{\"@type\":\"BreadcrumbList\",\"@id\":\"https:\/\/www.diario21.tv\/noticias\/escandalo-en-la-salud-tecnico-condenado-por-acto-indecente-con-paciente-octogenaria\/#breadcrumb\",\"itemListElement\":[{\"@type\":\"ListItem\",\"position\":1,\"name\":\"Accueil\",\"item\":\"https:\/\/www.diario21.tv\/noticias\/\"},{\"@type\":\"ListItem\",\"position\":2,\"name\":\"\u00a1Esc\u00e1ndalo en la salud! T\u00e9cnico condenado por acto indecente con paciente octogenaria.\"}]},{\"@type\":\"WebSite\",\"@id\":\"https:\/\/www.diario21.tv\/noticias\/#website\",\"url\":\"https:\/\/www.diario21.tv\/noticias\/\",\"name\":\"Diario 21\",\"description\":\"\",\"potentialAction\":[{\"@type\":\"SearchAction\",\"target\":{\"@type\":\"EntryPoint\",\"urlTemplate\":\"https:\/\/www.diario21.tv\/noticias\/?s={search_term_string}\"},\"query-input\":{\"@type\":\"PropertyValueSpecification\",\"valueRequired\":true,\"valueName\":\"search_term_string\"}}],\"inLanguage\":\"es-AR\"},{\"@type\":\"Person\",\"@id\":\"https:\/\/www.diario21.tv\/noticias\/#\/schema\/person\/dfb778f73814d8f09f302618446a526b\",\"name\":\"Juan P\u00e9rez\",\"image\":{\"@type\":\"ImageObject\",\"inLanguage\":\"es-AR\",\"@id\":\"https:\/\/www.diario21.tv\/noticias\/#\/schema\/person\/image\/\",\"url\":\"https:\/\/secure.gravatar.com\/avatar\/c478a405bd10621167f4c3167cc770f5?s=96&d=mm&r=g\",\"contentUrl\":\"https:\/\/secure.gravatar.com\/avatar\/c478a405bd10621167f4c3167cc770f5?s=96&d=mm&r=g\",\"caption\":\"Juan P\u00e9rez\"},\"description\":\"Juan P\u00e9rez es el redactor en jefe de Diario 21. Con m\u00e1s de 10 a\u00f1os de experiencia en el periodismo, se especializa en pol\u00edtica nacional y an\u00e1lisis socioecon\u00f3mico. Su enfoque cr\u00edtico y riguroso aporta una perspectiva \u00fanica a cada art\u00edculo.\",\"sameAs\":[\"https:\/\/www.diario21.tv\/noticias\/\"],\"url\":\"https:\/\/www.diario21.tv\/noticias\/author\/juan-perez\/\"}]}<\/script>\n<!-- \/ Yoast SEO plugin. -->","yoast_head_json":{"title":"\u00a1Esc\u00e1ndalo en la salud! T\u00e9cnico condenado por acto indecente con paciente octogenaria. - Diario 21","robots":{"index":"index","follow":"follow","max-snippet":"max-snippet:-1","max-image-preview":"max-image-preview:large","max-video-preview":"max-video-preview:-1"},"canonical":"https:\/\/www.diario21.tv\/noticias\/escandalo-en-la-salud-tecnico-condenado-por-acto-indecente-con-paciente-octogenaria\/","og_locale":"es_ES","og_type":"article","og_title":"\u00a1Esc\u00e1ndalo en la salud! T\u00e9cnico condenado por acto indecente con paciente octogenaria. - Diario 21","og_description":"Condena a un t\u00e9cnico de salud por acto indebido con una paciente de avanzada edad Un reciente fallo judicial ha condenado a un t\u00e9cnico de atenci\u00f3n ... Seguir leyendo &rarr;","og_url":"https:\/\/www.diario21.tv\/noticias\/escandalo-en-la-salud-tecnico-condenado-por-acto-indecente-con-paciente-octogenaria\/","og_site_name":"Diario 21","article_published_time":"2024-12-20T11:15:00+00:00","article_modified_time":"2024-12-20T11:15:01+00:00","og_image":[{"width":1248,"height":770,"url":"https:\/\/www.diario21.tv\/noticias\/wp-content\/uploads\/2024\/12\/\u00a1Escandalo-en-la-salud-Tecnico-condenado-por-acto-indecente-con.jpg","type":"image\/jpeg"}],"author":"Juan P\u00e9rez","twitter_card":"summary_large_image","twitter_misc":{"Escrito por":"Juan P\u00e9rez","Tiempo de lectura":"2 minutos"},"schema":{"@context":"https:\/\/schema.org","@graph":[{"@type":"WebPage","@id":"https:\/\/www.diario21.tv\/noticias\/escandalo-en-la-salud-tecnico-condenado-por-acto-indecente-con-paciente-octogenaria\/","url":"https:\/\/www.diario21.tv\/noticias\/escandalo-en-la-salud-tecnico-condenado-por-acto-indecente-con-paciente-octogenaria\/","name":"\u00a1Esc\u00e1ndalo en la salud! T\u00e9cnico condenado por acto indecente con paciente octogenaria. - Diario 21","isPartOf":{"@id":"https:\/\/www.diario21.tv\/noticias\/#website"},"primaryImageOfPage":{"@id":"https:\/\/www.diario21.tv\/noticias\/escandalo-en-la-salud-tecnico-condenado-por-acto-indecente-con-paciente-octogenaria\/#primaryimage"},"image":{"@id":"https:\/\/www.diario21.tv\/noticias\/escandalo-en-la-salud-tecnico-condenado-por-acto-indecente-con-paciente-octogenaria\/#primaryimage"},"thumbnailUrl":"https:\/\/www.diario21.tv\/noticias\/wp-content\/uploads\/2024\/12\/\u00a1Escandalo-en-la-salud-Tecnico-condenado-por-acto-indecente-con.jpg","datePublished":"2024-12-20T11:15:00+00:00","dateModified":"2024-12-20T11:15:01+00:00","author":{"@id":"https:\/\/www.diario21.tv\/noticias\/#\/schema\/person\/dfb778f73814d8f09f302618446a526b"},"breadcrumb":{"@id":"https:\/\/www.diario21.tv\/noticias\/escandalo-en-la-salud-tecnico-condenado-por-acto-indecente-con-paciente-octogenaria\/#breadcrumb"},"inLanguage":"es-AR","potentialAction":[{"@type":"ReadAction","target":["https:\/\/www.diario21.tv\/noticias\/escandalo-en-la-salud-tecnico-condenado-por-acto-indecente-con-paciente-octogenaria\/"]}]},{"@type":"ImageObject","inLanguage":"es-AR","@id":"https:\/\/www.diario21.tv\/noticias\/escandalo-en-la-salud-tecnico-condenado-por-acto-indecente-con-paciente-octogenaria\/#primaryimage","url":"https:\/\/www.diario21.tv\/noticias\/wp-content\/uploads\/2024\/12\/\u00a1Escandalo-en-la-salud-Tecnico-condenado-por-acto-indecente-con.jpg","contentUrl":"https:\/\/www.diario21.tv\/noticias\/wp-content\/uploads\/2024\/12\/\u00a1Escandalo-en-la-salud-Tecnico-condenado-por-acto-indecente-con.jpg","width":1248,"height":770,"caption":"Condenado un t\u00e9cnico sanitario por poner su pene en las manos de una paciente octogenaria"},{"@type":"BreadcrumbList","@id":"https:\/\/www.diario21.tv\/noticias\/escandalo-en-la-salud-tecnico-condenado-por-acto-indecente-con-paciente-octogenaria\/#breadcrumb","itemListElement":[{"@type":"ListItem","position":1,"name":"Accueil","item":"https:\/\/www.diario21.tv\/noticias\/"},{"@type":"ListItem","position":2,"name":"\u00a1Esc\u00e1ndalo en la salud! T\u00e9cnico condenado por acto indecente con paciente octogenaria."}]},{"@type":"WebSite","@id":"https:\/\/www.diario21.tv\/noticias\/#website","url":"https:\/\/www.diario21.tv\/noticias\/","name":"Diario 21","description":"","potentialAction":[{"@type":"SearchAction","target":{"@type":"EntryPoint","urlTemplate":"https:\/\/www.diario21.tv\/noticias\/?s={search_term_string}"},"query-input":{"@type":"PropertyValueSpecification","valueRequired":true,"valueName":"search_term_string"}}],"inLanguage":"es-AR"},{"@type":"Person","@id":"https:\/\/www.diario21.tv\/noticias\/#\/schema\/person\/dfb778f73814d8f09f302618446a526b","name":"Juan P\u00e9rez","image":{"@type":"ImageObject","inLanguage":"es-AR","@id":"https:\/\/www.diario21.tv\/noticias\/#\/schema\/person\/image\/","url":"https:\/\/secure.gravatar.com\/avatar\/c478a405bd10621167f4c3167cc770f5?s=96&d=mm&r=g","contentUrl":"https:\/\/secure.gravatar.com\/avatar\/c478a405bd10621167f4c3167cc770f5?s=96&d=mm&r=g","caption":"Juan P\u00e9rez"},"description":"Juan P\u00e9rez es el redactor en jefe de Diario 21. Con m\u00e1s de 10 a\u00f1os de experiencia en el periodismo, se especializa en pol\u00edtica nacional y an\u00e1lisis socioecon\u00f3mico. Su enfoque cr\u00edtico y riguroso aporta una perspectiva \u00fanica a cada art\u00edculo.","sameAs":["https:\/\/www.diario21.tv\/noticias\/"],"url":"https:\/\/www.diario21.tv\/noticias\/author\/juan-perez\/"}]}},"_links":{"self":[{"href":"https:\/\/www.diario21.tv\/noticias\/wp-json\/wp\/v2\/posts\/1552"}],"collection":[{"href":"https:\/\/www.diario21.tv\/noticias\/wp-json\/wp\/v2\/posts"}],"about":[{"href":"https:\/\/www.diario21.tv\/noticias\/wp-json\/wp\/v2\/types\/post"}],"author":[{"embeddable":true,"href":"https:\/\/www.diario21.tv\/noticias\/wp-json\/wp\/v2\/users\/20"}],"replies":[{"embeddable":true,"href":"https:\/\/www.diario21.tv\/noticias\/wp-json\/wp\/v2\/comments?post=1552"}],"version-history":[{"count":1,"href":"https:\/\/www.diario21.tv\/noticias\/wp-json\/wp\/v2\/posts\/1552\/revisions"}],"predecessor-version":[{"id":1554,"href":"https:\/\/www.diario21.tv\/noticias\/wp-json\/wp\/v2\/posts\/1552\/revisions\/1554"}],"wp:featuredmedia":[{"embeddable":true,"href":"https:\/\/www.diario21.tv\/noticias\/wp-json\/wp\/v2\/media\/1553"}],"wp:attachment":[{"href":"https:\/\/www.diario21.tv\/noticias\/wp-json\/wp\/v2\/media?parent=1552"}],"wp:term":[{"taxonomy":"category","embeddable":true,"href":"https:\/\/www.diario21.tv\/noticias\/wp-json\/wp\/v2\/categories?post=1552"},{"taxonomy":"post_tag","embeddable":true,"href":"https:\/\/www.diario21.tv\/noticias\/wp-json\/wp\/v2\/tags?post=1552"}],"curies":[{"name":"wp","href":"https:\/\/api.w.org\/{rel}","templated":true}]}}