{"id":1526,"date":"2024-12-18T02:13:37","date_gmt":"2024-12-18T02:13:37","guid":{"rendered":"https:\/\/www.diario21.tv\/noticias\/precios-imbatibles-en-carrefour-aceite-de-oliva-mas-barato-que-nunca\/"},"modified":"2024-12-18T02:13:39","modified_gmt":"2024-12-18T02:13:39","slug":"precios-imbatibles-en-carrefour-aceite-de-oliva-mas-barato-que-nunca","status":"publish","type":"post","link":"https:\/\/www.diario21.tv\/noticias\/precios-imbatibles-en-carrefour-aceite-de-oliva-mas-barato-que-nunca\/","title":{"rendered":"\u00a1Precios imbatibles en Carrefour! Aceite de oliva m\u00e1s barato que nunca"},"content":{"rendered":"<h2>Carrefour reduce los precios del aceite de oliva<\/h2>\n<p>En un movimiento que ha captado la atenci\u00f3n de consumidores y expertos de la industria, Carrefour ha anunciado oficialmente una significativa reducci\u00f3n en los precios de su aceite de oliva. Esta decisi\u00f3n se produce en un contexto de fluctuaciones de mercado y muestra el compromiso de la cadena de supermercados con la accesibilidad y la satisfacci\u00f3n del cliente.<\/p>\n<h3>Detalles de la reducci\u00f3n de precios<\/h3>\n<p>La cadena de supermercados Carrefour ha decidido aplicar una rebaja considerable en el precio de su l\u00ednea de aceite de oliva, una medida que se espera tenga un impacto positivo tanto en las ventas como en la lealtad de los clientes. Aunque los detalles espec\u00edficos de los porcentajes de reducci\u00f3n var\u00edan, fuentes internas sugieren que los descuentos ser\u00e1n significativos, aplic\u00e1ndose a varias presentaciones del producto, desde el aceite de oliva extra virgen hasta variedades m\u00e1s econ\u00f3micas.<\/p>\n<h3>Implicaciones para los consumidores<\/h3>\n<p>Esta reducci\u00f3n de precios es una noticia especialmente positiva para los consumidores, que se beneficiar\u00e1n de la posibilidad de acceder a productos de alta calidad a precios m\u00e1s bajos. El aceite de oliva es un componente esencial de la dieta mediterr\u00e1nea y es muy valorado por sus beneficios para la salud, incluyendo la reducci\u00f3n del riesgo de enfermedades card\u00edacas.<\/p>\n<h3>Reacciones del mercado<\/h3>\n<p>La respuesta del mercado ante este anuncio ha sido mayormente positiva. Expertos y analistas del sector de alimentos y bebidas han elogiado la decisi\u00f3n de Carrefour, se\u00f1alando que podr\u00eda presionar a otros minoristas a reconsiderar sus propios precios del aceite de oliva, potencialmente llevando a una mayor competitividad y mejores precios para los consumidores en general.<\/p>\n<h3>Expectativas a futuro<\/h3>\n<p>Con esta estrategia de precios, Carrefour no solo busca aumentar la afluencia de clientes a sus tiendas, sino tambi\u00e9n fortalecer su imagen como l\u00edder en ofrecer productos de calidad a precios accesibles. Adem\u00e1s, se espera que esta medida ayude a fomentar una relaci\u00f3n m\u00e1s fuerte y de confianza con los consumidores, lo que podr\u00eda traducirse en una fidelizaci\u00f3n a largo plazo.<\/p>\n<p>Este anuncio de Carrefour marca un momento importante en el sector de supermercados en Espa\u00f1a, y ser\u00e1 interesante observar c\u00f3mo se desarrollan las din\u00e1micas del mercado a partir de ahora. Los consumidores, por su parte, podr\u00e1n disfrutar de los beneficios de esta decisi\u00f3n cada vez que visiten el supermercado.<\/p>\n\n\n<div class=\"kk-star-ratings kksr-auto kksr-align-left kksr-valign-bottom\"\n    data-payload='{&quot;align&quot;:&quot;left&quot;,&quot;id&quot;:&quot;1526&quot;,&quot;slug&quot;:&quot;default&quot;,&quot;valign&quot;:&quot;bottom&quot;,&quot;ignore&quot;:&quot;&quot;,&quot;reference&quot;:&quot;auto&quot;,&quot;class&quot;:&quot;&quot;,&quot;count&quot;:&quot;0&quot;,&quot;legendonly&quot;:&quot;&quot;,&quot;readonly&quot;:&quot;&quot;,&quot;score&quot;:&quot;0&quot;,&quot;starsonly&quot;:&quot;&quot;,&quot;best&quot;:&quot;5&quot;,&quot;gap&quot;:&quot;5&quot;,&quot;greet&quot;:&quot;Valora este post&quot;,&quot;legend&quot;:&quot;0\\\/5 - (0 votes)&quot;,&quot;size&quot;:&quot;22&quot;,&quot;title&quot;:&quot;\u00a1Precios imbatibles en Carrefour! Aceite de oliva m\u00e1s barato que nunca&quot;,&quot;width&quot;:&quot;0&quot;,&quot;_legend&quot;:&quot;{score}\\\/{best} - ({count} {votes})&quot;,&quot;font_factor&quot;:&quot;1.25&quot;}'>\n            \n<div class=\"kksr-stars\">\n    \n<div class=\"kksr-stars-inactive\">\n            <div class=\"kksr-star\" data-star=\"1\" style=\"padding-right: 5px\">\n            \n\n<div class=\"kksr-icon\" style=\"width: 22px; height: 22px;\"><\/div>\n        <\/div>\n            <div class=\"kksr-star\" data-star=\"2\" style=\"padding-right: 5px\">\n            \n\n<div class=\"kksr-icon\" style=\"width: 22px; height: 22px;\"><\/div>\n        <\/div>\n            <div class=\"kksr-star\" data-star=\"3\" style=\"padding-right: 5px\">\n            \n\n<div class=\"kksr-icon\" style=\"width: 22px; height: 22px;\"><\/div>\n        <\/div>\n            <div class=\"kksr-star\" data-star=\"4\" style=\"padding-right: 5px\">\n            \n\n<div class=\"kksr-icon\" style=\"width: 22px; height: 22px;\"><\/div>\n        <\/div>\n            <div class=\"kksr-star\" data-star=\"5\" style=\"padding-right: 5px\">\n            \n\n<div class=\"kksr-icon\" style=\"width: 22px; height: 22px;\"><\/div>\n        <\/div>\n    <\/div>\n    \n<div class=\"kksr-stars-active\" style=\"width: 0px;\">\n            <div class=\"kksr-star\" style=\"padding-right: 5px\">\n            \n\n<div class=\"kksr-icon\" style=\"width: 22px; height: 22px;\"><\/div>\n        <\/div>\n            <div class=\"kksr-star\" style=\"padding-right: 5px\">\n            \n\n<div class=\"kksr-icon\" style=\"width: 22px; height: 22px;\"><\/div>\n        <\/div>\n            <div class=\"kksr-star\" style=\"padding-right: 5px\">\n            \n\n<div class=\"kksr-icon\" style=\"width: 22px; height: 22px;\"><\/div>\n        <\/div>\n            <div class=\"kksr-star\" style=\"padding-right: 5px\">\n            \n\n<div class=\"kksr-icon\" style=\"width: 22px; height: 22px;\"><\/div>\n        <\/div>\n            <div class=\"kksr-star\" style=\"padding-right: 5px\">\n            \n\n<div class=\"kksr-icon\" style=\"width: 22px; height: 22px;\"><\/div>\n        <\/div>\n    <\/div>\n<\/div>\n                \n\n<div class=\"kksr-legend\" style=\"font-size: 17.6px;\">\n            <span class=\"kksr-muted\">Valora este post<\/span>\n    <\/div>\n    <\/div>\n","protected":false},"excerpt":{"rendered":"<p>Carrefour reduce los precios del aceite de oliva En un movimiento que ha captado la atenci\u00f3n de consumidores y expertos de la industria, Carrefour ha anunciado &#8230; <a title=\"\u00a1Precios imbatibles en Carrefour! Aceite de oliva m\u00e1s barato que nunca\" class=\"read-more\" href=\"https:\/\/www.diario21.tv\/noticias\/precios-imbatibles-en-carrefour-aceite-de-oliva-mas-barato-que-nunca\/\" aria-label=\"Leer m\u00e1s sobre \u00a1Precios imbatibles en Carrefour! Aceite de oliva m\u00e1s barato que nunca\">Seguir leyendo &rarr;<\/a><\/p>\n","protected":false},"author":20,"featured_media":1527,"comment_status":"open","ping_status":"open","sticky":false,"template":"","format":"standard","meta":{"footnotes":""},"categories":[13],"tags":[],"class_list":["post-1526","post","type-post","status-publish","format-standard","has-post-thumbnail","hentry","category-portada"],"yoast_head":"<!-- This site is optimized with the Yoast SEO plugin v25.6 - https:\/\/yoast.com\/wordpress\/plugins\/seo\/ -->\n<title>\u00a1Precios imbatibles en Carrefour! Aceite de oliva m\u00e1s barato que nunca - Diario 21<\/title>\n<meta name=\"robots\" content=\"index, follow, max-snippet:-1, max-image-preview:large, max-video-preview:-1\" \/>\n<link rel=\"canonical\" href=\"https:\/\/www.diario21.tv\/noticias\/precios-imbatibles-en-carrefour-aceite-de-oliva-mas-barato-que-nunca\/\" \/>\n<meta property=\"og:locale\" content=\"es_ES\" \/>\n<meta property=\"og:type\" content=\"article\" \/>\n<meta property=\"og:title\" content=\"\u00a1Precios imbatibles en Carrefour! Aceite de oliva m\u00e1s barato que nunca - Diario 21\" \/>\n<meta property=\"og:description\" content=\"Carrefour reduce los precios del aceite de oliva En un movimiento que ha captado la atenci\u00f3n de consumidores y expertos de la industria, Carrefour ha anunciado ... Seguir leyendo &rarr;\" \/>\n<meta property=\"og:url\" content=\"https:\/\/www.diario21.tv\/noticias\/precios-imbatibles-en-carrefour-aceite-de-oliva-mas-barato-que-nunca\/\" \/>\n<meta property=\"og:site_name\" content=\"Diario 21\" \/>\n<meta property=\"article:published_time\" content=\"2024-12-18T02:13:37+00:00\" \/>\n<meta property=\"article:modified_time\" content=\"2024-12-18T02:13:39+00:00\" \/>\n<meta property=\"og:image\" content=\"https:\/\/www.diario21.tv\/noticias\/wp-content\/uploads\/2024\/12\/\u00a1Precios-imbatibles-en-Carrefour-Aceite-de-oliva-mas-barato-que.jpg\" \/>\n\t<meta property=\"og:image:width\" content=\"1920\" \/>\n\t<meta property=\"og:image:height\" content=\"1080\" \/>\n\t<meta property=\"og:image:type\" content=\"image\/jpeg\" \/>\n<meta name=\"author\" content=\"Juan P\u00e9rez\" \/>\n<meta name=\"twitter:card\" content=\"summary_large_image\" \/>\n<meta name=\"twitter:label1\" content=\"Escrito por\" \/>\n\t<meta name=\"twitter:data1\" content=\"Juan P\u00e9rez\" \/>\n\t<meta name=\"twitter:label2\" content=\"Tiempo de lectura\" \/>\n\t<meta name=\"twitter:data2\" content=\"2 minutos\" \/>\n<script type=\"application\/ld+json\" class=\"yoast-schema-graph\">{\"@context\":\"https:\/\/schema.org\",\"@graph\":[{\"@type\":\"WebPage\",\"@id\":\"https:\/\/www.diario21.tv\/noticias\/precios-imbatibles-en-carrefour-aceite-de-oliva-mas-barato-que-nunca\/\",\"url\":\"https:\/\/www.diario21.tv\/noticias\/precios-imbatibles-en-carrefour-aceite-de-oliva-mas-barato-que-nunca\/\",\"name\":\"\u00a1Precios imbatibles en Carrefour! Aceite de oliva m\u00e1s barato que nunca - Diario 21\",\"isPartOf\":{\"@id\":\"https:\/\/www.diario21.tv\/noticias\/#website\"},\"primaryImageOfPage\":{\"@id\":\"https:\/\/www.diario21.tv\/noticias\/precios-imbatibles-en-carrefour-aceite-de-oliva-mas-barato-que-nunca\/#primaryimage\"},\"image\":{\"@id\":\"https:\/\/www.diario21.tv\/noticias\/precios-imbatibles-en-carrefour-aceite-de-oliva-mas-barato-que-nunca\/#primaryimage\"},\"thumbnailUrl\":\"https:\/\/www.diario21.tv\/noticias\/wp-content\/uploads\/2024\/12\/\u00a1Precios-imbatibles-en-Carrefour-Aceite-de-oliva-mas-barato-que.jpg\",\"datePublished\":\"2024-12-18T02:13:37+00:00\",\"dateModified\":\"2024-12-18T02:13:39+00:00\",\"author\":{\"@id\":\"https:\/\/www.diario21.tv\/noticias\/#\/schema\/person\/dfb778f73814d8f09f302618446a526b\"},\"breadcrumb\":{\"@id\":\"https:\/\/www.diario21.tv\/noticias\/precios-imbatibles-en-carrefour-aceite-de-oliva-mas-barato-que-nunca\/#breadcrumb\"},\"inLanguage\":\"es-AR\",\"potentialAction\":[{\"@type\":\"ReadAction\",\"target\":[\"https:\/\/www.diario21.tv\/noticias\/precios-imbatibles-en-carrefour-aceite-de-oliva-mas-barato-que-nunca\/\"]}]},{\"@type\":\"ImageObject\",\"inLanguage\":\"es-AR\",\"@id\":\"https:\/\/www.diario21.tv\/noticias\/precios-imbatibles-en-carrefour-aceite-de-oliva-mas-barato-que-nunca\/#primaryimage\",\"url\":\"https:\/\/www.diario21.tv\/noticias\/wp-content\/uploads\/2024\/12\/\u00a1Precios-imbatibles-en-Carrefour-Aceite-de-oliva-mas-barato-que.jpg\",\"contentUrl\":\"https:\/\/www.diario21.tv\/noticias\/wp-content\/uploads\/2024\/12\/\u00a1Precios-imbatibles-en-Carrefour-Aceite-de-oliva-mas-barato-que.jpg\",\"width\":1920,\"height\":1080,\"caption\":\"Carrefour anuncia la bajada de precio de su aceite de oliva\"},{\"@type\":\"BreadcrumbList\",\"@id\":\"https:\/\/www.diario21.tv\/noticias\/precios-imbatibles-en-carrefour-aceite-de-oliva-mas-barato-que-nunca\/#breadcrumb\",\"itemListElement\":[{\"@type\":\"ListItem\",\"position\":1,\"name\":\"Accueil\",\"item\":\"https:\/\/www.diario21.tv\/noticias\/\"},{\"@type\":\"ListItem\",\"position\":2,\"name\":\"\u00a1Precios imbatibles en Carrefour! Aceite de oliva m\u00e1s barato que nunca\"}]},{\"@type\":\"WebSite\",\"@id\":\"https:\/\/www.diario21.tv\/noticias\/#website\",\"url\":\"https:\/\/www.diario21.tv\/noticias\/\",\"name\":\"Diario 21\",\"description\":\"\",\"potentialAction\":[{\"@type\":\"SearchAction\",\"target\":{\"@type\":\"EntryPoint\",\"urlTemplate\":\"https:\/\/www.diario21.tv\/noticias\/?s={search_term_string}\"},\"query-input\":{\"@type\":\"PropertyValueSpecification\",\"valueRequired\":true,\"valueName\":\"search_term_string\"}}],\"inLanguage\":\"es-AR\"},{\"@type\":\"Person\",\"@id\":\"https:\/\/www.diario21.tv\/noticias\/#\/schema\/person\/dfb778f73814d8f09f302618446a526b\",\"name\":\"Juan P\u00e9rez\",\"image\":{\"@type\":\"ImageObject\",\"inLanguage\":\"es-AR\",\"@id\":\"https:\/\/www.diario21.tv\/noticias\/#\/schema\/person\/image\/\",\"url\":\"https:\/\/secure.gravatar.com\/avatar\/c478a405bd10621167f4c3167cc770f5?s=96&d=mm&r=g\",\"contentUrl\":\"https:\/\/secure.gravatar.com\/avatar\/c478a405bd10621167f4c3167cc770f5?s=96&d=mm&r=g\",\"caption\":\"Juan P\u00e9rez\"},\"description\":\"Juan P\u00e9rez es el redactor en jefe de Diario 21. Con m\u00e1s de 10 a\u00f1os de experiencia en el periodismo, se especializa en pol\u00edtica nacional y an\u00e1lisis socioecon\u00f3mico. Su enfoque cr\u00edtico y riguroso aporta una perspectiva \u00fanica a cada art\u00edculo.\",\"sameAs\":[\"https:\/\/www.diario21.tv\/noticias\/\"],\"url\":\"https:\/\/www.diario21.tv\/noticias\/author\/juan-perez\/\"}]}<\/script>\n<!-- \/ Yoast SEO plugin. -->","yoast_head_json":{"title":"\u00a1Precios imbatibles en Carrefour! Aceite de oliva m\u00e1s barato que nunca - Diario 21","robots":{"index":"index","follow":"follow","max-snippet":"max-snippet:-1","max-image-preview":"max-image-preview:large","max-video-preview":"max-video-preview:-1"},"canonical":"https:\/\/www.diario21.tv\/noticias\/precios-imbatibles-en-carrefour-aceite-de-oliva-mas-barato-que-nunca\/","og_locale":"es_ES","og_type":"article","og_title":"\u00a1Precios imbatibles en Carrefour! Aceite de oliva m\u00e1s barato que nunca - Diario 21","og_description":"Carrefour reduce los precios del aceite de oliva En un movimiento que ha captado la atenci\u00f3n de consumidores y expertos de la industria, Carrefour ha anunciado ... Seguir leyendo &rarr;","og_url":"https:\/\/www.diario21.tv\/noticias\/precios-imbatibles-en-carrefour-aceite-de-oliva-mas-barato-que-nunca\/","og_site_name":"Diario 21","article_published_time":"2024-12-18T02:13:37+00:00","article_modified_time":"2024-12-18T02:13:39+00:00","og_image":[{"width":1920,"height":1080,"url":"https:\/\/www.diario21.tv\/noticias\/wp-content\/uploads\/2024\/12\/\u00a1Precios-imbatibles-en-Carrefour-Aceite-de-oliva-mas-barato-que.jpg","type":"image\/jpeg"}],"author":"Juan P\u00e9rez","twitter_card":"summary_large_image","twitter_misc":{"Escrito por":"Juan P\u00e9rez","Tiempo de lectura":"2 minutos"},"schema":{"@context":"https:\/\/schema.org","@graph":[{"@type":"WebPage","@id":"https:\/\/www.diario21.tv\/noticias\/precios-imbatibles-en-carrefour-aceite-de-oliva-mas-barato-que-nunca\/","url":"https:\/\/www.diario21.tv\/noticias\/precios-imbatibles-en-carrefour-aceite-de-oliva-mas-barato-que-nunca\/","name":"\u00a1Precios imbatibles en Carrefour! Aceite de oliva m\u00e1s barato que nunca - Diario 21","isPartOf":{"@id":"https:\/\/www.diario21.tv\/noticias\/#website"},"primaryImageOfPage":{"@id":"https:\/\/www.diario21.tv\/noticias\/precios-imbatibles-en-carrefour-aceite-de-oliva-mas-barato-que-nunca\/#primaryimage"},"image":{"@id":"https:\/\/www.diario21.tv\/noticias\/precios-imbatibles-en-carrefour-aceite-de-oliva-mas-barato-que-nunca\/#primaryimage"},"thumbnailUrl":"https:\/\/www.diario21.tv\/noticias\/wp-content\/uploads\/2024\/12\/\u00a1Precios-imbatibles-en-Carrefour-Aceite-de-oliva-mas-barato-que.jpg","datePublished":"2024-12-18T02:13:37+00:00","dateModified":"2024-12-18T02:13:39+00:00","author":{"@id":"https:\/\/www.diario21.tv\/noticias\/#\/schema\/person\/dfb778f73814d8f09f302618446a526b"},"breadcrumb":{"@id":"https:\/\/www.diario21.tv\/noticias\/precios-imbatibles-en-carrefour-aceite-de-oliva-mas-barato-que-nunca\/#breadcrumb"},"inLanguage":"es-AR","potentialAction":[{"@type":"ReadAction","target":["https:\/\/www.diario21.tv\/noticias\/precios-imbatibles-en-carrefour-aceite-de-oliva-mas-barato-que-nunca\/"]}]},{"@type":"ImageObject","inLanguage":"es-AR","@id":"https:\/\/www.diario21.tv\/noticias\/precios-imbatibles-en-carrefour-aceite-de-oliva-mas-barato-que-nunca\/#primaryimage","url":"https:\/\/www.diario21.tv\/noticias\/wp-content\/uploads\/2024\/12\/\u00a1Precios-imbatibles-en-Carrefour-Aceite-de-oliva-mas-barato-que.jpg","contentUrl":"https:\/\/www.diario21.tv\/noticias\/wp-content\/uploads\/2024\/12\/\u00a1Precios-imbatibles-en-Carrefour-Aceite-de-oliva-mas-barato-que.jpg","width":1920,"height":1080,"caption":"Carrefour anuncia la bajada de precio de su aceite de oliva"},{"@type":"BreadcrumbList","@id":"https:\/\/www.diario21.tv\/noticias\/precios-imbatibles-en-carrefour-aceite-de-oliva-mas-barato-que-nunca\/#breadcrumb","itemListElement":[{"@type":"ListItem","position":1,"name":"Accueil","item":"https:\/\/www.diario21.tv\/noticias\/"},{"@type":"ListItem","position":2,"name":"\u00a1Precios imbatibles en Carrefour! Aceite de oliva m\u00e1s barato que nunca"}]},{"@type":"WebSite","@id":"https:\/\/www.diario21.tv\/noticias\/#website","url":"https:\/\/www.diario21.tv\/noticias\/","name":"Diario 21","description":"","potentialAction":[{"@type":"SearchAction","target":{"@type":"EntryPoint","urlTemplate":"https:\/\/www.diario21.tv\/noticias\/?s={search_term_string}"},"query-input":{"@type":"PropertyValueSpecification","valueRequired":true,"valueName":"search_term_string"}}],"inLanguage":"es-AR"},{"@type":"Person","@id":"https:\/\/www.diario21.tv\/noticias\/#\/schema\/person\/dfb778f73814d8f09f302618446a526b","name":"Juan P\u00e9rez","image":{"@type":"ImageObject","inLanguage":"es-AR","@id":"https:\/\/www.diario21.tv\/noticias\/#\/schema\/person\/image\/","url":"https:\/\/secure.gravatar.com\/avatar\/c478a405bd10621167f4c3167cc770f5?s=96&d=mm&r=g","contentUrl":"https:\/\/secure.gravatar.com\/avatar\/c478a405bd10621167f4c3167cc770f5?s=96&d=mm&r=g","caption":"Juan P\u00e9rez"},"description":"Juan P\u00e9rez es el redactor en jefe de Diario 21. Con m\u00e1s de 10 a\u00f1os de experiencia en el periodismo, se especializa en pol\u00edtica nacional y an\u00e1lisis socioecon\u00f3mico. Su enfoque cr\u00edtico y riguroso aporta una perspectiva \u00fanica a cada art\u00edculo.","sameAs":["https:\/\/www.diario21.tv\/noticias\/"],"url":"https:\/\/www.diario21.tv\/noticias\/author\/juan-perez\/"}]}},"_links":{"self":[{"href":"https:\/\/www.diario21.tv\/noticias\/wp-json\/wp\/v2\/posts\/1526"}],"collection":[{"href":"https:\/\/www.diario21.tv\/noticias\/wp-json\/wp\/v2\/posts"}],"about":[{"href":"https:\/\/www.diario21.tv\/noticias\/wp-json\/wp\/v2\/types\/post"}],"author":[{"embeddable":true,"href":"https:\/\/www.diario21.tv\/noticias\/wp-json\/wp\/v2\/users\/20"}],"replies":[{"embeddable":true,"href":"https:\/\/www.diario21.tv\/noticias\/wp-json\/wp\/v2\/comments?post=1526"}],"version-history":[{"count":1,"href":"https:\/\/www.diario21.tv\/noticias\/wp-json\/wp\/v2\/posts\/1526\/revisions"}],"predecessor-version":[{"id":1528,"href":"https:\/\/www.diario21.tv\/noticias\/wp-json\/wp\/v2\/posts\/1526\/revisions\/1528"}],"wp:featuredmedia":[{"embeddable":true,"href":"https:\/\/www.diario21.tv\/noticias\/wp-json\/wp\/v2\/media\/1527"}],"wp:attachment":[{"href":"https:\/\/www.diario21.tv\/noticias\/wp-json\/wp\/v2\/media?parent=1526"}],"wp:term":[{"taxonomy":"category","embeddable":true,"href":"https:\/\/www.diario21.tv\/noticias\/wp-json\/wp\/v2\/categories?post=1526"},{"taxonomy":"post_tag","embeddable":true,"href":"https:\/\/www.diario21.tv\/noticias\/wp-json\/wp\/v2\/tags?post=1526"}],"curies":[{"name":"wp","href":"https:\/\/api.w.org\/{rel}","templated":true}]}}