{"id":1517,"date":"2024-12-17T01:38:17","date_gmt":"2024-12-17T01:38:17","guid":{"rendered":"https:\/\/www.diario21.tv\/noticias\/familia-recurre-expulsion-de-menor-acusado-de-abuso-sexual-en-colegio-de-granada\/"},"modified":"2024-12-17T01:38:19","modified_gmt":"2024-12-17T01:38:19","slug":"familia-recurre-expulsion-de-menor-acusado-de-abuso-sexual-en-colegio-de-granada","status":"publish","type":"post","link":"https:\/\/www.diario21.tv\/noticias\/familia-recurre-expulsion-de-menor-acusado-de-abuso-sexual-en-colegio-de-granada\/","title":{"rendered":"Familia recurre expulsi\u00f3n de menor acusado de abuso sexual en colegio de Granada"},"content":{"rendered":"<h2>Los familiares del adolescente acusado de abuso sexual en una escuela de Granada apelan contra su expulsi\u00f3n<\/h2>\n<p>En un reciente incidente en una instituci\u00f3n educativa de Granada, un adolescente ha sido acusado de cometer actos de abuso sexual. Como respuesta inmediata a las acusaciones, la direcci\u00f3n del colegio decidi\u00f3 expulsar al joven, medida que ahora es objeto de recurso por parte de su familia.<\/p>\n<h3>Detalles del Caso<\/h3>\n<p>El caso se hizo p\u00fablico cuando varios estudiantes del colegio informaron haber sido v\u00edctimas de comportamientos inapropiados por parte del adolescente. Tras una investigaci\u00f3n interna preliminar, la administraci\u00f3n del colegio opt\u00f3 por la expulsi\u00f3n del alumno, buscando salvaguardar el bienestar y la seguridad de los dem\u00e1s estudiantes.<\/p>\n<p>La familia del menor, sin embargo, ha decidido recurrir esta decisi\u00f3n. Argumentan que la expulsi\u00f3n fue una medida demasiado severa y precipitada, tomada sin considerar adecuadamente las circunstancias del caso ni la versi\u00f3n de los hechos del acusado. Seg\u00fan ellos, existen discrepancias y falta de pruebas concluyentes que justifiquen un castigo tan dr\u00e1stico.<\/p>\n<h3>Reacciones y Consecuencias<\/h3>\n<p>La comunidad escolar ha reaccionado de manera diversa ante el incidente. Mientras algunos padres y estudiantes apoyan la decisi\u00f3n del colegio de mantener un entorno seguro, otros creen que la situaci\u00f3n podr\u00eda haberse manejado de una manera que ofreciera un proceso m\u00e1s justo y transparente para todas las partes involucradas.<\/p>\n<p>Este caso ha encendido un debate sobre las pol\u00edticas disciplinarias en las escuelas y c\u00f3mo estas deben equilibrar la protecci\u00f3n de la comunidad educativa con los derechos de los estudiantes acusados de conductas indebidas. La situaci\u00f3n tambi\u00e9n ha puesto de relieve la importancia de procedimientos claros y justos en la gesti\u00f3n de acusaciones serias dentro de los entornos escolares.<\/p>\n<p>La apelaci\u00f3n de la familia est\u00e1 actualmente en proceso, y se espera que las autoridades educativas revisen la decisi\u00f3n de expulsi\u00f3n a la luz de los argumentos presentados por los representantes del menor. Este proceso podr\u00eda sentar un precedente importante en c\u00f3mo se abordan casos similares en el futuro, no solo en Granada sino en otras regiones.<\/p>\n<h3>Pr\u00f3ximos Pasos<\/h3>\n<p>Mientras tanto, el colegio ha reafirmado su compromiso con la creaci\u00f3n de un entorno seguro para todos sus estudiantes y ha prometido revisar sus pol\u00edticas disciplinarias y procedimientos de denuncia para asegurar que sean justos y efectivos. La resoluci\u00f3n de este caso ser\u00e1 crucial para definir las pr\u00e1cticas futuras en la gesti\u00f3n de incidentes de abuso dentro de las instituciones educativas.<\/p>\n<p>La familia del joven espera que el recurso pueda resultar en una reconsideraci\u00f3n de la expulsi\u00f3n, permitiendo que el menor contin\u00fae su educaci\u00f3n. Al mismo tiempo, la comunidad escolar sigue buscando maneras de fortalecer sus protocolos de seguridad y respuesta ante situaciones de abuso, asegurando que todos los alumnos puedan aprender en un ambiente seguro y respetuoso.<\/p>\n\n\n<div class=\"kk-star-ratings kksr-auto kksr-align-left kksr-valign-bottom\"\n    data-payload='{&quot;align&quot;:&quot;left&quot;,&quot;id&quot;:&quot;1517&quot;,&quot;slug&quot;:&quot;default&quot;,&quot;valign&quot;:&quot;bottom&quot;,&quot;ignore&quot;:&quot;&quot;,&quot;reference&quot;:&quot;auto&quot;,&quot;class&quot;:&quot;&quot;,&quot;count&quot;:&quot;0&quot;,&quot;legendonly&quot;:&quot;&quot;,&quot;readonly&quot;:&quot;&quot;,&quot;score&quot;:&quot;0&quot;,&quot;starsonly&quot;:&quot;&quot;,&quot;best&quot;:&quot;5&quot;,&quot;gap&quot;:&quot;5&quot;,&quot;greet&quot;:&quot;Valora este post&quot;,&quot;legend&quot;:&quot;0\\\/5 - (0 votes)&quot;,&quot;size&quot;:&quot;22&quot;,&quot;title&quot;:&quot;Familia recurre expulsi\u00f3n de menor acusado de abuso sexual en colegio de Granada&quot;,&quot;width&quot;:&quot;0&quot;,&quot;_legend&quot;:&quot;{score}\\\/{best} - ({count} {votes})&quot;,&quot;font_factor&quot;:&quot;1.25&quot;}'>\n            \n<div class=\"kksr-stars\">\n    \n<div class=\"kksr-stars-inactive\">\n            <div class=\"kksr-star\" data-star=\"1\" style=\"padding-right: 5px\">\n            \n\n<div class=\"kksr-icon\" style=\"width: 22px; height: 22px;\"><\/div>\n        <\/div>\n            <div class=\"kksr-star\" data-star=\"2\" style=\"padding-right: 5px\">\n            \n\n<div class=\"kksr-icon\" style=\"width: 22px; height: 22px;\"><\/div>\n        <\/div>\n            <div class=\"kksr-star\" data-star=\"3\" style=\"padding-right: 5px\">\n            \n\n<div class=\"kksr-icon\" style=\"width: 22px; height: 22px;\"><\/div>\n        <\/div>\n            <div class=\"kksr-star\" data-star=\"4\" style=\"padding-right: 5px\">\n            \n\n<div class=\"kksr-icon\" style=\"width: 22px; height: 22px;\"><\/div>\n        <\/div>\n            <div class=\"kksr-star\" data-star=\"5\" style=\"padding-right: 5px\">\n            \n\n<div class=\"kksr-icon\" style=\"width: 22px; height: 22px;\"><\/div>\n        <\/div>\n    <\/div>\n    \n<div class=\"kksr-stars-active\" style=\"width: 0px;\">\n            <div class=\"kksr-star\" style=\"padding-right: 5px\">\n            \n\n<div class=\"kksr-icon\" style=\"width: 22px; height: 22px;\"><\/div>\n        <\/div>\n            <div class=\"kksr-star\" style=\"padding-right: 5px\">\n            \n\n<div class=\"kksr-icon\" style=\"width: 22px; height: 22px;\"><\/div>\n        <\/div>\n            <div class=\"kksr-star\" style=\"padding-right: 5px\">\n            \n\n<div class=\"kksr-icon\" style=\"width: 22px; height: 22px;\"><\/div>\n        <\/div>\n            <div class=\"kksr-star\" style=\"padding-right: 5px\">\n            \n\n<div class=\"kksr-icon\" style=\"width: 22px; height: 22px;\"><\/div>\n        <\/div>\n            <div class=\"kksr-star\" style=\"padding-right: 5px\">\n            \n\n<div class=\"kksr-icon\" style=\"width: 22px; height: 22px;\"><\/div>\n        <\/div>\n    <\/div>\n<\/div>\n                \n\n<div class=\"kksr-legend\" style=\"font-size: 17.6px;\">\n            <span class=\"kksr-muted\">Valora este post<\/span>\n    <\/div>\n    <\/div>\n","protected":false},"excerpt":{"rendered":"<p>Los familiares del adolescente acusado de abuso sexual en una escuela de Granada apelan contra su expulsi\u00f3n En un reciente incidente en una instituci\u00f3n educativa de &#8230; <a title=\"Familia recurre expulsi\u00f3n de menor acusado de abuso sexual en colegio de Granada\" class=\"read-more\" href=\"https:\/\/www.diario21.tv\/noticias\/familia-recurre-expulsion-de-menor-acusado-de-abuso-sexual-en-colegio-de-granada\/\" aria-label=\"Leer m\u00e1s sobre Familia recurre expulsi\u00f3n de menor acusado de abuso sexual en colegio de Granada\">Seguir leyendo &rarr;<\/a><\/p>\n","protected":false},"author":20,"featured_media":1518,"comment_status":"open","ping_status":"open","sticky":false,"template":"","format":"standard","meta":{"footnotes":""},"categories":[13],"tags":[],"class_list":["post-1517","post","type-post","status-publish","format-standard","has-post-thumbnail","hentry","category-portada"],"yoast_head":"<!-- This site is optimized with the Yoast SEO plugin v25.6 - https:\/\/yoast.com\/wordpress\/plugins\/seo\/ -->\n<title>Familia recurre expulsi\u00f3n de menor acusado de abuso sexual en colegio de Granada - Diario 21<\/title>\n<meta name=\"robots\" content=\"index, follow, max-snippet:-1, max-image-preview:large, max-video-preview:-1\" \/>\n<link rel=\"canonical\" href=\"https:\/\/www.diario21.tv\/noticias\/familia-recurre-expulsion-de-menor-acusado-de-abuso-sexual-en-colegio-de-granada\/\" \/>\n<meta property=\"og:locale\" content=\"es_ES\" \/>\n<meta property=\"og:type\" content=\"article\" \/>\n<meta property=\"og:title\" content=\"Familia recurre expulsi\u00f3n de menor acusado de abuso sexual en colegio de Granada - Diario 21\" \/>\n<meta property=\"og:description\" content=\"Los familiares del adolescente acusado de abuso sexual en una escuela de Granada apelan contra su expulsi\u00f3n En un reciente incidente en una instituci\u00f3n educativa de ... Seguir leyendo &rarr;\" \/>\n<meta property=\"og:url\" content=\"https:\/\/www.diario21.tv\/noticias\/familia-recurre-expulsion-de-menor-acusado-de-abuso-sexual-en-colegio-de-granada\/\" \/>\n<meta property=\"og:site_name\" content=\"Diario 21\" \/>\n<meta property=\"article:published_time\" content=\"2024-12-17T01:38:17+00:00\" \/>\n<meta property=\"article:modified_time\" content=\"2024-12-17T01:38:19+00:00\" \/>\n<meta property=\"og:image\" content=\"https:\/\/www.diario21.tv\/noticias\/wp-content\/uploads\/2024\/12\/Familia-recurre-expulsion-de-menor-acusado-de-abuso-sexual-en.jpg\" \/>\n\t<meta property=\"og:image:width\" content=\"1920\" \/>\n\t<meta property=\"og:image:height\" content=\"1080\" \/>\n\t<meta property=\"og:image:type\" content=\"image\/jpeg\" \/>\n<meta name=\"author\" content=\"Juan P\u00e9rez\" \/>\n<meta name=\"twitter:card\" content=\"summary_large_image\" \/>\n<meta name=\"twitter:label1\" content=\"Escrito por\" \/>\n\t<meta name=\"twitter:data1\" content=\"Juan P\u00e9rez\" \/>\n\t<meta name=\"twitter:label2\" content=\"Tiempo de lectura\" \/>\n\t<meta name=\"twitter:data2\" content=\"2 minutos\" \/>\n<script type=\"application\/ld+json\" class=\"yoast-schema-graph\">{\"@context\":\"https:\/\/schema.org\",\"@graph\":[{\"@type\":\"WebPage\",\"@id\":\"https:\/\/www.diario21.tv\/noticias\/familia-recurre-expulsion-de-menor-acusado-de-abuso-sexual-en-colegio-de-granada\/\",\"url\":\"https:\/\/www.diario21.tv\/noticias\/familia-recurre-expulsion-de-menor-acusado-de-abuso-sexual-en-colegio-de-granada\/\",\"name\":\"Familia recurre expulsi\u00f3n de menor acusado de abuso sexual en colegio de Granada - Diario 21\",\"isPartOf\":{\"@id\":\"https:\/\/www.diario21.tv\/noticias\/#website\"},\"primaryImageOfPage\":{\"@id\":\"https:\/\/www.diario21.tv\/noticias\/familia-recurre-expulsion-de-menor-acusado-de-abuso-sexual-en-colegio-de-granada\/#primaryimage\"},\"image\":{\"@id\":\"https:\/\/www.diario21.tv\/noticias\/familia-recurre-expulsion-de-menor-acusado-de-abuso-sexual-en-colegio-de-granada\/#primaryimage\"},\"thumbnailUrl\":\"https:\/\/www.diario21.tv\/noticias\/wp-content\/uploads\/2024\/12\/Familia-recurre-expulsion-de-menor-acusado-de-abuso-sexual-en.jpg\",\"datePublished\":\"2024-12-17T01:38:17+00:00\",\"dateModified\":\"2024-12-17T01:38:19+00:00\",\"author\":{\"@id\":\"https:\/\/www.diario21.tv\/noticias\/#\/schema\/person\/dfb778f73814d8f09f302618446a526b\"},\"breadcrumb\":{\"@id\":\"https:\/\/www.diario21.tv\/noticias\/familia-recurre-expulsion-de-menor-acusado-de-abuso-sexual-en-colegio-de-granada\/#breadcrumb\"},\"inLanguage\":\"es-AR\",\"potentialAction\":[{\"@type\":\"ReadAction\",\"target\":[\"https:\/\/www.diario21.tv\/noticias\/familia-recurre-expulsion-de-menor-acusado-de-abuso-sexual-en-colegio-de-granada\/\"]}]},{\"@type\":\"ImageObject\",\"inLanguage\":\"es-AR\",\"@id\":\"https:\/\/www.diario21.tv\/noticias\/familia-recurre-expulsion-de-menor-acusado-de-abuso-sexual-en-colegio-de-granada\/#primaryimage\",\"url\":\"https:\/\/www.diario21.tv\/noticias\/wp-content\/uploads\/2024\/12\/Familia-recurre-expulsion-de-menor-acusado-de-abuso-sexual-en.jpg\",\"contentUrl\":\"https:\/\/www.diario21.tv\/noticias\/wp-content\/uploads\/2024\/12\/Familia-recurre-expulsion-de-menor-acusado-de-abuso-sexual-en.jpg\",\"width\":1920,\"height\":1080,\"caption\":\"La familia de un menor inculpado por abuso sexual en un colegio de Granada recurre la expulsi\u00f3n\"},{\"@type\":\"BreadcrumbList\",\"@id\":\"https:\/\/www.diario21.tv\/noticias\/familia-recurre-expulsion-de-menor-acusado-de-abuso-sexual-en-colegio-de-granada\/#breadcrumb\",\"itemListElement\":[{\"@type\":\"ListItem\",\"position\":1,\"name\":\"Accueil\",\"item\":\"https:\/\/www.diario21.tv\/noticias\/\"},{\"@type\":\"ListItem\",\"position\":2,\"name\":\"Familia recurre expulsi\u00f3n de menor acusado de abuso sexual en colegio de Granada\"}]},{\"@type\":\"WebSite\",\"@id\":\"https:\/\/www.diario21.tv\/noticias\/#website\",\"url\":\"https:\/\/www.diario21.tv\/noticias\/\",\"name\":\"Diario 21\",\"description\":\"\",\"potentialAction\":[{\"@type\":\"SearchAction\",\"target\":{\"@type\":\"EntryPoint\",\"urlTemplate\":\"https:\/\/www.diario21.tv\/noticias\/?s={search_term_string}\"},\"query-input\":{\"@type\":\"PropertyValueSpecification\",\"valueRequired\":true,\"valueName\":\"search_term_string\"}}],\"inLanguage\":\"es-AR\"},{\"@type\":\"Person\",\"@id\":\"https:\/\/www.diario21.tv\/noticias\/#\/schema\/person\/dfb778f73814d8f09f302618446a526b\",\"name\":\"Juan P\u00e9rez\",\"image\":{\"@type\":\"ImageObject\",\"inLanguage\":\"es-AR\",\"@id\":\"https:\/\/www.diario21.tv\/noticias\/#\/schema\/person\/image\/\",\"url\":\"https:\/\/secure.gravatar.com\/avatar\/c478a405bd10621167f4c3167cc770f5?s=96&d=mm&r=g\",\"contentUrl\":\"https:\/\/secure.gravatar.com\/avatar\/c478a405bd10621167f4c3167cc770f5?s=96&d=mm&r=g\",\"caption\":\"Juan P\u00e9rez\"},\"description\":\"Juan P\u00e9rez es el redactor en jefe de Diario 21. Con m\u00e1s de 10 a\u00f1os de experiencia en el periodismo, se especializa en pol\u00edtica nacional y an\u00e1lisis socioecon\u00f3mico. Su enfoque cr\u00edtico y riguroso aporta una perspectiva \u00fanica a cada art\u00edculo.\",\"sameAs\":[\"https:\/\/www.diario21.tv\/noticias\/\"],\"url\":\"https:\/\/www.diario21.tv\/noticias\/author\/juan-perez\/\"}]}<\/script>\n<!-- \/ Yoast SEO plugin. -->","yoast_head_json":{"title":"Familia recurre expulsi\u00f3n de menor acusado de abuso sexual en colegio de Granada - Diario 21","robots":{"index":"index","follow":"follow","max-snippet":"max-snippet:-1","max-image-preview":"max-image-preview:large","max-video-preview":"max-video-preview:-1"},"canonical":"https:\/\/www.diario21.tv\/noticias\/familia-recurre-expulsion-de-menor-acusado-de-abuso-sexual-en-colegio-de-granada\/","og_locale":"es_ES","og_type":"article","og_title":"Familia recurre expulsi\u00f3n de menor acusado de abuso sexual en colegio de Granada - Diario 21","og_description":"Los familiares del adolescente acusado de abuso sexual en una escuela de Granada apelan contra su expulsi\u00f3n En un reciente incidente en una instituci\u00f3n educativa de ... Seguir leyendo &rarr;","og_url":"https:\/\/www.diario21.tv\/noticias\/familia-recurre-expulsion-de-menor-acusado-de-abuso-sexual-en-colegio-de-granada\/","og_site_name":"Diario 21","article_published_time":"2024-12-17T01:38:17+00:00","article_modified_time":"2024-12-17T01:38:19+00:00","og_image":[{"width":1920,"height":1080,"url":"https:\/\/www.diario21.tv\/noticias\/wp-content\/uploads\/2024\/12\/Familia-recurre-expulsion-de-menor-acusado-de-abuso-sexual-en.jpg","type":"image\/jpeg"}],"author":"Juan P\u00e9rez","twitter_card":"summary_large_image","twitter_misc":{"Escrito por":"Juan P\u00e9rez","Tiempo de lectura":"2 minutos"},"schema":{"@context":"https:\/\/schema.org","@graph":[{"@type":"WebPage","@id":"https:\/\/www.diario21.tv\/noticias\/familia-recurre-expulsion-de-menor-acusado-de-abuso-sexual-en-colegio-de-granada\/","url":"https:\/\/www.diario21.tv\/noticias\/familia-recurre-expulsion-de-menor-acusado-de-abuso-sexual-en-colegio-de-granada\/","name":"Familia recurre expulsi\u00f3n de menor acusado de abuso sexual en colegio de Granada - Diario 21","isPartOf":{"@id":"https:\/\/www.diario21.tv\/noticias\/#website"},"primaryImageOfPage":{"@id":"https:\/\/www.diario21.tv\/noticias\/familia-recurre-expulsion-de-menor-acusado-de-abuso-sexual-en-colegio-de-granada\/#primaryimage"},"image":{"@id":"https:\/\/www.diario21.tv\/noticias\/familia-recurre-expulsion-de-menor-acusado-de-abuso-sexual-en-colegio-de-granada\/#primaryimage"},"thumbnailUrl":"https:\/\/www.diario21.tv\/noticias\/wp-content\/uploads\/2024\/12\/Familia-recurre-expulsion-de-menor-acusado-de-abuso-sexual-en.jpg","datePublished":"2024-12-17T01:38:17+00:00","dateModified":"2024-12-17T01:38:19+00:00","author":{"@id":"https:\/\/www.diario21.tv\/noticias\/#\/schema\/person\/dfb778f73814d8f09f302618446a526b"},"breadcrumb":{"@id":"https:\/\/www.diario21.tv\/noticias\/familia-recurre-expulsion-de-menor-acusado-de-abuso-sexual-en-colegio-de-granada\/#breadcrumb"},"inLanguage":"es-AR","potentialAction":[{"@type":"ReadAction","target":["https:\/\/www.diario21.tv\/noticias\/familia-recurre-expulsion-de-menor-acusado-de-abuso-sexual-en-colegio-de-granada\/"]}]},{"@type":"ImageObject","inLanguage":"es-AR","@id":"https:\/\/www.diario21.tv\/noticias\/familia-recurre-expulsion-de-menor-acusado-de-abuso-sexual-en-colegio-de-granada\/#primaryimage","url":"https:\/\/www.diario21.tv\/noticias\/wp-content\/uploads\/2024\/12\/Familia-recurre-expulsion-de-menor-acusado-de-abuso-sexual-en.jpg","contentUrl":"https:\/\/www.diario21.tv\/noticias\/wp-content\/uploads\/2024\/12\/Familia-recurre-expulsion-de-menor-acusado-de-abuso-sexual-en.jpg","width":1920,"height":1080,"caption":"La familia de un menor inculpado por abuso sexual en un colegio de Granada recurre la expulsi\u00f3n"},{"@type":"BreadcrumbList","@id":"https:\/\/www.diario21.tv\/noticias\/familia-recurre-expulsion-de-menor-acusado-de-abuso-sexual-en-colegio-de-granada\/#breadcrumb","itemListElement":[{"@type":"ListItem","position":1,"name":"Accueil","item":"https:\/\/www.diario21.tv\/noticias\/"},{"@type":"ListItem","position":2,"name":"Familia recurre expulsi\u00f3n de menor acusado de abuso sexual en colegio de Granada"}]},{"@type":"WebSite","@id":"https:\/\/www.diario21.tv\/noticias\/#website","url":"https:\/\/www.diario21.tv\/noticias\/","name":"Diario 21","description":"","potentialAction":[{"@type":"SearchAction","target":{"@type":"EntryPoint","urlTemplate":"https:\/\/www.diario21.tv\/noticias\/?s={search_term_string}"},"query-input":{"@type":"PropertyValueSpecification","valueRequired":true,"valueName":"search_term_string"}}],"inLanguage":"es-AR"},{"@type":"Person","@id":"https:\/\/www.diario21.tv\/noticias\/#\/schema\/person\/dfb778f73814d8f09f302618446a526b","name":"Juan P\u00e9rez","image":{"@type":"ImageObject","inLanguage":"es-AR","@id":"https:\/\/www.diario21.tv\/noticias\/#\/schema\/person\/image\/","url":"https:\/\/secure.gravatar.com\/avatar\/c478a405bd10621167f4c3167cc770f5?s=96&d=mm&r=g","contentUrl":"https:\/\/secure.gravatar.com\/avatar\/c478a405bd10621167f4c3167cc770f5?s=96&d=mm&r=g","caption":"Juan P\u00e9rez"},"description":"Juan P\u00e9rez es el redactor en jefe de Diario 21. Con m\u00e1s de 10 a\u00f1os de experiencia en el periodismo, se especializa en pol\u00edtica nacional y an\u00e1lisis socioecon\u00f3mico. Su enfoque cr\u00edtico y riguroso aporta una perspectiva \u00fanica a cada art\u00edculo.","sameAs":["https:\/\/www.diario21.tv\/noticias\/"],"url":"https:\/\/www.diario21.tv\/noticias\/author\/juan-perez\/"}]}},"_links":{"self":[{"href":"https:\/\/www.diario21.tv\/noticias\/wp-json\/wp\/v2\/posts\/1517"}],"collection":[{"href":"https:\/\/www.diario21.tv\/noticias\/wp-json\/wp\/v2\/posts"}],"about":[{"href":"https:\/\/www.diario21.tv\/noticias\/wp-json\/wp\/v2\/types\/post"}],"author":[{"embeddable":true,"href":"https:\/\/www.diario21.tv\/noticias\/wp-json\/wp\/v2\/users\/20"}],"replies":[{"embeddable":true,"href":"https:\/\/www.diario21.tv\/noticias\/wp-json\/wp\/v2\/comments?post=1517"}],"version-history":[{"count":1,"href":"https:\/\/www.diario21.tv\/noticias\/wp-json\/wp\/v2\/posts\/1517\/revisions"}],"predecessor-version":[{"id":1519,"href":"https:\/\/www.diario21.tv\/noticias\/wp-json\/wp\/v2\/posts\/1517\/revisions\/1519"}],"wp:featuredmedia":[{"embeddable":true,"href":"https:\/\/www.diario21.tv\/noticias\/wp-json\/wp\/v2\/media\/1518"}],"wp:attachment":[{"href":"https:\/\/www.diario21.tv\/noticias\/wp-json\/wp\/v2\/media?parent=1517"}],"wp:term":[{"taxonomy":"category","embeddable":true,"href":"https:\/\/www.diario21.tv\/noticias\/wp-json\/wp\/v2\/categories?post=1517"},{"taxonomy":"post_tag","embeddable":true,"href":"https:\/\/www.diario21.tv\/noticias\/wp-json\/wp\/v2\/tags?post=1517"}],"curies":[{"name":"wp","href":"https:\/\/api.w.org\/{rel}","templated":true}]}}