{"id":1508,"date":"2024-12-16T07:00:44","date_gmt":"2024-12-16T07:00:44","guid":{"rendered":"https:\/\/www.diario21.tv\/noticias\/futuro-universitario-en-jaque-expertos-urgen-adaptacion-a-tecnologia-y-mercado-laboral\/"},"modified":"2024-12-16T07:00:45","modified_gmt":"2024-12-16T07:00:45","slug":"futuro-universitario-en-jaque-expertos-urgen-adaptacion-a-tecnologia-y-mercado-laboral","status":"publish","type":"post","link":"https:\/\/www.diario21.tv\/noticias\/futuro-universitario-en-jaque-expertos-urgen-adaptacion-a-tecnologia-y-mercado-laboral\/","title":{"rendered":"\u00a1Futuro universitario en jaque! Expertos urgen adaptaci\u00f3n a tecnolog\u00eda y mercado laboral"},"content":{"rendered":"<h2>Una Instituci\u00f3n Acad\u00e9mica Orientada al Futuro: La Necesidad de Adaptarse a las Innovaciones Tecnol\u00f3gicas y al Entorno Laboral<\/h2>\n<p>En el \u00e1mbito educativo superior, la urgencia de evolucionar y adaptarse a las nuevas exigencias del mercado laboral y a los avances tecnol\u00f3gicos se ha convertido en un tema de discusi\u00f3n prevalente. Expertos en el campo educativo enfatizan la importancia de que las universidades reformulen sus programas y m\u00e9todos de ense\u00f1anza para preparar a los estudiantes para un futuro dominado por la tecnolog\u00eda y los cambios r\u00e1pidos en diversas industrias.<\/p>\n<h3>Adaptaci\u00f3n Curricular a las Nuevas Tecnolog\u00edas<\/h3>\n<p>Los especialistas argumentan que las instituciones de educaci\u00f3n superior deben integrar de manera m\u00e1s efectiva las tecnolog\u00edas emergentes en sus curr\u00edculos. Esto no solo implica la ense\u00f1anza sobre nuevas herramientas y software, sino tambi\u00e9n la incorporaci\u00f3n de habilidades digitales esenciales que ser\u00e1n cruciales en la mayor\u00eda de los campos profesionales. La idea es que la tecnolog\u00eda debe ser un elemento transversal en todas las \u00e1reas de estudio, desde las ciencias hasta las humanidades, preparando as\u00ed a los estudiantes para los retos que enfrentar\u00e1n en el \u00e1mbito laboral.<\/p>\n<h3>Conexi\u00f3n con el Mercado Laboral<\/h3>\n<p>Otro aspecto cr\u00edtico que los expertos destacan es la necesidad de que las universidades estrechen lazos con el mercado laboral. Esto se puede lograr a trav\u00e9s de programas de pasant\u00edas y cooperaci\u00f3n con empresas, que no solo proporcionen experiencia pr\u00e1ctica a los estudiantes, sino que tambi\u00e9n les permitan aplicar sus conocimientos te\u00f3ricos en situaciones reales de trabajo. Adem\u00e1s, la colaboraci\u00f3n con industrias puede ayudar a las instituciones educativas a mantener sus programas actualizados con las demandas laborales actuales.<\/p>\n<h3>Desarrollo de Habilidades Blandas<\/h3>\n<p>Adem\u00e1s de las competencias t\u00e9cnicas, se pone un gran \u00e9nfasis en la necesidad de desarrollar habilidades blandas en los estudiantes universitarios. Capacidades como la comunicaci\u00f3n efectiva, el trabajo en equipo, la resoluci\u00f3n de problemas y el pensamiento cr\u00edtico son cada vez m\u00e1s valoradas por los empleadores. Por lo tanto, es fundamental que las universidades incorporen en su ense\u00f1anza m\u00e9todos que fomenten estas habilidades esenciales para el \u00e9xito profesional.<\/p>\n<h3>Innovaci\u00f3n en la Metodolog\u00eda de Ense\u00f1anza<\/h3>\n<p>La metodolog\u00eda de ense\u00f1anza tambi\u00e9n debe sufrir una transformaci\u00f3n para alinearse m\u00e1s con las expectativas modernas. Los expertos sugieren la adopci\u00f3n de modelos educativos m\u00e1s flexibles y personalizados, que permitan a los estudiantes aprender a su propio ritmo y seg\u00fan sus intereses particulares. El uso de tecnolog\u00edas educativas, como plataformas de aprendizaje en l\u00ednea y recursos digitales, puede facilitar este tipo de aprendizaje adaptativo y m\u00e1s interactivo.<\/p>\n<p>En conclusi\u00f3n, la universidad del futuro debe ser un ente din\u00e1mico que no solo responda a los cambios tecnol\u00f3gicos, sino que tambi\u00e9n prepare a sus estudiantes para prosperar en un mercado laboral en constante evoluci\u00f3n. La adaptaci\u00f3n de los curr\u00edculos, el fortalecimiento de la relaci\u00f3n con el sector industrial, el enfoque en habilidades blandas y la innovaci\u00f3n en las metodolog\u00edas de ense\u00f1anza son pasos esenciales para lograr este objetivo. Las instituciones que logren implementar estas mejoras estar\u00e1n mejor equipadas para servir a sus estudiantes y, por ende, a la sociedad en general.<\/p>\n\n\n<div class=\"kk-star-ratings kksr-auto kksr-align-left kksr-valign-bottom\"\n    data-payload='{&quot;align&quot;:&quot;left&quot;,&quot;id&quot;:&quot;1508&quot;,&quot;slug&quot;:&quot;default&quot;,&quot;valign&quot;:&quot;bottom&quot;,&quot;ignore&quot;:&quot;&quot;,&quot;reference&quot;:&quot;auto&quot;,&quot;class&quot;:&quot;&quot;,&quot;count&quot;:&quot;0&quot;,&quot;legendonly&quot;:&quot;&quot;,&quot;readonly&quot;:&quot;&quot;,&quot;score&quot;:&quot;0&quot;,&quot;starsonly&quot;:&quot;&quot;,&quot;best&quot;:&quot;5&quot;,&quot;gap&quot;:&quot;5&quot;,&quot;greet&quot;:&quot;Valora este post&quot;,&quot;legend&quot;:&quot;0\\\/5 - (0 votes)&quot;,&quot;size&quot;:&quot;22&quot;,&quot;title&quot;:&quot;\u00a1Futuro universitario en jaque! Expertos urgen adaptaci\u00f3n a tecnolog\u00eda y mercado laboral&quot;,&quot;width&quot;:&quot;0&quot;,&quot;_legend&quot;:&quot;{score}\\\/{best} - ({count} {votes})&quot;,&quot;font_factor&quot;:&quot;1.25&quot;}'>\n            \n<div class=\"kksr-stars\">\n    \n<div class=\"kksr-stars-inactive\">\n            <div class=\"kksr-star\" data-star=\"1\" style=\"padding-right: 5px\">\n            \n\n<div class=\"kksr-icon\" style=\"width: 22px; height: 22px;\"><\/div>\n        <\/div>\n            <div class=\"kksr-star\" data-star=\"2\" style=\"padding-right: 5px\">\n            \n\n<div class=\"kksr-icon\" style=\"width: 22px; height: 22px;\"><\/div>\n        <\/div>\n            <div class=\"kksr-star\" data-star=\"3\" style=\"padding-right: 5px\">\n            \n\n<div class=\"kksr-icon\" style=\"width: 22px; height: 22px;\"><\/div>\n        <\/div>\n            <div class=\"kksr-star\" data-star=\"4\" style=\"padding-right: 5px\">\n            \n\n<div class=\"kksr-icon\" style=\"width: 22px; height: 22px;\"><\/div>\n        <\/div>\n            <div class=\"kksr-star\" data-star=\"5\" style=\"padding-right: 5px\">\n            \n\n<div class=\"kksr-icon\" style=\"width: 22px; height: 22px;\"><\/div>\n        <\/div>\n    <\/div>\n    \n<div class=\"kksr-stars-active\" style=\"width: 0px;\">\n            <div class=\"kksr-star\" style=\"padding-right: 5px\">\n            \n\n<div class=\"kksr-icon\" style=\"width: 22px; height: 22px;\"><\/div>\n        <\/div>\n            <div class=\"kksr-star\" style=\"padding-right: 5px\">\n            \n\n<div class=\"kksr-icon\" style=\"width: 22px; height: 22px;\"><\/div>\n        <\/div>\n            <div class=\"kksr-star\" style=\"padding-right: 5px\">\n            \n\n<div class=\"kksr-icon\" style=\"width: 22px; height: 22px;\"><\/div>\n        <\/div>\n            <div class=\"kksr-star\" style=\"padding-right: 5px\">\n            \n\n<div class=\"kksr-icon\" style=\"width: 22px; height: 22px;\"><\/div>\n        <\/div>\n            <div class=\"kksr-star\" style=\"padding-right: 5px\">\n            \n\n<div class=\"kksr-icon\" style=\"width: 22px; height: 22px;\"><\/div>\n        <\/div>\n    <\/div>\n<\/div>\n                \n\n<div class=\"kksr-legend\" style=\"font-size: 17.6px;\">\n            <span class=\"kksr-muted\">Valora este post<\/span>\n    <\/div>\n    <\/div>\n","protected":false},"excerpt":{"rendered":"<p>Una Instituci\u00f3n Acad\u00e9mica Orientada al Futuro: La Necesidad de Adaptarse a las Innovaciones Tecnol\u00f3gicas y al Entorno Laboral En el \u00e1mbito educativo superior, la urgencia de &#8230; <a title=\"\u00a1Futuro universitario en jaque! Expertos urgen adaptaci\u00f3n a tecnolog\u00eda y mercado laboral\" class=\"read-more\" href=\"https:\/\/www.diario21.tv\/noticias\/futuro-universitario-en-jaque-expertos-urgen-adaptacion-a-tecnologia-y-mercado-laboral\/\" aria-label=\"Leer m\u00e1s sobre \u00a1Futuro universitario en jaque! Expertos urgen adaptaci\u00f3n a tecnolog\u00eda y mercado laboral\">Seguir leyendo &rarr;<\/a><\/p>\n","protected":false},"author":20,"featured_media":1509,"comment_status":"open","ping_status":"open","sticky":false,"template":"","format":"standard","meta":{"footnotes":""},"categories":[13],"tags":[],"class_list":["post-1508","post","type-post","status-publish","format-standard","has-post-thumbnail","hentry","category-portada"],"yoast_head":"<!-- This site is optimized with the Yoast SEO plugin v25.6 - https:\/\/yoast.com\/wordpress\/plugins\/seo\/ -->\n<title>\u00a1Futuro universitario en jaque! Expertos urgen adaptaci\u00f3n a tecnolog\u00eda y mercado laboral - Diario 21<\/title>\n<meta name=\"robots\" content=\"index, follow, max-snippet:-1, max-image-preview:large, max-video-preview:-1\" \/>\n<link rel=\"canonical\" href=\"https:\/\/www.diario21.tv\/noticias\/futuro-universitario-en-jaque-expertos-urgen-adaptacion-a-tecnologia-y-mercado-laboral\/\" \/>\n<meta property=\"og:locale\" content=\"es_ES\" \/>\n<meta property=\"og:type\" content=\"article\" \/>\n<meta property=\"og:title\" content=\"\u00a1Futuro universitario en jaque! Expertos urgen adaptaci\u00f3n a tecnolog\u00eda y mercado laboral - Diario 21\" \/>\n<meta property=\"og:description\" content=\"Una Instituci\u00f3n Acad\u00e9mica Orientada al Futuro: La Necesidad de Adaptarse a las Innovaciones Tecnol\u00f3gicas y al Entorno Laboral En el \u00e1mbito educativo superior, la urgencia de ... Seguir leyendo &rarr;\" \/>\n<meta property=\"og:url\" content=\"https:\/\/www.diario21.tv\/noticias\/futuro-universitario-en-jaque-expertos-urgen-adaptacion-a-tecnologia-y-mercado-laboral\/\" \/>\n<meta property=\"og:site_name\" content=\"Diario 21\" \/>\n<meta property=\"article:published_time\" content=\"2024-12-16T07:00:44+00:00\" \/>\n<meta property=\"article:modified_time\" content=\"2024-12-16T07:00:45+00:00\" \/>\n<meta property=\"og:image\" content=\"https:\/\/www.diario21.tv\/noticias\/wp-content\/uploads\/2024\/12\/\u00a1Futuro-universitario-en-jaque-Expertos-urgen-adaptacion-a-tecnologia-y.jpg\" \/>\n\t<meta property=\"og:image:width\" content=\"1920\" \/>\n\t<meta property=\"og:image:height\" content=\"1080\" \/>\n\t<meta property=\"og:image:type\" content=\"image\/jpeg\" \/>\n<meta name=\"author\" content=\"Juan P\u00e9rez\" \/>\n<meta name=\"twitter:card\" content=\"summary_large_image\" \/>\n<meta name=\"twitter:label1\" content=\"Escrito por\" \/>\n\t<meta name=\"twitter:data1\" content=\"Juan P\u00e9rez\" \/>\n\t<meta name=\"twitter:label2\" content=\"Tiempo de lectura\" \/>\n\t<meta name=\"twitter:data2\" content=\"3 minutos\" \/>\n<script type=\"application\/ld+json\" class=\"yoast-schema-graph\">{\"@context\":\"https:\/\/schema.org\",\"@graph\":[{\"@type\":\"WebPage\",\"@id\":\"https:\/\/www.diario21.tv\/noticias\/futuro-universitario-en-jaque-expertos-urgen-adaptacion-a-tecnologia-y-mercado-laboral\/\",\"url\":\"https:\/\/www.diario21.tv\/noticias\/futuro-universitario-en-jaque-expertos-urgen-adaptacion-a-tecnologia-y-mercado-laboral\/\",\"name\":\"\u00a1Futuro universitario en jaque! Expertos urgen adaptaci\u00f3n a tecnolog\u00eda y mercado laboral - Diario 21\",\"isPartOf\":{\"@id\":\"https:\/\/www.diario21.tv\/noticias\/#website\"},\"primaryImageOfPage\":{\"@id\":\"https:\/\/www.diario21.tv\/noticias\/futuro-universitario-en-jaque-expertos-urgen-adaptacion-a-tecnologia-y-mercado-laboral\/#primaryimage\"},\"image\":{\"@id\":\"https:\/\/www.diario21.tv\/noticias\/futuro-universitario-en-jaque-expertos-urgen-adaptacion-a-tecnologia-y-mercado-laboral\/#primaryimage\"},\"thumbnailUrl\":\"https:\/\/www.diario21.tv\/noticias\/wp-content\/uploads\/2024\/12\/\u00a1Futuro-universitario-en-jaque-Expertos-urgen-adaptacion-a-tecnologia-y.jpg\",\"datePublished\":\"2024-12-16T07:00:44+00:00\",\"dateModified\":\"2024-12-16T07:00:45+00:00\",\"author\":{\"@id\":\"https:\/\/www.diario21.tv\/noticias\/#\/schema\/person\/dfb778f73814d8f09f302618446a526b\"},\"breadcrumb\":{\"@id\":\"https:\/\/www.diario21.tv\/noticias\/futuro-universitario-en-jaque-expertos-urgen-adaptacion-a-tecnologia-y-mercado-laboral\/#breadcrumb\"},\"inLanguage\":\"es-AR\",\"potentialAction\":[{\"@type\":\"ReadAction\",\"target\":[\"https:\/\/www.diario21.tv\/noticias\/futuro-universitario-en-jaque-expertos-urgen-adaptacion-a-tecnologia-y-mercado-laboral\/\"]}]},{\"@type\":\"ImageObject\",\"inLanguage\":\"es-AR\",\"@id\":\"https:\/\/www.diario21.tv\/noticias\/futuro-universitario-en-jaque-expertos-urgen-adaptacion-a-tecnologia-y-mercado-laboral\/#primaryimage\",\"url\":\"https:\/\/www.diario21.tv\/noticias\/wp-content\/uploads\/2024\/12\/\u00a1Futuro-universitario-en-jaque-Expertos-urgen-adaptacion-a-tecnologia-y.jpg\",\"contentUrl\":\"https:\/\/www.diario21.tv\/noticias\/wp-content\/uploads\/2024\/12\/\u00a1Futuro-universitario-en-jaque-Expertos-urgen-adaptacion-a-tecnologia-y.jpg\",\"width\":1920,\"height\":1080,\"caption\":\"Una universidad para el futuro: expertos demandan m\u00e1s sinton\u00eda con los cambios tecnol\u00f3gicos y adaptaci\u00f3n al mercado laboral\"},{\"@type\":\"BreadcrumbList\",\"@id\":\"https:\/\/www.diario21.tv\/noticias\/futuro-universitario-en-jaque-expertos-urgen-adaptacion-a-tecnologia-y-mercado-laboral\/#breadcrumb\",\"itemListElement\":[{\"@type\":\"ListItem\",\"position\":1,\"name\":\"Accueil\",\"item\":\"https:\/\/www.diario21.tv\/noticias\/\"},{\"@type\":\"ListItem\",\"position\":2,\"name\":\"\u00a1Futuro universitario en jaque! Expertos urgen adaptaci\u00f3n a tecnolog\u00eda y mercado laboral\"}]},{\"@type\":\"WebSite\",\"@id\":\"https:\/\/www.diario21.tv\/noticias\/#website\",\"url\":\"https:\/\/www.diario21.tv\/noticias\/\",\"name\":\"Diario 21\",\"description\":\"\",\"potentialAction\":[{\"@type\":\"SearchAction\",\"target\":{\"@type\":\"EntryPoint\",\"urlTemplate\":\"https:\/\/www.diario21.tv\/noticias\/?s={search_term_string}\"},\"query-input\":{\"@type\":\"PropertyValueSpecification\",\"valueRequired\":true,\"valueName\":\"search_term_string\"}}],\"inLanguage\":\"es-AR\"},{\"@type\":\"Person\",\"@id\":\"https:\/\/www.diario21.tv\/noticias\/#\/schema\/person\/dfb778f73814d8f09f302618446a526b\",\"name\":\"Juan P\u00e9rez\",\"image\":{\"@type\":\"ImageObject\",\"inLanguage\":\"es-AR\",\"@id\":\"https:\/\/www.diario21.tv\/noticias\/#\/schema\/person\/image\/\",\"url\":\"https:\/\/secure.gravatar.com\/avatar\/c478a405bd10621167f4c3167cc770f5?s=96&d=mm&r=g\",\"contentUrl\":\"https:\/\/secure.gravatar.com\/avatar\/c478a405bd10621167f4c3167cc770f5?s=96&d=mm&r=g\",\"caption\":\"Juan P\u00e9rez\"},\"description\":\"Juan P\u00e9rez es el redactor en jefe de Diario 21. Con m\u00e1s de 10 a\u00f1os de experiencia en el periodismo, se especializa en pol\u00edtica nacional y an\u00e1lisis socioecon\u00f3mico. Su enfoque cr\u00edtico y riguroso aporta una perspectiva \u00fanica a cada art\u00edculo.\",\"sameAs\":[\"https:\/\/www.diario21.tv\/noticias\/\"],\"url\":\"https:\/\/www.diario21.tv\/noticias\/author\/juan-perez\/\"}]}<\/script>\n<!-- \/ Yoast SEO plugin. -->","yoast_head_json":{"title":"\u00a1Futuro universitario en jaque! Expertos urgen adaptaci\u00f3n a tecnolog\u00eda y mercado laboral - Diario 21","robots":{"index":"index","follow":"follow","max-snippet":"max-snippet:-1","max-image-preview":"max-image-preview:large","max-video-preview":"max-video-preview:-1"},"canonical":"https:\/\/www.diario21.tv\/noticias\/futuro-universitario-en-jaque-expertos-urgen-adaptacion-a-tecnologia-y-mercado-laboral\/","og_locale":"es_ES","og_type":"article","og_title":"\u00a1Futuro universitario en jaque! Expertos urgen adaptaci\u00f3n a tecnolog\u00eda y mercado laboral - Diario 21","og_description":"Una Instituci\u00f3n Acad\u00e9mica Orientada al Futuro: La Necesidad de Adaptarse a las Innovaciones Tecnol\u00f3gicas y al Entorno Laboral En el \u00e1mbito educativo superior, la urgencia de ... Seguir leyendo &rarr;","og_url":"https:\/\/www.diario21.tv\/noticias\/futuro-universitario-en-jaque-expertos-urgen-adaptacion-a-tecnologia-y-mercado-laboral\/","og_site_name":"Diario 21","article_published_time":"2024-12-16T07:00:44+00:00","article_modified_time":"2024-12-16T07:00:45+00:00","og_image":[{"width":1920,"height":1080,"url":"https:\/\/www.diario21.tv\/noticias\/wp-content\/uploads\/2024\/12\/\u00a1Futuro-universitario-en-jaque-Expertos-urgen-adaptacion-a-tecnologia-y.jpg","type":"image\/jpeg"}],"author":"Juan P\u00e9rez","twitter_card":"summary_large_image","twitter_misc":{"Escrito por":"Juan P\u00e9rez","Tiempo de lectura":"3 minutos"},"schema":{"@context":"https:\/\/schema.org","@graph":[{"@type":"WebPage","@id":"https:\/\/www.diario21.tv\/noticias\/futuro-universitario-en-jaque-expertos-urgen-adaptacion-a-tecnologia-y-mercado-laboral\/","url":"https:\/\/www.diario21.tv\/noticias\/futuro-universitario-en-jaque-expertos-urgen-adaptacion-a-tecnologia-y-mercado-laboral\/","name":"\u00a1Futuro universitario en jaque! Expertos urgen adaptaci\u00f3n a tecnolog\u00eda y mercado laboral - Diario 21","isPartOf":{"@id":"https:\/\/www.diario21.tv\/noticias\/#website"},"primaryImageOfPage":{"@id":"https:\/\/www.diario21.tv\/noticias\/futuro-universitario-en-jaque-expertos-urgen-adaptacion-a-tecnologia-y-mercado-laboral\/#primaryimage"},"image":{"@id":"https:\/\/www.diario21.tv\/noticias\/futuro-universitario-en-jaque-expertos-urgen-adaptacion-a-tecnologia-y-mercado-laboral\/#primaryimage"},"thumbnailUrl":"https:\/\/www.diario21.tv\/noticias\/wp-content\/uploads\/2024\/12\/\u00a1Futuro-universitario-en-jaque-Expertos-urgen-adaptacion-a-tecnologia-y.jpg","datePublished":"2024-12-16T07:00:44+00:00","dateModified":"2024-12-16T07:00:45+00:00","author":{"@id":"https:\/\/www.diario21.tv\/noticias\/#\/schema\/person\/dfb778f73814d8f09f302618446a526b"},"breadcrumb":{"@id":"https:\/\/www.diario21.tv\/noticias\/futuro-universitario-en-jaque-expertos-urgen-adaptacion-a-tecnologia-y-mercado-laboral\/#breadcrumb"},"inLanguage":"es-AR","potentialAction":[{"@type":"ReadAction","target":["https:\/\/www.diario21.tv\/noticias\/futuro-universitario-en-jaque-expertos-urgen-adaptacion-a-tecnologia-y-mercado-laboral\/"]}]},{"@type":"ImageObject","inLanguage":"es-AR","@id":"https:\/\/www.diario21.tv\/noticias\/futuro-universitario-en-jaque-expertos-urgen-adaptacion-a-tecnologia-y-mercado-laboral\/#primaryimage","url":"https:\/\/www.diario21.tv\/noticias\/wp-content\/uploads\/2024\/12\/\u00a1Futuro-universitario-en-jaque-Expertos-urgen-adaptacion-a-tecnologia-y.jpg","contentUrl":"https:\/\/www.diario21.tv\/noticias\/wp-content\/uploads\/2024\/12\/\u00a1Futuro-universitario-en-jaque-Expertos-urgen-adaptacion-a-tecnologia-y.jpg","width":1920,"height":1080,"caption":"Una universidad para el futuro: expertos demandan m\u00e1s sinton\u00eda con los cambios tecnol\u00f3gicos y adaptaci\u00f3n al mercado laboral"},{"@type":"BreadcrumbList","@id":"https:\/\/www.diario21.tv\/noticias\/futuro-universitario-en-jaque-expertos-urgen-adaptacion-a-tecnologia-y-mercado-laboral\/#breadcrumb","itemListElement":[{"@type":"ListItem","position":1,"name":"Accueil","item":"https:\/\/www.diario21.tv\/noticias\/"},{"@type":"ListItem","position":2,"name":"\u00a1Futuro universitario en jaque! Expertos urgen adaptaci\u00f3n a tecnolog\u00eda y mercado laboral"}]},{"@type":"WebSite","@id":"https:\/\/www.diario21.tv\/noticias\/#website","url":"https:\/\/www.diario21.tv\/noticias\/","name":"Diario 21","description":"","potentialAction":[{"@type":"SearchAction","target":{"@type":"EntryPoint","urlTemplate":"https:\/\/www.diario21.tv\/noticias\/?s={search_term_string}"},"query-input":{"@type":"PropertyValueSpecification","valueRequired":true,"valueName":"search_term_string"}}],"inLanguage":"es-AR"},{"@type":"Person","@id":"https:\/\/www.diario21.tv\/noticias\/#\/schema\/person\/dfb778f73814d8f09f302618446a526b","name":"Juan P\u00e9rez","image":{"@type":"ImageObject","inLanguage":"es-AR","@id":"https:\/\/www.diario21.tv\/noticias\/#\/schema\/person\/image\/","url":"https:\/\/secure.gravatar.com\/avatar\/c478a405bd10621167f4c3167cc770f5?s=96&d=mm&r=g","contentUrl":"https:\/\/secure.gravatar.com\/avatar\/c478a405bd10621167f4c3167cc770f5?s=96&d=mm&r=g","caption":"Juan P\u00e9rez"},"description":"Juan P\u00e9rez es el redactor en jefe de Diario 21. Con m\u00e1s de 10 a\u00f1os de experiencia en el periodismo, se especializa en pol\u00edtica nacional y an\u00e1lisis socioecon\u00f3mico. Su enfoque cr\u00edtico y riguroso aporta una perspectiva \u00fanica a cada art\u00edculo.","sameAs":["https:\/\/www.diario21.tv\/noticias\/"],"url":"https:\/\/www.diario21.tv\/noticias\/author\/juan-perez\/"}]}},"_links":{"self":[{"href":"https:\/\/www.diario21.tv\/noticias\/wp-json\/wp\/v2\/posts\/1508"}],"collection":[{"href":"https:\/\/www.diario21.tv\/noticias\/wp-json\/wp\/v2\/posts"}],"about":[{"href":"https:\/\/www.diario21.tv\/noticias\/wp-json\/wp\/v2\/types\/post"}],"author":[{"embeddable":true,"href":"https:\/\/www.diario21.tv\/noticias\/wp-json\/wp\/v2\/users\/20"}],"replies":[{"embeddable":true,"href":"https:\/\/www.diario21.tv\/noticias\/wp-json\/wp\/v2\/comments?post=1508"}],"version-history":[{"count":1,"href":"https:\/\/www.diario21.tv\/noticias\/wp-json\/wp\/v2\/posts\/1508\/revisions"}],"predecessor-version":[{"id":1510,"href":"https:\/\/www.diario21.tv\/noticias\/wp-json\/wp\/v2\/posts\/1508\/revisions\/1510"}],"wp:featuredmedia":[{"embeddable":true,"href":"https:\/\/www.diario21.tv\/noticias\/wp-json\/wp\/v2\/media\/1509"}],"wp:attachment":[{"href":"https:\/\/www.diario21.tv\/noticias\/wp-json\/wp\/v2\/media?parent=1508"}],"wp:term":[{"taxonomy":"category","embeddable":true,"href":"https:\/\/www.diario21.tv\/noticias\/wp-json\/wp\/v2\/categories?post=1508"},{"taxonomy":"post_tag","embeddable":true,"href":"https:\/\/www.diario21.tv\/noticias\/wp-json\/wp\/v2\/tags?post=1508"}],"curies":[{"name":"wp","href":"https:\/\/api.w.org\/{rel}","templated":true}]}}