{"id":1505,"date":"2024-12-16T00:45:22","date_gmt":"2024-12-16T00:45:22","guid":{"rendered":"https:\/\/www.diario21.tv\/noticias\/donald-trump-elegido-persona-del-ano-por-la-revista-time\/"},"modified":"2024-12-16T00:45:23","modified_gmt":"2024-12-16T00:45:23","slug":"donald-trump-elegido-persona-del-ano-por-la-revista-time","status":"publish","type":"post","link":"https:\/\/www.diario21.tv\/noticias\/donald-trump-elegido-persona-del-ano-por-la-revista-time\/","title":{"rendered":"\u00a1Donald Trump elegido Persona del A\u00f1o por la revista Time!"},"content":{"rendered":"<h2>Donald Trump Elegido Persona del A\u00f1o por la Revista &#8216;Time&#8217;<\/h2>\n<p>La revista &#8216;Time&#8217; ha anunciado que el presidente electo de Estados Unidos, Donald Trump, ha sido nombrado Persona del A\u00f1o. Este reconocimiento es otorgado anualmente por la revista a una persona, grupo, idea o evento que haya tenido la mayor influencia en los acontecimientos del a\u00f1o, para bien o para mal.<\/p>\n<h3>El Ascenso de Trump al Poder<\/h3>\n<p>Donald Trump, magnate inmobiliario y estrella de reality shows, sorprendi\u00f3 al mundo al ganar las elecciones presidenciales de Estados Unidos en noviembre pasado. Su campa\u00f1a, marcada por un estilo directo y pol\u00e9mico, captur\u00f3 la atenci\u00f3n de los medios y polariz\u00f3 a la opini\u00f3n p\u00fablica. A lo largo del 2016, Trump se destac\u00f3 por su habilidad para dominar el ciclo de noticias, utilizando las redes sociales y sus apariciones en televisi\u00f3n para comunicar directamente con el electorado.<\/p>\n<h3>Influencia y Controversia<\/h3>\n<p>La elecci\u00f3n de Trump ha generado debates intensos sobre su estilo de liderazgo y sus propuestas pol\u00edticas, que incluyen medidas estrictas en pol\u00edticas de inmigraci\u00f3n y comercio. Sus cr\u00edticos argumentan que algunas de sus declaraciones y pol\u00edticas propuestas son divisivas y han provocado tensiones dentro y fuera de Estados Unidos. Sin embargo, sus seguidores elogian su disposici\u00f3n para desafiar el status quo y su promesa de revitalizar la econom\u00eda estadounidense.<\/p>\n<p>La decisi\u00f3n de &#8216;Time&#8217; de nombrar a Trump como Persona del A\u00f1o no es un endoso a su pol\u00edtica, sino un reconocimiento de su impacto en los acontecimientos globales del a\u00f1o. La revista destac\u00f3 que la figura de Trump ha sido una de las m\u00e1s influyentes en 2016, independientemente de las opiniones positivas o negativas que suscite.<\/p>\n<h3>Reacciones a la Elecci\u00f3n<\/h3>\n<p>La elecci\u00f3n de Donald Trump como Persona del A\u00f1o ha provocado diversas reacciones. Mientras algunos consideran que este t\u00edtulo es merecido dada la magnitud del cambio pol\u00edtico que su elecci\u00f3n representa, otros critican a &#8216;Time&#8217; por otorgarle esta distinci\u00f3n a una figura tan controvertida.<\/p>\n<p>En su entrevista con &#8216;Time&#8217;, Trump expres\u00f3 su agradecimiento por el reconocimiento y reiter\u00f3 su compromiso de ser un presidente para todos los estadounidenses, enfoc\u00e1ndose en la unidad y el progreso del pa\u00eds. A pesar de la divisi\u00f3n que su figura puede generar, est\u00e1 claro que su presidencia y las acciones que emprenda tendr\u00e1n un impacto significativo en el futuro de Estados Unidos y el mundo.<\/p>\n<p>Con este nombramiento, Trump se une a una lista de figuras hist\u00f3ricas que han sido nombradas Persona del A\u00f1o por &#8216;Time&#8217;, una lista que incluye a presidentes, l\u00edderes de movimientos sociales, y otros individuos que han marcado los tiempos en que vivieron. La influencia de Trump en el \u00e1mbito pol\u00edtico y social ser\u00e1 objeto de an\u00e1lisis y discusi\u00f3n en los a\u00f1os venideros.<\/p>\n\n\n<div class=\"kk-star-ratings kksr-auto kksr-align-left kksr-valign-bottom\"\n    data-payload='{&quot;align&quot;:&quot;left&quot;,&quot;id&quot;:&quot;1505&quot;,&quot;slug&quot;:&quot;default&quot;,&quot;valign&quot;:&quot;bottom&quot;,&quot;ignore&quot;:&quot;&quot;,&quot;reference&quot;:&quot;auto&quot;,&quot;class&quot;:&quot;&quot;,&quot;count&quot;:&quot;0&quot;,&quot;legendonly&quot;:&quot;&quot;,&quot;readonly&quot;:&quot;&quot;,&quot;score&quot;:&quot;0&quot;,&quot;starsonly&quot;:&quot;&quot;,&quot;best&quot;:&quot;5&quot;,&quot;gap&quot;:&quot;5&quot;,&quot;greet&quot;:&quot;Valora este post&quot;,&quot;legend&quot;:&quot;0\\\/5 - (0 votes)&quot;,&quot;size&quot;:&quot;22&quot;,&quot;title&quot;:&quot;\u00a1Donald Trump elegido Persona del A\u00f1o por la revista Time!&quot;,&quot;width&quot;:&quot;0&quot;,&quot;_legend&quot;:&quot;{score}\\\/{best} - ({count} {votes})&quot;,&quot;font_factor&quot;:&quot;1.25&quot;}'>\n            \n<div class=\"kksr-stars\">\n    \n<div class=\"kksr-stars-inactive\">\n            <div class=\"kksr-star\" data-star=\"1\" style=\"padding-right: 5px\">\n            \n\n<div class=\"kksr-icon\" style=\"width: 22px; height: 22px;\"><\/div>\n        <\/div>\n            <div class=\"kksr-star\" data-star=\"2\" style=\"padding-right: 5px\">\n            \n\n<div class=\"kksr-icon\" style=\"width: 22px; height: 22px;\"><\/div>\n        <\/div>\n            <div class=\"kksr-star\" data-star=\"3\" style=\"padding-right: 5px\">\n            \n\n<div class=\"kksr-icon\" style=\"width: 22px; height: 22px;\"><\/div>\n        <\/div>\n            <div class=\"kksr-star\" data-star=\"4\" style=\"padding-right: 5px\">\n            \n\n<div class=\"kksr-icon\" style=\"width: 22px; height: 22px;\"><\/div>\n        <\/div>\n            <div class=\"kksr-star\" data-star=\"5\" style=\"padding-right: 5px\">\n            \n\n<div class=\"kksr-icon\" style=\"width: 22px; height: 22px;\"><\/div>\n        <\/div>\n    <\/div>\n    \n<div class=\"kksr-stars-active\" style=\"width: 0px;\">\n            <div class=\"kksr-star\" style=\"padding-right: 5px\">\n            \n\n<div class=\"kksr-icon\" style=\"width: 22px; height: 22px;\"><\/div>\n        <\/div>\n            <div class=\"kksr-star\" style=\"padding-right: 5px\">\n            \n\n<div class=\"kksr-icon\" style=\"width: 22px; height: 22px;\"><\/div>\n        <\/div>\n            <div class=\"kksr-star\" style=\"padding-right: 5px\">\n            \n\n<div class=\"kksr-icon\" style=\"width: 22px; height: 22px;\"><\/div>\n        <\/div>\n            <div class=\"kksr-star\" style=\"padding-right: 5px\">\n            \n\n<div class=\"kksr-icon\" style=\"width: 22px; height: 22px;\"><\/div>\n        <\/div>\n            <div class=\"kksr-star\" style=\"padding-right: 5px\">\n            \n\n<div class=\"kksr-icon\" style=\"width: 22px; height: 22px;\"><\/div>\n        <\/div>\n    <\/div>\n<\/div>\n                \n\n<div class=\"kksr-legend\" style=\"font-size: 17.6px;\">\n            <span class=\"kksr-muted\">Valora este post<\/span>\n    <\/div>\n    <\/div>\n","protected":false},"excerpt":{"rendered":"<p>Donald Trump Elegido Persona del A\u00f1o por la Revista &#8216;Time&#8217; La revista &#8216;Time&#8217; ha anunciado que el presidente electo de Estados Unidos, Donald Trump, ha sido &#8230; <a title=\"\u00a1Donald Trump elegido Persona del A\u00f1o por la revista Time!\" class=\"read-more\" href=\"https:\/\/www.diario21.tv\/noticias\/donald-trump-elegido-persona-del-ano-por-la-revista-time\/\" aria-label=\"Leer m\u00e1s sobre \u00a1Donald Trump elegido Persona del A\u00f1o por la revista Time!\">Seguir leyendo &rarr;<\/a><\/p>\n","protected":false},"author":20,"featured_media":1506,"comment_status":"open","ping_status":"open","sticky":false,"template":"","format":"standard","meta":{"footnotes":""},"categories":[13],"tags":[],"class_list":["post-1505","post","type-post","status-publish","format-standard","has-post-thumbnail","hentry","category-portada"],"yoast_head":"<!-- This site is optimized with the Yoast SEO plugin v25.6 - https:\/\/yoast.com\/wordpress\/plugins\/seo\/ -->\n<title>\u00a1Donald Trump elegido Persona del A\u00f1o por la revista Time! - Diario 21<\/title>\n<meta name=\"robots\" content=\"index, follow, max-snippet:-1, max-image-preview:large, max-video-preview:-1\" \/>\n<link rel=\"canonical\" href=\"https:\/\/www.diario21.tv\/noticias\/donald-trump-elegido-persona-del-ano-por-la-revista-time\/\" \/>\n<meta property=\"og:locale\" content=\"es_ES\" \/>\n<meta property=\"og:type\" content=\"article\" \/>\n<meta property=\"og:title\" content=\"\u00a1Donald Trump elegido Persona del A\u00f1o por la revista Time! - Diario 21\" \/>\n<meta property=\"og:description\" content=\"Donald Trump Elegido Persona del A\u00f1o por la Revista &#8216;Time&#8217; La revista &#8216;Time&#8217; ha anunciado que el presidente electo de Estados Unidos, Donald Trump, ha sido ... Seguir leyendo &rarr;\" \/>\n<meta property=\"og:url\" content=\"https:\/\/www.diario21.tv\/noticias\/donald-trump-elegido-persona-del-ano-por-la-revista-time\/\" \/>\n<meta property=\"og:site_name\" content=\"Diario 21\" \/>\n<meta property=\"article:published_time\" content=\"2024-12-16T00:45:22+00:00\" \/>\n<meta property=\"article:modified_time\" content=\"2024-12-16T00:45:23+00:00\" \/>\n<meta property=\"og:image\" content=\"https:\/\/www.diario21.tv\/noticias\/wp-content\/uploads\/2024\/12\/\u00a1Donald-Trump-elegido-Persona-del-Ano-por-la-revista-Time.jpg\" \/>\n\t<meta property=\"og:image:width\" content=\"680\" \/>\n\t<meta property=\"og:image:height\" content=\"680\" \/>\n\t<meta property=\"og:image:type\" content=\"image\/jpeg\" \/>\n<meta name=\"author\" content=\"Juan P\u00e9rez\" \/>\n<meta name=\"twitter:card\" content=\"summary_large_image\" \/>\n<meta name=\"twitter:label1\" content=\"Escrito por\" \/>\n\t<meta name=\"twitter:data1\" content=\"Juan P\u00e9rez\" \/>\n\t<meta name=\"twitter:label2\" content=\"Tiempo de lectura\" \/>\n\t<meta name=\"twitter:data2\" content=\"2 minutos\" \/>\n<script type=\"application\/ld+json\" class=\"yoast-schema-graph\">{\"@context\":\"https:\/\/schema.org\",\"@graph\":[{\"@type\":\"WebPage\",\"@id\":\"https:\/\/www.diario21.tv\/noticias\/donald-trump-elegido-persona-del-ano-por-la-revista-time\/\",\"url\":\"https:\/\/www.diario21.tv\/noticias\/donald-trump-elegido-persona-del-ano-por-la-revista-time\/\",\"name\":\"\u00a1Donald Trump elegido Persona del A\u00f1o por la revista Time! - Diario 21\",\"isPartOf\":{\"@id\":\"https:\/\/www.diario21.tv\/noticias\/#website\"},\"primaryImageOfPage\":{\"@id\":\"https:\/\/www.diario21.tv\/noticias\/donald-trump-elegido-persona-del-ano-por-la-revista-time\/#primaryimage\"},\"image\":{\"@id\":\"https:\/\/www.diario21.tv\/noticias\/donald-trump-elegido-persona-del-ano-por-la-revista-time\/#primaryimage\"},\"thumbnailUrl\":\"https:\/\/www.diario21.tv\/noticias\/wp-content\/uploads\/2024\/12\/\u00a1Donald-Trump-elegido-Persona-del-Ano-por-la-revista-Time.jpg\",\"datePublished\":\"2024-12-16T00:45:22+00:00\",\"dateModified\":\"2024-12-16T00:45:23+00:00\",\"author\":{\"@id\":\"https:\/\/www.diario21.tv\/noticias\/#\/schema\/person\/dfb778f73814d8f09f302618446a526b\"},\"breadcrumb\":{\"@id\":\"https:\/\/www.diario21.tv\/noticias\/donald-trump-elegido-persona-del-ano-por-la-revista-time\/#breadcrumb\"},\"inLanguage\":\"es-AR\",\"potentialAction\":[{\"@type\":\"ReadAction\",\"target\":[\"https:\/\/www.diario21.tv\/noticias\/donald-trump-elegido-persona-del-ano-por-la-revista-time\/\"]}]},{\"@type\":\"ImageObject\",\"inLanguage\":\"es-AR\",\"@id\":\"https:\/\/www.diario21.tv\/noticias\/donald-trump-elegido-persona-del-ano-por-la-revista-time\/#primaryimage\",\"url\":\"https:\/\/www.diario21.tv\/noticias\/wp-content\/uploads\/2024\/12\/\u00a1Donald-Trump-elegido-Persona-del-Ano-por-la-revista-Time.jpg\",\"contentUrl\":\"https:\/\/www.diario21.tv\/noticias\/wp-content\/uploads\/2024\/12\/\u00a1Donald-Trump-elegido-Persona-del-Ano-por-la-revista-Time.jpg\",\"width\":680,\"height\":680,\"caption\":\"Donald Trump, persona del a\u00f1o para la revista &amp;#039;Time&amp;#039;\"},{\"@type\":\"BreadcrumbList\",\"@id\":\"https:\/\/www.diario21.tv\/noticias\/donald-trump-elegido-persona-del-ano-por-la-revista-time\/#breadcrumb\",\"itemListElement\":[{\"@type\":\"ListItem\",\"position\":1,\"name\":\"Accueil\",\"item\":\"https:\/\/www.diario21.tv\/noticias\/\"},{\"@type\":\"ListItem\",\"position\":2,\"name\":\"\u00a1Donald Trump elegido Persona del A\u00f1o por la revista Time!\"}]},{\"@type\":\"WebSite\",\"@id\":\"https:\/\/www.diario21.tv\/noticias\/#website\",\"url\":\"https:\/\/www.diario21.tv\/noticias\/\",\"name\":\"Diario 21\",\"description\":\"\",\"potentialAction\":[{\"@type\":\"SearchAction\",\"target\":{\"@type\":\"EntryPoint\",\"urlTemplate\":\"https:\/\/www.diario21.tv\/noticias\/?s={search_term_string}\"},\"query-input\":{\"@type\":\"PropertyValueSpecification\",\"valueRequired\":true,\"valueName\":\"search_term_string\"}}],\"inLanguage\":\"es-AR\"},{\"@type\":\"Person\",\"@id\":\"https:\/\/www.diario21.tv\/noticias\/#\/schema\/person\/dfb778f73814d8f09f302618446a526b\",\"name\":\"Juan P\u00e9rez\",\"image\":{\"@type\":\"ImageObject\",\"inLanguage\":\"es-AR\",\"@id\":\"https:\/\/www.diario21.tv\/noticias\/#\/schema\/person\/image\/\",\"url\":\"https:\/\/secure.gravatar.com\/avatar\/c478a405bd10621167f4c3167cc770f5?s=96&d=mm&r=g\",\"contentUrl\":\"https:\/\/secure.gravatar.com\/avatar\/c478a405bd10621167f4c3167cc770f5?s=96&d=mm&r=g\",\"caption\":\"Juan P\u00e9rez\"},\"description\":\"Juan P\u00e9rez es el redactor en jefe de Diario 21. Con m\u00e1s de 10 a\u00f1os de experiencia en el periodismo, se especializa en pol\u00edtica nacional y an\u00e1lisis socioecon\u00f3mico. Su enfoque cr\u00edtico y riguroso aporta una perspectiva \u00fanica a cada art\u00edculo.\",\"sameAs\":[\"https:\/\/www.diario21.tv\/noticias\/\"],\"url\":\"https:\/\/www.diario21.tv\/noticias\/author\/juan-perez\/\"}]}<\/script>\n<!-- \/ Yoast SEO plugin. -->","yoast_head_json":{"title":"\u00a1Donald Trump elegido Persona del A\u00f1o por la revista Time! - Diario 21","robots":{"index":"index","follow":"follow","max-snippet":"max-snippet:-1","max-image-preview":"max-image-preview:large","max-video-preview":"max-video-preview:-1"},"canonical":"https:\/\/www.diario21.tv\/noticias\/donald-trump-elegido-persona-del-ano-por-la-revista-time\/","og_locale":"es_ES","og_type":"article","og_title":"\u00a1Donald Trump elegido Persona del A\u00f1o por la revista Time! - Diario 21","og_description":"Donald Trump Elegido Persona del A\u00f1o por la Revista &#8216;Time&#8217; La revista &#8216;Time&#8217; ha anunciado que el presidente electo de Estados Unidos, Donald Trump, ha sido ... Seguir leyendo &rarr;","og_url":"https:\/\/www.diario21.tv\/noticias\/donald-trump-elegido-persona-del-ano-por-la-revista-time\/","og_site_name":"Diario 21","article_published_time":"2024-12-16T00:45:22+00:00","article_modified_time":"2024-12-16T00:45:23+00:00","og_image":[{"width":680,"height":680,"url":"https:\/\/www.diario21.tv\/noticias\/wp-content\/uploads\/2024\/12\/\u00a1Donald-Trump-elegido-Persona-del-Ano-por-la-revista-Time.jpg","type":"image\/jpeg"}],"author":"Juan P\u00e9rez","twitter_card":"summary_large_image","twitter_misc":{"Escrito por":"Juan P\u00e9rez","Tiempo de lectura":"2 minutos"},"schema":{"@context":"https:\/\/schema.org","@graph":[{"@type":"WebPage","@id":"https:\/\/www.diario21.tv\/noticias\/donald-trump-elegido-persona-del-ano-por-la-revista-time\/","url":"https:\/\/www.diario21.tv\/noticias\/donald-trump-elegido-persona-del-ano-por-la-revista-time\/","name":"\u00a1Donald Trump elegido Persona del A\u00f1o por la revista Time! - Diario 21","isPartOf":{"@id":"https:\/\/www.diario21.tv\/noticias\/#website"},"primaryImageOfPage":{"@id":"https:\/\/www.diario21.tv\/noticias\/donald-trump-elegido-persona-del-ano-por-la-revista-time\/#primaryimage"},"image":{"@id":"https:\/\/www.diario21.tv\/noticias\/donald-trump-elegido-persona-del-ano-por-la-revista-time\/#primaryimage"},"thumbnailUrl":"https:\/\/www.diario21.tv\/noticias\/wp-content\/uploads\/2024\/12\/\u00a1Donald-Trump-elegido-Persona-del-Ano-por-la-revista-Time.jpg","datePublished":"2024-12-16T00:45:22+00:00","dateModified":"2024-12-16T00:45:23+00:00","author":{"@id":"https:\/\/www.diario21.tv\/noticias\/#\/schema\/person\/dfb778f73814d8f09f302618446a526b"},"breadcrumb":{"@id":"https:\/\/www.diario21.tv\/noticias\/donald-trump-elegido-persona-del-ano-por-la-revista-time\/#breadcrumb"},"inLanguage":"es-AR","potentialAction":[{"@type":"ReadAction","target":["https:\/\/www.diario21.tv\/noticias\/donald-trump-elegido-persona-del-ano-por-la-revista-time\/"]}]},{"@type":"ImageObject","inLanguage":"es-AR","@id":"https:\/\/www.diario21.tv\/noticias\/donald-trump-elegido-persona-del-ano-por-la-revista-time\/#primaryimage","url":"https:\/\/www.diario21.tv\/noticias\/wp-content\/uploads\/2024\/12\/\u00a1Donald-Trump-elegido-Persona-del-Ano-por-la-revista-Time.jpg","contentUrl":"https:\/\/www.diario21.tv\/noticias\/wp-content\/uploads\/2024\/12\/\u00a1Donald-Trump-elegido-Persona-del-Ano-por-la-revista-Time.jpg","width":680,"height":680,"caption":"Donald Trump, persona del a\u00f1o para la revista &amp;#039;Time&amp;#039;"},{"@type":"BreadcrumbList","@id":"https:\/\/www.diario21.tv\/noticias\/donald-trump-elegido-persona-del-ano-por-la-revista-time\/#breadcrumb","itemListElement":[{"@type":"ListItem","position":1,"name":"Accueil","item":"https:\/\/www.diario21.tv\/noticias\/"},{"@type":"ListItem","position":2,"name":"\u00a1Donald Trump elegido Persona del A\u00f1o por la revista Time!"}]},{"@type":"WebSite","@id":"https:\/\/www.diario21.tv\/noticias\/#website","url":"https:\/\/www.diario21.tv\/noticias\/","name":"Diario 21","description":"","potentialAction":[{"@type":"SearchAction","target":{"@type":"EntryPoint","urlTemplate":"https:\/\/www.diario21.tv\/noticias\/?s={search_term_string}"},"query-input":{"@type":"PropertyValueSpecification","valueRequired":true,"valueName":"search_term_string"}}],"inLanguage":"es-AR"},{"@type":"Person","@id":"https:\/\/www.diario21.tv\/noticias\/#\/schema\/person\/dfb778f73814d8f09f302618446a526b","name":"Juan P\u00e9rez","image":{"@type":"ImageObject","inLanguage":"es-AR","@id":"https:\/\/www.diario21.tv\/noticias\/#\/schema\/person\/image\/","url":"https:\/\/secure.gravatar.com\/avatar\/c478a405bd10621167f4c3167cc770f5?s=96&d=mm&r=g","contentUrl":"https:\/\/secure.gravatar.com\/avatar\/c478a405bd10621167f4c3167cc770f5?s=96&d=mm&r=g","caption":"Juan P\u00e9rez"},"description":"Juan P\u00e9rez es el redactor en jefe de Diario 21. Con m\u00e1s de 10 a\u00f1os de experiencia en el periodismo, se especializa en pol\u00edtica nacional y an\u00e1lisis socioecon\u00f3mico. Su enfoque cr\u00edtico y riguroso aporta una perspectiva \u00fanica a cada art\u00edculo.","sameAs":["https:\/\/www.diario21.tv\/noticias\/"],"url":"https:\/\/www.diario21.tv\/noticias\/author\/juan-perez\/"}]}},"_links":{"self":[{"href":"https:\/\/www.diario21.tv\/noticias\/wp-json\/wp\/v2\/posts\/1505"}],"collection":[{"href":"https:\/\/www.diario21.tv\/noticias\/wp-json\/wp\/v2\/posts"}],"about":[{"href":"https:\/\/www.diario21.tv\/noticias\/wp-json\/wp\/v2\/types\/post"}],"author":[{"embeddable":true,"href":"https:\/\/www.diario21.tv\/noticias\/wp-json\/wp\/v2\/users\/20"}],"replies":[{"embeddable":true,"href":"https:\/\/www.diario21.tv\/noticias\/wp-json\/wp\/v2\/comments?post=1505"}],"version-history":[{"count":1,"href":"https:\/\/www.diario21.tv\/noticias\/wp-json\/wp\/v2\/posts\/1505\/revisions"}],"predecessor-version":[{"id":1507,"href":"https:\/\/www.diario21.tv\/noticias\/wp-json\/wp\/v2\/posts\/1505\/revisions\/1507"}],"wp:featuredmedia":[{"embeddable":true,"href":"https:\/\/www.diario21.tv\/noticias\/wp-json\/wp\/v2\/media\/1506"}],"wp:attachment":[{"href":"https:\/\/www.diario21.tv\/noticias\/wp-json\/wp\/v2\/media?parent=1505"}],"wp:term":[{"taxonomy":"category","embeddable":true,"href":"https:\/\/www.diario21.tv\/noticias\/wp-json\/wp\/v2\/categories?post=1505"},{"taxonomy":"post_tag","embeddable":true,"href":"https:\/\/www.diario21.tv\/noticias\/wp-json\/wp\/v2\/tags?post=1505"}],"curies":[{"name":"wp","href":"https:\/\/api.w.org\/{rel}","templated":true}]}}