{"id":1484,"date":"2024-12-14T05:00:22","date_gmt":"2024-12-14T05:00:22","guid":{"rendered":"https:\/\/www.diario21.tv\/noticias\/eutanasia-en-auge-aceptadas-el-75-de-las-solicitudes-un-aumento-del-25\/"},"modified":"2024-12-14T05:00:23","modified_gmt":"2024-12-14T05:00:23","slug":"eutanasia-en-auge-aceptadas-el-75-de-las-solicitudes-un-aumento-del-25","status":"publish","type":"post","link":"https:\/\/www.diario21.tv\/noticias\/eutanasia-en-auge-aceptadas-el-75-de-las-solicitudes-un-aumento-del-25\/","title":{"rendered":"Eutanasia en auge: Aceptadas el 75% de las solicitudes, un aumento del 25%"},"content":{"rendered":"<h2>Incremento del 25% en las Peticiones de Eutanasia<\/h2>\n<p>En los \u00faltimos tiempos, se ha registrado un notable aumento del 25% en las solicitudes de eutanasia. Este incremento pone de manifiesto un cambio significativo en la percepci\u00f3n y la aceptaci\u00f3n de esta pr\u00e1ctica en la sociedad. La eutanasia, que se refiere a la intervenci\u00f3n voluntaria para terminar la vida de una persona que sufre de una enfermedad incurable, ha sido objeto de debates \u00e9ticos y legales en numerosos pa\u00edses.<\/p>\n<h3>Aceptaci\u00f3n de las Solicitudes<\/h3>\n<p>De todas las solicitudes presentadas, aproximadamente tres cuartas partes han sido aceptadas. Esto indica una tendencia creciente hacia la aprobaci\u00f3n de estas peticiones, reflejando posiblemente una mayor comprensi\u00f3n y empat\u00eda hacia el sufrimiento de los pacientes en situaciones extremas. La decisi\u00f3n de aprobar o rechazar una solicitud de eutanasia se basa en criterios estrictos, que usualmente incluyen la confirmaci\u00f3n de la gravedad de la condici\u00f3n del paciente y su capacidad para tomar decisiones informadas.<\/p>\n<p>El proceso para solicitar la eutanasia es riguroso y est\u00e1 dise\u00f1ado para asegurar que se tomen todas las medidas necesarias para garantizar la voluntad y el bienestar del paciente. Incluye varias consultas m\u00e9dicas, evaluaciones psicol\u00f3gicas y, en algunos casos, la intervenci\u00f3n de comit\u00e9s \u00e9ticos.<\/p>\n<h3>Impacto en la Sociedad y la Medicina<\/h3>\n<p>El aumento en las solicitudes de eutanasia tambi\u00e9n tiene un impacto considerable en el \u00e1mbito m\u00e9dico y social. Por un lado, provoca que los profesionales de la salud enfrenten dilemas \u00e9ticos complejos y, por otro, fomenta un debate p\u00fablico sobre los derechos de los pacientes y los l\u00edmites de la intervenci\u00f3n m\u00e9dica.<\/p>\n<p>A medida que m\u00e1s pa\u00edses consideran legalizar la eutanasia o han comenzado a implementar leyes que la regulan, es probable que estas discusiones se intensifiquen. La clave en este debate es encontrar un equilibrio entre el respeto a la autonom\u00eda del paciente y la protecci\u00f3n de los vulnerables.<\/p>\n<p>En conclusi\u00f3n, el aumento del 25% en las solicitudes de eutanasia resalta un cambio en la din\u00e1mica social y m\u00e9dica respecto a c\u00f3mo se manejan las enfermedades terminales y el final de la vida. Mientras que una mayor proporci\u00f3n de estas solicitudes est\u00e1n siendo aceptadas, contin\u00faa siendo un tema de intensa deliberaci\u00f3n \u00e9tica y legal.<\/p>\n\n\n<div class=\"kk-star-ratings kksr-auto kksr-align-left kksr-valign-bottom\"\n    data-payload='{&quot;align&quot;:&quot;left&quot;,&quot;id&quot;:&quot;1484&quot;,&quot;slug&quot;:&quot;default&quot;,&quot;valign&quot;:&quot;bottom&quot;,&quot;ignore&quot;:&quot;&quot;,&quot;reference&quot;:&quot;auto&quot;,&quot;class&quot;:&quot;&quot;,&quot;count&quot;:&quot;0&quot;,&quot;legendonly&quot;:&quot;&quot;,&quot;readonly&quot;:&quot;&quot;,&quot;score&quot;:&quot;0&quot;,&quot;starsonly&quot;:&quot;&quot;,&quot;best&quot;:&quot;5&quot;,&quot;gap&quot;:&quot;5&quot;,&quot;greet&quot;:&quot;Valora este post&quot;,&quot;legend&quot;:&quot;0\\\/5 - (0 votes)&quot;,&quot;size&quot;:&quot;22&quot;,&quot;title&quot;:&quot;Eutanasia en auge: Aceptadas el 75% de las solicitudes, un aumento del 25%&quot;,&quot;width&quot;:&quot;0&quot;,&quot;_legend&quot;:&quot;{score}\\\/{best} - ({count} {votes})&quot;,&quot;font_factor&quot;:&quot;1.25&quot;}'>\n            \n<div class=\"kksr-stars\">\n    \n<div class=\"kksr-stars-inactive\">\n            <div class=\"kksr-star\" data-star=\"1\" style=\"padding-right: 5px\">\n            \n\n<div class=\"kksr-icon\" style=\"width: 22px; height: 22px;\"><\/div>\n        <\/div>\n            <div class=\"kksr-star\" data-star=\"2\" style=\"padding-right: 5px\">\n            \n\n<div class=\"kksr-icon\" style=\"width: 22px; height: 22px;\"><\/div>\n        <\/div>\n            <div class=\"kksr-star\" data-star=\"3\" style=\"padding-right: 5px\">\n            \n\n<div class=\"kksr-icon\" style=\"width: 22px; height: 22px;\"><\/div>\n        <\/div>\n            <div class=\"kksr-star\" data-star=\"4\" style=\"padding-right: 5px\">\n            \n\n<div class=\"kksr-icon\" style=\"width: 22px; height: 22px;\"><\/div>\n        <\/div>\n            <div class=\"kksr-star\" data-star=\"5\" style=\"padding-right: 5px\">\n            \n\n<div class=\"kksr-icon\" style=\"width: 22px; height: 22px;\"><\/div>\n        <\/div>\n    <\/div>\n    \n<div class=\"kksr-stars-active\" style=\"width: 0px;\">\n            <div class=\"kksr-star\" style=\"padding-right: 5px\">\n            \n\n<div class=\"kksr-icon\" style=\"width: 22px; height: 22px;\"><\/div>\n        <\/div>\n            <div class=\"kksr-star\" style=\"padding-right: 5px\">\n            \n\n<div class=\"kksr-icon\" style=\"width: 22px; height: 22px;\"><\/div>\n        <\/div>\n            <div class=\"kksr-star\" style=\"padding-right: 5px\">\n            \n\n<div class=\"kksr-icon\" style=\"width: 22px; height: 22px;\"><\/div>\n        <\/div>\n            <div class=\"kksr-star\" style=\"padding-right: 5px\">\n            \n\n<div class=\"kksr-icon\" style=\"width: 22px; height: 22px;\"><\/div>\n        <\/div>\n            <div class=\"kksr-star\" style=\"padding-right: 5px\">\n            \n\n<div class=\"kksr-icon\" style=\"width: 22px; height: 22px;\"><\/div>\n        <\/div>\n    <\/div>\n<\/div>\n                \n\n<div class=\"kksr-legend\" style=\"font-size: 17.6px;\">\n            <span class=\"kksr-muted\">Valora este post<\/span>\n    <\/div>\n    <\/div>\n","protected":false},"excerpt":{"rendered":"<p>Incremento del 25% en las Peticiones de Eutanasia En los \u00faltimos tiempos, se ha registrado un notable aumento del 25% en las solicitudes de eutanasia. Este &#8230; <a title=\"Eutanasia en auge: Aceptadas el 75% de las solicitudes, un aumento del 25%\" class=\"read-more\" href=\"https:\/\/www.diario21.tv\/noticias\/eutanasia-en-auge-aceptadas-el-75-de-las-solicitudes-un-aumento-del-25\/\" aria-label=\"Leer m\u00e1s sobre Eutanasia en auge: Aceptadas el 75% de las solicitudes, un aumento del 25%\">Seguir leyendo &rarr;<\/a><\/p>\n","protected":false},"author":20,"featured_media":1485,"comment_status":"open","ping_status":"open","sticky":false,"template":"","format":"standard","meta":{"footnotes":""},"categories":[13],"tags":[],"class_list":["post-1484","post","type-post","status-publish","format-standard","has-post-thumbnail","hentry","category-portada"],"yoast_head":"<!-- This site is optimized with the Yoast SEO plugin v25.6 - https:\/\/yoast.com\/wordpress\/plugins\/seo\/ -->\n<title>Eutanasia en auge: Aceptadas el 75% de las solicitudes, un aumento del 25% - Diario 21<\/title>\n<meta name=\"robots\" content=\"index, follow, max-snippet:-1, max-image-preview:large, max-video-preview:-1\" \/>\n<link rel=\"canonical\" href=\"https:\/\/www.diario21.tv\/noticias\/eutanasia-en-auge-aceptadas-el-75-de-las-solicitudes-un-aumento-del-25\/\" \/>\n<meta property=\"og:locale\" content=\"es_ES\" \/>\n<meta property=\"og:type\" content=\"article\" \/>\n<meta property=\"og:title\" content=\"Eutanasia en auge: Aceptadas el 75% de las solicitudes, un aumento del 25% - Diario 21\" \/>\n<meta property=\"og:description\" content=\"Incremento del 25% en las Peticiones de Eutanasia En los \u00faltimos tiempos, se ha registrado un notable aumento del 25% en las solicitudes de eutanasia. Este ... Seguir leyendo &rarr;\" \/>\n<meta property=\"og:url\" content=\"https:\/\/www.diario21.tv\/noticias\/eutanasia-en-auge-aceptadas-el-75-de-las-solicitudes-un-aumento-del-25\/\" \/>\n<meta property=\"og:site_name\" content=\"Diario 21\" \/>\n<meta property=\"article:published_time\" content=\"2024-12-14T05:00:22+00:00\" \/>\n<meta property=\"article:modified_time\" content=\"2024-12-14T05:00:23+00:00\" \/>\n<meta property=\"og:image\" content=\"https:\/\/www.diario21.tv\/noticias\/wp-content\/uploads\/2024\/12\/Eutanasia-en-auge-Aceptadas-el-75-de-las-solicitudes-un.jpg\" \/>\n\t<meta property=\"og:image:width\" content=\"1920\" \/>\n\t<meta property=\"og:image:height\" content=\"1080\" \/>\n\t<meta property=\"og:image:type\" content=\"image\/jpeg\" \/>\n<meta name=\"author\" content=\"Juan P\u00e9rez\" \/>\n<meta name=\"twitter:card\" content=\"summary_large_image\" \/>\n<meta name=\"twitter:label1\" content=\"Escrito por\" \/>\n\t<meta name=\"twitter:data1\" content=\"Juan P\u00e9rez\" \/>\n\t<meta name=\"twitter:label2\" content=\"Tiempo de lectura\" \/>\n\t<meta name=\"twitter:data2\" content=\"2 minutos\" \/>\n<script type=\"application\/ld+json\" class=\"yoast-schema-graph\">{\"@context\":\"https:\/\/schema.org\",\"@graph\":[{\"@type\":\"WebPage\",\"@id\":\"https:\/\/www.diario21.tv\/noticias\/eutanasia-en-auge-aceptadas-el-75-de-las-solicitudes-un-aumento-del-25\/\",\"url\":\"https:\/\/www.diario21.tv\/noticias\/eutanasia-en-auge-aceptadas-el-75-de-las-solicitudes-un-aumento-del-25\/\",\"name\":\"Eutanasia en auge: Aceptadas el 75% de las solicitudes, un aumento del 25% - Diario 21\",\"isPartOf\":{\"@id\":\"https:\/\/www.diario21.tv\/noticias\/#website\"},\"primaryImageOfPage\":{\"@id\":\"https:\/\/www.diario21.tv\/noticias\/eutanasia-en-auge-aceptadas-el-75-de-las-solicitudes-un-aumento-del-25\/#primaryimage\"},\"image\":{\"@id\":\"https:\/\/www.diario21.tv\/noticias\/eutanasia-en-auge-aceptadas-el-75-de-las-solicitudes-un-aumento-del-25\/#primaryimage\"},\"thumbnailUrl\":\"https:\/\/www.diario21.tv\/noticias\/wp-content\/uploads\/2024\/12\/Eutanasia-en-auge-Aceptadas-el-75-de-las-solicitudes-un.jpg\",\"datePublished\":\"2024-12-14T05:00:22+00:00\",\"dateModified\":\"2024-12-14T05:00:23+00:00\",\"author\":{\"@id\":\"https:\/\/www.diario21.tv\/noticias\/#\/schema\/person\/dfb778f73814d8f09f302618446a526b\"},\"breadcrumb\":{\"@id\":\"https:\/\/www.diario21.tv\/noticias\/eutanasia-en-auge-aceptadas-el-75-de-las-solicitudes-un-aumento-del-25\/#breadcrumb\"},\"inLanguage\":\"es-AR\",\"potentialAction\":[{\"@type\":\"ReadAction\",\"target\":[\"https:\/\/www.diario21.tv\/noticias\/eutanasia-en-auge-aceptadas-el-75-de-las-solicitudes-un-aumento-del-25\/\"]}]},{\"@type\":\"ImageObject\",\"inLanguage\":\"es-AR\",\"@id\":\"https:\/\/www.diario21.tv\/noticias\/eutanasia-en-auge-aceptadas-el-75-de-las-solicitudes-un-aumento-del-25\/#primaryimage\",\"url\":\"https:\/\/www.diario21.tv\/noticias\/wp-content\/uploads\/2024\/12\/Eutanasia-en-auge-Aceptadas-el-75-de-las-solicitudes-un.jpg\",\"contentUrl\":\"https:\/\/www.diario21.tv\/noticias\/wp-content\/uploads\/2024\/12\/Eutanasia-en-auge-Aceptadas-el-75-de-las-solicitudes-un.jpg\",\"width\":1920,\"height\":1080,\"caption\":\"Las solicitudes de eutanasia aumentan un 25% y se aceptan tres de cada cuatro\"},{\"@type\":\"BreadcrumbList\",\"@id\":\"https:\/\/www.diario21.tv\/noticias\/eutanasia-en-auge-aceptadas-el-75-de-las-solicitudes-un-aumento-del-25\/#breadcrumb\",\"itemListElement\":[{\"@type\":\"ListItem\",\"position\":1,\"name\":\"Accueil\",\"item\":\"https:\/\/www.diario21.tv\/noticias\/\"},{\"@type\":\"ListItem\",\"position\":2,\"name\":\"Eutanasia en auge: Aceptadas el 75% de las solicitudes, un aumento del 25%\"}]},{\"@type\":\"WebSite\",\"@id\":\"https:\/\/www.diario21.tv\/noticias\/#website\",\"url\":\"https:\/\/www.diario21.tv\/noticias\/\",\"name\":\"Diario 21\",\"description\":\"\",\"potentialAction\":[{\"@type\":\"SearchAction\",\"target\":{\"@type\":\"EntryPoint\",\"urlTemplate\":\"https:\/\/www.diario21.tv\/noticias\/?s={search_term_string}\"},\"query-input\":{\"@type\":\"PropertyValueSpecification\",\"valueRequired\":true,\"valueName\":\"search_term_string\"}}],\"inLanguage\":\"es-AR\"},{\"@type\":\"Person\",\"@id\":\"https:\/\/www.diario21.tv\/noticias\/#\/schema\/person\/dfb778f73814d8f09f302618446a526b\",\"name\":\"Juan P\u00e9rez\",\"image\":{\"@type\":\"ImageObject\",\"inLanguage\":\"es-AR\",\"@id\":\"https:\/\/www.diario21.tv\/noticias\/#\/schema\/person\/image\/\",\"url\":\"https:\/\/secure.gravatar.com\/avatar\/c478a405bd10621167f4c3167cc770f5?s=96&d=mm&r=g\",\"contentUrl\":\"https:\/\/secure.gravatar.com\/avatar\/c478a405bd10621167f4c3167cc770f5?s=96&d=mm&r=g\",\"caption\":\"Juan P\u00e9rez\"},\"description\":\"Juan P\u00e9rez es el redactor en jefe de Diario 21. Con m\u00e1s de 10 a\u00f1os de experiencia en el periodismo, se especializa en pol\u00edtica nacional y an\u00e1lisis socioecon\u00f3mico. Su enfoque cr\u00edtico y riguroso aporta una perspectiva \u00fanica a cada art\u00edculo.\",\"sameAs\":[\"https:\/\/www.diario21.tv\/noticias\/\"],\"url\":\"https:\/\/www.diario21.tv\/noticias\/author\/juan-perez\/\"}]}<\/script>\n<!-- \/ Yoast SEO plugin. -->","yoast_head_json":{"title":"Eutanasia en auge: Aceptadas el 75% de las solicitudes, un aumento del 25% - Diario 21","robots":{"index":"index","follow":"follow","max-snippet":"max-snippet:-1","max-image-preview":"max-image-preview:large","max-video-preview":"max-video-preview:-1"},"canonical":"https:\/\/www.diario21.tv\/noticias\/eutanasia-en-auge-aceptadas-el-75-de-las-solicitudes-un-aumento-del-25\/","og_locale":"es_ES","og_type":"article","og_title":"Eutanasia en auge: Aceptadas el 75% de las solicitudes, un aumento del 25% - Diario 21","og_description":"Incremento del 25% en las Peticiones de Eutanasia En los \u00faltimos tiempos, se ha registrado un notable aumento del 25% en las solicitudes de eutanasia. Este ... Seguir leyendo &rarr;","og_url":"https:\/\/www.diario21.tv\/noticias\/eutanasia-en-auge-aceptadas-el-75-de-las-solicitudes-un-aumento-del-25\/","og_site_name":"Diario 21","article_published_time":"2024-12-14T05:00:22+00:00","article_modified_time":"2024-12-14T05:00:23+00:00","og_image":[{"width":1920,"height":1080,"url":"https:\/\/www.diario21.tv\/noticias\/wp-content\/uploads\/2024\/12\/Eutanasia-en-auge-Aceptadas-el-75-de-las-solicitudes-un.jpg","type":"image\/jpeg"}],"author":"Juan P\u00e9rez","twitter_card":"summary_large_image","twitter_misc":{"Escrito por":"Juan P\u00e9rez","Tiempo de lectura":"2 minutos"},"schema":{"@context":"https:\/\/schema.org","@graph":[{"@type":"WebPage","@id":"https:\/\/www.diario21.tv\/noticias\/eutanasia-en-auge-aceptadas-el-75-de-las-solicitudes-un-aumento-del-25\/","url":"https:\/\/www.diario21.tv\/noticias\/eutanasia-en-auge-aceptadas-el-75-de-las-solicitudes-un-aumento-del-25\/","name":"Eutanasia en auge: Aceptadas el 75% de las solicitudes, un aumento del 25% - Diario 21","isPartOf":{"@id":"https:\/\/www.diario21.tv\/noticias\/#website"},"primaryImageOfPage":{"@id":"https:\/\/www.diario21.tv\/noticias\/eutanasia-en-auge-aceptadas-el-75-de-las-solicitudes-un-aumento-del-25\/#primaryimage"},"image":{"@id":"https:\/\/www.diario21.tv\/noticias\/eutanasia-en-auge-aceptadas-el-75-de-las-solicitudes-un-aumento-del-25\/#primaryimage"},"thumbnailUrl":"https:\/\/www.diario21.tv\/noticias\/wp-content\/uploads\/2024\/12\/Eutanasia-en-auge-Aceptadas-el-75-de-las-solicitudes-un.jpg","datePublished":"2024-12-14T05:00:22+00:00","dateModified":"2024-12-14T05:00:23+00:00","author":{"@id":"https:\/\/www.diario21.tv\/noticias\/#\/schema\/person\/dfb778f73814d8f09f302618446a526b"},"breadcrumb":{"@id":"https:\/\/www.diario21.tv\/noticias\/eutanasia-en-auge-aceptadas-el-75-de-las-solicitudes-un-aumento-del-25\/#breadcrumb"},"inLanguage":"es-AR","potentialAction":[{"@type":"ReadAction","target":["https:\/\/www.diario21.tv\/noticias\/eutanasia-en-auge-aceptadas-el-75-de-las-solicitudes-un-aumento-del-25\/"]}]},{"@type":"ImageObject","inLanguage":"es-AR","@id":"https:\/\/www.diario21.tv\/noticias\/eutanasia-en-auge-aceptadas-el-75-de-las-solicitudes-un-aumento-del-25\/#primaryimage","url":"https:\/\/www.diario21.tv\/noticias\/wp-content\/uploads\/2024\/12\/Eutanasia-en-auge-Aceptadas-el-75-de-las-solicitudes-un.jpg","contentUrl":"https:\/\/www.diario21.tv\/noticias\/wp-content\/uploads\/2024\/12\/Eutanasia-en-auge-Aceptadas-el-75-de-las-solicitudes-un.jpg","width":1920,"height":1080,"caption":"Las solicitudes de eutanasia aumentan un 25% y se aceptan tres de cada cuatro"},{"@type":"BreadcrumbList","@id":"https:\/\/www.diario21.tv\/noticias\/eutanasia-en-auge-aceptadas-el-75-de-las-solicitudes-un-aumento-del-25\/#breadcrumb","itemListElement":[{"@type":"ListItem","position":1,"name":"Accueil","item":"https:\/\/www.diario21.tv\/noticias\/"},{"@type":"ListItem","position":2,"name":"Eutanasia en auge: Aceptadas el 75% de las solicitudes, un aumento del 25%"}]},{"@type":"WebSite","@id":"https:\/\/www.diario21.tv\/noticias\/#website","url":"https:\/\/www.diario21.tv\/noticias\/","name":"Diario 21","description":"","potentialAction":[{"@type":"SearchAction","target":{"@type":"EntryPoint","urlTemplate":"https:\/\/www.diario21.tv\/noticias\/?s={search_term_string}"},"query-input":{"@type":"PropertyValueSpecification","valueRequired":true,"valueName":"search_term_string"}}],"inLanguage":"es-AR"},{"@type":"Person","@id":"https:\/\/www.diario21.tv\/noticias\/#\/schema\/person\/dfb778f73814d8f09f302618446a526b","name":"Juan P\u00e9rez","image":{"@type":"ImageObject","inLanguage":"es-AR","@id":"https:\/\/www.diario21.tv\/noticias\/#\/schema\/person\/image\/","url":"https:\/\/secure.gravatar.com\/avatar\/c478a405bd10621167f4c3167cc770f5?s=96&d=mm&r=g","contentUrl":"https:\/\/secure.gravatar.com\/avatar\/c478a405bd10621167f4c3167cc770f5?s=96&d=mm&r=g","caption":"Juan P\u00e9rez"},"description":"Juan P\u00e9rez es el redactor en jefe de Diario 21. Con m\u00e1s de 10 a\u00f1os de experiencia en el periodismo, se especializa en pol\u00edtica nacional y an\u00e1lisis socioecon\u00f3mico. Su enfoque cr\u00edtico y riguroso aporta una perspectiva \u00fanica a cada art\u00edculo.","sameAs":["https:\/\/www.diario21.tv\/noticias\/"],"url":"https:\/\/www.diario21.tv\/noticias\/author\/juan-perez\/"}]}},"_links":{"self":[{"href":"https:\/\/www.diario21.tv\/noticias\/wp-json\/wp\/v2\/posts\/1484"}],"collection":[{"href":"https:\/\/www.diario21.tv\/noticias\/wp-json\/wp\/v2\/posts"}],"about":[{"href":"https:\/\/www.diario21.tv\/noticias\/wp-json\/wp\/v2\/types\/post"}],"author":[{"embeddable":true,"href":"https:\/\/www.diario21.tv\/noticias\/wp-json\/wp\/v2\/users\/20"}],"replies":[{"embeddable":true,"href":"https:\/\/www.diario21.tv\/noticias\/wp-json\/wp\/v2\/comments?post=1484"}],"version-history":[{"count":1,"href":"https:\/\/www.diario21.tv\/noticias\/wp-json\/wp\/v2\/posts\/1484\/revisions"}],"predecessor-version":[{"id":1486,"href":"https:\/\/www.diario21.tv\/noticias\/wp-json\/wp\/v2\/posts\/1484\/revisions\/1486"}],"wp:featuredmedia":[{"embeddable":true,"href":"https:\/\/www.diario21.tv\/noticias\/wp-json\/wp\/v2\/media\/1485"}],"wp:attachment":[{"href":"https:\/\/www.diario21.tv\/noticias\/wp-json\/wp\/v2\/media?parent=1484"}],"wp:term":[{"taxonomy":"category","embeddable":true,"href":"https:\/\/www.diario21.tv\/noticias\/wp-json\/wp\/v2\/categories?post=1484"},{"taxonomy":"post_tag","embeddable":true,"href":"https:\/\/www.diario21.tv\/noticias\/wp-json\/wp\/v2\/tags?post=1484"}],"curies":[{"name":"wp","href":"https:\/\/api.w.org\/{rel}","templated":true}]}}