{"id":1481,"date":"2024-12-13T22:58:41","date_gmt":"2024-12-13T22:58:41","guid":{"rendered":"https:\/\/www.diario21.tv\/noticias\/escandalo-sexual-denuncia-a-su-pareja-por-exceder-15-minutos-el-tiempo-acordado-en-el-acto\/"},"modified":"2024-12-13T22:58:43","modified_gmt":"2024-12-13T22:58:43","slug":"escandalo-sexual-denuncia-a-su-pareja-por-exceder-15-minutos-el-tiempo-acordado-en-el-acto","status":"publish","type":"post","link":"https:\/\/www.diario21.tv\/noticias\/escandalo-sexual-denuncia-a-su-pareja-por-exceder-15-minutos-el-tiempo-acordado-en-el-acto\/","title":{"rendered":"\u00a1Esc\u00e1ndalo sexual! Denuncia a su pareja por exceder 15 minutos el tiempo acordado en el acto"},"content":{"rendered":"<h2>Acusaci\u00f3n de agresi\u00f3n sexual contra su pareja por exceder el tiempo pactado durante la relaci\u00f3n<\/h2>\n<p>En un incidente reciente que ha capturado la atenci\u00f3n p\u00fablica y generado debates sobre los l\u00edmites y acuerdos en las relaciones personales, una persona ha presentado una denuncia formal contra su pareja por agresi\u00f3n sexual. El motivo de la denuncia se centra en que la intimidad compartida entre ambos se prolong\u00f3 15 minutos m\u00e1s all\u00e1 del tiempo que hab\u00edan acordado previamente.<\/p>\n<h3>Detalles del caso<\/h3>\n<p>Seg\u00fan los informes, la pareja hab\u00eda establecido de mutuo acuerdo una duraci\u00f3n espec\u00edfica para su encuentro \u00edntimo. No obstante, el denunciante afirma que, contraviniendo el acuerdo, la actividad se extendi\u00f3 por un cuarto de hora m\u00e1s de lo pactado. Esta extensi\u00f3n del tiempo ha sido interpretada por el afectado como una violaci\u00f3n de sus t\u00e9rminos consensuados, llev\u00e1ndolo a presentar una denuncia por agresi\u00f3n sexual.<\/p>\n<p>El caso ha sido turnado a las autoridades competentes, quienes ahora est\u00e1n encargados de investigar la veracidad y la gravedad de la acusaci\u00f3n. Este proceso implica examinar las circunstancias espec\u00edficas del acuerdo inicial y c\u00f3mo se desarroll\u00f3 la situaci\u00f3n.<\/p>\n<h3>Repercusiones legales y sociales<\/h3>\n<p>Este incidente no solo tiene implicaciones legales, sino que tambi\u00e9n ha suscitado un intenso debate en la sociedad sobre la naturaleza de los acuerdos en las relaciones \u00edntimas y hasta qu\u00e9 punto estos deben ser legalmente vinculantes. Expertos en derecho y en relaciones personales est\u00e1n analizando este caso para ofrecer perspectivas que puedan ayudar a entender mejor los derechos y responsabilidades de los individuos involucrados en acuerdos personales de este tipo.<\/p>\n<p>Adem\u00e1s, este caso plantea preguntas importantes sobre la autonom\u00eda personal y los l\u00edmites del consentimiento en las relaciones, un tema que contin\u00faa evolucionando en las discusiones legales y sociales contempor\u00e1neas. La extensi\u00f3n de la duraci\u00f3n acordada en un acto tan \u00edntimo ha abierto una nueva dimensi\u00f3n sobre c\u00f3mo se interpreta el consentimiento y las violaciones del mismo en contextos privados.<\/p>\n<h3>Consideraciones futuras<\/h3>\n<p>Mientras el caso contin\u00faa desarroll\u00e1ndose, tanto jur\u00eddica como p\u00fablicamente, queda claro que el resultado podr\u00eda tener consecuencias significativas para c\u00f3mo se tratan casos similares en el futuro. La necesidad de claridad en los acuerdos mutuos y el respeto a los mismos es un punto cr\u00edtico que este caso resalta, potencialmente llevando a cambios en las pr\u00e1cticas legales y en la conciencia p\u00fablica sobre la importancia del consentimiento y la comunicaci\u00f3n clara en las relaciones \u00edntimas.<\/p>\n<p>En conclusi\u00f3n, este caso no solo es un reflejo de las complejidades inherentes a las relaciones personales y sexuales, sino que tambi\u00e9n podr\u00eda actuar como catalizador para un di\u00e1logo m\u00e1s amplio y, posiblemente, para reformas en c\u00f3mo se perciben y se regulan estas interacciones en el \u00e1mbito legal.<\/p>\n\n\n<div class=\"kk-star-ratings kksr-auto kksr-align-left kksr-valign-bottom\"\n    data-payload='{&quot;align&quot;:&quot;left&quot;,&quot;id&quot;:&quot;1481&quot;,&quot;slug&quot;:&quot;default&quot;,&quot;valign&quot;:&quot;bottom&quot;,&quot;ignore&quot;:&quot;&quot;,&quot;reference&quot;:&quot;auto&quot;,&quot;class&quot;:&quot;&quot;,&quot;count&quot;:&quot;0&quot;,&quot;legendonly&quot;:&quot;&quot;,&quot;readonly&quot;:&quot;&quot;,&quot;score&quot;:&quot;0&quot;,&quot;starsonly&quot;:&quot;&quot;,&quot;best&quot;:&quot;5&quot;,&quot;gap&quot;:&quot;5&quot;,&quot;greet&quot;:&quot;Valora este post&quot;,&quot;legend&quot;:&quot;0\\\/5 - (0 votes)&quot;,&quot;size&quot;:&quot;22&quot;,&quot;title&quot;:&quot;\u00a1Esc\u00e1ndalo sexual! Denuncia a su pareja por exceder 15 minutos el tiempo acordado en el acto&quot;,&quot;width&quot;:&quot;0&quot;,&quot;_legend&quot;:&quot;{score}\\\/{best} - ({count} {votes})&quot;,&quot;font_factor&quot;:&quot;1.25&quot;}'>\n            \n<div class=\"kksr-stars\">\n    \n<div class=\"kksr-stars-inactive\">\n            <div class=\"kksr-star\" data-star=\"1\" style=\"padding-right: 5px\">\n            \n\n<div class=\"kksr-icon\" style=\"width: 22px; height: 22px;\"><\/div>\n        <\/div>\n            <div class=\"kksr-star\" data-star=\"2\" style=\"padding-right: 5px\">\n            \n\n<div class=\"kksr-icon\" style=\"width: 22px; height: 22px;\"><\/div>\n        <\/div>\n            <div class=\"kksr-star\" data-star=\"3\" style=\"padding-right: 5px\">\n            \n\n<div class=\"kksr-icon\" style=\"width: 22px; height: 22px;\"><\/div>\n        <\/div>\n            <div class=\"kksr-star\" data-star=\"4\" style=\"padding-right: 5px\">\n            \n\n<div class=\"kksr-icon\" style=\"width: 22px; height: 22px;\"><\/div>\n        <\/div>\n            <div class=\"kksr-star\" data-star=\"5\" style=\"padding-right: 5px\">\n            \n\n<div class=\"kksr-icon\" style=\"width: 22px; height: 22px;\"><\/div>\n        <\/div>\n    <\/div>\n    \n<div class=\"kksr-stars-active\" style=\"width: 0px;\">\n            <div class=\"kksr-star\" style=\"padding-right: 5px\">\n            \n\n<div class=\"kksr-icon\" style=\"width: 22px; height: 22px;\"><\/div>\n        <\/div>\n            <div class=\"kksr-star\" style=\"padding-right: 5px\">\n            \n\n<div class=\"kksr-icon\" style=\"width: 22px; height: 22px;\"><\/div>\n        <\/div>\n            <div class=\"kksr-star\" style=\"padding-right: 5px\">\n            \n\n<div class=\"kksr-icon\" style=\"width: 22px; height: 22px;\"><\/div>\n        <\/div>\n            <div class=\"kksr-star\" style=\"padding-right: 5px\">\n            \n\n<div class=\"kksr-icon\" style=\"width: 22px; height: 22px;\"><\/div>\n        <\/div>\n            <div class=\"kksr-star\" style=\"padding-right: 5px\">\n            \n\n<div class=\"kksr-icon\" style=\"width: 22px; height: 22px;\"><\/div>\n        <\/div>\n    <\/div>\n<\/div>\n                \n\n<div class=\"kksr-legend\" style=\"font-size: 17.6px;\">\n            <span class=\"kksr-muted\">Valora este post<\/span>\n    <\/div>\n    <\/div>\n","protected":false},"excerpt":{"rendered":"<p>Acusaci\u00f3n de agresi\u00f3n sexual contra su pareja por exceder el tiempo pactado durante la relaci\u00f3n En un incidente reciente que ha capturado la atenci\u00f3n p\u00fablica y &#8230; <a title=\"\u00a1Esc\u00e1ndalo sexual! Denuncia a su pareja por exceder 15 minutos el tiempo acordado en el acto\" class=\"read-more\" href=\"https:\/\/www.diario21.tv\/noticias\/escandalo-sexual-denuncia-a-su-pareja-por-exceder-15-minutos-el-tiempo-acordado-en-el-acto\/\" aria-label=\"Leer m\u00e1s sobre \u00a1Esc\u00e1ndalo sexual! Denuncia a su pareja por exceder 15 minutos el tiempo acordado en el acto\">Seguir leyendo &rarr;<\/a><\/p>\n","protected":false},"author":20,"featured_media":1482,"comment_status":"open","ping_status":"open","sticky":false,"template":"","format":"standard","meta":{"footnotes":""},"categories":[13],"tags":[],"class_list":["post-1481","post","type-post","status-publish","format-standard","has-post-thumbnail","hentry","category-portada"],"yoast_head":"<!-- This site is optimized with the Yoast SEO plugin v25.6 - https:\/\/yoast.com\/wordpress\/plugins\/seo\/ -->\n<title>\u00a1Esc\u00e1ndalo sexual! Denuncia a su pareja por exceder 15 minutos el tiempo acordado en el acto - Diario 21<\/title>\n<meta name=\"robots\" content=\"index, follow, max-snippet:-1, max-image-preview:large, max-video-preview:-1\" \/>\n<link rel=\"canonical\" href=\"https:\/\/www.diario21.tv\/noticias\/escandalo-sexual-denuncia-a-su-pareja-por-exceder-15-minutos-el-tiempo-acordado-en-el-acto\/\" \/>\n<meta property=\"og:locale\" content=\"es_ES\" \/>\n<meta property=\"og:type\" content=\"article\" \/>\n<meta property=\"og:title\" content=\"\u00a1Esc\u00e1ndalo sexual! Denuncia a su pareja por exceder 15 minutos el tiempo acordado en el acto - Diario 21\" \/>\n<meta property=\"og:description\" content=\"Acusaci\u00f3n de agresi\u00f3n sexual contra su pareja por exceder el tiempo pactado durante la relaci\u00f3n En un incidente reciente que ha capturado la atenci\u00f3n p\u00fablica y ... Seguir leyendo &rarr;\" \/>\n<meta property=\"og:url\" content=\"https:\/\/www.diario21.tv\/noticias\/escandalo-sexual-denuncia-a-su-pareja-por-exceder-15-minutos-el-tiempo-acordado-en-el-acto\/\" \/>\n<meta property=\"og:site_name\" content=\"Diario 21\" \/>\n<meta property=\"article:published_time\" content=\"2024-12-13T22:58:41+00:00\" \/>\n<meta property=\"article:modified_time\" content=\"2024-12-13T22:58:43+00:00\" \/>\n<meta property=\"og:image\" content=\"https:\/\/www.diario21.tv\/noticias\/wp-content\/uploads\/2024\/12\/\u00a1Escandalo-sexual-Denuncia-a-su-pareja-por-exceder-15-minutos.jpg\" \/>\n\t<meta property=\"og:image:width\" content=\"1920\" \/>\n\t<meta property=\"og:image:height\" content=\"1080\" \/>\n\t<meta property=\"og:image:type\" content=\"image\/jpeg\" \/>\n<meta name=\"author\" content=\"Juan P\u00e9rez\" \/>\n<meta name=\"twitter:card\" content=\"summary_large_image\" \/>\n<meta name=\"twitter:label1\" content=\"Escrito por\" \/>\n\t<meta name=\"twitter:data1\" content=\"Juan P\u00e9rez\" \/>\n\t<meta name=\"twitter:label2\" content=\"Tiempo de lectura\" \/>\n\t<meta name=\"twitter:data2\" content=\"2 minutos\" \/>\n<script type=\"application\/ld+json\" class=\"yoast-schema-graph\">{\"@context\":\"https:\/\/schema.org\",\"@graph\":[{\"@type\":\"WebPage\",\"@id\":\"https:\/\/www.diario21.tv\/noticias\/escandalo-sexual-denuncia-a-su-pareja-por-exceder-15-minutos-el-tiempo-acordado-en-el-acto\/\",\"url\":\"https:\/\/www.diario21.tv\/noticias\/escandalo-sexual-denuncia-a-su-pareja-por-exceder-15-minutos-el-tiempo-acordado-en-el-acto\/\",\"name\":\"\u00a1Esc\u00e1ndalo sexual! Denuncia a su pareja por exceder 15 minutos el tiempo acordado en el acto - Diario 21\",\"isPartOf\":{\"@id\":\"https:\/\/www.diario21.tv\/noticias\/#website\"},\"primaryImageOfPage\":{\"@id\":\"https:\/\/www.diario21.tv\/noticias\/escandalo-sexual-denuncia-a-su-pareja-por-exceder-15-minutos-el-tiempo-acordado-en-el-acto\/#primaryimage\"},\"image\":{\"@id\":\"https:\/\/www.diario21.tv\/noticias\/escandalo-sexual-denuncia-a-su-pareja-por-exceder-15-minutos-el-tiempo-acordado-en-el-acto\/#primaryimage\"},\"thumbnailUrl\":\"https:\/\/www.diario21.tv\/noticias\/wp-content\/uploads\/2024\/12\/\u00a1Escandalo-sexual-Denuncia-a-su-pareja-por-exceder-15-minutos.jpg\",\"datePublished\":\"2024-12-13T22:58:41+00:00\",\"dateModified\":\"2024-12-13T22:58:43+00:00\",\"author\":{\"@id\":\"https:\/\/www.diario21.tv\/noticias\/#\/schema\/person\/dfb778f73814d8f09f302618446a526b\"},\"breadcrumb\":{\"@id\":\"https:\/\/www.diario21.tv\/noticias\/escandalo-sexual-denuncia-a-su-pareja-por-exceder-15-minutos-el-tiempo-acordado-en-el-acto\/#breadcrumb\"},\"inLanguage\":\"es-AR\",\"potentialAction\":[{\"@type\":\"ReadAction\",\"target\":[\"https:\/\/www.diario21.tv\/noticias\/escandalo-sexual-denuncia-a-su-pareja-por-exceder-15-minutos-el-tiempo-acordado-en-el-acto\/\"]}]},{\"@type\":\"ImageObject\",\"inLanguage\":\"es-AR\",\"@id\":\"https:\/\/www.diario21.tv\/noticias\/escandalo-sexual-denuncia-a-su-pareja-por-exceder-15-minutos-el-tiempo-acordado-en-el-acto\/#primaryimage\",\"url\":\"https:\/\/www.diario21.tv\/noticias\/wp-content\/uploads\/2024\/12\/\u00a1Escandalo-sexual-Denuncia-a-su-pareja-por-exceder-15-minutos.jpg\",\"contentUrl\":\"https:\/\/www.diario21.tv\/noticias\/wp-content\/uploads\/2024\/12\/\u00a1Escandalo-sexual-Denuncia-a-su-pareja-por-exceder-15-minutos.jpg\",\"width\":1920,\"height\":1080,\"caption\":\"Denuncia a su pareja por agresi\u00f3n sexual porque \u00abel acto\u00bb termin\u00f3 15 minutos despu\u00e9s de la hora acordada\"},{\"@type\":\"BreadcrumbList\",\"@id\":\"https:\/\/www.diario21.tv\/noticias\/escandalo-sexual-denuncia-a-su-pareja-por-exceder-15-minutos-el-tiempo-acordado-en-el-acto\/#breadcrumb\",\"itemListElement\":[{\"@type\":\"ListItem\",\"position\":1,\"name\":\"Accueil\",\"item\":\"https:\/\/www.diario21.tv\/noticias\/\"},{\"@type\":\"ListItem\",\"position\":2,\"name\":\"\u00a1Esc\u00e1ndalo sexual! Denuncia a su pareja por exceder 15 minutos el tiempo acordado en el acto\"}]},{\"@type\":\"WebSite\",\"@id\":\"https:\/\/www.diario21.tv\/noticias\/#website\",\"url\":\"https:\/\/www.diario21.tv\/noticias\/\",\"name\":\"Diario 21\",\"description\":\"\",\"potentialAction\":[{\"@type\":\"SearchAction\",\"target\":{\"@type\":\"EntryPoint\",\"urlTemplate\":\"https:\/\/www.diario21.tv\/noticias\/?s={search_term_string}\"},\"query-input\":{\"@type\":\"PropertyValueSpecification\",\"valueRequired\":true,\"valueName\":\"search_term_string\"}}],\"inLanguage\":\"es-AR\"},{\"@type\":\"Person\",\"@id\":\"https:\/\/www.diario21.tv\/noticias\/#\/schema\/person\/dfb778f73814d8f09f302618446a526b\",\"name\":\"Juan P\u00e9rez\",\"image\":{\"@type\":\"ImageObject\",\"inLanguage\":\"es-AR\",\"@id\":\"https:\/\/www.diario21.tv\/noticias\/#\/schema\/person\/image\/\",\"url\":\"https:\/\/secure.gravatar.com\/avatar\/c478a405bd10621167f4c3167cc770f5?s=96&d=mm&r=g\",\"contentUrl\":\"https:\/\/secure.gravatar.com\/avatar\/c478a405bd10621167f4c3167cc770f5?s=96&d=mm&r=g\",\"caption\":\"Juan P\u00e9rez\"},\"description\":\"Juan P\u00e9rez es el redactor en jefe de Diario 21. Con m\u00e1s de 10 a\u00f1os de experiencia en el periodismo, se especializa en pol\u00edtica nacional y an\u00e1lisis socioecon\u00f3mico. Su enfoque cr\u00edtico y riguroso aporta una perspectiva \u00fanica a cada art\u00edculo.\",\"sameAs\":[\"https:\/\/www.diario21.tv\/noticias\/\"],\"url\":\"https:\/\/www.diario21.tv\/noticias\/author\/juan-perez\/\"}]}<\/script>\n<!-- \/ Yoast SEO plugin. -->","yoast_head_json":{"title":"\u00a1Esc\u00e1ndalo sexual! Denuncia a su pareja por exceder 15 minutos el tiempo acordado en el acto - Diario 21","robots":{"index":"index","follow":"follow","max-snippet":"max-snippet:-1","max-image-preview":"max-image-preview:large","max-video-preview":"max-video-preview:-1"},"canonical":"https:\/\/www.diario21.tv\/noticias\/escandalo-sexual-denuncia-a-su-pareja-por-exceder-15-minutos-el-tiempo-acordado-en-el-acto\/","og_locale":"es_ES","og_type":"article","og_title":"\u00a1Esc\u00e1ndalo sexual! Denuncia a su pareja por exceder 15 minutos el tiempo acordado en el acto - Diario 21","og_description":"Acusaci\u00f3n de agresi\u00f3n sexual contra su pareja por exceder el tiempo pactado durante la relaci\u00f3n En un incidente reciente que ha capturado la atenci\u00f3n p\u00fablica y ... Seguir leyendo &rarr;","og_url":"https:\/\/www.diario21.tv\/noticias\/escandalo-sexual-denuncia-a-su-pareja-por-exceder-15-minutos-el-tiempo-acordado-en-el-acto\/","og_site_name":"Diario 21","article_published_time":"2024-12-13T22:58:41+00:00","article_modified_time":"2024-12-13T22:58:43+00:00","og_image":[{"width":1920,"height":1080,"url":"https:\/\/www.diario21.tv\/noticias\/wp-content\/uploads\/2024\/12\/\u00a1Escandalo-sexual-Denuncia-a-su-pareja-por-exceder-15-minutos.jpg","type":"image\/jpeg"}],"author":"Juan P\u00e9rez","twitter_card":"summary_large_image","twitter_misc":{"Escrito por":"Juan P\u00e9rez","Tiempo de lectura":"2 minutos"},"schema":{"@context":"https:\/\/schema.org","@graph":[{"@type":"WebPage","@id":"https:\/\/www.diario21.tv\/noticias\/escandalo-sexual-denuncia-a-su-pareja-por-exceder-15-minutos-el-tiempo-acordado-en-el-acto\/","url":"https:\/\/www.diario21.tv\/noticias\/escandalo-sexual-denuncia-a-su-pareja-por-exceder-15-minutos-el-tiempo-acordado-en-el-acto\/","name":"\u00a1Esc\u00e1ndalo sexual! Denuncia a su pareja por exceder 15 minutos el tiempo acordado en el acto - Diario 21","isPartOf":{"@id":"https:\/\/www.diario21.tv\/noticias\/#website"},"primaryImageOfPage":{"@id":"https:\/\/www.diario21.tv\/noticias\/escandalo-sexual-denuncia-a-su-pareja-por-exceder-15-minutos-el-tiempo-acordado-en-el-acto\/#primaryimage"},"image":{"@id":"https:\/\/www.diario21.tv\/noticias\/escandalo-sexual-denuncia-a-su-pareja-por-exceder-15-minutos-el-tiempo-acordado-en-el-acto\/#primaryimage"},"thumbnailUrl":"https:\/\/www.diario21.tv\/noticias\/wp-content\/uploads\/2024\/12\/\u00a1Escandalo-sexual-Denuncia-a-su-pareja-por-exceder-15-minutos.jpg","datePublished":"2024-12-13T22:58:41+00:00","dateModified":"2024-12-13T22:58:43+00:00","author":{"@id":"https:\/\/www.diario21.tv\/noticias\/#\/schema\/person\/dfb778f73814d8f09f302618446a526b"},"breadcrumb":{"@id":"https:\/\/www.diario21.tv\/noticias\/escandalo-sexual-denuncia-a-su-pareja-por-exceder-15-minutos-el-tiempo-acordado-en-el-acto\/#breadcrumb"},"inLanguage":"es-AR","potentialAction":[{"@type":"ReadAction","target":["https:\/\/www.diario21.tv\/noticias\/escandalo-sexual-denuncia-a-su-pareja-por-exceder-15-minutos-el-tiempo-acordado-en-el-acto\/"]}]},{"@type":"ImageObject","inLanguage":"es-AR","@id":"https:\/\/www.diario21.tv\/noticias\/escandalo-sexual-denuncia-a-su-pareja-por-exceder-15-minutos-el-tiempo-acordado-en-el-acto\/#primaryimage","url":"https:\/\/www.diario21.tv\/noticias\/wp-content\/uploads\/2024\/12\/\u00a1Escandalo-sexual-Denuncia-a-su-pareja-por-exceder-15-minutos.jpg","contentUrl":"https:\/\/www.diario21.tv\/noticias\/wp-content\/uploads\/2024\/12\/\u00a1Escandalo-sexual-Denuncia-a-su-pareja-por-exceder-15-minutos.jpg","width":1920,"height":1080,"caption":"Denuncia a su pareja por agresi\u00f3n sexual porque \u00abel acto\u00bb termin\u00f3 15 minutos despu\u00e9s de la hora acordada"},{"@type":"BreadcrumbList","@id":"https:\/\/www.diario21.tv\/noticias\/escandalo-sexual-denuncia-a-su-pareja-por-exceder-15-minutos-el-tiempo-acordado-en-el-acto\/#breadcrumb","itemListElement":[{"@type":"ListItem","position":1,"name":"Accueil","item":"https:\/\/www.diario21.tv\/noticias\/"},{"@type":"ListItem","position":2,"name":"\u00a1Esc\u00e1ndalo sexual! Denuncia a su pareja por exceder 15 minutos el tiempo acordado en el acto"}]},{"@type":"WebSite","@id":"https:\/\/www.diario21.tv\/noticias\/#website","url":"https:\/\/www.diario21.tv\/noticias\/","name":"Diario 21","description":"","potentialAction":[{"@type":"SearchAction","target":{"@type":"EntryPoint","urlTemplate":"https:\/\/www.diario21.tv\/noticias\/?s={search_term_string}"},"query-input":{"@type":"PropertyValueSpecification","valueRequired":true,"valueName":"search_term_string"}}],"inLanguage":"es-AR"},{"@type":"Person","@id":"https:\/\/www.diario21.tv\/noticias\/#\/schema\/person\/dfb778f73814d8f09f302618446a526b","name":"Juan P\u00e9rez","image":{"@type":"ImageObject","inLanguage":"es-AR","@id":"https:\/\/www.diario21.tv\/noticias\/#\/schema\/person\/image\/","url":"https:\/\/secure.gravatar.com\/avatar\/c478a405bd10621167f4c3167cc770f5?s=96&d=mm&r=g","contentUrl":"https:\/\/secure.gravatar.com\/avatar\/c478a405bd10621167f4c3167cc770f5?s=96&d=mm&r=g","caption":"Juan P\u00e9rez"},"description":"Juan P\u00e9rez es el redactor en jefe de Diario 21. Con m\u00e1s de 10 a\u00f1os de experiencia en el periodismo, se especializa en pol\u00edtica nacional y an\u00e1lisis socioecon\u00f3mico. Su enfoque cr\u00edtico y riguroso aporta una perspectiva \u00fanica a cada art\u00edculo.","sameAs":["https:\/\/www.diario21.tv\/noticias\/"],"url":"https:\/\/www.diario21.tv\/noticias\/author\/juan-perez\/"}]}},"_links":{"self":[{"href":"https:\/\/www.diario21.tv\/noticias\/wp-json\/wp\/v2\/posts\/1481"}],"collection":[{"href":"https:\/\/www.diario21.tv\/noticias\/wp-json\/wp\/v2\/posts"}],"about":[{"href":"https:\/\/www.diario21.tv\/noticias\/wp-json\/wp\/v2\/types\/post"}],"author":[{"embeddable":true,"href":"https:\/\/www.diario21.tv\/noticias\/wp-json\/wp\/v2\/users\/20"}],"replies":[{"embeddable":true,"href":"https:\/\/www.diario21.tv\/noticias\/wp-json\/wp\/v2\/comments?post=1481"}],"version-history":[{"count":1,"href":"https:\/\/www.diario21.tv\/noticias\/wp-json\/wp\/v2\/posts\/1481\/revisions"}],"predecessor-version":[{"id":1483,"href":"https:\/\/www.diario21.tv\/noticias\/wp-json\/wp\/v2\/posts\/1481\/revisions\/1483"}],"wp:featuredmedia":[{"embeddable":true,"href":"https:\/\/www.diario21.tv\/noticias\/wp-json\/wp\/v2\/media\/1482"}],"wp:attachment":[{"href":"https:\/\/www.diario21.tv\/noticias\/wp-json\/wp\/v2\/media?parent=1481"}],"wp:term":[{"taxonomy":"category","embeddable":true,"href":"https:\/\/www.diario21.tv\/noticias\/wp-json\/wp\/v2\/categories?post=1481"},{"taxonomy":"post_tag","embeddable":true,"href":"https:\/\/www.diario21.tv\/noticias\/wp-json\/wp\/v2\/tags?post=1481"}],"curies":[{"name":"wp","href":"https:\/\/api.w.org\/{rel}","templated":true}]}}