{"id":1472,"date":"2024-12-12T22:40:52","date_gmt":"2024-12-12T22:40:52","guid":{"rendered":"https:\/\/www.diario21.tv\/noticias\/impactante-38-de-espanoles-colaboraron-con-ongs-en-2023-6-de-cada-10-lo-han-hecho-alguna-vez\/"},"modified":"2024-12-12T22:40:56","modified_gmt":"2024-12-12T22:40:56","slug":"impactante-38-de-espanoles-colaboraron-con-ongs-en-2023-6-de-cada-10-lo-han-hecho-alguna-vez","status":"publish","type":"post","link":"https:\/\/www.diario21.tv\/noticias\/impactante-38-de-espanoles-colaboraron-con-ongs-en-2023-6-de-cada-10-lo-han-hecho-alguna-vez\/","title":{"rendered":"\u00a1Impactante! 38% de espa\u00f1oles colaboraron con ONGs en 2023, \u00a16 de cada 10 lo han hecho alguna vez!"},"content":{"rendered":"<h2>Colaboraci\u00f3n de los Espa\u00f1oles con Organizaciones No Gubernamentales<\/h2>\n<p>La participaci\u00f3n de los ciudadanos espa\u00f1oles en actividades de apoyo a las Organizaciones No Gubernamentales (ONG) es notable. Una investigaci\u00f3n reciente ha revelado que el 60% de los espa\u00f1oles ha contribuido en alg\u00fan momento a una ONG. Este compromiso social muestra la conciencia y la voluntad de la poblaci\u00f3n de involucrarse en causas ben\u00e9ficas y de ayuda humanitaria.<\/p>\n<h3>Participaci\u00f3n en el A\u00f1o 2023<\/h3>\n<p>Durante el a\u00f1o 2023, el porcentaje de espa\u00f1oles que colaboraron con ONGs fue del 38%. Este dato refleja una participaci\u00f3n activa y continua en el apoyo a diversas iniciativas que buscan mejorar condiciones de vida, proteger el medio ambiente, promover la educaci\u00f3n, entre otras muchas actividades significativas.<\/p>\n<p>La colaboraci\u00f3n puede variar desde donaciones econ\u00f3micas hasta la participaci\u00f3n directa en actividades y programas que estas organizaciones llevan a cabo. La flexibilidad en las formas de colaboraci\u00f3n permite que m\u00e1s personas puedan aportar seg\u00fan sus capacidades y preferencias.<\/p>\n<h3>Impacto de la Colaboraci\u00f3n<\/h3>\n<p>El impacto de estas colaboraciones no solo se refleja en el apoyo econ\u00f3mico que reciben las ONGs, sino tambi\u00e9n en la capacidad de aumentar la conciencia social sobre diversas problem\u00e1ticas. Cada contribuci\u00f3n ayuda a fortalecer los programas de estas organizaciones y, por ende, a incrementar su eficacia en las \u00e1reas donde act\u00faan.<\/p>\n<p>Adem\u00e1s, la participaci\u00f3n en estas iniciativas fomenta un sentido de comunidad y solidaridad entre los ciudadanos, aspectos cruciales para el desarrollo de una sociedad emp\u00e1tica y comprometida con el bienestar colectivo.<\/p>\n<h3>Conclusi\u00f3n<\/h3>\n<p>La colaboraci\u00f3n con ONGs es una faceta importante de la cultura espa\u00f1ola actual. Refleja un compromiso de la sociedad en general con el mejoramiento global y el apoyo a los m\u00e1s necesitados. Con cada a\u00f1o que pasa, m\u00e1s espa\u00f1oles se suman a esta causa, demostrando que la solidaridad sigue siendo un valor fundamental en Espa\u00f1a.<\/p>\n\n\n<div class=\"kk-star-ratings kksr-auto kksr-align-left kksr-valign-bottom\"\n    data-payload='{&quot;align&quot;:&quot;left&quot;,&quot;id&quot;:&quot;1472&quot;,&quot;slug&quot;:&quot;default&quot;,&quot;valign&quot;:&quot;bottom&quot;,&quot;ignore&quot;:&quot;&quot;,&quot;reference&quot;:&quot;auto&quot;,&quot;class&quot;:&quot;&quot;,&quot;count&quot;:&quot;0&quot;,&quot;legendonly&quot;:&quot;&quot;,&quot;readonly&quot;:&quot;&quot;,&quot;score&quot;:&quot;0&quot;,&quot;starsonly&quot;:&quot;&quot;,&quot;best&quot;:&quot;5&quot;,&quot;gap&quot;:&quot;5&quot;,&quot;greet&quot;:&quot;Valora este post&quot;,&quot;legend&quot;:&quot;0\\\/5 - (0 votes)&quot;,&quot;size&quot;:&quot;22&quot;,&quot;title&quot;:&quot;\u00a1Impactante! 38% de espa\u00f1oles colaboraron con ONGs en 2023, \u00a16 de cada 10 lo han hecho alguna vez!&quot;,&quot;width&quot;:&quot;0&quot;,&quot;_legend&quot;:&quot;{score}\\\/{best} - ({count} {votes})&quot;,&quot;font_factor&quot;:&quot;1.25&quot;}'>\n            \n<div class=\"kksr-stars\">\n    \n<div class=\"kksr-stars-inactive\">\n            <div class=\"kksr-star\" data-star=\"1\" style=\"padding-right: 5px\">\n            \n\n<div class=\"kksr-icon\" style=\"width: 22px; height: 22px;\"><\/div>\n        <\/div>\n            <div class=\"kksr-star\" data-star=\"2\" style=\"padding-right: 5px\">\n            \n\n<div class=\"kksr-icon\" style=\"width: 22px; height: 22px;\"><\/div>\n        <\/div>\n            <div class=\"kksr-star\" data-star=\"3\" style=\"padding-right: 5px\">\n            \n\n<div class=\"kksr-icon\" style=\"width: 22px; height: 22px;\"><\/div>\n        <\/div>\n            <div class=\"kksr-star\" data-star=\"4\" style=\"padding-right: 5px\">\n            \n\n<div class=\"kksr-icon\" style=\"width: 22px; height: 22px;\"><\/div>\n        <\/div>\n            <div class=\"kksr-star\" data-star=\"5\" style=\"padding-right: 5px\">\n            \n\n<div class=\"kksr-icon\" style=\"width: 22px; height: 22px;\"><\/div>\n        <\/div>\n    <\/div>\n    \n<div class=\"kksr-stars-active\" style=\"width: 0px;\">\n            <div class=\"kksr-star\" style=\"padding-right: 5px\">\n            \n\n<div class=\"kksr-icon\" style=\"width: 22px; height: 22px;\"><\/div>\n        <\/div>\n            <div class=\"kksr-star\" style=\"padding-right: 5px\">\n            \n\n<div class=\"kksr-icon\" style=\"width: 22px; height: 22px;\"><\/div>\n        <\/div>\n            <div class=\"kksr-star\" style=\"padding-right: 5px\">\n            \n\n<div class=\"kksr-icon\" style=\"width: 22px; height: 22px;\"><\/div>\n        <\/div>\n            <div class=\"kksr-star\" style=\"padding-right: 5px\">\n            \n\n<div class=\"kksr-icon\" style=\"width: 22px; height: 22px;\"><\/div>\n        <\/div>\n            <div class=\"kksr-star\" style=\"padding-right: 5px\">\n            \n\n<div class=\"kksr-icon\" style=\"width: 22px; height: 22px;\"><\/div>\n        <\/div>\n    <\/div>\n<\/div>\n                \n\n<div class=\"kksr-legend\" style=\"font-size: 17.6px;\">\n            <span class=\"kksr-muted\">Valora este post<\/span>\n    <\/div>\n    <\/div>\n","protected":false},"excerpt":{"rendered":"<p>Colaboraci\u00f3n de los Espa\u00f1oles con Organizaciones No Gubernamentales La participaci\u00f3n de los ciudadanos espa\u00f1oles en actividades de apoyo a las Organizaciones No Gubernamentales (ONG) es notable. &#8230; <a title=\"\u00a1Impactante! 38% de espa\u00f1oles colaboraron con ONGs en 2023, \u00a16 de cada 10 lo han hecho alguna vez!\" class=\"read-more\" href=\"https:\/\/www.diario21.tv\/noticias\/impactante-38-de-espanoles-colaboraron-con-ongs-en-2023-6-de-cada-10-lo-han-hecho-alguna-vez\/\" aria-label=\"Leer m\u00e1s sobre \u00a1Impactante! 38% de espa\u00f1oles colaboraron con ONGs en 2023, \u00a16 de cada 10 lo han hecho alguna vez!\">Seguir leyendo &rarr;<\/a><\/p>\n","protected":false},"author":20,"featured_media":1473,"comment_status":"open","ping_status":"open","sticky":false,"template":"","format":"standard","meta":{"footnotes":""},"categories":[13],"tags":[],"class_list":["post-1472","post","type-post","status-publish","format-standard","has-post-thumbnail","hentry","category-portada"],"yoast_head":"<!-- This site is optimized with the Yoast SEO plugin v25.6 - https:\/\/yoast.com\/wordpress\/plugins\/seo\/ -->\n<title>\u00a1Impactante! 38% de espa\u00f1oles colaboraron con ONGs en 2023, \u00a16 de cada 10 lo han hecho alguna vez! - Diario 21<\/title>\n<meta name=\"robots\" content=\"index, follow, max-snippet:-1, max-image-preview:large, max-video-preview:-1\" \/>\n<link rel=\"canonical\" href=\"https:\/\/www.diario21.tv\/noticias\/impactante-38-de-espanoles-colaboraron-con-ongs-en-2023-6-de-cada-10-lo-han-hecho-alguna-vez\/\" \/>\n<meta property=\"og:locale\" content=\"es_ES\" \/>\n<meta property=\"og:type\" content=\"article\" \/>\n<meta property=\"og:title\" content=\"\u00a1Impactante! 38% de espa\u00f1oles colaboraron con ONGs en 2023, \u00a16 de cada 10 lo han hecho alguna vez! - Diario 21\" \/>\n<meta property=\"og:description\" content=\"Colaboraci\u00f3n de los Espa\u00f1oles con Organizaciones No Gubernamentales La participaci\u00f3n de los ciudadanos espa\u00f1oles en actividades de apoyo a las Organizaciones No Gubernamentales (ONG) es notable. ... Seguir leyendo &rarr;\" \/>\n<meta property=\"og:url\" content=\"https:\/\/www.diario21.tv\/noticias\/impactante-38-de-espanoles-colaboraron-con-ongs-en-2023-6-de-cada-10-lo-han-hecho-alguna-vez\/\" \/>\n<meta property=\"og:site_name\" content=\"Diario 21\" \/>\n<meta property=\"article:published_time\" content=\"2024-12-12T22:40:52+00:00\" \/>\n<meta property=\"article:modified_time\" content=\"2024-12-12T22:40:56+00:00\" \/>\n<meta property=\"og:image\" content=\"https:\/\/www.diario21.tv\/noticias\/wp-content\/uploads\/2024\/12\/\u00a1Impactante-38-de-espanoles-colaboraron-con-ONGs-en-2023-\u00a16.JPG\" \/>\n\t<meta property=\"og:image:width\" content=\"1920\" \/>\n\t<meta property=\"og:image:height\" content=\"1080\" \/>\n\t<meta property=\"og:image:type\" content=\"image\/jpeg\" \/>\n<meta name=\"author\" content=\"Juan P\u00e9rez\" \/>\n<meta name=\"twitter:card\" content=\"summary_large_image\" \/>\n<meta name=\"twitter:label1\" content=\"Escrito por\" \/>\n\t<meta name=\"twitter:data1\" content=\"Juan P\u00e9rez\" \/>\n\t<meta name=\"twitter:label2\" content=\"Tiempo de lectura\" \/>\n\t<meta name=\"twitter:data2\" content=\"2 minutos\" \/>\n<script type=\"application\/ld+json\" class=\"yoast-schema-graph\">{\"@context\":\"https:\/\/schema.org\",\"@graph\":[{\"@type\":\"WebPage\",\"@id\":\"https:\/\/www.diario21.tv\/noticias\/impactante-38-de-espanoles-colaboraron-con-ongs-en-2023-6-de-cada-10-lo-han-hecho-alguna-vez\/\",\"url\":\"https:\/\/www.diario21.tv\/noticias\/impactante-38-de-espanoles-colaboraron-con-ongs-en-2023-6-de-cada-10-lo-han-hecho-alguna-vez\/\",\"name\":\"\u00a1Impactante! 38% de espa\u00f1oles colaboraron con ONGs en 2023, \u00a16 de cada 10 lo han hecho alguna vez! - Diario 21\",\"isPartOf\":{\"@id\":\"https:\/\/www.diario21.tv\/noticias\/#website\"},\"primaryImageOfPage\":{\"@id\":\"https:\/\/www.diario21.tv\/noticias\/impactante-38-de-espanoles-colaboraron-con-ongs-en-2023-6-de-cada-10-lo-han-hecho-alguna-vez\/#primaryimage\"},\"image\":{\"@id\":\"https:\/\/www.diario21.tv\/noticias\/impactante-38-de-espanoles-colaboraron-con-ongs-en-2023-6-de-cada-10-lo-han-hecho-alguna-vez\/#primaryimage\"},\"thumbnailUrl\":\"https:\/\/www.diario21.tv\/noticias\/wp-content\/uploads\/2024\/12\/\u00a1Impactante-38-de-espanoles-colaboraron-con-ONGs-en-2023-\u00a16.JPG\",\"datePublished\":\"2024-12-12T22:40:52+00:00\",\"dateModified\":\"2024-12-12T22:40:56+00:00\",\"author\":{\"@id\":\"https:\/\/www.diario21.tv\/noticias\/#\/schema\/person\/dfb778f73814d8f09f302618446a526b\"},\"breadcrumb\":{\"@id\":\"https:\/\/www.diario21.tv\/noticias\/impactante-38-de-espanoles-colaboraron-con-ongs-en-2023-6-de-cada-10-lo-han-hecho-alguna-vez\/#breadcrumb\"},\"inLanguage\":\"es-AR\",\"potentialAction\":[{\"@type\":\"ReadAction\",\"target\":[\"https:\/\/www.diario21.tv\/noticias\/impactante-38-de-espanoles-colaboraron-con-ongs-en-2023-6-de-cada-10-lo-han-hecho-alguna-vez\/\"]}]},{\"@type\":\"ImageObject\",\"inLanguage\":\"es-AR\",\"@id\":\"https:\/\/www.diario21.tv\/noticias\/impactante-38-de-espanoles-colaboraron-con-ongs-en-2023-6-de-cada-10-lo-han-hecho-alguna-vez\/#primaryimage\",\"url\":\"https:\/\/www.diario21.tv\/noticias\/wp-content\/uploads\/2024\/12\/\u00a1Impactante-38-de-espanoles-colaboraron-con-ONGs-en-2023-\u00a16.JPG\",\"contentUrl\":\"https:\/\/www.diario21.tv\/noticias\/wp-content\/uploads\/2024\/12\/\u00a1Impactante-38-de-espanoles-colaboraron-con-ONGs-en-2023-\u00a16.JPG\",\"width\":1920,\"height\":1080,\"caption\":\"Seis de cada diez espa\u00f1oles han colaborado alguna vez con una ONG y un 38% lo hizo en 2023\"},{\"@type\":\"BreadcrumbList\",\"@id\":\"https:\/\/www.diario21.tv\/noticias\/impactante-38-de-espanoles-colaboraron-con-ongs-en-2023-6-de-cada-10-lo-han-hecho-alguna-vez\/#breadcrumb\",\"itemListElement\":[{\"@type\":\"ListItem\",\"position\":1,\"name\":\"Accueil\",\"item\":\"https:\/\/www.diario21.tv\/noticias\/\"},{\"@type\":\"ListItem\",\"position\":2,\"name\":\"\u00a1Impactante! 38% de espa\u00f1oles colaboraron con ONGs en 2023, \u00a16 de cada 10 lo han hecho alguna vez!\"}]},{\"@type\":\"WebSite\",\"@id\":\"https:\/\/www.diario21.tv\/noticias\/#website\",\"url\":\"https:\/\/www.diario21.tv\/noticias\/\",\"name\":\"Diario 21\",\"description\":\"\",\"potentialAction\":[{\"@type\":\"SearchAction\",\"target\":{\"@type\":\"EntryPoint\",\"urlTemplate\":\"https:\/\/www.diario21.tv\/noticias\/?s={search_term_string}\"},\"query-input\":{\"@type\":\"PropertyValueSpecification\",\"valueRequired\":true,\"valueName\":\"search_term_string\"}}],\"inLanguage\":\"es-AR\"},{\"@type\":\"Person\",\"@id\":\"https:\/\/www.diario21.tv\/noticias\/#\/schema\/person\/dfb778f73814d8f09f302618446a526b\",\"name\":\"Juan P\u00e9rez\",\"image\":{\"@type\":\"ImageObject\",\"inLanguage\":\"es-AR\",\"@id\":\"https:\/\/www.diario21.tv\/noticias\/#\/schema\/person\/image\/\",\"url\":\"https:\/\/secure.gravatar.com\/avatar\/c478a405bd10621167f4c3167cc770f5?s=96&d=mm&r=g\",\"contentUrl\":\"https:\/\/secure.gravatar.com\/avatar\/c478a405bd10621167f4c3167cc770f5?s=96&d=mm&r=g\",\"caption\":\"Juan P\u00e9rez\"},\"description\":\"Juan P\u00e9rez es el redactor en jefe de Diario 21. Con m\u00e1s de 10 a\u00f1os de experiencia en el periodismo, se especializa en pol\u00edtica nacional y an\u00e1lisis socioecon\u00f3mico. Su enfoque cr\u00edtico y riguroso aporta una perspectiva \u00fanica a cada art\u00edculo.\",\"sameAs\":[\"https:\/\/www.diario21.tv\/noticias\/\"],\"url\":\"https:\/\/www.diario21.tv\/noticias\/author\/juan-perez\/\"}]}<\/script>\n<!-- \/ Yoast SEO plugin. -->","yoast_head_json":{"title":"\u00a1Impactante! 38% de espa\u00f1oles colaboraron con ONGs en 2023, \u00a16 de cada 10 lo han hecho alguna vez! - Diario 21","robots":{"index":"index","follow":"follow","max-snippet":"max-snippet:-1","max-image-preview":"max-image-preview:large","max-video-preview":"max-video-preview:-1"},"canonical":"https:\/\/www.diario21.tv\/noticias\/impactante-38-de-espanoles-colaboraron-con-ongs-en-2023-6-de-cada-10-lo-han-hecho-alguna-vez\/","og_locale":"es_ES","og_type":"article","og_title":"\u00a1Impactante! 38% de espa\u00f1oles colaboraron con ONGs en 2023, \u00a16 de cada 10 lo han hecho alguna vez! - Diario 21","og_description":"Colaboraci\u00f3n de los Espa\u00f1oles con Organizaciones No Gubernamentales La participaci\u00f3n de los ciudadanos espa\u00f1oles en actividades de apoyo a las Organizaciones No Gubernamentales (ONG) es notable. ... Seguir leyendo &rarr;","og_url":"https:\/\/www.diario21.tv\/noticias\/impactante-38-de-espanoles-colaboraron-con-ongs-en-2023-6-de-cada-10-lo-han-hecho-alguna-vez\/","og_site_name":"Diario 21","article_published_time":"2024-12-12T22:40:52+00:00","article_modified_time":"2024-12-12T22:40:56+00:00","og_image":[{"width":1920,"height":1080,"url":"https:\/\/www.diario21.tv\/noticias\/wp-content\/uploads\/2024\/12\/\u00a1Impactante-38-de-espanoles-colaboraron-con-ONGs-en-2023-\u00a16.JPG","type":"image\/jpeg"}],"author":"Juan P\u00e9rez","twitter_card":"summary_large_image","twitter_misc":{"Escrito por":"Juan P\u00e9rez","Tiempo de lectura":"2 minutos"},"schema":{"@context":"https:\/\/schema.org","@graph":[{"@type":"WebPage","@id":"https:\/\/www.diario21.tv\/noticias\/impactante-38-de-espanoles-colaboraron-con-ongs-en-2023-6-de-cada-10-lo-han-hecho-alguna-vez\/","url":"https:\/\/www.diario21.tv\/noticias\/impactante-38-de-espanoles-colaboraron-con-ongs-en-2023-6-de-cada-10-lo-han-hecho-alguna-vez\/","name":"\u00a1Impactante! 38% de espa\u00f1oles colaboraron con ONGs en 2023, \u00a16 de cada 10 lo han hecho alguna vez! - Diario 21","isPartOf":{"@id":"https:\/\/www.diario21.tv\/noticias\/#website"},"primaryImageOfPage":{"@id":"https:\/\/www.diario21.tv\/noticias\/impactante-38-de-espanoles-colaboraron-con-ongs-en-2023-6-de-cada-10-lo-han-hecho-alguna-vez\/#primaryimage"},"image":{"@id":"https:\/\/www.diario21.tv\/noticias\/impactante-38-de-espanoles-colaboraron-con-ongs-en-2023-6-de-cada-10-lo-han-hecho-alguna-vez\/#primaryimage"},"thumbnailUrl":"https:\/\/www.diario21.tv\/noticias\/wp-content\/uploads\/2024\/12\/\u00a1Impactante-38-de-espanoles-colaboraron-con-ONGs-en-2023-\u00a16.JPG","datePublished":"2024-12-12T22:40:52+00:00","dateModified":"2024-12-12T22:40:56+00:00","author":{"@id":"https:\/\/www.diario21.tv\/noticias\/#\/schema\/person\/dfb778f73814d8f09f302618446a526b"},"breadcrumb":{"@id":"https:\/\/www.diario21.tv\/noticias\/impactante-38-de-espanoles-colaboraron-con-ongs-en-2023-6-de-cada-10-lo-han-hecho-alguna-vez\/#breadcrumb"},"inLanguage":"es-AR","potentialAction":[{"@type":"ReadAction","target":["https:\/\/www.diario21.tv\/noticias\/impactante-38-de-espanoles-colaboraron-con-ongs-en-2023-6-de-cada-10-lo-han-hecho-alguna-vez\/"]}]},{"@type":"ImageObject","inLanguage":"es-AR","@id":"https:\/\/www.diario21.tv\/noticias\/impactante-38-de-espanoles-colaboraron-con-ongs-en-2023-6-de-cada-10-lo-han-hecho-alguna-vez\/#primaryimage","url":"https:\/\/www.diario21.tv\/noticias\/wp-content\/uploads\/2024\/12\/\u00a1Impactante-38-de-espanoles-colaboraron-con-ONGs-en-2023-\u00a16.JPG","contentUrl":"https:\/\/www.diario21.tv\/noticias\/wp-content\/uploads\/2024\/12\/\u00a1Impactante-38-de-espanoles-colaboraron-con-ONGs-en-2023-\u00a16.JPG","width":1920,"height":1080,"caption":"Seis de cada diez espa\u00f1oles han colaborado alguna vez con una ONG y un 38% lo hizo en 2023"},{"@type":"BreadcrumbList","@id":"https:\/\/www.diario21.tv\/noticias\/impactante-38-de-espanoles-colaboraron-con-ongs-en-2023-6-de-cada-10-lo-han-hecho-alguna-vez\/#breadcrumb","itemListElement":[{"@type":"ListItem","position":1,"name":"Accueil","item":"https:\/\/www.diario21.tv\/noticias\/"},{"@type":"ListItem","position":2,"name":"\u00a1Impactante! 38% de espa\u00f1oles colaboraron con ONGs en 2023, \u00a16 de cada 10 lo han hecho alguna vez!"}]},{"@type":"WebSite","@id":"https:\/\/www.diario21.tv\/noticias\/#website","url":"https:\/\/www.diario21.tv\/noticias\/","name":"Diario 21","description":"","potentialAction":[{"@type":"SearchAction","target":{"@type":"EntryPoint","urlTemplate":"https:\/\/www.diario21.tv\/noticias\/?s={search_term_string}"},"query-input":{"@type":"PropertyValueSpecification","valueRequired":true,"valueName":"search_term_string"}}],"inLanguage":"es-AR"},{"@type":"Person","@id":"https:\/\/www.diario21.tv\/noticias\/#\/schema\/person\/dfb778f73814d8f09f302618446a526b","name":"Juan P\u00e9rez","image":{"@type":"ImageObject","inLanguage":"es-AR","@id":"https:\/\/www.diario21.tv\/noticias\/#\/schema\/person\/image\/","url":"https:\/\/secure.gravatar.com\/avatar\/c478a405bd10621167f4c3167cc770f5?s=96&d=mm&r=g","contentUrl":"https:\/\/secure.gravatar.com\/avatar\/c478a405bd10621167f4c3167cc770f5?s=96&d=mm&r=g","caption":"Juan P\u00e9rez"},"description":"Juan P\u00e9rez es el redactor en jefe de Diario 21. Con m\u00e1s de 10 a\u00f1os de experiencia en el periodismo, se especializa en pol\u00edtica nacional y an\u00e1lisis socioecon\u00f3mico. Su enfoque cr\u00edtico y riguroso aporta una perspectiva \u00fanica a cada art\u00edculo.","sameAs":["https:\/\/www.diario21.tv\/noticias\/"],"url":"https:\/\/www.diario21.tv\/noticias\/author\/juan-perez\/"}]}},"_links":{"self":[{"href":"https:\/\/www.diario21.tv\/noticias\/wp-json\/wp\/v2\/posts\/1472"}],"collection":[{"href":"https:\/\/www.diario21.tv\/noticias\/wp-json\/wp\/v2\/posts"}],"about":[{"href":"https:\/\/www.diario21.tv\/noticias\/wp-json\/wp\/v2\/types\/post"}],"author":[{"embeddable":true,"href":"https:\/\/www.diario21.tv\/noticias\/wp-json\/wp\/v2\/users\/20"}],"replies":[{"embeddable":true,"href":"https:\/\/www.diario21.tv\/noticias\/wp-json\/wp\/v2\/comments?post=1472"}],"version-history":[{"count":1,"href":"https:\/\/www.diario21.tv\/noticias\/wp-json\/wp\/v2\/posts\/1472\/revisions"}],"predecessor-version":[{"id":1474,"href":"https:\/\/www.diario21.tv\/noticias\/wp-json\/wp\/v2\/posts\/1472\/revisions\/1474"}],"wp:featuredmedia":[{"embeddable":true,"href":"https:\/\/www.diario21.tv\/noticias\/wp-json\/wp\/v2\/media\/1473"}],"wp:attachment":[{"href":"https:\/\/www.diario21.tv\/noticias\/wp-json\/wp\/v2\/media?parent=1472"}],"wp:term":[{"taxonomy":"category","embeddable":true,"href":"https:\/\/www.diario21.tv\/noticias\/wp-json\/wp\/v2\/categories?post=1472"},{"taxonomy":"post_tag","embeddable":true,"href":"https:\/\/www.diario21.tv\/noticias\/wp-json\/wp\/v2\/tags?post=1472"}],"curies":[{"name":"wp","href":"https:\/\/api.w.org\/{rel}","templated":true}]}}