{"id":1465,"date":"2024-12-12T03:15:03","date_gmt":"2024-12-12T03:15:03","guid":{"rendered":"https:\/\/www.diario21.tv\/noticias\/drama-increible-madres-que-dejan-a-sus-hijos-a-miles-de-kilometros\/"},"modified":"2024-12-12T03:15:03","modified_gmt":"2024-12-12T03:15:03","slug":"drama-increible-madres-que-dejan-a-sus-hijos-a-miles-de-kilometros","status":"publish","type":"post","link":"https:\/\/www.diario21.tv\/noticias\/drama-increible-madres-que-dejan-a-sus-hijos-a-miles-de-kilometros\/","title":{"rendered":"Drama incre\u00edble: Madres que dejan a sus hijos a miles de kil\u00f3metros"},"content":{"rendered":"<h2>La angustia de las madres que viven lejos de sus hijos<\/h2>\n<p>En un mundo cada vez m\u00e1s globalizado, no es raro encontrar historias de familias separadas por miles de kil\u00f3metros. Especialmente conmovedoras son las experiencias de aquellas madres que, buscando un futuro mejor para sus hijos, se ven obligadas a dejarlos en su pa\u00eds de origen mientras ellas trabajan en el extranjero. Esta situaci\u00f3n, aunque com\u00fan, es una fuente de dolor y conflicto emocional tanto para las madres como para los ni\u00f1os.<\/p>\n<h3>El dilema de la separaci\u00f3n<\/h3>\n<p>Para muchas madres, la decisi\u00f3n de emigrar no es f\u00e1cil. A menudo, es impulsada por la necesidad de ofrecer mejores oportunidades educativas y econ\u00f3micas a sus hijos que las que podr\u00edan tener en su pa\u00eds natal. Sin embargo, esta decisi\u00f3n viene acompa\u00f1ada de un alto costo emocional. El dejar a sus hijos a cargo de familiares o amigos mientras ellas trabajan en otro pa\u00eds puede resultar desgarrador.<\/p>\n<p>A pesar de la distancia, estas madres hacen enormes esfuerzos para mantener una relaci\u00f3n cercana con sus hijos. Gracias a la tecnolog\u00eda, las llamadas de video y las redes sociales se han convertido en herramientas esenciales para mitigar la distancia y el dolor de la separaci\u00f3n. Sin embargo, el contacto virtual no puede sustituir la calidez y el contacto f\u00edsico que tanto necesitan los ni\u00f1os y sus madres.<\/p>\n<h3>El impacto emocional en los ni\u00f1os<\/h3>\n<p>Los hijos que crecen separados de sus madres sufren tambi\u00e9n sus propios desaf\u00edos. Aunque puedan estar bien cuidados por otros familiares, la ausencia de una figura materna puede tener efectos significativos en su desarrollo emocional y social. Los ni\u00f1os pueden experimentar sentimientos de abandono, tristeza y confusi\u00f3n sobre por qu\u00e9 su madre tuvo que irse.<\/p>\n<p>La educaci\u00f3n de estos ni\u00f1os tambi\u00e9n puede verse afectada. Aunque la raz\u00f3n detr\u00e1s de la emigraci\u00f3n de sus madres sea proporcionarles mejores oportunidades educativas, la falta de una supervisi\u00f3n parental constante puede llevar a que estos ni\u00f1os no aprovechen completamente estas oportunidades.<\/p>\n<h3>El retorno y la reunificaci\u00f3n<\/h3>\n<p>La eventual reunificaci\u00f3n es otro de los momentos cr\u00edticos en la vida de estas familias. El regreso de la madre puede ser un momento de gran alegr\u00eda, pero tambi\u00e9n de ajuste. Muchas veces, los ni\u00f1os han crecido y cambiado, al igual que las madres. El proceso de adaptaci\u00f3n puede ser complicado para ambos, ya que deben aprender a convivir nuevamente y a entender las experiencias vividas durante la separaci\u00f3n.<\/p>\n<h3>Conclusiones<\/h3>\n<p>La historia de las madres que dejan a sus hijos para trabajar en el extranjero es una narrativa de sacrificio y amor. Aunque la separaci\u00f3n puede ser emocionalmente devastadora, estas madres demuestran una resiliencia y un compromiso con el bienestar de sus hijos que merece reconocimiento y apoyo. Es fundamental que las sociedades reconozcan los desaf\u00edos que enfrentan estas familias y ofrezcan recursos que puedan ayudar a aliviar las dificultades de la separaci\u00f3n y promover una reunificaci\u00f3n saludable.<\/p>\n\n\n<div class=\"kk-star-ratings kksr-auto kksr-align-left kksr-valign-bottom\"\n    data-payload='{&quot;align&quot;:&quot;left&quot;,&quot;id&quot;:&quot;1465&quot;,&quot;slug&quot;:&quot;default&quot;,&quot;valign&quot;:&quot;bottom&quot;,&quot;ignore&quot;:&quot;&quot;,&quot;reference&quot;:&quot;auto&quot;,&quot;class&quot;:&quot;&quot;,&quot;count&quot;:&quot;0&quot;,&quot;legendonly&quot;:&quot;&quot;,&quot;readonly&quot;:&quot;&quot;,&quot;score&quot;:&quot;0&quot;,&quot;starsonly&quot;:&quot;&quot;,&quot;best&quot;:&quot;5&quot;,&quot;gap&quot;:&quot;5&quot;,&quot;greet&quot;:&quot;Valora este post&quot;,&quot;legend&quot;:&quot;0\\\/5 - (0 votes)&quot;,&quot;size&quot;:&quot;22&quot;,&quot;title&quot;:&quot;Drama incre\u00edble: Madres que dejan a sus hijos a miles de kil\u00f3metros&quot;,&quot;width&quot;:&quot;0&quot;,&quot;_legend&quot;:&quot;{score}\\\/{best} - ({count} {votes})&quot;,&quot;font_factor&quot;:&quot;1.25&quot;}'>\n            \n<div class=\"kksr-stars\">\n    \n<div class=\"kksr-stars-inactive\">\n            <div class=\"kksr-star\" data-star=\"1\" style=\"padding-right: 5px\">\n            \n\n<div class=\"kksr-icon\" style=\"width: 22px; height: 22px;\"><\/div>\n        <\/div>\n            <div class=\"kksr-star\" data-star=\"2\" style=\"padding-right: 5px\">\n            \n\n<div class=\"kksr-icon\" style=\"width: 22px; height: 22px;\"><\/div>\n        <\/div>\n            <div class=\"kksr-star\" data-star=\"3\" style=\"padding-right: 5px\">\n            \n\n<div class=\"kksr-icon\" style=\"width: 22px; height: 22px;\"><\/div>\n        <\/div>\n            <div class=\"kksr-star\" data-star=\"4\" style=\"padding-right: 5px\">\n            \n\n<div class=\"kksr-icon\" style=\"width: 22px; height: 22px;\"><\/div>\n        <\/div>\n            <div class=\"kksr-star\" data-star=\"5\" style=\"padding-right: 5px\">\n            \n\n<div class=\"kksr-icon\" style=\"width: 22px; height: 22px;\"><\/div>\n        <\/div>\n    <\/div>\n    \n<div class=\"kksr-stars-active\" style=\"width: 0px;\">\n            <div class=\"kksr-star\" style=\"padding-right: 5px\">\n            \n\n<div class=\"kksr-icon\" style=\"width: 22px; height: 22px;\"><\/div>\n        <\/div>\n            <div class=\"kksr-star\" style=\"padding-right: 5px\">\n            \n\n<div class=\"kksr-icon\" style=\"width: 22px; height: 22px;\"><\/div>\n        <\/div>\n            <div class=\"kksr-star\" style=\"padding-right: 5px\">\n            \n\n<div class=\"kksr-icon\" style=\"width: 22px; height: 22px;\"><\/div>\n        <\/div>\n            <div class=\"kksr-star\" style=\"padding-right: 5px\">\n            \n\n<div class=\"kksr-icon\" style=\"width: 22px; height: 22px;\"><\/div>\n        <\/div>\n            <div class=\"kksr-star\" style=\"padding-right: 5px\">\n            \n\n<div class=\"kksr-icon\" style=\"width: 22px; height: 22px;\"><\/div>\n        <\/div>\n    <\/div>\n<\/div>\n                \n\n<div class=\"kksr-legend\" style=\"font-size: 17.6px;\">\n            <span class=\"kksr-muted\">Valora este post<\/span>\n    <\/div>\n    <\/div>\n","protected":false},"excerpt":{"rendered":"<p>La angustia de las madres que viven lejos de sus hijos En un mundo cada vez m\u00e1s globalizado, no es raro encontrar historias de familias separadas &#8230; <a title=\"Drama incre\u00edble: Madres que dejan a sus hijos a miles de kil\u00f3metros\" class=\"read-more\" href=\"https:\/\/www.diario21.tv\/noticias\/drama-increible-madres-que-dejan-a-sus-hijos-a-miles-de-kilometros\/\" aria-label=\"Leer m\u00e1s sobre Drama incre\u00edble: Madres que dejan a sus hijos a miles de kil\u00f3metros\">Seguir leyendo &rarr;<\/a><\/p>\n","protected":false},"author":20,"featured_media":0,"comment_status":"open","ping_status":"open","sticky":false,"template":"","format":"standard","meta":{"footnotes":""},"categories":[13],"tags":[],"class_list":["post-1465","post","type-post","status-publish","format-standard","hentry","category-portada"],"yoast_head":"<!-- This site is optimized with the Yoast SEO plugin v25.6 - https:\/\/yoast.com\/wordpress\/plugins\/seo\/ -->\n<title>Drama incre\u00edble: Madres que dejan a sus hijos a miles de kil\u00f3metros - Diario 21<\/title>\n<meta name=\"robots\" content=\"index, follow, max-snippet:-1, max-image-preview:large, max-video-preview:-1\" \/>\n<link rel=\"canonical\" href=\"https:\/\/www.diario21.tv\/noticias\/drama-increible-madres-que-dejan-a-sus-hijos-a-miles-de-kilometros\/\" \/>\n<meta property=\"og:locale\" content=\"es_ES\" \/>\n<meta property=\"og:type\" content=\"article\" \/>\n<meta property=\"og:title\" content=\"Drama incre\u00edble: Madres que dejan a sus hijos a miles de kil\u00f3metros - Diario 21\" \/>\n<meta property=\"og:description\" content=\"La angustia de las madres que viven lejos de sus hijos En un mundo cada vez m\u00e1s globalizado, no es raro encontrar historias de familias separadas ... Seguir leyendo &rarr;\" \/>\n<meta property=\"og:url\" content=\"https:\/\/www.diario21.tv\/noticias\/drama-increible-madres-que-dejan-a-sus-hijos-a-miles-de-kilometros\/\" \/>\n<meta property=\"og:site_name\" content=\"Diario 21\" \/>\n<meta property=\"article:published_time\" content=\"2024-12-12T03:15:03+00:00\" \/>\n<meta name=\"author\" content=\"Juan P\u00e9rez\" \/>\n<meta name=\"twitter:card\" content=\"summary_large_image\" \/>\n<meta name=\"twitter:label1\" content=\"Escrito por\" \/>\n\t<meta name=\"twitter:data1\" content=\"Juan P\u00e9rez\" \/>\n\t<meta name=\"twitter:label2\" content=\"Tiempo de lectura\" \/>\n\t<meta name=\"twitter:data2\" content=\"3 minutos\" \/>\n<script type=\"application\/ld+json\" class=\"yoast-schema-graph\">{\"@context\":\"https:\/\/schema.org\",\"@graph\":[{\"@type\":\"WebPage\",\"@id\":\"https:\/\/www.diario21.tv\/noticias\/drama-increible-madres-que-dejan-a-sus-hijos-a-miles-de-kilometros\/\",\"url\":\"https:\/\/www.diario21.tv\/noticias\/drama-increible-madres-que-dejan-a-sus-hijos-a-miles-de-kilometros\/\",\"name\":\"Drama incre\u00edble: Madres que dejan a sus hijos a miles de kil\u00f3metros - Diario 21\",\"isPartOf\":{\"@id\":\"https:\/\/www.diario21.tv\/noticias\/#website\"},\"datePublished\":\"2024-12-12T03:15:03+00:00\",\"author\":{\"@id\":\"https:\/\/www.diario21.tv\/noticias\/#\/schema\/person\/dfb778f73814d8f09f302618446a526b\"},\"breadcrumb\":{\"@id\":\"https:\/\/www.diario21.tv\/noticias\/drama-increible-madres-que-dejan-a-sus-hijos-a-miles-de-kilometros\/#breadcrumb\"},\"inLanguage\":\"es-AR\",\"potentialAction\":[{\"@type\":\"ReadAction\",\"target\":[\"https:\/\/www.diario21.tv\/noticias\/drama-increible-madres-que-dejan-a-sus-hijos-a-miles-de-kilometros\/\"]}]},{\"@type\":\"BreadcrumbList\",\"@id\":\"https:\/\/www.diario21.tv\/noticias\/drama-increible-madres-que-dejan-a-sus-hijos-a-miles-de-kilometros\/#breadcrumb\",\"itemListElement\":[{\"@type\":\"ListItem\",\"position\":1,\"name\":\"Accueil\",\"item\":\"https:\/\/www.diario21.tv\/noticias\/\"},{\"@type\":\"ListItem\",\"position\":2,\"name\":\"Drama incre\u00edble: Madres que dejan a sus hijos a miles de kil\u00f3metros\"}]},{\"@type\":\"WebSite\",\"@id\":\"https:\/\/www.diario21.tv\/noticias\/#website\",\"url\":\"https:\/\/www.diario21.tv\/noticias\/\",\"name\":\"Diario 21\",\"description\":\"\",\"potentialAction\":[{\"@type\":\"SearchAction\",\"target\":{\"@type\":\"EntryPoint\",\"urlTemplate\":\"https:\/\/www.diario21.tv\/noticias\/?s={search_term_string}\"},\"query-input\":{\"@type\":\"PropertyValueSpecification\",\"valueRequired\":true,\"valueName\":\"search_term_string\"}}],\"inLanguage\":\"es-AR\"},{\"@type\":\"Person\",\"@id\":\"https:\/\/www.diario21.tv\/noticias\/#\/schema\/person\/dfb778f73814d8f09f302618446a526b\",\"name\":\"Juan P\u00e9rez\",\"image\":{\"@type\":\"ImageObject\",\"inLanguage\":\"es-AR\",\"@id\":\"https:\/\/www.diario21.tv\/noticias\/#\/schema\/person\/image\/\",\"url\":\"https:\/\/secure.gravatar.com\/avatar\/c478a405bd10621167f4c3167cc770f5?s=96&d=mm&r=g\",\"contentUrl\":\"https:\/\/secure.gravatar.com\/avatar\/c478a405bd10621167f4c3167cc770f5?s=96&d=mm&r=g\",\"caption\":\"Juan P\u00e9rez\"},\"description\":\"Juan P\u00e9rez es el redactor en jefe de Diario 21. Con m\u00e1s de 10 a\u00f1os de experiencia en el periodismo, se especializa en pol\u00edtica nacional y an\u00e1lisis socioecon\u00f3mico. Su enfoque cr\u00edtico y riguroso aporta una perspectiva \u00fanica a cada art\u00edculo.\",\"sameAs\":[\"https:\/\/www.diario21.tv\/noticias\/\"],\"url\":\"https:\/\/www.diario21.tv\/noticias\/author\/juan-perez\/\"}]}<\/script>\n<!-- \/ Yoast SEO plugin. -->","yoast_head_json":{"title":"Drama incre\u00edble: Madres que dejan a sus hijos a miles de kil\u00f3metros - Diario 21","robots":{"index":"index","follow":"follow","max-snippet":"max-snippet:-1","max-image-preview":"max-image-preview:large","max-video-preview":"max-video-preview:-1"},"canonical":"https:\/\/www.diario21.tv\/noticias\/drama-increible-madres-que-dejan-a-sus-hijos-a-miles-de-kilometros\/","og_locale":"es_ES","og_type":"article","og_title":"Drama incre\u00edble: Madres que dejan a sus hijos a miles de kil\u00f3metros - Diario 21","og_description":"La angustia de las madres que viven lejos de sus hijos En un mundo cada vez m\u00e1s globalizado, no es raro encontrar historias de familias separadas ... Seguir leyendo &rarr;","og_url":"https:\/\/www.diario21.tv\/noticias\/drama-increible-madres-que-dejan-a-sus-hijos-a-miles-de-kilometros\/","og_site_name":"Diario 21","article_published_time":"2024-12-12T03:15:03+00:00","author":"Juan P\u00e9rez","twitter_card":"summary_large_image","twitter_misc":{"Escrito por":"Juan P\u00e9rez","Tiempo de lectura":"3 minutos"},"schema":{"@context":"https:\/\/schema.org","@graph":[{"@type":"WebPage","@id":"https:\/\/www.diario21.tv\/noticias\/drama-increible-madres-que-dejan-a-sus-hijos-a-miles-de-kilometros\/","url":"https:\/\/www.diario21.tv\/noticias\/drama-increible-madres-que-dejan-a-sus-hijos-a-miles-de-kilometros\/","name":"Drama incre\u00edble: Madres que dejan a sus hijos a miles de kil\u00f3metros - Diario 21","isPartOf":{"@id":"https:\/\/www.diario21.tv\/noticias\/#website"},"datePublished":"2024-12-12T03:15:03+00:00","author":{"@id":"https:\/\/www.diario21.tv\/noticias\/#\/schema\/person\/dfb778f73814d8f09f302618446a526b"},"breadcrumb":{"@id":"https:\/\/www.diario21.tv\/noticias\/drama-increible-madres-que-dejan-a-sus-hijos-a-miles-de-kilometros\/#breadcrumb"},"inLanguage":"es-AR","potentialAction":[{"@type":"ReadAction","target":["https:\/\/www.diario21.tv\/noticias\/drama-increible-madres-que-dejan-a-sus-hijos-a-miles-de-kilometros\/"]}]},{"@type":"BreadcrumbList","@id":"https:\/\/www.diario21.tv\/noticias\/drama-increible-madres-que-dejan-a-sus-hijos-a-miles-de-kilometros\/#breadcrumb","itemListElement":[{"@type":"ListItem","position":1,"name":"Accueil","item":"https:\/\/www.diario21.tv\/noticias\/"},{"@type":"ListItem","position":2,"name":"Drama incre\u00edble: Madres que dejan a sus hijos a miles de kil\u00f3metros"}]},{"@type":"WebSite","@id":"https:\/\/www.diario21.tv\/noticias\/#website","url":"https:\/\/www.diario21.tv\/noticias\/","name":"Diario 21","description":"","potentialAction":[{"@type":"SearchAction","target":{"@type":"EntryPoint","urlTemplate":"https:\/\/www.diario21.tv\/noticias\/?s={search_term_string}"},"query-input":{"@type":"PropertyValueSpecification","valueRequired":true,"valueName":"search_term_string"}}],"inLanguage":"es-AR"},{"@type":"Person","@id":"https:\/\/www.diario21.tv\/noticias\/#\/schema\/person\/dfb778f73814d8f09f302618446a526b","name":"Juan P\u00e9rez","image":{"@type":"ImageObject","inLanguage":"es-AR","@id":"https:\/\/www.diario21.tv\/noticias\/#\/schema\/person\/image\/","url":"https:\/\/secure.gravatar.com\/avatar\/c478a405bd10621167f4c3167cc770f5?s=96&d=mm&r=g","contentUrl":"https:\/\/secure.gravatar.com\/avatar\/c478a405bd10621167f4c3167cc770f5?s=96&d=mm&r=g","caption":"Juan P\u00e9rez"},"description":"Juan P\u00e9rez es el redactor en jefe de Diario 21. Con m\u00e1s de 10 a\u00f1os de experiencia en el periodismo, se especializa en pol\u00edtica nacional y an\u00e1lisis socioecon\u00f3mico. Su enfoque cr\u00edtico y riguroso aporta una perspectiva \u00fanica a cada art\u00edculo.","sameAs":["https:\/\/www.diario21.tv\/noticias\/"],"url":"https:\/\/www.diario21.tv\/noticias\/author\/juan-perez\/"}]}},"_links":{"self":[{"href":"https:\/\/www.diario21.tv\/noticias\/wp-json\/wp\/v2\/posts\/1465"}],"collection":[{"href":"https:\/\/www.diario21.tv\/noticias\/wp-json\/wp\/v2\/posts"}],"about":[{"href":"https:\/\/www.diario21.tv\/noticias\/wp-json\/wp\/v2\/types\/post"}],"author":[{"embeddable":true,"href":"https:\/\/www.diario21.tv\/noticias\/wp-json\/wp\/v2\/users\/20"}],"replies":[{"embeddable":true,"href":"https:\/\/www.diario21.tv\/noticias\/wp-json\/wp\/v2\/comments?post=1465"}],"version-history":[{"count":0,"href":"https:\/\/www.diario21.tv\/noticias\/wp-json\/wp\/v2\/posts\/1465\/revisions"}],"wp:attachment":[{"href":"https:\/\/www.diario21.tv\/noticias\/wp-json\/wp\/v2\/media?parent=1465"}],"wp:term":[{"taxonomy":"category","embeddable":true,"href":"https:\/\/www.diario21.tv\/noticias\/wp-json\/wp\/v2\/categories?post=1465"},{"taxonomy":"post_tag","embeddable":true,"href":"https:\/\/www.diario21.tv\/noticias\/wp-json\/wp\/v2\/tags?post=1465"}],"curies":[{"name":"wp","href":"https:\/\/api.w.org\/{rel}","templated":true}]}}