{"id":1462,"date":"2024-12-11T21:13:35","date_gmt":"2024-12-11T21:13:35","guid":{"rendered":"https:\/\/www.diario21.tv\/noticias\/descubre-como-interactuar-correctamente-con-personas-con-discapacidad\/"},"modified":"2024-12-11T21:13:41","modified_gmt":"2024-12-11T21:13:41","slug":"descubre-como-interactuar-correctamente-con-personas-con-discapacidad","status":"publish","type":"post","link":"https:\/\/www.diario21.tv\/noticias\/descubre-como-interactuar-correctamente-con-personas-con-discapacidad\/","title":{"rendered":"Descubre c\u00f3mo interactuar correctamente con personas con discapacidad"},"content":{"rendered":"<p>Sure, I&#8217;ll rewrite and translate the article into Spanish while maintaining the length and format:<\/p>\n<h2>Desaf\u00edos en el Trato hacia Personas con Discapacidad<\/h2>\n<p>En nuestra sociedad actual, a menudo nos encontramos en situaciones donde no sabemos c\u00f3mo actuar o qu\u00e9 decir cuando interactuamos con personas con discapacidades. Este desconocimiento puede llevar a malentendidos o incluso a comportamientos inapropiados, simplemente por la falta de informaci\u00f3n y formaci\u00f3n adecuada sobre c\u00f3mo interactuar respetuosamente con personas que tienen discapacidades.<\/p>\n<h3>La Importancia de la Sensibilizaci\u00f3n<\/h3>\n<p>Es crucial entender que la discapacidad no define a la persona; es simplemente una caracter\u00edstica de su condici\u00f3n. La primera regla es tratar a todos con el mismo respeto y dignidad que esperar\u00edamos para nosotros mismos. Sin embargo, esto puede ser complicado si no estamos seguros de c\u00f3mo nuestras acciones o palabras pueden ser percibidas.<\/p>\n<p>Una forma de mejorar esta situaci\u00f3n es fomentar la educaci\u00f3n y la sensibilizaci\u00f3n sobre la discapacidad en todos los niveles de la sociedad. Los programas de formaci\u00f3n pueden ayudar a las personas a comprender mejor los desaf\u00edos que enfrentan las personas con discapacidades y a aprender las mejores pr\u00e1cticas para interactuar con ellas.<\/p>\n<h3>Comunicaci\u00f3n Efectiva<\/h3>\n<p>Cuando se trata de comunicarse con una persona con discapacidad, es vital ser consciente de nuestras palabras y acciones. Es importante preguntar antes de ayudar; muchas personas con discapacidades prefieren ser independientes y podr\u00edan percibir la ayuda no solicitada como una subestimaci\u00f3n de sus capacidades.<\/p>\n<p>Adem\u00e1s, es fundamental ser directo y mantener el contacto visual, tratando a la persona de manera normal y sin condescendencia. Si no entendemos algo, es mejor preguntar de nuevo o pedir que se repita la informaci\u00f3n de manera m\u00e1s clara, siempre mostrando paciencia y respeto.<\/p>\n<h3>Eliminaci\u00f3n de Barreras y Prejuicios<\/h3>\n<p>Otro aspecto importante es trabajar hacia la eliminaci\u00f3n de las barreras f\u00edsicas y sociales que enfrentan las personas con discapacidades. Esto incluye mejorar la accesibilidad en espacios p\u00fablicos y privados y promover pol\u00edticas inclusivas en el lugar de trabajo y en la educaci\u00f3n.<\/p>\n<p>Asimismo, combatir los prejuicios y estereotipos es fundamental. Muchas veces, las actitudes negativas o preconcepciones sobre las discapacidades pueden ser m\u00e1s limitantes que la discapacidad misma. Cambiar estas percepciones comienza con la educaci\u00f3n y el compromiso de tratar a todos los individuos como iguales.<\/p>\n<h3>Conclusi\u00f3n<\/h3>\n<p>Finalmente, aprender a interactuar adecuadamente con personas con discapacidades es un paso crucial hacia una sociedad m\u00e1s inclusiva y equitativa. Al abrir nuestras mentes y corazones y al educarnos sobre estas cuestiones, podemos hacer una gran diferencia en la vida de muchas personas. Recordemos que la inclusi\u00f3n beneficia a toda la sociedad, creando un ambiente m\u00e1s diverso, creativo y comprensivo.<\/p>\n\n\n<div class=\"kk-star-ratings kksr-auto kksr-align-left kksr-valign-bottom\"\n    data-payload='{&quot;align&quot;:&quot;left&quot;,&quot;id&quot;:&quot;1462&quot;,&quot;slug&quot;:&quot;default&quot;,&quot;valign&quot;:&quot;bottom&quot;,&quot;ignore&quot;:&quot;&quot;,&quot;reference&quot;:&quot;auto&quot;,&quot;class&quot;:&quot;&quot;,&quot;count&quot;:&quot;0&quot;,&quot;legendonly&quot;:&quot;&quot;,&quot;readonly&quot;:&quot;&quot;,&quot;score&quot;:&quot;0&quot;,&quot;starsonly&quot;:&quot;&quot;,&quot;best&quot;:&quot;5&quot;,&quot;gap&quot;:&quot;5&quot;,&quot;greet&quot;:&quot;Valora este post&quot;,&quot;legend&quot;:&quot;0\\\/5 - (0 votes)&quot;,&quot;size&quot;:&quot;22&quot;,&quot;title&quot;:&quot;Descubre c\u00f3mo interactuar correctamente con personas con discapacidad&quot;,&quot;width&quot;:&quot;0&quot;,&quot;_legend&quot;:&quot;{score}\\\/{best} - ({count} {votes})&quot;,&quot;font_factor&quot;:&quot;1.25&quot;}'>\n            \n<div class=\"kksr-stars\">\n    \n<div class=\"kksr-stars-inactive\">\n            <div class=\"kksr-star\" data-star=\"1\" style=\"padding-right: 5px\">\n            \n\n<div class=\"kksr-icon\" style=\"width: 22px; height: 22px;\"><\/div>\n        <\/div>\n            <div class=\"kksr-star\" data-star=\"2\" style=\"padding-right: 5px\">\n            \n\n<div class=\"kksr-icon\" style=\"width: 22px; height: 22px;\"><\/div>\n        <\/div>\n            <div class=\"kksr-star\" data-star=\"3\" style=\"padding-right: 5px\">\n            \n\n<div class=\"kksr-icon\" style=\"width: 22px; height: 22px;\"><\/div>\n        <\/div>\n            <div class=\"kksr-star\" data-star=\"4\" style=\"padding-right: 5px\">\n            \n\n<div class=\"kksr-icon\" style=\"width: 22px; height: 22px;\"><\/div>\n        <\/div>\n            <div class=\"kksr-star\" data-star=\"5\" style=\"padding-right: 5px\">\n            \n\n<div class=\"kksr-icon\" style=\"width: 22px; height: 22px;\"><\/div>\n        <\/div>\n    <\/div>\n    \n<div class=\"kksr-stars-active\" style=\"width: 0px;\">\n            <div class=\"kksr-star\" style=\"padding-right: 5px\">\n            \n\n<div class=\"kksr-icon\" style=\"width: 22px; height: 22px;\"><\/div>\n        <\/div>\n            <div class=\"kksr-star\" style=\"padding-right: 5px\">\n            \n\n<div class=\"kksr-icon\" style=\"width: 22px; height: 22px;\"><\/div>\n        <\/div>\n            <div class=\"kksr-star\" style=\"padding-right: 5px\">\n            \n\n<div class=\"kksr-icon\" style=\"width: 22px; height: 22px;\"><\/div>\n        <\/div>\n            <div class=\"kksr-star\" style=\"padding-right: 5px\">\n            \n\n<div class=\"kksr-icon\" style=\"width: 22px; height: 22px;\"><\/div>\n        <\/div>\n            <div class=\"kksr-star\" style=\"padding-right: 5px\">\n            \n\n<div class=\"kksr-icon\" style=\"width: 22px; height: 22px;\"><\/div>\n        <\/div>\n    <\/div>\n<\/div>\n                \n\n<div class=\"kksr-legend\" style=\"font-size: 17.6px;\">\n            <span class=\"kksr-muted\">Valora este post<\/span>\n    <\/div>\n    <\/div>\n","protected":false},"excerpt":{"rendered":"<p>Sure, I&#8217;ll rewrite and translate the article into Spanish while maintaining the length and format: Desaf\u00edos en el Trato hacia Personas con Discapacidad En nuestra sociedad &#8230; <a title=\"Descubre c\u00f3mo interactuar correctamente con personas con discapacidad\" class=\"read-more\" href=\"https:\/\/www.diario21.tv\/noticias\/descubre-como-interactuar-correctamente-con-personas-con-discapacidad\/\" aria-label=\"Leer m\u00e1s sobre Descubre c\u00f3mo interactuar correctamente con personas con discapacidad\">Seguir leyendo &rarr;<\/a><\/p>\n","protected":false},"author":20,"featured_media":1463,"comment_status":"open","ping_status":"open","sticky":false,"template":"","format":"standard","meta":{"footnotes":""},"categories":[13],"tags":[],"class_list":["post-1462","post","type-post","status-publish","format-standard","has-post-thumbnail","hentry","category-portada"],"yoast_head":"<!-- This site is optimized with the Yoast SEO plugin v25.6 - https:\/\/yoast.com\/wordpress\/plugins\/seo\/ -->\n<title>Descubre c\u00f3mo interactuar correctamente con personas con discapacidad - Diario 21<\/title>\n<meta name=\"robots\" content=\"index, follow, max-snippet:-1, max-image-preview:large, max-video-preview:-1\" \/>\n<link rel=\"canonical\" href=\"https:\/\/www.diario21.tv\/noticias\/descubre-como-interactuar-correctamente-con-personas-con-discapacidad\/\" \/>\n<meta property=\"og:locale\" content=\"es_ES\" \/>\n<meta property=\"og:type\" content=\"article\" \/>\n<meta property=\"og:title\" content=\"Descubre c\u00f3mo interactuar correctamente con personas con discapacidad - Diario 21\" \/>\n<meta property=\"og:description\" content=\"Sure, I&#8217;ll rewrite and translate the article into Spanish while maintaining the length and format: Desaf\u00edos en el Trato hacia Personas con Discapacidad En nuestra sociedad ... Seguir leyendo &rarr;\" \/>\n<meta property=\"og:url\" content=\"https:\/\/www.diario21.tv\/noticias\/descubre-como-interactuar-correctamente-con-personas-con-discapacidad\/\" \/>\n<meta property=\"og:site_name\" content=\"Diario 21\" \/>\n<meta property=\"article:published_time\" content=\"2024-12-11T21:13:35+00:00\" \/>\n<meta property=\"article:modified_time\" content=\"2024-12-11T21:13:41+00:00\" \/>\n<meta property=\"og:image\" content=\"https:\/\/www.diario21.tv\/noticias\/wp-content\/uploads\/2024\/12\/Descubre-como-interactuar-correctamente-con-personas-con-discapacidad-scaled.jpg\" \/>\n\t<meta property=\"og:image:width\" content=\"2560\" \/>\n\t<meta property=\"og:image:height\" content=\"1920\" \/>\n\t<meta property=\"og:image:type\" content=\"image\/jpeg\" \/>\n<meta name=\"author\" content=\"Juan P\u00e9rez\" \/>\n<meta name=\"twitter:card\" content=\"summary_large_image\" \/>\n<meta name=\"twitter:label1\" content=\"Escrito por\" \/>\n\t<meta name=\"twitter:data1\" content=\"Juan P\u00e9rez\" \/>\n\t<meta name=\"twitter:label2\" content=\"Tiempo de lectura\" \/>\n\t<meta name=\"twitter:data2\" content=\"2 minutos\" \/>\n<script type=\"application\/ld+json\" class=\"yoast-schema-graph\">{\"@context\":\"https:\/\/schema.org\",\"@graph\":[{\"@type\":\"WebPage\",\"@id\":\"https:\/\/www.diario21.tv\/noticias\/descubre-como-interactuar-correctamente-con-personas-con-discapacidad\/\",\"url\":\"https:\/\/www.diario21.tv\/noticias\/descubre-como-interactuar-correctamente-con-personas-con-discapacidad\/\",\"name\":\"Descubre c\u00f3mo interactuar correctamente con personas con discapacidad - Diario 21\",\"isPartOf\":{\"@id\":\"https:\/\/www.diario21.tv\/noticias\/#website\"},\"primaryImageOfPage\":{\"@id\":\"https:\/\/www.diario21.tv\/noticias\/descubre-como-interactuar-correctamente-con-personas-con-discapacidad\/#primaryimage\"},\"image\":{\"@id\":\"https:\/\/www.diario21.tv\/noticias\/descubre-como-interactuar-correctamente-con-personas-con-discapacidad\/#primaryimage\"},\"thumbnailUrl\":\"https:\/\/www.diario21.tv\/noticias\/wp-content\/uploads\/2024\/12\/Descubre-como-interactuar-correctamente-con-personas-con-discapacidad-scaled.jpg\",\"datePublished\":\"2024-12-11T21:13:35+00:00\",\"dateModified\":\"2024-12-11T21:13:41+00:00\",\"author\":{\"@id\":\"https:\/\/www.diario21.tv\/noticias\/#\/schema\/person\/dfb778f73814d8f09f302618446a526b\"},\"breadcrumb\":{\"@id\":\"https:\/\/www.diario21.tv\/noticias\/descubre-como-interactuar-correctamente-con-personas-con-discapacidad\/#breadcrumb\"},\"inLanguage\":\"es-AR\",\"potentialAction\":[{\"@type\":\"ReadAction\",\"target\":[\"https:\/\/www.diario21.tv\/noticias\/descubre-como-interactuar-correctamente-con-personas-con-discapacidad\/\"]}]},{\"@type\":\"ImageObject\",\"inLanguage\":\"es-AR\",\"@id\":\"https:\/\/www.diario21.tv\/noticias\/descubre-como-interactuar-correctamente-con-personas-con-discapacidad\/#primaryimage\",\"url\":\"https:\/\/www.diario21.tv\/noticias\/wp-content\/uploads\/2024\/12\/Descubre-como-interactuar-correctamente-con-personas-con-discapacidad-scaled.jpg\",\"contentUrl\":\"https:\/\/www.diario21.tv\/noticias\/wp-content\/uploads\/2024\/12\/Descubre-como-interactuar-correctamente-con-personas-con-discapacidad-scaled.jpg\",\"width\":2560,\"height\":1920,\"caption\":\"\u00abNo sabemos c\u00f3mo tratar a una persona con discapacidad\u00bb\"},{\"@type\":\"BreadcrumbList\",\"@id\":\"https:\/\/www.diario21.tv\/noticias\/descubre-como-interactuar-correctamente-con-personas-con-discapacidad\/#breadcrumb\",\"itemListElement\":[{\"@type\":\"ListItem\",\"position\":1,\"name\":\"Accueil\",\"item\":\"https:\/\/www.diario21.tv\/noticias\/\"},{\"@type\":\"ListItem\",\"position\":2,\"name\":\"Descubre c\u00f3mo interactuar correctamente con personas con discapacidad\"}]},{\"@type\":\"WebSite\",\"@id\":\"https:\/\/www.diario21.tv\/noticias\/#website\",\"url\":\"https:\/\/www.diario21.tv\/noticias\/\",\"name\":\"Diario 21\",\"description\":\"\",\"potentialAction\":[{\"@type\":\"SearchAction\",\"target\":{\"@type\":\"EntryPoint\",\"urlTemplate\":\"https:\/\/www.diario21.tv\/noticias\/?s={search_term_string}\"},\"query-input\":{\"@type\":\"PropertyValueSpecification\",\"valueRequired\":true,\"valueName\":\"search_term_string\"}}],\"inLanguage\":\"es-AR\"},{\"@type\":\"Person\",\"@id\":\"https:\/\/www.diario21.tv\/noticias\/#\/schema\/person\/dfb778f73814d8f09f302618446a526b\",\"name\":\"Juan P\u00e9rez\",\"image\":{\"@type\":\"ImageObject\",\"inLanguage\":\"es-AR\",\"@id\":\"https:\/\/www.diario21.tv\/noticias\/#\/schema\/person\/image\/\",\"url\":\"https:\/\/secure.gravatar.com\/avatar\/c478a405bd10621167f4c3167cc770f5?s=96&d=mm&r=g\",\"contentUrl\":\"https:\/\/secure.gravatar.com\/avatar\/c478a405bd10621167f4c3167cc770f5?s=96&d=mm&r=g\",\"caption\":\"Juan P\u00e9rez\"},\"description\":\"Juan P\u00e9rez es el redactor en jefe de Diario 21. Con m\u00e1s de 10 a\u00f1os de experiencia en el periodismo, se especializa en pol\u00edtica nacional y an\u00e1lisis socioecon\u00f3mico. Su enfoque cr\u00edtico y riguroso aporta una perspectiva \u00fanica a cada art\u00edculo.\",\"sameAs\":[\"https:\/\/www.diario21.tv\/noticias\/\"],\"url\":\"https:\/\/www.diario21.tv\/noticias\/author\/juan-perez\/\"}]}<\/script>\n<!-- \/ Yoast SEO plugin. -->","yoast_head_json":{"title":"Descubre c\u00f3mo interactuar correctamente con personas con discapacidad - Diario 21","robots":{"index":"index","follow":"follow","max-snippet":"max-snippet:-1","max-image-preview":"max-image-preview:large","max-video-preview":"max-video-preview:-1"},"canonical":"https:\/\/www.diario21.tv\/noticias\/descubre-como-interactuar-correctamente-con-personas-con-discapacidad\/","og_locale":"es_ES","og_type":"article","og_title":"Descubre c\u00f3mo interactuar correctamente con personas con discapacidad - Diario 21","og_description":"Sure, I&#8217;ll rewrite and translate the article into Spanish while maintaining the length and format: Desaf\u00edos en el Trato hacia Personas con Discapacidad En nuestra sociedad ... Seguir leyendo &rarr;","og_url":"https:\/\/www.diario21.tv\/noticias\/descubre-como-interactuar-correctamente-con-personas-con-discapacidad\/","og_site_name":"Diario 21","article_published_time":"2024-12-11T21:13:35+00:00","article_modified_time":"2024-12-11T21:13:41+00:00","og_image":[{"width":2560,"height":1920,"url":"https:\/\/www.diario21.tv\/noticias\/wp-content\/uploads\/2024\/12\/Descubre-como-interactuar-correctamente-con-personas-con-discapacidad-scaled.jpg","type":"image\/jpeg"}],"author":"Juan P\u00e9rez","twitter_card":"summary_large_image","twitter_misc":{"Escrito por":"Juan P\u00e9rez","Tiempo de lectura":"2 minutos"},"schema":{"@context":"https:\/\/schema.org","@graph":[{"@type":"WebPage","@id":"https:\/\/www.diario21.tv\/noticias\/descubre-como-interactuar-correctamente-con-personas-con-discapacidad\/","url":"https:\/\/www.diario21.tv\/noticias\/descubre-como-interactuar-correctamente-con-personas-con-discapacidad\/","name":"Descubre c\u00f3mo interactuar correctamente con personas con discapacidad - Diario 21","isPartOf":{"@id":"https:\/\/www.diario21.tv\/noticias\/#website"},"primaryImageOfPage":{"@id":"https:\/\/www.diario21.tv\/noticias\/descubre-como-interactuar-correctamente-con-personas-con-discapacidad\/#primaryimage"},"image":{"@id":"https:\/\/www.diario21.tv\/noticias\/descubre-como-interactuar-correctamente-con-personas-con-discapacidad\/#primaryimage"},"thumbnailUrl":"https:\/\/www.diario21.tv\/noticias\/wp-content\/uploads\/2024\/12\/Descubre-como-interactuar-correctamente-con-personas-con-discapacidad-scaled.jpg","datePublished":"2024-12-11T21:13:35+00:00","dateModified":"2024-12-11T21:13:41+00:00","author":{"@id":"https:\/\/www.diario21.tv\/noticias\/#\/schema\/person\/dfb778f73814d8f09f302618446a526b"},"breadcrumb":{"@id":"https:\/\/www.diario21.tv\/noticias\/descubre-como-interactuar-correctamente-con-personas-con-discapacidad\/#breadcrumb"},"inLanguage":"es-AR","potentialAction":[{"@type":"ReadAction","target":["https:\/\/www.diario21.tv\/noticias\/descubre-como-interactuar-correctamente-con-personas-con-discapacidad\/"]}]},{"@type":"ImageObject","inLanguage":"es-AR","@id":"https:\/\/www.diario21.tv\/noticias\/descubre-como-interactuar-correctamente-con-personas-con-discapacidad\/#primaryimage","url":"https:\/\/www.diario21.tv\/noticias\/wp-content\/uploads\/2024\/12\/Descubre-como-interactuar-correctamente-con-personas-con-discapacidad-scaled.jpg","contentUrl":"https:\/\/www.diario21.tv\/noticias\/wp-content\/uploads\/2024\/12\/Descubre-como-interactuar-correctamente-con-personas-con-discapacidad-scaled.jpg","width":2560,"height":1920,"caption":"\u00abNo sabemos c\u00f3mo tratar a una persona con discapacidad\u00bb"},{"@type":"BreadcrumbList","@id":"https:\/\/www.diario21.tv\/noticias\/descubre-como-interactuar-correctamente-con-personas-con-discapacidad\/#breadcrumb","itemListElement":[{"@type":"ListItem","position":1,"name":"Accueil","item":"https:\/\/www.diario21.tv\/noticias\/"},{"@type":"ListItem","position":2,"name":"Descubre c\u00f3mo interactuar correctamente con personas con discapacidad"}]},{"@type":"WebSite","@id":"https:\/\/www.diario21.tv\/noticias\/#website","url":"https:\/\/www.diario21.tv\/noticias\/","name":"Diario 21","description":"","potentialAction":[{"@type":"SearchAction","target":{"@type":"EntryPoint","urlTemplate":"https:\/\/www.diario21.tv\/noticias\/?s={search_term_string}"},"query-input":{"@type":"PropertyValueSpecification","valueRequired":true,"valueName":"search_term_string"}}],"inLanguage":"es-AR"},{"@type":"Person","@id":"https:\/\/www.diario21.tv\/noticias\/#\/schema\/person\/dfb778f73814d8f09f302618446a526b","name":"Juan P\u00e9rez","image":{"@type":"ImageObject","inLanguage":"es-AR","@id":"https:\/\/www.diario21.tv\/noticias\/#\/schema\/person\/image\/","url":"https:\/\/secure.gravatar.com\/avatar\/c478a405bd10621167f4c3167cc770f5?s=96&d=mm&r=g","contentUrl":"https:\/\/secure.gravatar.com\/avatar\/c478a405bd10621167f4c3167cc770f5?s=96&d=mm&r=g","caption":"Juan P\u00e9rez"},"description":"Juan P\u00e9rez es el redactor en jefe de Diario 21. Con m\u00e1s de 10 a\u00f1os de experiencia en el periodismo, se especializa en pol\u00edtica nacional y an\u00e1lisis socioecon\u00f3mico. Su enfoque cr\u00edtico y riguroso aporta una perspectiva \u00fanica a cada art\u00edculo.","sameAs":["https:\/\/www.diario21.tv\/noticias\/"],"url":"https:\/\/www.diario21.tv\/noticias\/author\/juan-perez\/"}]}},"_links":{"self":[{"href":"https:\/\/www.diario21.tv\/noticias\/wp-json\/wp\/v2\/posts\/1462"}],"collection":[{"href":"https:\/\/www.diario21.tv\/noticias\/wp-json\/wp\/v2\/posts"}],"about":[{"href":"https:\/\/www.diario21.tv\/noticias\/wp-json\/wp\/v2\/types\/post"}],"author":[{"embeddable":true,"href":"https:\/\/www.diario21.tv\/noticias\/wp-json\/wp\/v2\/users\/20"}],"replies":[{"embeddable":true,"href":"https:\/\/www.diario21.tv\/noticias\/wp-json\/wp\/v2\/comments?post=1462"}],"version-history":[{"count":1,"href":"https:\/\/www.diario21.tv\/noticias\/wp-json\/wp\/v2\/posts\/1462\/revisions"}],"predecessor-version":[{"id":1464,"href":"https:\/\/www.diario21.tv\/noticias\/wp-json\/wp\/v2\/posts\/1462\/revisions\/1464"}],"wp:featuredmedia":[{"embeddable":true,"href":"https:\/\/www.diario21.tv\/noticias\/wp-json\/wp\/v2\/media\/1463"}],"wp:attachment":[{"href":"https:\/\/www.diario21.tv\/noticias\/wp-json\/wp\/v2\/media?parent=1462"}],"wp:term":[{"taxonomy":"category","embeddable":true,"href":"https:\/\/www.diario21.tv\/noticias\/wp-json\/wp\/v2\/categories?post=1462"},{"taxonomy":"post_tag","embeddable":true,"href":"https:\/\/www.diario21.tv\/noticias\/wp-json\/wp\/v2\/tags?post=1462"}],"curies":[{"name":"wp","href":"https:\/\/api.w.org\/{rel}","templated":true}]}}