{"id":1454,"date":"2024-12-11T02:51:20","date_gmt":"2024-12-11T02:51:20","guid":{"rendered":"https:\/\/www.diario21.tv\/noticias\/detenidos-por-chantajear-a-joven-discapacitado-con-videos-intimos\/"},"modified":"2024-12-11T02:51:22","modified_gmt":"2024-12-11T02:51:22","slug":"detenidos-por-chantajear-a-joven-discapacitado-con-videos-intimos","status":"publish","type":"post","link":"https:\/\/www.diario21.tv\/noticias\/detenidos-por-chantajear-a-joven-discapacitado-con-videos-intimos\/","title":{"rendered":"\u00a1Detenidos por chantajear a joven discapacitado con v\u00eddeos \u00edntimos!"},"content":{"rendered":"<h2>Tres Personas Arrestadas por Chantajear a un Joven Discapacitado<\/h2>\n<p>En un reciente operativo policial, tres individuos fueron detenidos bajo la acusaci\u00f3n de extorsionar a un joven con discapacidad. Los sospechosos, cuyas identidades no han sido reveladas, amenazaban con difundir videos de \u00edndole sexual en los que aparec\u00eda la v\u00edctima, con el fin de obtener beneficios econ\u00f3micos.<\/p>\n<h3>Inicio del Caso<\/h3>\n<p>El caso sali\u00f3 a la luz cuando la v\u00edctima, un joven que sufre de una discapacidad no especificada, decidi\u00f3 denunciar ante las autoridades que estaba siendo objeto de chantaje. Seg\u00fan su relato, los detenidos le exig\u00edan una cantidad considerable de dinero a cambio de no publicar en internet videos sexuales en los que \u00e9l aparec\u00eda. Temiendo por su reputaci\u00f3n y bienestar emocional, el joven se vio obligado a buscar ayuda.<\/p>\n<h3>La Investigaci\u00f3n Policial<\/h3>\n<p>Tras recibir la denuncia, la polic\u00eda inici\u00f3 una investigaci\u00f3n meticulosa que incluy\u00f3 la vigilancia de los sospechosos y el an\u00e1lisis de comunicaciones digitales. Las pruebas recabadas fueron cruciales para entender la din\u00e1mica del chantaje y la presi\u00f3n a la que estaba siendo sometido el joven.<\/p>\n<h3>Detenci\u00f3n de los Sospechosos<\/h3>\n<p>Los esfuerzos de las fuerzas del orden culminaron con la detenci\u00f3n de tres personas involucradas en el chantaje. Durante las detenciones, se realizaron varios registros domiciliarios que permitieron incautar dispositivos electr\u00f3nicos y otros elementos de prueba que podr\u00edan ser fundamentales en el proceso judicial.<\/p>\n<h3>Consecuencias Legales y Protecci\u00f3n a la V\u00edctima<\/h3>\n<p>Los detenidos ahora enfrentan cargos por extorsi\u00f3n y violaci\u00f3n de la privacidad, delitos que son tomados muy en serio dada la vulnerabilidad del afectado. Las autoridades tambi\u00e9n han tomado medidas para proteger la identidad y la integridad del joven, ofreci\u00e9ndole apoyo psicol\u00f3gico y legal durante el proceso.<\/p>\n<p>Este caso ha resaltado la importancia de proteger a los individuos m\u00e1s vulnerables de nuestra sociedad y de perseguir con rigor a aquellos que buscan aprovecharse de ellos. La polic\u00eda contin\u00faa investigando para determinar si hay m\u00e1s personas involucradas o m\u00e1s v\u00edctimas de esta red de extorsi\u00f3n.<\/p>\n\n\n<div class=\"kk-star-ratings kksr-auto kksr-align-left kksr-valign-bottom\"\n    data-payload='{&quot;align&quot;:&quot;left&quot;,&quot;id&quot;:&quot;1454&quot;,&quot;slug&quot;:&quot;default&quot;,&quot;valign&quot;:&quot;bottom&quot;,&quot;ignore&quot;:&quot;&quot;,&quot;reference&quot;:&quot;auto&quot;,&quot;class&quot;:&quot;&quot;,&quot;count&quot;:&quot;0&quot;,&quot;legendonly&quot;:&quot;&quot;,&quot;readonly&quot;:&quot;&quot;,&quot;score&quot;:&quot;0&quot;,&quot;starsonly&quot;:&quot;&quot;,&quot;best&quot;:&quot;5&quot;,&quot;gap&quot;:&quot;5&quot;,&quot;greet&quot;:&quot;Valora este post&quot;,&quot;legend&quot;:&quot;0\\\/5 - (0 votes)&quot;,&quot;size&quot;:&quot;22&quot;,&quot;title&quot;:&quot;\u00a1Detenidos por chantajear a joven discapacitado con v\u00eddeos \u00edntimos!&quot;,&quot;width&quot;:&quot;0&quot;,&quot;_legend&quot;:&quot;{score}\\\/{best} - ({count} {votes})&quot;,&quot;font_factor&quot;:&quot;1.25&quot;}'>\n            \n<div class=\"kksr-stars\">\n    \n<div class=\"kksr-stars-inactive\">\n            <div class=\"kksr-star\" data-star=\"1\" style=\"padding-right: 5px\">\n            \n\n<div class=\"kksr-icon\" style=\"width: 22px; height: 22px;\"><\/div>\n        <\/div>\n            <div class=\"kksr-star\" data-star=\"2\" style=\"padding-right: 5px\">\n            \n\n<div class=\"kksr-icon\" style=\"width: 22px; height: 22px;\"><\/div>\n        <\/div>\n            <div class=\"kksr-star\" data-star=\"3\" style=\"padding-right: 5px\">\n            \n\n<div class=\"kksr-icon\" style=\"width: 22px; height: 22px;\"><\/div>\n        <\/div>\n            <div class=\"kksr-star\" data-star=\"4\" style=\"padding-right: 5px\">\n            \n\n<div class=\"kksr-icon\" style=\"width: 22px; height: 22px;\"><\/div>\n        <\/div>\n            <div class=\"kksr-star\" data-star=\"5\" style=\"padding-right: 5px\">\n            \n\n<div class=\"kksr-icon\" style=\"width: 22px; height: 22px;\"><\/div>\n        <\/div>\n    <\/div>\n    \n<div class=\"kksr-stars-active\" style=\"width: 0px;\">\n            <div class=\"kksr-star\" style=\"padding-right: 5px\">\n            \n\n<div class=\"kksr-icon\" style=\"width: 22px; height: 22px;\"><\/div>\n        <\/div>\n            <div class=\"kksr-star\" style=\"padding-right: 5px\">\n            \n\n<div class=\"kksr-icon\" style=\"width: 22px; height: 22px;\"><\/div>\n        <\/div>\n            <div class=\"kksr-star\" style=\"padding-right: 5px\">\n            \n\n<div class=\"kksr-icon\" style=\"width: 22px; height: 22px;\"><\/div>\n        <\/div>\n            <div class=\"kksr-star\" style=\"padding-right: 5px\">\n            \n\n<div class=\"kksr-icon\" style=\"width: 22px; height: 22px;\"><\/div>\n        <\/div>\n            <div class=\"kksr-star\" style=\"padding-right: 5px\">\n            \n\n<div class=\"kksr-icon\" style=\"width: 22px; height: 22px;\"><\/div>\n        <\/div>\n    <\/div>\n<\/div>\n                \n\n<div class=\"kksr-legend\" style=\"font-size: 17.6px;\">\n            <span class=\"kksr-muted\">Valora este post<\/span>\n    <\/div>\n    <\/div>\n","protected":false},"excerpt":{"rendered":"<p>Tres Personas Arrestadas por Chantajear a un Joven Discapacitado En un reciente operativo policial, tres individuos fueron detenidos bajo la acusaci\u00f3n de extorsionar a un joven &#8230; <a title=\"\u00a1Detenidos por chantajear a joven discapacitado con v\u00eddeos \u00edntimos!\" class=\"read-more\" href=\"https:\/\/www.diario21.tv\/noticias\/detenidos-por-chantajear-a-joven-discapacitado-con-videos-intimos\/\" aria-label=\"Leer m\u00e1s sobre \u00a1Detenidos por chantajear a joven discapacitado con v\u00eddeos \u00edntimos!\">Seguir leyendo &rarr;<\/a><\/p>\n","protected":false},"author":20,"featured_media":1455,"comment_status":"open","ping_status":"open","sticky":false,"template":"","format":"standard","meta":{"footnotes":""},"categories":[13],"tags":[],"class_list":["post-1454","post","type-post","status-publish","format-standard","has-post-thumbnail","hentry","category-portada"],"yoast_head":"<!-- This site is optimized with the Yoast SEO plugin v25.6 - https:\/\/yoast.com\/wordpress\/plugins\/seo\/ -->\n<title>\u00a1Detenidos por chantajear a joven discapacitado con v\u00eddeos \u00edntimos! - Diario 21<\/title>\n<meta name=\"robots\" content=\"index, follow, max-snippet:-1, max-image-preview:large, max-video-preview:-1\" \/>\n<link rel=\"canonical\" href=\"https:\/\/www.diario21.tv\/noticias\/detenidos-por-chantajear-a-joven-discapacitado-con-videos-intimos\/\" \/>\n<meta property=\"og:locale\" content=\"es_ES\" \/>\n<meta property=\"og:type\" content=\"article\" \/>\n<meta property=\"og:title\" content=\"\u00a1Detenidos por chantajear a joven discapacitado con v\u00eddeos \u00edntimos! - Diario 21\" \/>\n<meta property=\"og:description\" content=\"Tres Personas Arrestadas por Chantajear a un Joven Discapacitado En un reciente operativo policial, tres individuos fueron detenidos bajo la acusaci\u00f3n de extorsionar a un joven ... Seguir leyendo &rarr;\" \/>\n<meta property=\"og:url\" content=\"https:\/\/www.diario21.tv\/noticias\/detenidos-por-chantajear-a-joven-discapacitado-con-videos-intimos\/\" \/>\n<meta property=\"og:site_name\" content=\"Diario 21\" \/>\n<meta property=\"article:published_time\" content=\"2024-12-11T02:51:20+00:00\" \/>\n<meta property=\"article:modified_time\" content=\"2024-12-11T02:51:22+00:00\" \/>\n<meta property=\"og:image\" content=\"https:\/\/www.diario21.tv\/noticias\/wp-content\/uploads\/2024\/12\/\u00a1Detenidos-por-chantajear-a-joven-discapacitado-con-videos-intimos.png\" \/>\n\t<meta property=\"og:image:width\" content=\"1200\" \/>\n\t<meta property=\"og:image:height\" content=\"840\" \/>\n\t<meta property=\"og:image:type\" content=\"image\/png\" \/>\n<meta name=\"author\" content=\"Juan P\u00e9rez\" \/>\n<meta name=\"twitter:card\" content=\"summary_large_image\" \/>\n<meta name=\"twitter:label1\" content=\"Escrito por\" \/>\n\t<meta name=\"twitter:data1\" content=\"Juan P\u00e9rez\" \/>\n\t<meta name=\"twitter:label2\" content=\"Tiempo de lectura\" \/>\n\t<meta name=\"twitter:data2\" content=\"2 minutos\" \/>\n<script type=\"application\/ld+json\" class=\"yoast-schema-graph\">{\"@context\":\"https:\/\/schema.org\",\"@graph\":[{\"@type\":\"WebPage\",\"@id\":\"https:\/\/www.diario21.tv\/noticias\/detenidos-por-chantajear-a-joven-discapacitado-con-videos-intimos\/\",\"url\":\"https:\/\/www.diario21.tv\/noticias\/detenidos-por-chantajear-a-joven-discapacitado-con-videos-intimos\/\",\"name\":\"\u00a1Detenidos por chantajear a joven discapacitado con v\u00eddeos \u00edntimos! - Diario 21\",\"isPartOf\":{\"@id\":\"https:\/\/www.diario21.tv\/noticias\/#website\"},\"primaryImageOfPage\":{\"@id\":\"https:\/\/www.diario21.tv\/noticias\/detenidos-por-chantajear-a-joven-discapacitado-con-videos-intimos\/#primaryimage\"},\"image\":{\"@id\":\"https:\/\/www.diario21.tv\/noticias\/detenidos-por-chantajear-a-joven-discapacitado-con-videos-intimos\/#primaryimage\"},\"thumbnailUrl\":\"https:\/\/www.diario21.tv\/noticias\/wp-content\/uploads\/2024\/12\/\u00a1Detenidos-por-chantajear-a-joven-discapacitado-con-videos-intimos.png\",\"datePublished\":\"2024-12-11T02:51:20+00:00\",\"dateModified\":\"2024-12-11T02:51:22+00:00\",\"author\":{\"@id\":\"https:\/\/www.diario21.tv\/noticias\/#\/schema\/person\/dfb778f73814d8f09f302618446a526b\"},\"breadcrumb\":{\"@id\":\"https:\/\/www.diario21.tv\/noticias\/detenidos-por-chantajear-a-joven-discapacitado-con-videos-intimos\/#breadcrumb\"},\"inLanguage\":\"es-AR\",\"potentialAction\":[{\"@type\":\"ReadAction\",\"target\":[\"https:\/\/www.diario21.tv\/noticias\/detenidos-por-chantajear-a-joven-discapacitado-con-videos-intimos\/\"]}]},{\"@type\":\"ImageObject\",\"inLanguage\":\"es-AR\",\"@id\":\"https:\/\/www.diario21.tv\/noticias\/detenidos-por-chantajear-a-joven-discapacitado-con-videos-intimos\/#primaryimage\",\"url\":\"https:\/\/www.diario21.tv\/noticias\/wp-content\/uploads\/2024\/12\/\u00a1Detenidos-por-chantajear-a-joven-discapacitado-con-videos-intimos.png\",\"contentUrl\":\"https:\/\/www.diario21.tv\/noticias\/wp-content\/uploads\/2024\/12\/\u00a1Detenidos-por-chantajear-a-joven-discapacitado-con-videos-intimos.png\",\"width\":1200,\"height\":840,\"caption\":\"Tres detenidos por extorsionar a un joven con discapacidad con divulgar v\u00eddeos sexuales\"},{\"@type\":\"BreadcrumbList\",\"@id\":\"https:\/\/www.diario21.tv\/noticias\/detenidos-por-chantajear-a-joven-discapacitado-con-videos-intimos\/#breadcrumb\",\"itemListElement\":[{\"@type\":\"ListItem\",\"position\":1,\"name\":\"Accueil\",\"item\":\"https:\/\/www.diario21.tv\/noticias\/\"},{\"@type\":\"ListItem\",\"position\":2,\"name\":\"\u00a1Detenidos por chantajear a joven discapacitado con v\u00eddeos \u00edntimos!\"}]},{\"@type\":\"WebSite\",\"@id\":\"https:\/\/www.diario21.tv\/noticias\/#website\",\"url\":\"https:\/\/www.diario21.tv\/noticias\/\",\"name\":\"Diario 21\",\"description\":\"\",\"potentialAction\":[{\"@type\":\"SearchAction\",\"target\":{\"@type\":\"EntryPoint\",\"urlTemplate\":\"https:\/\/www.diario21.tv\/noticias\/?s={search_term_string}\"},\"query-input\":{\"@type\":\"PropertyValueSpecification\",\"valueRequired\":true,\"valueName\":\"search_term_string\"}}],\"inLanguage\":\"es-AR\"},{\"@type\":\"Person\",\"@id\":\"https:\/\/www.diario21.tv\/noticias\/#\/schema\/person\/dfb778f73814d8f09f302618446a526b\",\"name\":\"Juan P\u00e9rez\",\"image\":{\"@type\":\"ImageObject\",\"inLanguage\":\"es-AR\",\"@id\":\"https:\/\/www.diario21.tv\/noticias\/#\/schema\/person\/image\/\",\"url\":\"https:\/\/secure.gravatar.com\/avatar\/c478a405bd10621167f4c3167cc770f5?s=96&d=mm&r=g\",\"contentUrl\":\"https:\/\/secure.gravatar.com\/avatar\/c478a405bd10621167f4c3167cc770f5?s=96&d=mm&r=g\",\"caption\":\"Juan P\u00e9rez\"},\"description\":\"Juan P\u00e9rez es el redactor en jefe de Diario 21. Con m\u00e1s de 10 a\u00f1os de experiencia en el periodismo, se especializa en pol\u00edtica nacional y an\u00e1lisis socioecon\u00f3mico. Su enfoque cr\u00edtico y riguroso aporta una perspectiva \u00fanica a cada art\u00edculo.\",\"sameAs\":[\"https:\/\/www.diario21.tv\/noticias\/\"],\"url\":\"https:\/\/www.diario21.tv\/noticias\/author\/juan-perez\/\"}]}<\/script>\n<!-- \/ Yoast SEO plugin. -->","yoast_head_json":{"title":"\u00a1Detenidos por chantajear a joven discapacitado con v\u00eddeos \u00edntimos! - Diario 21","robots":{"index":"index","follow":"follow","max-snippet":"max-snippet:-1","max-image-preview":"max-image-preview:large","max-video-preview":"max-video-preview:-1"},"canonical":"https:\/\/www.diario21.tv\/noticias\/detenidos-por-chantajear-a-joven-discapacitado-con-videos-intimos\/","og_locale":"es_ES","og_type":"article","og_title":"\u00a1Detenidos por chantajear a joven discapacitado con v\u00eddeos \u00edntimos! - Diario 21","og_description":"Tres Personas Arrestadas por Chantajear a un Joven Discapacitado En un reciente operativo policial, tres individuos fueron detenidos bajo la acusaci\u00f3n de extorsionar a un joven ... Seguir leyendo &rarr;","og_url":"https:\/\/www.diario21.tv\/noticias\/detenidos-por-chantajear-a-joven-discapacitado-con-videos-intimos\/","og_site_name":"Diario 21","article_published_time":"2024-12-11T02:51:20+00:00","article_modified_time":"2024-12-11T02:51:22+00:00","og_image":[{"width":1200,"height":840,"url":"https:\/\/www.diario21.tv\/noticias\/wp-content\/uploads\/2024\/12\/\u00a1Detenidos-por-chantajear-a-joven-discapacitado-con-videos-intimos.png","type":"image\/png"}],"author":"Juan P\u00e9rez","twitter_card":"summary_large_image","twitter_misc":{"Escrito por":"Juan P\u00e9rez","Tiempo de lectura":"2 minutos"},"schema":{"@context":"https:\/\/schema.org","@graph":[{"@type":"WebPage","@id":"https:\/\/www.diario21.tv\/noticias\/detenidos-por-chantajear-a-joven-discapacitado-con-videos-intimos\/","url":"https:\/\/www.diario21.tv\/noticias\/detenidos-por-chantajear-a-joven-discapacitado-con-videos-intimos\/","name":"\u00a1Detenidos por chantajear a joven discapacitado con v\u00eddeos \u00edntimos! - Diario 21","isPartOf":{"@id":"https:\/\/www.diario21.tv\/noticias\/#website"},"primaryImageOfPage":{"@id":"https:\/\/www.diario21.tv\/noticias\/detenidos-por-chantajear-a-joven-discapacitado-con-videos-intimos\/#primaryimage"},"image":{"@id":"https:\/\/www.diario21.tv\/noticias\/detenidos-por-chantajear-a-joven-discapacitado-con-videos-intimos\/#primaryimage"},"thumbnailUrl":"https:\/\/www.diario21.tv\/noticias\/wp-content\/uploads\/2024\/12\/\u00a1Detenidos-por-chantajear-a-joven-discapacitado-con-videos-intimos.png","datePublished":"2024-12-11T02:51:20+00:00","dateModified":"2024-12-11T02:51:22+00:00","author":{"@id":"https:\/\/www.diario21.tv\/noticias\/#\/schema\/person\/dfb778f73814d8f09f302618446a526b"},"breadcrumb":{"@id":"https:\/\/www.diario21.tv\/noticias\/detenidos-por-chantajear-a-joven-discapacitado-con-videos-intimos\/#breadcrumb"},"inLanguage":"es-AR","potentialAction":[{"@type":"ReadAction","target":["https:\/\/www.diario21.tv\/noticias\/detenidos-por-chantajear-a-joven-discapacitado-con-videos-intimos\/"]}]},{"@type":"ImageObject","inLanguage":"es-AR","@id":"https:\/\/www.diario21.tv\/noticias\/detenidos-por-chantajear-a-joven-discapacitado-con-videos-intimos\/#primaryimage","url":"https:\/\/www.diario21.tv\/noticias\/wp-content\/uploads\/2024\/12\/\u00a1Detenidos-por-chantajear-a-joven-discapacitado-con-videos-intimos.png","contentUrl":"https:\/\/www.diario21.tv\/noticias\/wp-content\/uploads\/2024\/12\/\u00a1Detenidos-por-chantajear-a-joven-discapacitado-con-videos-intimos.png","width":1200,"height":840,"caption":"Tres detenidos por extorsionar a un joven con discapacidad con divulgar v\u00eddeos sexuales"},{"@type":"BreadcrumbList","@id":"https:\/\/www.diario21.tv\/noticias\/detenidos-por-chantajear-a-joven-discapacitado-con-videos-intimos\/#breadcrumb","itemListElement":[{"@type":"ListItem","position":1,"name":"Accueil","item":"https:\/\/www.diario21.tv\/noticias\/"},{"@type":"ListItem","position":2,"name":"\u00a1Detenidos por chantajear a joven discapacitado con v\u00eddeos \u00edntimos!"}]},{"@type":"WebSite","@id":"https:\/\/www.diario21.tv\/noticias\/#website","url":"https:\/\/www.diario21.tv\/noticias\/","name":"Diario 21","description":"","potentialAction":[{"@type":"SearchAction","target":{"@type":"EntryPoint","urlTemplate":"https:\/\/www.diario21.tv\/noticias\/?s={search_term_string}"},"query-input":{"@type":"PropertyValueSpecification","valueRequired":true,"valueName":"search_term_string"}}],"inLanguage":"es-AR"},{"@type":"Person","@id":"https:\/\/www.diario21.tv\/noticias\/#\/schema\/person\/dfb778f73814d8f09f302618446a526b","name":"Juan P\u00e9rez","image":{"@type":"ImageObject","inLanguage":"es-AR","@id":"https:\/\/www.diario21.tv\/noticias\/#\/schema\/person\/image\/","url":"https:\/\/secure.gravatar.com\/avatar\/c478a405bd10621167f4c3167cc770f5?s=96&d=mm&r=g","contentUrl":"https:\/\/secure.gravatar.com\/avatar\/c478a405bd10621167f4c3167cc770f5?s=96&d=mm&r=g","caption":"Juan P\u00e9rez"},"description":"Juan P\u00e9rez es el redactor en jefe de Diario 21. Con m\u00e1s de 10 a\u00f1os de experiencia en el periodismo, se especializa en pol\u00edtica nacional y an\u00e1lisis socioecon\u00f3mico. Su enfoque cr\u00edtico y riguroso aporta una perspectiva \u00fanica a cada art\u00edculo.","sameAs":["https:\/\/www.diario21.tv\/noticias\/"],"url":"https:\/\/www.diario21.tv\/noticias\/author\/juan-perez\/"}]}},"_links":{"self":[{"href":"https:\/\/www.diario21.tv\/noticias\/wp-json\/wp\/v2\/posts\/1454"}],"collection":[{"href":"https:\/\/www.diario21.tv\/noticias\/wp-json\/wp\/v2\/posts"}],"about":[{"href":"https:\/\/www.diario21.tv\/noticias\/wp-json\/wp\/v2\/types\/post"}],"author":[{"embeddable":true,"href":"https:\/\/www.diario21.tv\/noticias\/wp-json\/wp\/v2\/users\/20"}],"replies":[{"embeddable":true,"href":"https:\/\/www.diario21.tv\/noticias\/wp-json\/wp\/v2\/comments?post=1454"}],"version-history":[{"count":1,"href":"https:\/\/www.diario21.tv\/noticias\/wp-json\/wp\/v2\/posts\/1454\/revisions"}],"predecessor-version":[{"id":1456,"href":"https:\/\/www.diario21.tv\/noticias\/wp-json\/wp\/v2\/posts\/1454\/revisions\/1456"}],"wp:featuredmedia":[{"embeddable":true,"href":"https:\/\/www.diario21.tv\/noticias\/wp-json\/wp\/v2\/media\/1455"}],"wp:attachment":[{"href":"https:\/\/www.diario21.tv\/noticias\/wp-json\/wp\/v2\/media?parent=1454"}],"wp:term":[{"taxonomy":"category","embeddable":true,"href":"https:\/\/www.diario21.tv\/noticias\/wp-json\/wp\/v2\/categories?post=1454"},{"taxonomy":"post_tag","embeddable":true,"href":"https:\/\/www.diario21.tv\/noticias\/wp-json\/wp\/v2\/tags?post=1454"}],"curies":[{"name":"wp","href":"https:\/\/api.w.org\/{rel}","templated":true}]}}