{"id":1442,"date":"2024-12-09T13:19:42","date_gmt":"2024-12-09T13:19:42","guid":{"rendered":"https:\/\/www.diario21.tv\/noticias\/economia-verde-creara-1-millon-de-empleos-para-tecnicos-de-fp-en-10-anos\/"},"modified":"2024-12-09T13:19:52","modified_gmt":"2024-12-09T13:19:52","slug":"economia-verde-creara-1-millon-de-empleos-para-tecnicos-de-fp-en-10-anos","status":"publish","type":"post","link":"https:\/\/www.diario21.tv\/noticias\/economia-verde-creara-1-millon-de-empleos-para-tecnicos-de-fp-en-10-anos\/","title":{"rendered":"Econom\u00eda verde crear\u00e1 1 mill\u00f3n de empleos para t\u00e9cnicos de FP en 10 a\u00f1os"},"content":{"rendered":"<h2>La transici\u00f3n hacia una econom\u00eda verde generar\u00e1 un mill\u00f3n de oportunidades laborales para t\u00e9cnicos en Formaci\u00f3n Profesional<\/h2>\n<p>En el contexto de los esfuerzos globales por abordar el cambio clim\u00e1tico y avanzar hacia pr\u00e1cticas m\u00e1s sostenibles, se espera que la econom\u00eda verde propicie la creaci\u00f3n de aproximadamente un mill\u00f3n de puestos de trabajo destinados a t\u00e9cnicos formados en programas de Formaci\u00f3n Profesional (FP) durante los pr\u00f3ximos diez a\u00f1os. Este notable crecimiento en el sector verde no solo subraya la urgencia y la importancia de la sostenibilidad ambiental, sino que tambi\u00e9n resalta la necesidad de habilidades t\u00e9cnicas espec\u00edficas que se pueden adquirir a trav\u00e9s de la educaci\u00f3n profesional.<\/p>\n<h3>Impacto en el mercado laboral<\/h3>\n<p>Con la transici\u00f3n hacia energ\u00edas renovables, la eficiencia energ\u00e9tica y la gesti\u00f3n sostenible de los recursos naturales, las industrias est\u00e1n buscando activamente profesionales que no solo comprendan las tecnolog\u00edas existentes sino que tambi\u00e9n puedan innovar y aplicar soluciones pr\u00e1cticas para los retos ambientales. Los t\u00e9cnicos de FP, con su formaci\u00f3n especializada y adaptada a las necesidades del mercado, est\u00e1n posicionados de manera ideal para aprovechar estas nuevas oportunidades.<\/p>\n<p>Seg\u00fan estudios recientes, sectores como la energ\u00eda renovable, la construcci\u00f3n sostenible, la gesti\u00f3n de residuos y el reciclaje, y la agricultura ecol\u00f3gica ser\u00e1n algunos de los principales campos que demandar\u00e1n una mayor cantidad de profesionales t\u00e9cnicamente capacitados. La formaci\u00f3n en FP ofrece programas espec\u00edficos que preparan a los estudiantes para enfrentarse a los desaf\u00edos espec\u00edficos de cada uno de estos sectores, proporcion\u00e1ndoles no solo conocimientos t\u00e9cnicos, sino tambi\u00e9n una comprensi\u00f3n pr\u00e1ctica de las normativas ambientales y las mejores pr\u00e1cticas sostenibles.<\/p>\n<h3>Oportunidades de formaci\u00f3n y empleo<\/h3>\n<p>Las instituciones educativas ya est\u00e1n respondiendo a esta tendencia creciente ajustando sus curr\u00edculos y ofreciendo nuevos programas que se alinean m\u00e1s estrechamente con las necesidades de la econom\u00eda verde. Esto incluye cursos enfocados en energ\u00edas renovables, como la solar y e\u00f3lica, as\u00ed como programas especializados en eficiencia energ\u00e9tica y gesti\u00f3n ambiental. Adem\u00e1s, se est\u00e1n fortaleciendo las colaboraciones entre las empresas del sector, las instituciones educativas y los gobiernos para garantizar que los curr\u00edculos sean relevantes y que los graduados est\u00e9n listos para ingresar directamente al mercado laboral.<\/p>\n<p>Este enfoque no solo beneficia a los estudiantes, sino que tambi\u00e9n es ventajoso para las empresas que buscan empleados bien preparados y adaptables. Al invertir en la formaci\u00f3n de los futuros trabajadores, las empresas pueden asegurarse de que su fuerza laboral est\u00e9 equipada con las habilidades necesarias para innovar y operar de manera sostenible.<\/p>\n<p>En conclusi\u00f3n, la econom\u00eda verde no solo est\u00e1 transformando la manera en que las empresas operan y la sociedad funciona, sino que tambi\u00e9n est\u00e1 remodelando el panorama educativo y laboral. Con un mill\u00f3n de empleos en el horizonte para t\u00e9cnicos de FP, el futuro parece prometedor tanto para aquellos que buscan entrar en el mercado laboral como para los que desean hacer una transici\u00f3n hacia sectores m\u00e1s verdes y sostenibles.<\/p>\n\n\n<div class=\"kk-star-ratings kksr-auto kksr-align-left kksr-valign-bottom\"\n    data-payload='{&quot;align&quot;:&quot;left&quot;,&quot;id&quot;:&quot;1442&quot;,&quot;slug&quot;:&quot;default&quot;,&quot;valign&quot;:&quot;bottom&quot;,&quot;ignore&quot;:&quot;&quot;,&quot;reference&quot;:&quot;auto&quot;,&quot;class&quot;:&quot;&quot;,&quot;count&quot;:&quot;0&quot;,&quot;legendonly&quot;:&quot;&quot;,&quot;readonly&quot;:&quot;&quot;,&quot;score&quot;:&quot;0&quot;,&quot;starsonly&quot;:&quot;&quot;,&quot;best&quot;:&quot;5&quot;,&quot;gap&quot;:&quot;5&quot;,&quot;greet&quot;:&quot;Valora este post&quot;,&quot;legend&quot;:&quot;0\\\/5 - (0 votes)&quot;,&quot;size&quot;:&quot;22&quot;,&quot;title&quot;:&quot;Econom\u00eda verde crear\u00e1 1 mill\u00f3n de empleos para t\u00e9cnicos de FP en 10 a\u00f1os&quot;,&quot;width&quot;:&quot;0&quot;,&quot;_legend&quot;:&quot;{score}\\\/{best} - ({count} {votes})&quot;,&quot;font_factor&quot;:&quot;1.25&quot;}'>\n            \n<div class=\"kksr-stars\">\n    \n<div class=\"kksr-stars-inactive\">\n            <div class=\"kksr-star\" data-star=\"1\" style=\"padding-right: 5px\">\n            \n\n<div class=\"kksr-icon\" style=\"width: 22px; height: 22px;\"><\/div>\n        <\/div>\n            <div class=\"kksr-star\" data-star=\"2\" style=\"padding-right: 5px\">\n            \n\n<div class=\"kksr-icon\" style=\"width: 22px; height: 22px;\"><\/div>\n        <\/div>\n            <div class=\"kksr-star\" data-star=\"3\" style=\"padding-right: 5px\">\n            \n\n<div class=\"kksr-icon\" style=\"width: 22px; height: 22px;\"><\/div>\n        <\/div>\n            <div class=\"kksr-star\" data-star=\"4\" style=\"padding-right: 5px\">\n            \n\n<div class=\"kksr-icon\" style=\"width: 22px; height: 22px;\"><\/div>\n        <\/div>\n            <div class=\"kksr-star\" data-star=\"5\" style=\"padding-right: 5px\">\n            \n\n<div class=\"kksr-icon\" style=\"width: 22px; height: 22px;\"><\/div>\n        <\/div>\n    <\/div>\n    \n<div class=\"kksr-stars-active\" style=\"width: 0px;\">\n            <div class=\"kksr-star\" style=\"padding-right: 5px\">\n            \n\n<div class=\"kksr-icon\" style=\"width: 22px; height: 22px;\"><\/div>\n        <\/div>\n            <div class=\"kksr-star\" style=\"padding-right: 5px\">\n            \n\n<div class=\"kksr-icon\" style=\"width: 22px; height: 22px;\"><\/div>\n        <\/div>\n            <div class=\"kksr-star\" style=\"padding-right: 5px\">\n            \n\n<div class=\"kksr-icon\" style=\"width: 22px; height: 22px;\"><\/div>\n        <\/div>\n            <div class=\"kksr-star\" style=\"padding-right: 5px\">\n            \n\n<div class=\"kksr-icon\" style=\"width: 22px; height: 22px;\"><\/div>\n        <\/div>\n            <div class=\"kksr-star\" style=\"padding-right: 5px\">\n            \n\n<div class=\"kksr-icon\" style=\"width: 22px; height: 22px;\"><\/div>\n        <\/div>\n    <\/div>\n<\/div>\n                \n\n<div class=\"kksr-legend\" style=\"font-size: 17.6px;\">\n            <span class=\"kksr-muted\">Valora este post<\/span>\n    <\/div>\n    <\/div>\n","protected":false},"excerpt":{"rendered":"<p>La transici\u00f3n hacia una econom\u00eda verde generar\u00e1 un mill\u00f3n de oportunidades laborales para t\u00e9cnicos en Formaci\u00f3n Profesional En el contexto de los esfuerzos globales por abordar &#8230; <a title=\"Econom\u00eda verde crear\u00e1 1 mill\u00f3n de empleos para t\u00e9cnicos de FP en 10 a\u00f1os\" class=\"read-more\" href=\"https:\/\/www.diario21.tv\/noticias\/economia-verde-creara-1-millon-de-empleos-para-tecnicos-de-fp-en-10-anos\/\" aria-label=\"Leer m\u00e1s sobre Econom\u00eda verde crear\u00e1 1 mill\u00f3n de empleos para t\u00e9cnicos de FP en 10 a\u00f1os\">Seguir leyendo &rarr;<\/a><\/p>\n","protected":false},"author":20,"featured_media":1443,"comment_status":"open","ping_status":"open","sticky":false,"template":"","format":"standard","meta":{"footnotes":""},"categories":[13],"tags":[],"class_list":["post-1442","post","type-post","status-publish","format-standard","has-post-thumbnail","hentry","category-portada"],"yoast_head":"<!-- This site is optimized with the Yoast SEO plugin v25.6 - https:\/\/yoast.com\/wordpress\/plugins\/seo\/ -->\n<title>Econom\u00eda verde crear\u00e1 1 mill\u00f3n de empleos para t\u00e9cnicos de FP en 10 a\u00f1os - Diario 21<\/title>\n<meta name=\"robots\" content=\"index, follow, max-snippet:-1, max-image-preview:large, max-video-preview:-1\" \/>\n<link rel=\"canonical\" href=\"https:\/\/www.diario21.tv\/noticias\/economia-verde-creara-1-millon-de-empleos-para-tecnicos-de-fp-en-10-anos\/\" \/>\n<meta property=\"og:locale\" content=\"es_ES\" \/>\n<meta property=\"og:type\" content=\"article\" \/>\n<meta property=\"og:title\" content=\"Econom\u00eda verde crear\u00e1 1 mill\u00f3n de empleos para t\u00e9cnicos de FP en 10 a\u00f1os - Diario 21\" \/>\n<meta property=\"og:description\" content=\"La transici\u00f3n hacia una econom\u00eda verde generar\u00e1 un mill\u00f3n de oportunidades laborales para t\u00e9cnicos en Formaci\u00f3n Profesional En el contexto de los esfuerzos globales por abordar ... Seguir leyendo &rarr;\" \/>\n<meta property=\"og:url\" content=\"https:\/\/www.diario21.tv\/noticias\/economia-verde-creara-1-millon-de-empleos-para-tecnicos-de-fp-en-10-anos\/\" \/>\n<meta property=\"og:site_name\" content=\"Diario 21\" \/>\n<meta property=\"article:published_time\" content=\"2024-12-09T13:19:42+00:00\" \/>\n<meta property=\"article:modified_time\" content=\"2024-12-09T13:19:52+00:00\" \/>\n<meta property=\"og:image\" content=\"https:\/\/www.diario21.tv\/noticias\/wp-content\/uploads\/2024\/12\/Economia-verde-creara-1-millon-de-empleos-para-tecnicos-de-scaled.jpg\" \/>\n\t<meta property=\"og:image:width\" content=\"2560\" \/>\n\t<meta property=\"og:image:height\" content=\"1681\" \/>\n\t<meta property=\"og:image:type\" content=\"image\/jpeg\" \/>\n<meta name=\"author\" content=\"Juan P\u00e9rez\" \/>\n<meta name=\"twitter:card\" content=\"summary_large_image\" \/>\n<meta name=\"twitter:label1\" content=\"Escrito por\" \/>\n\t<meta name=\"twitter:data1\" content=\"Juan P\u00e9rez\" \/>\n\t<meta name=\"twitter:label2\" content=\"Tiempo de lectura\" \/>\n\t<meta name=\"twitter:data2\" content=\"3 minutos\" \/>\n<script type=\"application\/ld+json\" class=\"yoast-schema-graph\">{\"@context\":\"https:\/\/schema.org\",\"@graph\":[{\"@type\":\"WebPage\",\"@id\":\"https:\/\/www.diario21.tv\/noticias\/economia-verde-creara-1-millon-de-empleos-para-tecnicos-de-fp-en-10-anos\/\",\"url\":\"https:\/\/www.diario21.tv\/noticias\/economia-verde-creara-1-millon-de-empleos-para-tecnicos-de-fp-en-10-anos\/\",\"name\":\"Econom\u00eda verde crear\u00e1 1 mill\u00f3n de empleos para t\u00e9cnicos de FP en 10 a\u00f1os - Diario 21\",\"isPartOf\":{\"@id\":\"https:\/\/www.diario21.tv\/noticias\/#website\"},\"primaryImageOfPage\":{\"@id\":\"https:\/\/www.diario21.tv\/noticias\/economia-verde-creara-1-millon-de-empleos-para-tecnicos-de-fp-en-10-anos\/#primaryimage\"},\"image\":{\"@id\":\"https:\/\/www.diario21.tv\/noticias\/economia-verde-creara-1-millon-de-empleos-para-tecnicos-de-fp-en-10-anos\/#primaryimage\"},\"thumbnailUrl\":\"https:\/\/www.diario21.tv\/noticias\/wp-content\/uploads\/2024\/12\/Economia-verde-creara-1-millon-de-empleos-para-tecnicos-de-scaled.jpg\",\"datePublished\":\"2024-12-09T13:19:42+00:00\",\"dateModified\":\"2024-12-09T13:19:52+00:00\",\"author\":{\"@id\":\"https:\/\/www.diario21.tv\/noticias\/#\/schema\/person\/dfb778f73814d8f09f302618446a526b\"},\"breadcrumb\":{\"@id\":\"https:\/\/www.diario21.tv\/noticias\/economia-verde-creara-1-millon-de-empleos-para-tecnicos-de-fp-en-10-anos\/#breadcrumb\"},\"inLanguage\":\"es-AR\",\"potentialAction\":[{\"@type\":\"ReadAction\",\"target\":[\"https:\/\/www.diario21.tv\/noticias\/economia-verde-creara-1-millon-de-empleos-para-tecnicos-de-fp-en-10-anos\/\"]}]},{\"@type\":\"ImageObject\",\"inLanguage\":\"es-AR\",\"@id\":\"https:\/\/www.diario21.tv\/noticias\/economia-verde-creara-1-millon-de-empleos-para-tecnicos-de-fp-en-10-anos\/#primaryimage\",\"url\":\"https:\/\/www.diario21.tv\/noticias\/wp-content\/uploads\/2024\/12\/Economia-verde-creara-1-millon-de-empleos-para-tecnicos-de-scaled.jpg\",\"contentUrl\":\"https:\/\/www.diario21.tv\/noticias\/wp-content\/uploads\/2024\/12\/Economia-verde-creara-1-millon-de-empleos-para-tecnicos-de-scaled.jpg\",\"width\":2560,\"height\":1681,\"caption\":\"La econom\u00eda verde ofertar\u00e1 un mill\u00f3n de empleos para t\u00e9cnicos de FP en una d\u00e9cada\"},{\"@type\":\"BreadcrumbList\",\"@id\":\"https:\/\/www.diario21.tv\/noticias\/economia-verde-creara-1-millon-de-empleos-para-tecnicos-de-fp-en-10-anos\/#breadcrumb\",\"itemListElement\":[{\"@type\":\"ListItem\",\"position\":1,\"name\":\"Accueil\",\"item\":\"https:\/\/www.diario21.tv\/noticias\/\"},{\"@type\":\"ListItem\",\"position\":2,\"name\":\"Econom\u00eda verde crear\u00e1 1 mill\u00f3n de empleos para t\u00e9cnicos de FP en 10 a\u00f1os\"}]},{\"@type\":\"WebSite\",\"@id\":\"https:\/\/www.diario21.tv\/noticias\/#website\",\"url\":\"https:\/\/www.diario21.tv\/noticias\/\",\"name\":\"Diario 21\",\"description\":\"\",\"potentialAction\":[{\"@type\":\"SearchAction\",\"target\":{\"@type\":\"EntryPoint\",\"urlTemplate\":\"https:\/\/www.diario21.tv\/noticias\/?s={search_term_string}\"},\"query-input\":{\"@type\":\"PropertyValueSpecification\",\"valueRequired\":true,\"valueName\":\"search_term_string\"}}],\"inLanguage\":\"es-AR\"},{\"@type\":\"Person\",\"@id\":\"https:\/\/www.diario21.tv\/noticias\/#\/schema\/person\/dfb778f73814d8f09f302618446a526b\",\"name\":\"Juan P\u00e9rez\",\"image\":{\"@type\":\"ImageObject\",\"inLanguage\":\"es-AR\",\"@id\":\"https:\/\/www.diario21.tv\/noticias\/#\/schema\/person\/image\/\",\"url\":\"https:\/\/secure.gravatar.com\/avatar\/c478a405bd10621167f4c3167cc770f5?s=96&d=mm&r=g\",\"contentUrl\":\"https:\/\/secure.gravatar.com\/avatar\/c478a405bd10621167f4c3167cc770f5?s=96&d=mm&r=g\",\"caption\":\"Juan P\u00e9rez\"},\"description\":\"Juan P\u00e9rez es el redactor en jefe de Diario 21. Con m\u00e1s de 10 a\u00f1os de experiencia en el periodismo, se especializa en pol\u00edtica nacional y an\u00e1lisis socioecon\u00f3mico. Su enfoque cr\u00edtico y riguroso aporta una perspectiva \u00fanica a cada art\u00edculo.\",\"sameAs\":[\"https:\/\/www.diario21.tv\/noticias\/\"],\"url\":\"https:\/\/www.diario21.tv\/noticias\/author\/juan-perez\/\"}]}<\/script>\n<!-- \/ Yoast SEO plugin. -->","yoast_head_json":{"title":"Econom\u00eda verde crear\u00e1 1 mill\u00f3n de empleos para t\u00e9cnicos de FP en 10 a\u00f1os - Diario 21","robots":{"index":"index","follow":"follow","max-snippet":"max-snippet:-1","max-image-preview":"max-image-preview:large","max-video-preview":"max-video-preview:-1"},"canonical":"https:\/\/www.diario21.tv\/noticias\/economia-verde-creara-1-millon-de-empleos-para-tecnicos-de-fp-en-10-anos\/","og_locale":"es_ES","og_type":"article","og_title":"Econom\u00eda verde crear\u00e1 1 mill\u00f3n de empleos para t\u00e9cnicos de FP en 10 a\u00f1os - Diario 21","og_description":"La transici\u00f3n hacia una econom\u00eda verde generar\u00e1 un mill\u00f3n de oportunidades laborales para t\u00e9cnicos en Formaci\u00f3n Profesional En el contexto de los esfuerzos globales por abordar ... Seguir leyendo &rarr;","og_url":"https:\/\/www.diario21.tv\/noticias\/economia-verde-creara-1-millon-de-empleos-para-tecnicos-de-fp-en-10-anos\/","og_site_name":"Diario 21","article_published_time":"2024-12-09T13:19:42+00:00","article_modified_time":"2024-12-09T13:19:52+00:00","og_image":[{"width":2560,"height":1681,"url":"https:\/\/www.diario21.tv\/noticias\/wp-content\/uploads\/2024\/12\/Economia-verde-creara-1-millon-de-empleos-para-tecnicos-de-scaled.jpg","type":"image\/jpeg"}],"author":"Juan P\u00e9rez","twitter_card":"summary_large_image","twitter_misc":{"Escrito por":"Juan P\u00e9rez","Tiempo de lectura":"3 minutos"},"schema":{"@context":"https:\/\/schema.org","@graph":[{"@type":"WebPage","@id":"https:\/\/www.diario21.tv\/noticias\/economia-verde-creara-1-millon-de-empleos-para-tecnicos-de-fp-en-10-anos\/","url":"https:\/\/www.diario21.tv\/noticias\/economia-verde-creara-1-millon-de-empleos-para-tecnicos-de-fp-en-10-anos\/","name":"Econom\u00eda verde crear\u00e1 1 mill\u00f3n de empleos para t\u00e9cnicos de FP en 10 a\u00f1os - Diario 21","isPartOf":{"@id":"https:\/\/www.diario21.tv\/noticias\/#website"},"primaryImageOfPage":{"@id":"https:\/\/www.diario21.tv\/noticias\/economia-verde-creara-1-millon-de-empleos-para-tecnicos-de-fp-en-10-anos\/#primaryimage"},"image":{"@id":"https:\/\/www.diario21.tv\/noticias\/economia-verde-creara-1-millon-de-empleos-para-tecnicos-de-fp-en-10-anos\/#primaryimage"},"thumbnailUrl":"https:\/\/www.diario21.tv\/noticias\/wp-content\/uploads\/2024\/12\/Economia-verde-creara-1-millon-de-empleos-para-tecnicos-de-scaled.jpg","datePublished":"2024-12-09T13:19:42+00:00","dateModified":"2024-12-09T13:19:52+00:00","author":{"@id":"https:\/\/www.diario21.tv\/noticias\/#\/schema\/person\/dfb778f73814d8f09f302618446a526b"},"breadcrumb":{"@id":"https:\/\/www.diario21.tv\/noticias\/economia-verde-creara-1-millon-de-empleos-para-tecnicos-de-fp-en-10-anos\/#breadcrumb"},"inLanguage":"es-AR","potentialAction":[{"@type":"ReadAction","target":["https:\/\/www.diario21.tv\/noticias\/economia-verde-creara-1-millon-de-empleos-para-tecnicos-de-fp-en-10-anos\/"]}]},{"@type":"ImageObject","inLanguage":"es-AR","@id":"https:\/\/www.diario21.tv\/noticias\/economia-verde-creara-1-millon-de-empleos-para-tecnicos-de-fp-en-10-anos\/#primaryimage","url":"https:\/\/www.diario21.tv\/noticias\/wp-content\/uploads\/2024\/12\/Economia-verde-creara-1-millon-de-empleos-para-tecnicos-de-scaled.jpg","contentUrl":"https:\/\/www.diario21.tv\/noticias\/wp-content\/uploads\/2024\/12\/Economia-verde-creara-1-millon-de-empleos-para-tecnicos-de-scaled.jpg","width":2560,"height":1681,"caption":"La econom\u00eda verde ofertar\u00e1 un mill\u00f3n de empleos para t\u00e9cnicos de FP en una d\u00e9cada"},{"@type":"BreadcrumbList","@id":"https:\/\/www.diario21.tv\/noticias\/economia-verde-creara-1-millon-de-empleos-para-tecnicos-de-fp-en-10-anos\/#breadcrumb","itemListElement":[{"@type":"ListItem","position":1,"name":"Accueil","item":"https:\/\/www.diario21.tv\/noticias\/"},{"@type":"ListItem","position":2,"name":"Econom\u00eda verde crear\u00e1 1 mill\u00f3n de empleos para t\u00e9cnicos de FP en 10 a\u00f1os"}]},{"@type":"WebSite","@id":"https:\/\/www.diario21.tv\/noticias\/#website","url":"https:\/\/www.diario21.tv\/noticias\/","name":"Diario 21","description":"","potentialAction":[{"@type":"SearchAction","target":{"@type":"EntryPoint","urlTemplate":"https:\/\/www.diario21.tv\/noticias\/?s={search_term_string}"},"query-input":{"@type":"PropertyValueSpecification","valueRequired":true,"valueName":"search_term_string"}}],"inLanguage":"es-AR"},{"@type":"Person","@id":"https:\/\/www.diario21.tv\/noticias\/#\/schema\/person\/dfb778f73814d8f09f302618446a526b","name":"Juan P\u00e9rez","image":{"@type":"ImageObject","inLanguage":"es-AR","@id":"https:\/\/www.diario21.tv\/noticias\/#\/schema\/person\/image\/","url":"https:\/\/secure.gravatar.com\/avatar\/c478a405bd10621167f4c3167cc770f5?s=96&d=mm&r=g","contentUrl":"https:\/\/secure.gravatar.com\/avatar\/c478a405bd10621167f4c3167cc770f5?s=96&d=mm&r=g","caption":"Juan P\u00e9rez"},"description":"Juan P\u00e9rez es el redactor en jefe de Diario 21. Con m\u00e1s de 10 a\u00f1os de experiencia en el periodismo, se especializa en pol\u00edtica nacional y an\u00e1lisis socioecon\u00f3mico. Su enfoque cr\u00edtico y riguroso aporta una perspectiva \u00fanica a cada art\u00edculo.","sameAs":["https:\/\/www.diario21.tv\/noticias\/"],"url":"https:\/\/www.diario21.tv\/noticias\/author\/juan-perez\/"}]}},"_links":{"self":[{"href":"https:\/\/www.diario21.tv\/noticias\/wp-json\/wp\/v2\/posts\/1442"}],"collection":[{"href":"https:\/\/www.diario21.tv\/noticias\/wp-json\/wp\/v2\/posts"}],"about":[{"href":"https:\/\/www.diario21.tv\/noticias\/wp-json\/wp\/v2\/types\/post"}],"author":[{"embeddable":true,"href":"https:\/\/www.diario21.tv\/noticias\/wp-json\/wp\/v2\/users\/20"}],"replies":[{"embeddable":true,"href":"https:\/\/www.diario21.tv\/noticias\/wp-json\/wp\/v2\/comments?post=1442"}],"version-history":[{"count":1,"href":"https:\/\/www.diario21.tv\/noticias\/wp-json\/wp\/v2\/posts\/1442\/revisions"}],"predecessor-version":[{"id":1444,"href":"https:\/\/www.diario21.tv\/noticias\/wp-json\/wp\/v2\/posts\/1442\/revisions\/1444"}],"wp:featuredmedia":[{"embeddable":true,"href":"https:\/\/www.diario21.tv\/noticias\/wp-json\/wp\/v2\/media\/1443"}],"wp:attachment":[{"href":"https:\/\/www.diario21.tv\/noticias\/wp-json\/wp\/v2\/media?parent=1442"}],"wp:term":[{"taxonomy":"category","embeddable":true,"href":"https:\/\/www.diario21.tv\/noticias\/wp-json\/wp\/v2\/categories?post=1442"},{"taxonomy":"post_tag","embeddable":true,"href":"https:\/\/www.diario21.tv\/noticias\/wp-json\/wp\/v2\/tags?post=1442"}],"curies":[{"name":"wp","href":"https:\/\/api.w.org\/{rel}","templated":true}]}}