{"id":1435,"date":"2024-12-08T00:14:38","date_gmt":"2024-12-08T00:14:38","guid":{"rendered":"https:\/\/www.diario21.tv\/noticias\/impactante-el-coro-amalur-lleva-el-euskera-al-corazon-del-parlamento-europeo\/"},"modified":"2024-12-08T00:14:40","modified_gmt":"2024-12-08T00:14:40","slug":"impactante-el-coro-amalur-lleva-el-euskera-al-corazon-del-parlamento-europeo","status":"publish","type":"post","link":"https:\/\/www.diario21.tv\/noticias\/impactante-el-coro-amalur-lleva-el-euskera-al-corazon-del-parlamento-europeo\/","title":{"rendered":"\u00a1Impactante! El coro Amalur lleva el euskera al coraz\u00f3n del Parlamento Europeo"},"content":{"rendered":"<h2>El Coro Amalur de Vitoria Presenta el Euskera en el Parlamento Europeo<\/h2>\n<p>El conjunto coral Amalur, originario de Vitoria, ha tenido el honor de representar la lengua vasca, euskera, en una actuaci\u00f3n exclusiva llevada a cabo en el Parlamento Europeo. Este evento significativo no solo resalta la riqueza cultural del coro, sino que tambi\u00e9n pone de relieve la importancia de las lenguas minoritarias en Europa.<\/p>\n<h3>Un Viaje Musical y Cultural<\/h3>\n<p>El coro Amalur, que cuenta con una trayectoria destacada en la interpretaci\u00f3n de m\u00fasica tradicional vasca, ha cruzado fronteras para llegar hasta Bruselas con el prop\u00f3sito de compartir su arte y su lengua materna. Esta presentaci\u00f3n en el Parlamento Europeo forma parte de un esfuerzo m\u00e1s amplio para promover el euskera, idioma que, pese a su rica historia, es considerado minoritario.<\/p>\n<p>La actuaci\u00f3n de Amalur no solo incluy\u00f3 piezas musicales en euskera, sino que tambi\u00e9n estuvo acompa\u00f1ada de una serie de actividades dise\u00f1adas para educar a los asistentes sobre la cultura vasca. Esto incluy\u00f3 exposiciones de danzas tradicionales, as\u00ed como charlas sobre la historia del euskera y su relevancia en la actualidad.<\/p>\n<h3>El Impacto del Evento<\/h3>\n<p>El evento tuvo un impacto considerable tanto en los miembros del Parlamento Europeo como en otros asistentes. Muchos expresaron su admiraci\u00f3n por la belleza del euskera y su cultura, y reconocieron la importancia de preservar y promover las lenguas minoritarias dentro de Europa. La presentaci\u00f3n del coro Amalur ayud\u00f3 a fomentar un mayor entendimiento y aprecio por la diversidad ling\u00fc\u00edstica y cultural que existe en el continente.<\/p>\n<p>Por otro lado, la experiencia fue igualmente enriquecedora para los miembros del coro, quienes se sintieron orgullosos de poder llevar su lengua y cultura a un escenario tan prestigioso. Este evento no solo reafirm\u00f3 su compromiso con la preservaci\u00f3n del euskera, sino que tambi\u00e9n les permiti\u00f3 conectar con personas de diversas partes de Europa, compartiendo con ellas su patrimonio cultural.<\/p>\n<h3>Conclusiones y Perspectivas Futuras<\/h3>\n<p>La actuaci\u00f3n del coro Amalur en el Parlamento Europeo ha sido un claro ejemplo de c\u00f3mo el arte y la cultura pueden ser veh\u00edculos poderosos para la educaci\u00f3n y la diplomacia cultural. Ha demostrado que, incluso las lenguas y culturas menos conocidas tienen un lugar en el escenario global y que merecen ser celebradas y protegidas. <\/p>\n<p>Mirando hacia el futuro, eventos como este podr\u00edan jugar un papel crucial en la promoci\u00f3n de la diversidad cultural en Europa y en el fortalecimiento de la cohesi\u00f3n entre las distintas comunidades ling\u00fc\u00edsticas. El \u00e9xito de Amalur en el Parlamento Europeo nos recuerda la importancia de seguir apoyando y valorando todas las lenguas y culturas, sin importar lo grandes o peque\u00f1as que sean.<\/p>\n\n\n<div class=\"kk-star-ratings kksr-auto kksr-align-left kksr-valign-bottom\"\n    data-payload='{&quot;align&quot;:&quot;left&quot;,&quot;id&quot;:&quot;1435&quot;,&quot;slug&quot;:&quot;default&quot;,&quot;valign&quot;:&quot;bottom&quot;,&quot;ignore&quot;:&quot;&quot;,&quot;reference&quot;:&quot;auto&quot;,&quot;class&quot;:&quot;&quot;,&quot;count&quot;:&quot;0&quot;,&quot;legendonly&quot;:&quot;&quot;,&quot;readonly&quot;:&quot;&quot;,&quot;score&quot;:&quot;0&quot;,&quot;starsonly&quot;:&quot;&quot;,&quot;best&quot;:&quot;5&quot;,&quot;gap&quot;:&quot;5&quot;,&quot;greet&quot;:&quot;Valora este post&quot;,&quot;legend&quot;:&quot;0\\\/5 - (0 votes)&quot;,&quot;size&quot;:&quot;22&quot;,&quot;title&quot;:&quot;\u00a1Impactante! El coro Amalur lleva el euskera al coraz\u00f3n del Parlamento Europeo&quot;,&quot;width&quot;:&quot;0&quot;,&quot;_legend&quot;:&quot;{score}\\\/{best} - ({count} {votes})&quot;,&quot;font_factor&quot;:&quot;1.25&quot;}'>\n            \n<div class=\"kksr-stars\">\n    \n<div class=\"kksr-stars-inactive\">\n            <div class=\"kksr-star\" data-star=\"1\" style=\"padding-right: 5px\">\n            \n\n<div class=\"kksr-icon\" style=\"width: 22px; height: 22px;\"><\/div>\n        <\/div>\n            <div class=\"kksr-star\" data-star=\"2\" style=\"padding-right: 5px\">\n            \n\n<div class=\"kksr-icon\" style=\"width: 22px; height: 22px;\"><\/div>\n        <\/div>\n            <div class=\"kksr-star\" data-star=\"3\" style=\"padding-right: 5px\">\n            \n\n<div class=\"kksr-icon\" style=\"width: 22px; height: 22px;\"><\/div>\n        <\/div>\n            <div class=\"kksr-star\" data-star=\"4\" style=\"padding-right: 5px\">\n            \n\n<div class=\"kksr-icon\" style=\"width: 22px; height: 22px;\"><\/div>\n        <\/div>\n            <div class=\"kksr-star\" data-star=\"5\" style=\"padding-right: 5px\">\n            \n\n<div class=\"kksr-icon\" style=\"width: 22px; height: 22px;\"><\/div>\n        <\/div>\n    <\/div>\n    \n<div class=\"kksr-stars-active\" style=\"width: 0px;\">\n            <div class=\"kksr-star\" style=\"padding-right: 5px\">\n            \n\n<div class=\"kksr-icon\" style=\"width: 22px; height: 22px;\"><\/div>\n        <\/div>\n            <div class=\"kksr-star\" style=\"padding-right: 5px\">\n            \n\n<div class=\"kksr-icon\" style=\"width: 22px; height: 22px;\"><\/div>\n        <\/div>\n            <div class=\"kksr-star\" style=\"padding-right: 5px\">\n            \n\n<div class=\"kksr-icon\" style=\"width: 22px; height: 22px;\"><\/div>\n        <\/div>\n            <div class=\"kksr-star\" style=\"padding-right: 5px\">\n            \n\n<div class=\"kksr-icon\" style=\"width: 22px; height: 22px;\"><\/div>\n        <\/div>\n            <div class=\"kksr-star\" style=\"padding-right: 5px\">\n            \n\n<div class=\"kksr-icon\" style=\"width: 22px; height: 22px;\"><\/div>\n        <\/div>\n    <\/div>\n<\/div>\n                \n\n<div class=\"kksr-legend\" style=\"font-size: 17.6px;\">\n            <span class=\"kksr-muted\">Valora este post<\/span>\n    <\/div>\n    <\/div>\n","protected":false},"excerpt":{"rendered":"<p>El Coro Amalur de Vitoria Presenta el Euskera en el Parlamento Europeo El conjunto coral Amalur, originario de Vitoria, ha tenido el honor de representar la &#8230; <a title=\"\u00a1Impactante! El coro Amalur lleva el euskera al coraz\u00f3n del Parlamento Europeo\" class=\"read-more\" href=\"https:\/\/www.diario21.tv\/noticias\/impactante-el-coro-amalur-lleva-el-euskera-al-corazon-del-parlamento-europeo\/\" aria-label=\"Leer m\u00e1s sobre \u00a1Impactante! El coro Amalur lleva el euskera al coraz\u00f3n del Parlamento Europeo\">Seguir leyendo &rarr;<\/a><\/p>\n","protected":false},"author":20,"featured_media":1436,"comment_status":"open","ping_status":"open","sticky":false,"template":"","format":"standard","meta":{"footnotes":""},"categories":[13],"tags":[],"class_list":["post-1435","post","type-post","status-publish","format-standard","has-post-thumbnail","hentry","category-portada"],"yoast_head":"<!-- This site is optimized with the Yoast SEO plugin v25.6 - https:\/\/yoast.com\/wordpress\/plugins\/seo\/ -->\n<title>\u00a1Impactante! El coro Amalur lleva el euskera al coraz\u00f3n del Parlamento Europeo - Diario 21<\/title>\n<meta name=\"robots\" content=\"index, follow, max-snippet:-1, max-image-preview:large, max-video-preview:-1\" \/>\n<link rel=\"canonical\" href=\"https:\/\/www.diario21.tv\/noticias\/impactante-el-coro-amalur-lleva-el-euskera-al-corazon-del-parlamento-europeo\/\" \/>\n<meta property=\"og:locale\" content=\"es_ES\" \/>\n<meta property=\"og:type\" content=\"article\" \/>\n<meta property=\"og:title\" content=\"\u00a1Impactante! El coro Amalur lleva el euskera al coraz\u00f3n del Parlamento Europeo - Diario 21\" \/>\n<meta property=\"og:description\" content=\"El Coro Amalur de Vitoria Presenta el Euskera en el Parlamento Europeo El conjunto coral Amalur, originario de Vitoria, ha tenido el honor de representar la ... Seguir leyendo &rarr;\" \/>\n<meta property=\"og:url\" content=\"https:\/\/www.diario21.tv\/noticias\/impactante-el-coro-amalur-lleva-el-euskera-al-corazon-del-parlamento-europeo\/\" \/>\n<meta property=\"og:site_name\" content=\"Diario 21\" \/>\n<meta property=\"article:published_time\" content=\"2024-12-08T00:14:38+00:00\" \/>\n<meta property=\"article:modified_time\" content=\"2024-12-08T00:14:40+00:00\" \/>\n<meta property=\"og:image\" content=\"https:\/\/www.diario21.tv\/noticias\/wp-content\/uploads\/2024\/12\/\u00a1Impactante-El-coro-Amalur-lleva-el-euskera-al-corazon-del.jpg\" \/>\n\t<meta property=\"og:image:width\" content=\"1913\" \/>\n\t<meta property=\"og:image:height\" content=\"1080\" \/>\n\t<meta property=\"og:image:type\" content=\"image\/jpeg\" \/>\n<meta name=\"author\" content=\"Juan P\u00e9rez\" \/>\n<meta name=\"twitter:card\" content=\"summary_large_image\" \/>\n<meta name=\"twitter:label1\" content=\"Escrito por\" \/>\n\t<meta name=\"twitter:data1\" content=\"Juan P\u00e9rez\" \/>\n\t<meta name=\"twitter:label2\" content=\"Tiempo de lectura\" \/>\n\t<meta name=\"twitter:data2\" content=\"2 minutos\" \/>\n<script type=\"application\/ld+json\" class=\"yoast-schema-graph\">{\"@context\":\"https:\/\/schema.org\",\"@graph\":[{\"@type\":\"WebPage\",\"@id\":\"https:\/\/www.diario21.tv\/noticias\/impactante-el-coro-amalur-lleva-el-euskera-al-corazon-del-parlamento-europeo\/\",\"url\":\"https:\/\/www.diario21.tv\/noticias\/impactante-el-coro-amalur-lleva-el-euskera-al-corazon-del-parlamento-europeo\/\",\"name\":\"\u00a1Impactante! El coro Amalur lleva el euskera al coraz\u00f3n del Parlamento Europeo - Diario 21\",\"isPartOf\":{\"@id\":\"https:\/\/www.diario21.tv\/noticias\/#website\"},\"primaryImageOfPage\":{\"@id\":\"https:\/\/www.diario21.tv\/noticias\/impactante-el-coro-amalur-lleva-el-euskera-al-corazon-del-parlamento-europeo\/#primaryimage\"},\"image\":{\"@id\":\"https:\/\/www.diario21.tv\/noticias\/impactante-el-coro-amalur-lleva-el-euskera-al-corazon-del-parlamento-europeo\/#primaryimage\"},\"thumbnailUrl\":\"https:\/\/www.diario21.tv\/noticias\/wp-content\/uploads\/2024\/12\/\u00a1Impactante-El-coro-Amalur-lleva-el-euskera-al-corazon-del.jpg\",\"datePublished\":\"2024-12-08T00:14:38+00:00\",\"dateModified\":\"2024-12-08T00:14:40+00:00\",\"author\":{\"@id\":\"https:\/\/www.diario21.tv\/noticias\/#\/schema\/person\/dfb778f73814d8f09f302618446a526b\"},\"breadcrumb\":{\"@id\":\"https:\/\/www.diario21.tv\/noticias\/impactante-el-coro-amalur-lleva-el-euskera-al-corazon-del-parlamento-europeo\/#breadcrumb\"},\"inLanguage\":\"es-AR\",\"potentialAction\":[{\"@type\":\"ReadAction\",\"target\":[\"https:\/\/www.diario21.tv\/noticias\/impactante-el-coro-amalur-lleva-el-euskera-al-corazon-del-parlamento-europeo\/\"]}]},{\"@type\":\"ImageObject\",\"inLanguage\":\"es-AR\",\"@id\":\"https:\/\/www.diario21.tv\/noticias\/impactante-el-coro-amalur-lleva-el-euskera-al-corazon-del-parlamento-europeo\/#primaryimage\",\"url\":\"https:\/\/www.diario21.tv\/noticias\/wp-content\/uploads\/2024\/12\/\u00a1Impactante-El-coro-Amalur-lleva-el-euskera-al-corazon-del.jpg\",\"contentUrl\":\"https:\/\/www.diario21.tv\/noticias\/wp-content\/uploads\/2024\/12\/\u00a1Impactante-El-coro-Amalur-lleva-el-euskera-al-corazon-del.jpg\",\"width\":1913,\"height\":1080,\"caption\":\"El coro vitoriano Amalur lleva el euskera al Parlamento Europeo\"},{\"@type\":\"BreadcrumbList\",\"@id\":\"https:\/\/www.diario21.tv\/noticias\/impactante-el-coro-amalur-lleva-el-euskera-al-corazon-del-parlamento-europeo\/#breadcrumb\",\"itemListElement\":[{\"@type\":\"ListItem\",\"position\":1,\"name\":\"Accueil\",\"item\":\"https:\/\/www.diario21.tv\/noticias\/\"},{\"@type\":\"ListItem\",\"position\":2,\"name\":\"\u00a1Impactante! El coro Amalur lleva el euskera al coraz\u00f3n del Parlamento Europeo\"}]},{\"@type\":\"WebSite\",\"@id\":\"https:\/\/www.diario21.tv\/noticias\/#website\",\"url\":\"https:\/\/www.diario21.tv\/noticias\/\",\"name\":\"Diario 21\",\"description\":\"\",\"potentialAction\":[{\"@type\":\"SearchAction\",\"target\":{\"@type\":\"EntryPoint\",\"urlTemplate\":\"https:\/\/www.diario21.tv\/noticias\/?s={search_term_string}\"},\"query-input\":{\"@type\":\"PropertyValueSpecification\",\"valueRequired\":true,\"valueName\":\"search_term_string\"}}],\"inLanguage\":\"es-AR\"},{\"@type\":\"Person\",\"@id\":\"https:\/\/www.diario21.tv\/noticias\/#\/schema\/person\/dfb778f73814d8f09f302618446a526b\",\"name\":\"Juan P\u00e9rez\",\"image\":{\"@type\":\"ImageObject\",\"inLanguage\":\"es-AR\",\"@id\":\"https:\/\/www.diario21.tv\/noticias\/#\/schema\/person\/image\/\",\"url\":\"https:\/\/secure.gravatar.com\/avatar\/c478a405bd10621167f4c3167cc770f5?s=96&d=mm&r=g\",\"contentUrl\":\"https:\/\/secure.gravatar.com\/avatar\/c478a405bd10621167f4c3167cc770f5?s=96&d=mm&r=g\",\"caption\":\"Juan P\u00e9rez\"},\"description\":\"Juan P\u00e9rez es el redactor en jefe de Diario 21. Con m\u00e1s de 10 a\u00f1os de experiencia en el periodismo, se especializa en pol\u00edtica nacional y an\u00e1lisis socioecon\u00f3mico. Su enfoque cr\u00edtico y riguroso aporta una perspectiva \u00fanica a cada art\u00edculo.\",\"sameAs\":[\"https:\/\/www.diario21.tv\/noticias\/\"],\"url\":\"https:\/\/www.diario21.tv\/noticias\/author\/juan-perez\/\"}]}<\/script>\n<!-- \/ Yoast SEO plugin. -->","yoast_head_json":{"title":"\u00a1Impactante! El coro Amalur lleva el euskera al coraz\u00f3n del Parlamento Europeo - Diario 21","robots":{"index":"index","follow":"follow","max-snippet":"max-snippet:-1","max-image-preview":"max-image-preview:large","max-video-preview":"max-video-preview:-1"},"canonical":"https:\/\/www.diario21.tv\/noticias\/impactante-el-coro-amalur-lleva-el-euskera-al-corazon-del-parlamento-europeo\/","og_locale":"es_ES","og_type":"article","og_title":"\u00a1Impactante! El coro Amalur lleva el euskera al coraz\u00f3n del Parlamento Europeo - Diario 21","og_description":"El Coro Amalur de Vitoria Presenta el Euskera en el Parlamento Europeo El conjunto coral Amalur, originario de Vitoria, ha tenido el honor de representar la ... Seguir leyendo &rarr;","og_url":"https:\/\/www.diario21.tv\/noticias\/impactante-el-coro-amalur-lleva-el-euskera-al-corazon-del-parlamento-europeo\/","og_site_name":"Diario 21","article_published_time":"2024-12-08T00:14:38+00:00","article_modified_time":"2024-12-08T00:14:40+00:00","og_image":[{"width":1913,"height":1080,"url":"https:\/\/www.diario21.tv\/noticias\/wp-content\/uploads\/2024\/12\/\u00a1Impactante-El-coro-Amalur-lleva-el-euskera-al-corazon-del.jpg","type":"image\/jpeg"}],"author":"Juan P\u00e9rez","twitter_card":"summary_large_image","twitter_misc":{"Escrito por":"Juan P\u00e9rez","Tiempo de lectura":"2 minutos"},"schema":{"@context":"https:\/\/schema.org","@graph":[{"@type":"WebPage","@id":"https:\/\/www.diario21.tv\/noticias\/impactante-el-coro-amalur-lleva-el-euskera-al-corazon-del-parlamento-europeo\/","url":"https:\/\/www.diario21.tv\/noticias\/impactante-el-coro-amalur-lleva-el-euskera-al-corazon-del-parlamento-europeo\/","name":"\u00a1Impactante! El coro Amalur lleva el euskera al coraz\u00f3n del Parlamento Europeo - Diario 21","isPartOf":{"@id":"https:\/\/www.diario21.tv\/noticias\/#website"},"primaryImageOfPage":{"@id":"https:\/\/www.diario21.tv\/noticias\/impactante-el-coro-amalur-lleva-el-euskera-al-corazon-del-parlamento-europeo\/#primaryimage"},"image":{"@id":"https:\/\/www.diario21.tv\/noticias\/impactante-el-coro-amalur-lleva-el-euskera-al-corazon-del-parlamento-europeo\/#primaryimage"},"thumbnailUrl":"https:\/\/www.diario21.tv\/noticias\/wp-content\/uploads\/2024\/12\/\u00a1Impactante-El-coro-Amalur-lleva-el-euskera-al-corazon-del.jpg","datePublished":"2024-12-08T00:14:38+00:00","dateModified":"2024-12-08T00:14:40+00:00","author":{"@id":"https:\/\/www.diario21.tv\/noticias\/#\/schema\/person\/dfb778f73814d8f09f302618446a526b"},"breadcrumb":{"@id":"https:\/\/www.diario21.tv\/noticias\/impactante-el-coro-amalur-lleva-el-euskera-al-corazon-del-parlamento-europeo\/#breadcrumb"},"inLanguage":"es-AR","potentialAction":[{"@type":"ReadAction","target":["https:\/\/www.diario21.tv\/noticias\/impactante-el-coro-amalur-lleva-el-euskera-al-corazon-del-parlamento-europeo\/"]}]},{"@type":"ImageObject","inLanguage":"es-AR","@id":"https:\/\/www.diario21.tv\/noticias\/impactante-el-coro-amalur-lleva-el-euskera-al-corazon-del-parlamento-europeo\/#primaryimage","url":"https:\/\/www.diario21.tv\/noticias\/wp-content\/uploads\/2024\/12\/\u00a1Impactante-El-coro-Amalur-lleva-el-euskera-al-corazon-del.jpg","contentUrl":"https:\/\/www.diario21.tv\/noticias\/wp-content\/uploads\/2024\/12\/\u00a1Impactante-El-coro-Amalur-lleva-el-euskera-al-corazon-del.jpg","width":1913,"height":1080,"caption":"El coro vitoriano Amalur lleva el euskera al Parlamento Europeo"},{"@type":"BreadcrumbList","@id":"https:\/\/www.diario21.tv\/noticias\/impactante-el-coro-amalur-lleva-el-euskera-al-corazon-del-parlamento-europeo\/#breadcrumb","itemListElement":[{"@type":"ListItem","position":1,"name":"Accueil","item":"https:\/\/www.diario21.tv\/noticias\/"},{"@type":"ListItem","position":2,"name":"\u00a1Impactante! El coro Amalur lleva el euskera al coraz\u00f3n del Parlamento Europeo"}]},{"@type":"WebSite","@id":"https:\/\/www.diario21.tv\/noticias\/#website","url":"https:\/\/www.diario21.tv\/noticias\/","name":"Diario 21","description":"","potentialAction":[{"@type":"SearchAction","target":{"@type":"EntryPoint","urlTemplate":"https:\/\/www.diario21.tv\/noticias\/?s={search_term_string}"},"query-input":{"@type":"PropertyValueSpecification","valueRequired":true,"valueName":"search_term_string"}}],"inLanguage":"es-AR"},{"@type":"Person","@id":"https:\/\/www.diario21.tv\/noticias\/#\/schema\/person\/dfb778f73814d8f09f302618446a526b","name":"Juan P\u00e9rez","image":{"@type":"ImageObject","inLanguage":"es-AR","@id":"https:\/\/www.diario21.tv\/noticias\/#\/schema\/person\/image\/","url":"https:\/\/secure.gravatar.com\/avatar\/c478a405bd10621167f4c3167cc770f5?s=96&d=mm&r=g","contentUrl":"https:\/\/secure.gravatar.com\/avatar\/c478a405bd10621167f4c3167cc770f5?s=96&d=mm&r=g","caption":"Juan P\u00e9rez"},"description":"Juan P\u00e9rez es el redactor en jefe de Diario 21. Con m\u00e1s de 10 a\u00f1os de experiencia en el periodismo, se especializa en pol\u00edtica nacional y an\u00e1lisis socioecon\u00f3mico. Su enfoque cr\u00edtico y riguroso aporta una perspectiva \u00fanica a cada art\u00edculo.","sameAs":["https:\/\/www.diario21.tv\/noticias\/"],"url":"https:\/\/www.diario21.tv\/noticias\/author\/juan-perez\/"}]}},"_links":{"self":[{"href":"https:\/\/www.diario21.tv\/noticias\/wp-json\/wp\/v2\/posts\/1435"}],"collection":[{"href":"https:\/\/www.diario21.tv\/noticias\/wp-json\/wp\/v2\/posts"}],"about":[{"href":"https:\/\/www.diario21.tv\/noticias\/wp-json\/wp\/v2\/types\/post"}],"author":[{"embeddable":true,"href":"https:\/\/www.diario21.tv\/noticias\/wp-json\/wp\/v2\/users\/20"}],"replies":[{"embeddable":true,"href":"https:\/\/www.diario21.tv\/noticias\/wp-json\/wp\/v2\/comments?post=1435"}],"version-history":[{"count":1,"href":"https:\/\/www.diario21.tv\/noticias\/wp-json\/wp\/v2\/posts\/1435\/revisions"}],"predecessor-version":[{"id":1437,"href":"https:\/\/www.diario21.tv\/noticias\/wp-json\/wp\/v2\/posts\/1435\/revisions\/1437"}],"wp:featuredmedia":[{"embeddable":true,"href":"https:\/\/www.diario21.tv\/noticias\/wp-json\/wp\/v2\/media\/1436"}],"wp:attachment":[{"href":"https:\/\/www.diario21.tv\/noticias\/wp-json\/wp\/v2\/media?parent=1435"}],"wp:term":[{"taxonomy":"category","embeddable":true,"href":"https:\/\/www.diario21.tv\/noticias\/wp-json\/wp\/v2\/categories?post=1435"},{"taxonomy":"post_tag","embeddable":true,"href":"https:\/\/www.diario21.tv\/noticias\/wp-json\/wp\/v2\/tags?post=1435"}],"curies":[{"name":"wp","href":"https:\/\/api.w.org\/{rel}","templated":true}]}}