{"id":1412,"date":"2024-12-05T21:47:54","date_gmt":"2024-12-05T21:47:54","guid":{"rendered":"https:\/\/www.diario21.tv\/noticias\/alerta-de-salud-retiran-apositos-del-mercado-por-fallos-en-esterilidad\/"},"modified":"2024-12-05T21:47:54","modified_gmt":"2024-12-05T21:47:54","slug":"alerta-de-salud-retiran-apositos-del-mercado-por-fallos-en-esterilidad","status":"publish","type":"post","link":"https:\/\/www.diario21.tv\/noticias\/alerta-de-salud-retiran-apositos-del-mercado-por-fallos-en-esterilidad\/","title":{"rendered":"\u00a1Alerta de salud! Retiran ap\u00f3sitos del mercado por fallos en esterilidad"},"content":{"rendered":"<h2>Retiro de Ap\u00f3sitos del Mercado Debido a Preocupaciones de Esterilidad<\/h2>\n<p>Recientemente, se ha anunciado la retirada de ciertos ap\u00f3sitos m\u00e9dicos del mercado debido a preocupaciones relacionadas con su esterilidad. Este paso ha sido tomado como una medida de precauci\u00f3n para asegurar la seguridad de los pacientes y evitar posibles infecciones que podr\u00edan ser causadas por productos no est\u00e9riles.<\/p>\n<h3>An\u00e1lisis de la Situaci\u00f3n<\/h3>\n<p>Los ap\u00f3sitos, que son utilizados com\u00fanmente en hospitales y cl\u00ednicas para proteger heridas de la contaminaci\u00f3n, han sido encontrados en algunos casos, no cumplir con los est\u00e1ndares de esterilidad requeridos. Esto podr\u00eda conducir a un riesgo significativo de infecciones, especialmente en entornos m\u00e9dicos donde los pacientes son particularmente vulnerables.<\/p>\n<p>Las autoridades sanitarias han respondido r\u00e1pidamente al problema, identificando los lotes afectados y comunicando a los centros de salud concernientes. Se ha instruido a estos centros para que dejen de usar los productos afectados de inmediato y los reemplacen con alternativas seguras.<\/p>\n<h3>Medidas Tomadas<\/h3>\n<p>El fabricante de los ap\u00f3sitos ha iniciado una investigaci\u00f3n para determinar la causa ra\u00edz de la falla en la esterilidad. Adem\u00e1s, se est\u00e1n revisando los procedimientos de control de calidad para fortalecer las medidas de seguridad y evitar que este tipo de incidente se repita en el futuro.<\/p>\n<p>Mientras tanto, se ha puesto en marcha un proceso de retirada de los productos afectados. Los hospitales y cl\u00ednicas que hayan recibido los lotes comprometidos est\u00e1n siendo contactados para asegurar la correcta disposici\u00f3n de los ap\u00f3sitos no est\u00e9riles.<\/p>\n<h3>Recomendaciones para los Consumidores<\/h3>\n<p>Se aconseja a los consumidores que hayan adquirido estos ap\u00f3sitos para uso personal que verifiquen los n\u00fameros de lote de sus productos contra la lista publicada por el fabricante. Si poseen productos de los lotes afectados, deben dejar de usarlos de inmediato y seguir las instrucciones del fabricante para su devoluci\u00f3n o disposici\u00f3n segura.<\/p>\n<h3>Conclusi\u00f3n<\/h3>\n<p>La seguridad del paciente es de suma importancia en el \u00e1mbito m\u00e9dico, y este incidente subraya la necesidad de estrictos controles de calidad en la producci\u00f3n de suministros m\u00e9dicos. Aunque el retiro de estos ap\u00f3sitos del mercado es una medida disruptiva, es esencial para mantener la confianza en la seguridad y eficacia de los productos m\u00e9dicos. Las autoridades contin\u00faan vigilando la situaci\u00f3n y trabajando con el fabricante para asegurar que se restablezcan los est\u00e1ndares de calidad y esterilidad.<\/p>\n\n\n<div class=\"kk-star-ratings kksr-auto kksr-align-left kksr-valign-bottom\"\n    data-payload='{&quot;align&quot;:&quot;left&quot;,&quot;id&quot;:&quot;1412&quot;,&quot;slug&quot;:&quot;default&quot;,&quot;valign&quot;:&quot;bottom&quot;,&quot;ignore&quot;:&quot;&quot;,&quot;reference&quot;:&quot;auto&quot;,&quot;class&quot;:&quot;&quot;,&quot;count&quot;:&quot;0&quot;,&quot;legendonly&quot;:&quot;&quot;,&quot;readonly&quot;:&quot;&quot;,&quot;score&quot;:&quot;0&quot;,&quot;starsonly&quot;:&quot;&quot;,&quot;best&quot;:&quot;5&quot;,&quot;gap&quot;:&quot;5&quot;,&quot;greet&quot;:&quot;Valora este post&quot;,&quot;legend&quot;:&quot;0\\\/5 - (0 votes)&quot;,&quot;size&quot;:&quot;22&quot;,&quot;title&quot;:&quot;\u00a1Alerta de salud! Retiran ap\u00f3sitos del mercado por fallos en esterilidad&quot;,&quot;width&quot;:&quot;0&quot;,&quot;_legend&quot;:&quot;{score}\\\/{best} - ({count} {votes})&quot;,&quot;font_factor&quot;:&quot;1.25&quot;}'>\n            \n<div class=\"kksr-stars\">\n    \n<div class=\"kksr-stars-inactive\">\n            <div class=\"kksr-star\" data-star=\"1\" style=\"padding-right: 5px\">\n            \n\n<div class=\"kksr-icon\" style=\"width: 22px; height: 22px;\"><\/div>\n        <\/div>\n            <div class=\"kksr-star\" data-star=\"2\" style=\"padding-right: 5px\">\n            \n\n<div class=\"kksr-icon\" style=\"width: 22px; height: 22px;\"><\/div>\n        <\/div>\n            <div class=\"kksr-star\" data-star=\"3\" style=\"padding-right: 5px\">\n            \n\n<div class=\"kksr-icon\" style=\"width: 22px; height: 22px;\"><\/div>\n        <\/div>\n            <div class=\"kksr-star\" data-star=\"4\" style=\"padding-right: 5px\">\n            \n\n<div class=\"kksr-icon\" style=\"width: 22px; height: 22px;\"><\/div>\n        <\/div>\n            <div class=\"kksr-star\" data-star=\"5\" style=\"padding-right: 5px\">\n            \n\n<div class=\"kksr-icon\" style=\"width: 22px; height: 22px;\"><\/div>\n        <\/div>\n    <\/div>\n    \n<div class=\"kksr-stars-active\" style=\"width: 0px;\">\n            <div class=\"kksr-star\" style=\"padding-right: 5px\">\n            \n\n<div class=\"kksr-icon\" style=\"width: 22px; height: 22px;\"><\/div>\n        <\/div>\n            <div class=\"kksr-star\" style=\"padding-right: 5px\">\n            \n\n<div class=\"kksr-icon\" style=\"width: 22px; height: 22px;\"><\/div>\n        <\/div>\n            <div class=\"kksr-star\" style=\"padding-right: 5px\">\n            \n\n<div class=\"kksr-icon\" style=\"width: 22px; height: 22px;\"><\/div>\n        <\/div>\n            <div class=\"kksr-star\" style=\"padding-right: 5px\">\n            \n\n<div class=\"kksr-icon\" style=\"width: 22px; height: 22px;\"><\/div>\n        <\/div>\n            <div class=\"kksr-star\" style=\"padding-right: 5px\">\n            \n\n<div class=\"kksr-icon\" style=\"width: 22px; height: 22px;\"><\/div>\n        <\/div>\n    <\/div>\n<\/div>\n                \n\n<div class=\"kksr-legend\" style=\"font-size: 17.6px;\">\n            <span class=\"kksr-muted\">Valora este post<\/span>\n    <\/div>\n    <\/div>\n","protected":false},"excerpt":{"rendered":"<p>Retiro de Ap\u00f3sitos del Mercado Debido a Preocupaciones de Esterilidad Recientemente, se ha anunciado la retirada de ciertos ap\u00f3sitos m\u00e9dicos del mercado debido a preocupaciones relacionadas &#8230; <a title=\"\u00a1Alerta de salud! Retiran ap\u00f3sitos del mercado por fallos en esterilidad\" class=\"read-more\" href=\"https:\/\/www.diario21.tv\/noticias\/alerta-de-salud-retiran-apositos-del-mercado-por-fallos-en-esterilidad\/\" aria-label=\"Leer m\u00e1s sobre \u00a1Alerta de salud! Retiran ap\u00f3sitos del mercado por fallos en esterilidad\">Seguir leyendo &rarr;<\/a><\/p>\n","protected":false},"author":20,"featured_media":0,"comment_status":"open","ping_status":"open","sticky":false,"template":"","format":"standard","meta":{"footnotes":""},"categories":[13],"tags":[],"class_list":["post-1412","post","type-post","status-publish","format-standard","hentry","category-portada"],"yoast_head":"<!-- This site is optimized with the Yoast SEO plugin v25.6 - https:\/\/yoast.com\/wordpress\/plugins\/seo\/ -->\n<title>\u00a1Alerta de salud! Retiran ap\u00f3sitos del mercado por fallos en esterilidad - Diario 21<\/title>\n<meta name=\"robots\" content=\"index, follow, max-snippet:-1, max-image-preview:large, max-video-preview:-1\" \/>\n<link rel=\"canonical\" href=\"https:\/\/www.diario21.tv\/noticias\/alerta-de-salud-retiran-apositos-del-mercado-por-fallos-en-esterilidad\/\" \/>\n<meta property=\"og:locale\" content=\"es_ES\" \/>\n<meta property=\"og:type\" content=\"article\" \/>\n<meta property=\"og:title\" content=\"\u00a1Alerta de salud! Retiran ap\u00f3sitos del mercado por fallos en esterilidad - Diario 21\" \/>\n<meta property=\"og:description\" content=\"Retiro de Ap\u00f3sitos del Mercado Debido a Preocupaciones de Esterilidad Recientemente, se ha anunciado la retirada de ciertos ap\u00f3sitos m\u00e9dicos del mercado debido a preocupaciones relacionadas ... Seguir leyendo &rarr;\" \/>\n<meta property=\"og:url\" content=\"https:\/\/www.diario21.tv\/noticias\/alerta-de-salud-retiran-apositos-del-mercado-por-fallos-en-esterilidad\/\" \/>\n<meta property=\"og:site_name\" content=\"Diario 21\" \/>\n<meta property=\"article:published_time\" content=\"2024-12-05T21:47:54+00:00\" \/>\n<meta name=\"author\" content=\"Juan P\u00e9rez\" \/>\n<meta name=\"twitter:card\" content=\"summary_large_image\" \/>\n<meta name=\"twitter:label1\" content=\"Escrito por\" \/>\n\t<meta name=\"twitter:data1\" content=\"Juan P\u00e9rez\" \/>\n\t<meta name=\"twitter:label2\" content=\"Tiempo de lectura\" \/>\n\t<meta name=\"twitter:data2\" content=\"2 minutos\" \/>\n<script type=\"application\/ld+json\" class=\"yoast-schema-graph\">{\"@context\":\"https:\/\/schema.org\",\"@graph\":[{\"@type\":\"WebPage\",\"@id\":\"https:\/\/www.diario21.tv\/noticias\/alerta-de-salud-retiran-apositos-del-mercado-por-fallos-en-esterilidad\/\",\"url\":\"https:\/\/www.diario21.tv\/noticias\/alerta-de-salud-retiran-apositos-del-mercado-por-fallos-en-esterilidad\/\",\"name\":\"\u00a1Alerta de salud! Retiran ap\u00f3sitos del mercado por fallos en esterilidad - Diario 21\",\"isPartOf\":{\"@id\":\"https:\/\/www.diario21.tv\/noticias\/#website\"},\"datePublished\":\"2024-12-05T21:47:54+00:00\",\"author\":{\"@id\":\"https:\/\/www.diario21.tv\/noticias\/#\/schema\/person\/dfb778f73814d8f09f302618446a526b\"},\"breadcrumb\":{\"@id\":\"https:\/\/www.diario21.tv\/noticias\/alerta-de-salud-retiran-apositos-del-mercado-por-fallos-en-esterilidad\/#breadcrumb\"},\"inLanguage\":\"es-AR\",\"potentialAction\":[{\"@type\":\"ReadAction\",\"target\":[\"https:\/\/www.diario21.tv\/noticias\/alerta-de-salud-retiran-apositos-del-mercado-por-fallos-en-esterilidad\/\"]}]},{\"@type\":\"BreadcrumbList\",\"@id\":\"https:\/\/www.diario21.tv\/noticias\/alerta-de-salud-retiran-apositos-del-mercado-por-fallos-en-esterilidad\/#breadcrumb\",\"itemListElement\":[{\"@type\":\"ListItem\",\"position\":1,\"name\":\"Accueil\",\"item\":\"https:\/\/www.diario21.tv\/noticias\/\"},{\"@type\":\"ListItem\",\"position\":2,\"name\":\"\u00a1Alerta de salud! Retiran ap\u00f3sitos del mercado por fallos en esterilidad\"}]},{\"@type\":\"WebSite\",\"@id\":\"https:\/\/www.diario21.tv\/noticias\/#website\",\"url\":\"https:\/\/www.diario21.tv\/noticias\/\",\"name\":\"Diario 21\",\"description\":\"\",\"potentialAction\":[{\"@type\":\"SearchAction\",\"target\":{\"@type\":\"EntryPoint\",\"urlTemplate\":\"https:\/\/www.diario21.tv\/noticias\/?s={search_term_string}\"},\"query-input\":{\"@type\":\"PropertyValueSpecification\",\"valueRequired\":true,\"valueName\":\"search_term_string\"}}],\"inLanguage\":\"es-AR\"},{\"@type\":\"Person\",\"@id\":\"https:\/\/www.diario21.tv\/noticias\/#\/schema\/person\/dfb778f73814d8f09f302618446a526b\",\"name\":\"Juan P\u00e9rez\",\"image\":{\"@type\":\"ImageObject\",\"inLanguage\":\"es-AR\",\"@id\":\"https:\/\/www.diario21.tv\/noticias\/#\/schema\/person\/image\/\",\"url\":\"https:\/\/secure.gravatar.com\/avatar\/c478a405bd10621167f4c3167cc770f5?s=96&d=mm&r=g\",\"contentUrl\":\"https:\/\/secure.gravatar.com\/avatar\/c478a405bd10621167f4c3167cc770f5?s=96&d=mm&r=g\",\"caption\":\"Juan P\u00e9rez\"},\"description\":\"Juan P\u00e9rez es el redactor en jefe de Diario 21. Con m\u00e1s de 10 a\u00f1os de experiencia en el periodismo, se especializa en pol\u00edtica nacional y an\u00e1lisis socioecon\u00f3mico. Su enfoque cr\u00edtico y riguroso aporta una perspectiva \u00fanica a cada art\u00edculo.\",\"sameAs\":[\"https:\/\/www.diario21.tv\/noticias\/\"],\"url\":\"https:\/\/www.diario21.tv\/noticias\/author\/juan-perez\/\"}]}<\/script>\n<!-- \/ Yoast SEO plugin. -->","yoast_head_json":{"title":"\u00a1Alerta de salud! Retiran ap\u00f3sitos del mercado por fallos en esterilidad - Diario 21","robots":{"index":"index","follow":"follow","max-snippet":"max-snippet:-1","max-image-preview":"max-image-preview:large","max-video-preview":"max-video-preview:-1"},"canonical":"https:\/\/www.diario21.tv\/noticias\/alerta-de-salud-retiran-apositos-del-mercado-por-fallos-en-esterilidad\/","og_locale":"es_ES","og_type":"article","og_title":"\u00a1Alerta de salud! Retiran ap\u00f3sitos del mercado por fallos en esterilidad - Diario 21","og_description":"Retiro de Ap\u00f3sitos del Mercado Debido a Preocupaciones de Esterilidad Recientemente, se ha anunciado la retirada de ciertos ap\u00f3sitos m\u00e9dicos del mercado debido a preocupaciones relacionadas ... Seguir leyendo &rarr;","og_url":"https:\/\/www.diario21.tv\/noticias\/alerta-de-salud-retiran-apositos-del-mercado-por-fallos-en-esterilidad\/","og_site_name":"Diario 21","article_published_time":"2024-12-05T21:47:54+00:00","author":"Juan P\u00e9rez","twitter_card":"summary_large_image","twitter_misc":{"Escrito por":"Juan P\u00e9rez","Tiempo de lectura":"2 minutos"},"schema":{"@context":"https:\/\/schema.org","@graph":[{"@type":"WebPage","@id":"https:\/\/www.diario21.tv\/noticias\/alerta-de-salud-retiran-apositos-del-mercado-por-fallos-en-esterilidad\/","url":"https:\/\/www.diario21.tv\/noticias\/alerta-de-salud-retiran-apositos-del-mercado-por-fallos-en-esterilidad\/","name":"\u00a1Alerta de salud! Retiran ap\u00f3sitos del mercado por fallos en esterilidad - Diario 21","isPartOf":{"@id":"https:\/\/www.diario21.tv\/noticias\/#website"},"datePublished":"2024-12-05T21:47:54+00:00","author":{"@id":"https:\/\/www.diario21.tv\/noticias\/#\/schema\/person\/dfb778f73814d8f09f302618446a526b"},"breadcrumb":{"@id":"https:\/\/www.diario21.tv\/noticias\/alerta-de-salud-retiran-apositos-del-mercado-por-fallos-en-esterilidad\/#breadcrumb"},"inLanguage":"es-AR","potentialAction":[{"@type":"ReadAction","target":["https:\/\/www.diario21.tv\/noticias\/alerta-de-salud-retiran-apositos-del-mercado-por-fallos-en-esterilidad\/"]}]},{"@type":"BreadcrumbList","@id":"https:\/\/www.diario21.tv\/noticias\/alerta-de-salud-retiran-apositos-del-mercado-por-fallos-en-esterilidad\/#breadcrumb","itemListElement":[{"@type":"ListItem","position":1,"name":"Accueil","item":"https:\/\/www.diario21.tv\/noticias\/"},{"@type":"ListItem","position":2,"name":"\u00a1Alerta de salud! Retiran ap\u00f3sitos del mercado por fallos en esterilidad"}]},{"@type":"WebSite","@id":"https:\/\/www.diario21.tv\/noticias\/#website","url":"https:\/\/www.diario21.tv\/noticias\/","name":"Diario 21","description":"","potentialAction":[{"@type":"SearchAction","target":{"@type":"EntryPoint","urlTemplate":"https:\/\/www.diario21.tv\/noticias\/?s={search_term_string}"},"query-input":{"@type":"PropertyValueSpecification","valueRequired":true,"valueName":"search_term_string"}}],"inLanguage":"es-AR"},{"@type":"Person","@id":"https:\/\/www.diario21.tv\/noticias\/#\/schema\/person\/dfb778f73814d8f09f302618446a526b","name":"Juan P\u00e9rez","image":{"@type":"ImageObject","inLanguage":"es-AR","@id":"https:\/\/www.diario21.tv\/noticias\/#\/schema\/person\/image\/","url":"https:\/\/secure.gravatar.com\/avatar\/c478a405bd10621167f4c3167cc770f5?s=96&d=mm&r=g","contentUrl":"https:\/\/secure.gravatar.com\/avatar\/c478a405bd10621167f4c3167cc770f5?s=96&d=mm&r=g","caption":"Juan P\u00e9rez"},"description":"Juan P\u00e9rez es el redactor en jefe de Diario 21. Con m\u00e1s de 10 a\u00f1os de experiencia en el periodismo, se especializa en pol\u00edtica nacional y an\u00e1lisis socioecon\u00f3mico. Su enfoque cr\u00edtico y riguroso aporta una perspectiva \u00fanica a cada art\u00edculo.","sameAs":["https:\/\/www.diario21.tv\/noticias\/"],"url":"https:\/\/www.diario21.tv\/noticias\/author\/juan-perez\/"}]}},"_links":{"self":[{"href":"https:\/\/www.diario21.tv\/noticias\/wp-json\/wp\/v2\/posts\/1412"}],"collection":[{"href":"https:\/\/www.diario21.tv\/noticias\/wp-json\/wp\/v2\/posts"}],"about":[{"href":"https:\/\/www.diario21.tv\/noticias\/wp-json\/wp\/v2\/types\/post"}],"author":[{"embeddable":true,"href":"https:\/\/www.diario21.tv\/noticias\/wp-json\/wp\/v2\/users\/20"}],"replies":[{"embeddable":true,"href":"https:\/\/www.diario21.tv\/noticias\/wp-json\/wp\/v2\/comments?post=1412"}],"version-history":[{"count":0,"href":"https:\/\/www.diario21.tv\/noticias\/wp-json\/wp\/v2\/posts\/1412\/revisions"}],"wp:attachment":[{"href":"https:\/\/www.diario21.tv\/noticias\/wp-json\/wp\/v2\/media?parent=1412"}],"wp:term":[{"taxonomy":"category","embeddable":true,"href":"https:\/\/www.diario21.tv\/noticias\/wp-json\/wp\/v2\/categories?post=1412"},{"taxonomy":"post_tag","embeddable":true,"href":"https:\/\/www.diario21.tv\/noticias\/wp-json\/wp\/v2\/tags?post=1412"}],"curies":[{"name":"wp","href":"https:\/\/api.w.org\/{rel}","templated":true}]}}