{"id":1406,"date":"2024-12-05T09:40:43","date_gmt":"2024-12-05T09:40:43","guid":{"rendered":"https:\/\/www.diario21.tv\/noticias\/descubre-como-predecir-el-alzheimer-20-anos-antes-analizando-la-grasa-oculta\/"},"modified":"2024-12-05T09:40:44","modified_gmt":"2024-12-05T09:40:44","slug":"descubre-como-predecir-el-alzheimer-20-anos-antes-analizando-la-grasa-oculta","status":"publish","type":"post","link":"https:\/\/www.diario21.tv\/noticias\/descubre-como-predecir-el-alzheimer-20-anos-antes-analizando-la-grasa-oculta\/","title":{"rendered":"Descubre c\u00f3mo predecir el alzh\u00e9imer 20 a\u00f1os antes analizando la grasa oculta"},"content":{"rendered":"<h2>La Predicci\u00f3n Temprana del Alzheimer Mediante la Detecci\u00f3n de Grasas Ocultas<\/h2>\n<p>La enfermedad de Alzheimer, un trastorno neurodegenerativo que afecta a millones de personas en todo el mundo, podr\u00eda ser diagnosticada hasta dos d\u00e9cadas antes de la aparici\u00f3n de los primeros s\u00edntomas cl\u00ednicos. Esto se lograr\u00eda a trav\u00e9s de un innovador m\u00e9todo que implica la medici\u00f3n de ciertos tipos de grasas en el cuerpo que normalmente no son detectables con los m\u00e9todos tradicionales.<\/p>\n<h3>Detecci\u00f3n Precoz: Un Enfoque Revolucionario<\/h3>\n<p>Investigadores han descubierto que ciertas grasas, espec\u00edficamente las fosfol\u00edpidos, tienen un papel crucial en el desarrollo del Alzheimer. Los niveles an\u00f3malos de estas sustancias en el cerebro podr\u00edan indicar el inicio temprano de la enfermedad, mucho antes de que los s\u00edntomas se manifiesten de forma evidente.<\/p>\n<p>El estudio, que se llev\u00f3 a cabo en un grupo diverso de participantes, utiliz\u00f3 t\u00e9cnicas avanzadas de imagen y an\u00e1lisis bioqu\u00edmico para medir la concentraci\u00f3n de estas grasas. Los resultados mostraron que las personas que eventualmente desarrollaron Alzheimer ten\u00edan niveles significativamente diferentes de ciertos fosfol\u00edpidos comparados con aquellos que no desarrollaron la enfermedad.<\/p>\n<h3>Implicaciones para el Tratamiento y la Prevenci\u00f3n<\/h3>\n<p>El poder predecir qui\u00e9n desarrollar\u00e1 Alzheimer con tanta anticipaci\u00f3n abre nuevas puertas para la prevenci\u00f3n y el tratamiento de la enfermedad. Al identificar a los individuos en riesgo mucho antes de que los s\u00edntomas se presenten, los m\u00e9dicos podr\u00edan implementar intervenciones destinadas a retardar o incluso prevenir la progresi\u00f3n de la enfermedad.<\/p>\n<p>Esto podr\u00eda incluir cambios en el estilo de vida, como la dieta y el ejercicio, adem\u00e1s de intervenciones m\u00e9dicas espec\u00edficas que se orienten a modificar los niveles de fosfol\u00edpidos en el cuerpo. Adem\u00e1s, el tratamiento temprano podr\u00eda estar dirigido a proteger la integridad del cerebro y mantener su funcionalidad el mayor tiempo posible.<\/p>\n<h3>Desaf\u00edos y Consideraciones Futuras<\/h3>\n<p>A pesar de los prometedores hallazgos, existen varios desaf\u00edos que deben abordarse antes de que esta t\u00e9cnica pueda implementarse de manera generalizada. La precisi\u00f3n en la medici\u00f3n de las grasas y la interpretaci\u00f3n de los resultados son cruciales para asegurar la fiabilidad del diagn\u00f3stico. Adem\u00e1s, es fundamental continuar con la investigaci\u00f3n para entender completamente c\u00f3mo las alteraciones en los niveles de fosfol\u00edpidos se relacionan con el desarrollo del Alzheimer.<\/p>\n<p>Adem\u00e1s, los aspectos \u00e9ticos de la predicci\u00f3n de una enfermedad tan devastadora con tantos a\u00f1os de antelaci\u00f3n tambi\u00e9n deben ser considerados. Es necesario establecer gu\u00edas claras sobre c\u00f3mo manejar la informaci\u00f3n y apoyar a aquellos que se encuentren en riesgo.<\/p>\n<h3>Conclusi\u00f3n<\/h3>\n<p>La posibilidad de predecir el Alzheimer mediante la medici\u00f3n de grasas ocultas representa un avance significativo en la lucha contra esta enfermedad. Aunque a\u00fan est\u00e1 en las etapas iniciales, este enfoque podr\u00eda transformar radicalmente el diagn\u00f3stico, tratamiento y prevenci\u00f3n del Alzheimer, proporcionando esperanza a millones de personas y sus familias en todo el mundo.<\/p>\n\n\n<div class=\"kk-star-ratings kksr-auto kksr-align-left kksr-valign-bottom\"\n    data-payload='{&quot;align&quot;:&quot;left&quot;,&quot;id&quot;:&quot;1406&quot;,&quot;slug&quot;:&quot;default&quot;,&quot;valign&quot;:&quot;bottom&quot;,&quot;ignore&quot;:&quot;&quot;,&quot;reference&quot;:&quot;auto&quot;,&quot;class&quot;:&quot;&quot;,&quot;count&quot;:&quot;0&quot;,&quot;legendonly&quot;:&quot;&quot;,&quot;readonly&quot;:&quot;&quot;,&quot;score&quot;:&quot;0&quot;,&quot;starsonly&quot;:&quot;&quot;,&quot;best&quot;:&quot;5&quot;,&quot;gap&quot;:&quot;5&quot;,&quot;greet&quot;:&quot;Valora este post&quot;,&quot;legend&quot;:&quot;0\\\/5 - (0 votes)&quot;,&quot;size&quot;:&quot;22&quot;,&quot;title&quot;:&quot;Descubre c\u00f3mo predecir el alzh\u00e9imer 20 a\u00f1os antes analizando la grasa oculta&quot;,&quot;width&quot;:&quot;0&quot;,&quot;_legend&quot;:&quot;{score}\\\/{best} - ({count} {votes})&quot;,&quot;font_factor&quot;:&quot;1.25&quot;}'>\n            \n<div class=\"kksr-stars\">\n    \n<div class=\"kksr-stars-inactive\">\n            <div class=\"kksr-star\" data-star=\"1\" style=\"padding-right: 5px\">\n            \n\n<div class=\"kksr-icon\" style=\"width: 22px; height: 22px;\"><\/div>\n        <\/div>\n            <div class=\"kksr-star\" data-star=\"2\" style=\"padding-right: 5px\">\n            \n\n<div class=\"kksr-icon\" style=\"width: 22px; height: 22px;\"><\/div>\n        <\/div>\n            <div class=\"kksr-star\" data-star=\"3\" style=\"padding-right: 5px\">\n            \n\n<div class=\"kksr-icon\" style=\"width: 22px; height: 22px;\"><\/div>\n        <\/div>\n            <div class=\"kksr-star\" data-star=\"4\" style=\"padding-right: 5px\">\n            \n\n<div class=\"kksr-icon\" style=\"width: 22px; height: 22px;\"><\/div>\n        <\/div>\n            <div class=\"kksr-star\" data-star=\"5\" style=\"padding-right: 5px\">\n            \n\n<div class=\"kksr-icon\" style=\"width: 22px; height: 22px;\"><\/div>\n        <\/div>\n    <\/div>\n    \n<div class=\"kksr-stars-active\" style=\"width: 0px;\">\n            <div class=\"kksr-star\" style=\"padding-right: 5px\">\n            \n\n<div class=\"kksr-icon\" style=\"width: 22px; height: 22px;\"><\/div>\n        <\/div>\n            <div class=\"kksr-star\" style=\"padding-right: 5px\">\n            \n\n<div class=\"kksr-icon\" style=\"width: 22px; height: 22px;\"><\/div>\n        <\/div>\n            <div class=\"kksr-star\" style=\"padding-right: 5px\">\n            \n\n<div class=\"kksr-icon\" style=\"width: 22px; height: 22px;\"><\/div>\n        <\/div>\n            <div class=\"kksr-star\" style=\"padding-right: 5px\">\n            \n\n<div class=\"kksr-icon\" style=\"width: 22px; height: 22px;\"><\/div>\n        <\/div>\n            <div class=\"kksr-star\" style=\"padding-right: 5px\">\n            \n\n<div class=\"kksr-icon\" style=\"width: 22px; height: 22px;\"><\/div>\n        <\/div>\n    <\/div>\n<\/div>\n                \n\n<div class=\"kksr-legend\" style=\"font-size: 17.6px;\">\n            <span class=\"kksr-muted\">Valora este post<\/span>\n    <\/div>\n    <\/div>\n","protected":false},"excerpt":{"rendered":"<p>La Predicci\u00f3n Temprana del Alzheimer Mediante la Detecci\u00f3n de Grasas Ocultas La enfermedad de Alzheimer, un trastorno neurodegenerativo que afecta a millones de personas en todo &#8230; <a title=\"Descubre c\u00f3mo predecir el alzh\u00e9imer 20 a\u00f1os antes analizando la grasa oculta\" class=\"read-more\" href=\"https:\/\/www.diario21.tv\/noticias\/descubre-como-predecir-el-alzheimer-20-anos-antes-analizando-la-grasa-oculta\/\" aria-label=\"Leer m\u00e1s sobre Descubre c\u00f3mo predecir el alzh\u00e9imer 20 a\u00f1os antes analizando la grasa oculta\">Seguir leyendo &rarr;<\/a><\/p>\n","protected":false},"author":20,"featured_media":1407,"comment_status":"open","ping_status":"open","sticky":false,"template":"","format":"standard","meta":{"footnotes":""},"categories":[13],"tags":[],"class_list":["post-1406","post","type-post","status-publish","format-standard","has-post-thumbnail","hentry","category-portada"],"yoast_head":"<!-- This site is optimized with the Yoast SEO plugin v25.6 - https:\/\/yoast.com\/wordpress\/plugins\/seo\/ -->\n<title>Descubre c\u00f3mo predecir el alzh\u00e9imer 20 a\u00f1os antes analizando la grasa oculta - Diario 21<\/title>\n<meta name=\"robots\" content=\"index, follow, max-snippet:-1, max-image-preview:large, max-video-preview:-1\" \/>\n<link rel=\"canonical\" href=\"https:\/\/www.diario21.tv\/noticias\/descubre-como-predecir-el-alzheimer-20-anos-antes-analizando-la-grasa-oculta\/\" \/>\n<meta property=\"og:locale\" content=\"es_ES\" \/>\n<meta property=\"og:type\" content=\"article\" \/>\n<meta property=\"og:title\" content=\"Descubre c\u00f3mo predecir el alzh\u00e9imer 20 a\u00f1os antes analizando la grasa oculta - Diario 21\" \/>\n<meta property=\"og:description\" content=\"La Predicci\u00f3n Temprana del Alzheimer Mediante la Detecci\u00f3n de Grasas Ocultas La enfermedad de Alzheimer, un trastorno neurodegenerativo que afecta a millones de personas en todo ... Seguir leyendo &rarr;\" \/>\n<meta property=\"og:url\" content=\"https:\/\/www.diario21.tv\/noticias\/descubre-como-predecir-el-alzheimer-20-anos-antes-analizando-la-grasa-oculta\/\" \/>\n<meta property=\"og:site_name\" content=\"Diario 21\" \/>\n<meta property=\"article:published_time\" content=\"2024-12-05T09:40:43+00:00\" \/>\n<meta property=\"article:modified_time\" content=\"2024-12-05T09:40:44+00:00\" \/>\n<meta property=\"og:image\" content=\"https:\/\/www.diario21.tv\/noticias\/wp-content\/uploads\/2024\/12\/Descubre-como-predecir-el-alzheimer-20-anos-antes-analizando-la.jpg\" \/>\n\t<meta property=\"og:image:width\" content=\"1920\" \/>\n\t<meta property=\"og:image:height\" content=\"1080\" \/>\n\t<meta property=\"og:image:type\" content=\"image\/jpeg\" \/>\n<meta name=\"author\" content=\"Juan P\u00e9rez\" \/>\n<meta name=\"twitter:card\" content=\"summary_large_image\" \/>\n<meta name=\"twitter:label1\" content=\"Escrito por\" \/>\n\t<meta name=\"twitter:data1\" content=\"Juan P\u00e9rez\" \/>\n\t<meta name=\"twitter:label2\" content=\"Tiempo de lectura\" \/>\n\t<meta name=\"twitter:data2\" content=\"3 minutos\" \/>\n<script type=\"application\/ld+json\" class=\"yoast-schema-graph\">{\"@context\":\"https:\/\/schema.org\",\"@graph\":[{\"@type\":\"WebPage\",\"@id\":\"https:\/\/www.diario21.tv\/noticias\/descubre-como-predecir-el-alzheimer-20-anos-antes-analizando-la-grasa-oculta\/\",\"url\":\"https:\/\/www.diario21.tv\/noticias\/descubre-como-predecir-el-alzheimer-20-anos-antes-analizando-la-grasa-oculta\/\",\"name\":\"Descubre c\u00f3mo predecir el alzh\u00e9imer 20 a\u00f1os antes analizando la grasa oculta - Diario 21\",\"isPartOf\":{\"@id\":\"https:\/\/www.diario21.tv\/noticias\/#website\"},\"primaryImageOfPage\":{\"@id\":\"https:\/\/www.diario21.tv\/noticias\/descubre-como-predecir-el-alzheimer-20-anos-antes-analizando-la-grasa-oculta\/#primaryimage\"},\"image\":{\"@id\":\"https:\/\/www.diario21.tv\/noticias\/descubre-como-predecir-el-alzheimer-20-anos-antes-analizando-la-grasa-oculta\/#primaryimage\"},\"thumbnailUrl\":\"https:\/\/www.diario21.tv\/noticias\/wp-content\/uploads\/2024\/12\/Descubre-como-predecir-el-alzheimer-20-anos-antes-analizando-la.jpg\",\"datePublished\":\"2024-12-05T09:40:43+00:00\",\"dateModified\":\"2024-12-05T09:40:44+00:00\",\"author\":{\"@id\":\"https:\/\/www.diario21.tv\/noticias\/#\/schema\/person\/dfb778f73814d8f09f302618446a526b\"},\"breadcrumb\":{\"@id\":\"https:\/\/www.diario21.tv\/noticias\/descubre-como-predecir-el-alzheimer-20-anos-antes-analizando-la-grasa-oculta\/#breadcrumb\"},\"inLanguage\":\"es-AR\",\"potentialAction\":[{\"@type\":\"ReadAction\",\"target\":[\"https:\/\/www.diario21.tv\/noticias\/descubre-como-predecir-el-alzheimer-20-anos-antes-analizando-la-grasa-oculta\/\"]}]},{\"@type\":\"ImageObject\",\"inLanguage\":\"es-AR\",\"@id\":\"https:\/\/www.diario21.tv\/noticias\/descubre-como-predecir-el-alzheimer-20-anos-antes-analizando-la-grasa-oculta\/#primaryimage\",\"url\":\"https:\/\/www.diario21.tv\/noticias\/wp-content\/uploads\/2024\/12\/Descubre-como-predecir-el-alzheimer-20-anos-antes-analizando-la.jpg\",\"contentUrl\":\"https:\/\/www.diario21.tv\/noticias\/wp-content\/uploads\/2024\/12\/Descubre-como-predecir-el-alzheimer-20-anos-antes-analizando-la.jpg\",\"width\":1920,\"height\":1080,\"caption\":\"El alzh\u00e9imer se puede predecir 20 a\u00f1os antes de los s\u00edntomas midiendo la grasa oculta\"},{\"@type\":\"BreadcrumbList\",\"@id\":\"https:\/\/www.diario21.tv\/noticias\/descubre-como-predecir-el-alzheimer-20-anos-antes-analizando-la-grasa-oculta\/#breadcrumb\",\"itemListElement\":[{\"@type\":\"ListItem\",\"position\":1,\"name\":\"Accueil\",\"item\":\"https:\/\/www.diario21.tv\/noticias\/\"},{\"@type\":\"ListItem\",\"position\":2,\"name\":\"Descubre c\u00f3mo predecir el alzh\u00e9imer 20 a\u00f1os antes analizando la grasa oculta\"}]},{\"@type\":\"WebSite\",\"@id\":\"https:\/\/www.diario21.tv\/noticias\/#website\",\"url\":\"https:\/\/www.diario21.tv\/noticias\/\",\"name\":\"Diario 21\",\"description\":\"\",\"potentialAction\":[{\"@type\":\"SearchAction\",\"target\":{\"@type\":\"EntryPoint\",\"urlTemplate\":\"https:\/\/www.diario21.tv\/noticias\/?s={search_term_string}\"},\"query-input\":{\"@type\":\"PropertyValueSpecification\",\"valueRequired\":true,\"valueName\":\"search_term_string\"}}],\"inLanguage\":\"es-AR\"},{\"@type\":\"Person\",\"@id\":\"https:\/\/www.diario21.tv\/noticias\/#\/schema\/person\/dfb778f73814d8f09f302618446a526b\",\"name\":\"Juan P\u00e9rez\",\"image\":{\"@type\":\"ImageObject\",\"inLanguage\":\"es-AR\",\"@id\":\"https:\/\/www.diario21.tv\/noticias\/#\/schema\/person\/image\/\",\"url\":\"https:\/\/secure.gravatar.com\/avatar\/c478a405bd10621167f4c3167cc770f5?s=96&d=mm&r=g\",\"contentUrl\":\"https:\/\/secure.gravatar.com\/avatar\/c478a405bd10621167f4c3167cc770f5?s=96&d=mm&r=g\",\"caption\":\"Juan P\u00e9rez\"},\"description\":\"Juan P\u00e9rez es el redactor en jefe de Diario 21. Con m\u00e1s de 10 a\u00f1os de experiencia en el periodismo, se especializa en pol\u00edtica nacional y an\u00e1lisis socioecon\u00f3mico. Su enfoque cr\u00edtico y riguroso aporta una perspectiva \u00fanica a cada art\u00edculo.\",\"sameAs\":[\"https:\/\/www.diario21.tv\/noticias\/\"],\"url\":\"https:\/\/www.diario21.tv\/noticias\/author\/juan-perez\/\"}]}<\/script>\n<!-- \/ Yoast SEO plugin. -->","yoast_head_json":{"title":"Descubre c\u00f3mo predecir el alzh\u00e9imer 20 a\u00f1os antes analizando la grasa oculta - Diario 21","robots":{"index":"index","follow":"follow","max-snippet":"max-snippet:-1","max-image-preview":"max-image-preview:large","max-video-preview":"max-video-preview:-1"},"canonical":"https:\/\/www.diario21.tv\/noticias\/descubre-como-predecir-el-alzheimer-20-anos-antes-analizando-la-grasa-oculta\/","og_locale":"es_ES","og_type":"article","og_title":"Descubre c\u00f3mo predecir el alzh\u00e9imer 20 a\u00f1os antes analizando la grasa oculta - Diario 21","og_description":"La Predicci\u00f3n Temprana del Alzheimer Mediante la Detecci\u00f3n de Grasas Ocultas La enfermedad de Alzheimer, un trastorno neurodegenerativo que afecta a millones de personas en todo ... Seguir leyendo &rarr;","og_url":"https:\/\/www.diario21.tv\/noticias\/descubre-como-predecir-el-alzheimer-20-anos-antes-analizando-la-grasa-oculta\/","og_site_name":"Diario 21","article_published_time":"2024-12-05T09:40:43+00:00","article_modified_time":"2024-12-05T09:40:44+00:00","og_image":[{"width":1920,"height":1080,"url":"https:\/\/www.diario21.tv\/noticias\/wp-content\/uploads\/2024\/12\/Descubre-como-predecir-el-alzheimer-20-anos-antes-analizando-la.jpg","type":"image\/jpeg"}],"author":"Juan P\u00e9rez","twitter_card":"summary_large_image","twitter_misc":{"Escrito por":"Juan P\u00e9rez","Tiempo de lectura":"3 minutos"},"schema":{"@context":"https:\/\/schema.org","@graph":[{"@type":"WebPage","@id":"https:\/\/www.diario21.tv\/noticias\/descubre-como-predecir-el-alzheimer-20-anos-antes-analizando-la-grasa-oculta\/","url":"https:\/\/www.diario21.tv\/noticias\/descubre-como-predecir-el-alzheimer-20-anos-antes-analizando-la-grasa-oculta\/","name":"Descubre c\u00f3mo predecir el alzh\u00e9imer 20 a\u00f1os antes analizando la grasa oculta - Diario 21","isPartOf":{"@id":"https:\/\/www.diario21.tv\/noticias\/#website"},"primaryImageOfPage":{"@id":"https:\/\/www.diario21.tv\/noticias\/descubre-como-predecir-el-alzheimer-20-anos-antes-analizando-la-grasa-oculta\/#primaryimage"},"image":{"@id":"https:\/\/www.diario21.tv\/noticias\/descubre-como-predecir-el-alzheimer-20-anos-antes-analizando-la-grasa-oculta\/#primaryimage"},"thumbnailUrl":"https:\/\/www.diario21.tv\/noticias\/wp-content\/uploads\/2024\/12\/Descubre-como-predecir-el-alzheimer-20-anos-antes-analizando-la.jpg","datePublished":"2024-12-05T09:40:43+00:00","dateModified":"2024-12-05T09:40:44+00:00","author":{"@id":"https:\/\/www.diario21.tv\/noticias\/#\/schema\/person\/dfb778f73814d8f09f302618446a526b"},"breadcrumb":{"@id":"https:\/\/www.diario21.tv\/noticias\/descubre-como-predecir-el-alzheimer-20-anos-antes-analizando-la-grasa-oculta\/#breadcrumb"},"inLanguage":"es-AR","potentialAction":[{"@type":"ReadAction","target":["https:\/\/www.diario21.tv\/noticias\/descubre-como-predecir-el-alzheimer-20-anos-antes-analizando-la-grasa-oculta\/"]}]},{"@type":"ImageObject","inLanguage":"es-AR","@id":"https:\/\/www.diario21.tv\/noticias\/descubre-como-predecir-el-alzheimer-20-anos-antes-analizando-la-grasa-oculta\/#primaryimage","url":"https:\/\/www.diario21.tv\/noticias\/wp-content\/uploads\/2024\/12\/Descubre-como-predecir-el-alzheimer-20-anos-antes-analizando-la.jpg","contentUrl":"https:\/\/www.diario21.tv\/noticias\/wp-content\/uploads\/2024\/12\/Descubre-como-predecir-el-alzheimer-20-anos-antes-analizando-la.jpg","width":1920,"height":1080,"caption":"El alzh\u00e9imer se puede predecir 20 a\u00f1os antes de los s\u00edntomas midiendo la grasa oculta"},{"@type":"BreadcrumbList","@id":"https:\/\/www.diario21.tv\/noticias\/descubre-como-predecir-el-alzheimer-20-anos-antes-analizando-la-grasa-oculta\/#breadcrumb","itemListElement":[{"@type":"ListItem","position":1,"name":"Accueil","item":"https:\/\/www.diario21.tv\/noticias\/"},{"@type":"ListItem","position":2,"name":"Descubre c\u00f3mo predecir el alzh\u00e9imer 20 a\u00f1os antes analizando la grasa oculta"}]},{"@type":"WebSite","@id":"https:\/\/www.diario21.tv\/noticias\/#website","url":"https:\/\/www.diario21.tv\/noticias\/","name":"Diario 21","description":"","potentialAction":[{"@type":"SearchAction","target":{"@type":"EntryPoint","urlTemplate":"https:\/\/www.diario21.tv\/noticias\/?s={search_term_string}"},"query-input":{"@type":"PropertyValueSpecification","valueRequired":true,"valueName":"search_term_string"}}],"inLanguage":"es-AR"},{"@type":"Person","@id":"https:\/\/www.diario21.tv\/noticias\/#\/schema\/person\/dfb778f73814d8f09f302618446a526b","name":"Juan P\u00e9rez","image":{"@type":"ImageObject","inLanguage":"es-AR","@id":"https:\/\/www.diario21.tv\/noticias\/#\/schema\/person\/image\/","url":"https:\/\/secure.gravatar.com\/avatar\/c478a405bd10621167f4c3167cc770f5?s=96&d=mm&r=g","contentUrl":"https:\/\/secure.gravatar.com\/avatar\/c478a405bd10621167f4c3167cc770f5?s=96&d=mm&r=g","caption":"Juan P\u00e9rez"},"description":"Juan P\u00e9rez es el redactor en jefe de Diario 21. Con m\u00e1s de 10 a\u00f1os de experiencia en el periodismo, se especializa en pol\u00edtica nacional y an\u00e1lisis socioecon\u00f3mico. Su enfoque cr\u00edtico y riguroso aporta una perspectiva \u00fanica a cada art\u00edculo.","sameAs":["https:\/\/www.diario21.tv\/noticias\/"],"url":"https:\/\/www.diario21.tv\/noticias\/author\/juan-perez\/"}]}},"_links":{"self":[{"href":"https:\/\/www.diario21.tv\/noticias\/wp-json\/wp\/v2\/posts\/1406"}],"collection":[{"href":"https:\/\/www.diario21.tv\/noticias\/wp-json\/wp\/v2\/posts"}],"about":[{"href":"https:\/\/www.diario21.tv\/noticias\/wp-json\/wp\/v2\/types\/post"}],"author":[{"embeddable":true,"href":"https:\/\/www.diario21.tv\/noticias\/wp-json\/wp\/v2\/users\/20"}],"replies":[{"embeddable":true,"href":"https:\/\/www.diario21.tv\/noticias\/wp-json\/wp\/v2\/comments?post=1406"}],"version-history":[{"count":1,"href":"https:\/\/www.diario21.tv\/noticias\/wp-json\/wp\/v2\/posts\/1406\/revisions"}],"predecessor-version":[{"id":1408,"href":"https:\/\/www.diario21.tv\/noticias\/wp-json\/wp\/v2\/posts\/1406\/revisions\/1408"}],"wp:featuredmedia":[{"embeddable":true,"href":"https:\/\/www.diario21.tv\/noticias\/wp-json\/wp\/v2\/media\/1407"}],"wp:attachment":[{"href":"https:\/\/www.diario21.tv\/noticias\/wp-json\/wp\/v2\/media?parent=1406"}],"wp:term":[{"taxonomy":"category","embeddable":true,"href":"https:\/\/www.diario21.tv\/noticias\/wp-json\/wp\/v2\/categories?post=1406"},{"taxonomy":"post_tag","embeddable":true,"href":"https:\/\/www.diario21.tv\/noticias\/wp-json\/wp\/v2\/tags?post=1406"}],"curies":[{"name":"wp","href":"https:\/\/api.w.org\/{rel}","templated":true}]}}