{"id":1390,"date":"2024-12-03T02:29:46","date_gmt":"2024-12-03T02:29:46","guid":{"rendered":"https:\/\/www.diario21.tv\/noticias\/impactante-detienen-en-linares-a-hombre-por-la-muerte-del-hijo-de-dos-anos-de-su-pareja\/"},"modified":"2024-12-03T02:29:53","modified_gmt":"2024-12-03T02:29:53","slug":"impactante-detienen-en-linares-a-hombre-por-la-muerte-del-hijo-de-dos-anos-de-su-pareja","status":"publish","type":"post","link":"https:\/\/www.diario21.tv\/noticias\/impactante-detienen-en-linares-a-hombre-por-la-muerte-del-hijo-de-dos-anos-de-su-pareja\/","title":{"rendered":"\u00a1Impactante! Detienen en Linares a hombre por la muerte del hijo de dos a\u00f1os de su pareja"},"content":{"rendered":"<h2>Arresto en Linares por el Fallecimiento de un Menor de Dos A\u00f1os<\/h2>\n<p>En la ciudad de Linares, un suceso ha conmocionado a la comunidad local tras el arresto de un individuo relacionado con la muerte de un peque\u00f1o de apenas dos a\u00f1os de edad. El menor, que era hijo de la pareja del detenido, ha sido centro de una investigaci\u00f3n policial que culmin\u00f3 con la detenci\u00f3n del hombre.<\/p>\n<h3>Detalles del Incidente<\/h3>\n<p>El tr\u00e1gico evento se desvel\u00f3 cuando las autoridades fueron alertadas sobre un ni\u00f1o que hab\u00eda sido ingresado en el hospital en condiciones cr\u00edticas. A pesar de los esfuerzos m\u00e9dicos por salvarle, el peque\u00f1o falleci\u00f3 debido a las severas lesiones que presentaba. La gravedad de la situaci\u00f3n impuls\u00f3 a la polic\u00eda a iniciar una investigaci\u00f3n inmediata para esclarecer las circunstancias de la muerte.<\/p>\n<p>El sospechoso, quien conviv\u00eda con la madre del ni\u00f1o, fue r\u00e1pidamente identificado y detenido como principal responsable del lamentable suceso. Seg\u00fan los informes preliminares, se considera que el hombre podr\u00eda estar involucrado directamente en las agresiones que llevaron al fatal desenlace.<\/p>\n<h3>Reacciones de la Comunidad y Proceso Judicial<\/h3>\n<p>La noticia ha provocado una profunda conmoci\u00f3n entre vecinos y conocidos de la familia, quienes han expresado su consternaci\u00f3n y tristeza por el fallecimiento del menor. La comunidad espera que se haga justicia y que el caso se maneje con la seriedad y diligencia que requiere.<\/p>\n<p>Por su parte, las autoridades han asegurado que est\u00e1n llevando a cabo todas las investigaciones necesarias para determinar la secuencia exacta de eventos que llev\u00f3 a la muerte del peque\u00f1o. El hombre detenido se encuentra bajo custodia y se espera que en los pr\u00f3ximos d\u00edas se le tome declaraci\u00f3n ante un juez, momento en el cual se podr\u00e1n clarificar m\u00e1s detalles sobre su relaci\u00f3n con el tr\u00e1gico evento.<\/p>\n<p>Este caso ha reiterado la importancia de la vigilancia y protecci\u00f3n de los menores, y ha puesto de relieve la necesidad de una intervenci\u00f3n r\u00e1pida y efectiva por parte de las autoridades en situaciones de riesgo para los ni\u00f1os. La comunidad de Linares, mientras tanto, sigue recuper\u00e1ndose del impacto de esta tragedia y espera respuestas sobre c\u00f3mo pudo suceder tal fatalidad.<\/p>\n\n\n<div class=\"kk-star-ratings kksr-auto kksr-align-left kksr-valign-bottom\"\n    data-payload='{&quot;align&quot;:&quot;left&quot;,&quot;id&quot;:&quot;1390&quot;,&quot;slug&quot;:&quot;default&quot;,&quot;valign&quot;:&quot;bottom&quot;,&quot;ignore&quot;:&quot;&quot;,&quot;reference&quot;:&quot;auto&quot;,&quot;class&quot;:&quot;&quot;,&quot;count&quot;:&quot;0&quot;,&quot;legendonly&quot;:&quot;&quot;,&quot;readonly&quot;:&quot;&quot;,&quot;score&quot;:&quot;0&quot;,&quot;starsonly&quot;:&quot;&quot;,&quot;best&quot;:&quot;5&quot;,&quot;gap&quot;:&quot;5&quot;,&quot;greet&quot;:&quot;Valora este post&quot;,&quot;legend&quot;:&quot;0\\\/5 - (0 votes)&quot;,&quot;size&quot;:&quot;22&quot;,&quot;title&quot;:&quot;\u00a1Impactante! Detienen en Linares a hombre por la muerte del hijo de dos a\u00f1os de su pareja&quot;,&quot;width&quot;:&quot;0&quot;,&quot;_legend&quot;:&quot;{score}\\\/{best} - ({count} {votes})&quot;,&quot;font_factor&quot;:&quot;1.25&quot;}'>\n            \n<div class=\"kksr-stars\">\n    \n<div class=\"kksr-stars-inactive\">\n            <div class=\"kksr-star\" data-star=\"1\" style=\"padding-right: 5px\">\n            \n\n<div class=\"kksr-icon\" style=\"width: 22px; height: 22px;\"><\/div>\n        <\/div>\n            <div class=\"kksr-star\" data-star=\"2\" style=\"padding-right: 5px\">\n            \n\n<div class=\"kksr-icon\" style=\"width: 22px; height: 22px;\"><\/div>\n        <\/div>\n            <div class=\"kksr-star\" data-star=\"3\" style=\"padding-right: 5px\">\n            \n\n<div class=\"kksr-icon\" style=\"width: 22px; height: 22px;\"><\/div>\n        <\/div>\n            <div class=\"kksr-star\" data-star=\"4\" style=\"padding-right: 5px\">\n            \n\n<div class=\"kksr-icon\" style=\"width: 22px; height: 22px;\"><\/div>\n        <\/div>\n            <div class=\"kksr-star\" data-star=\"5\" style=\"padding-right: 5px\">\n            \n\n<div class=\"kksr-icon\" style=\"width: 22px; height: 22px;\"><\/div>\n        <\/div>\n    <\/div>\n    \n<div class=\"kksr-stars-active\" style=\"width: 0px;\">\n            <div class=\"kksr-star\" style=\"padding-right: 5px\">\n            \n\n<div class=\"kksr-icon\" style=\"width: 22px; height: 22px;\"><\/div>\n        <\/div>\n            <div class=\"kksr-star\" style=\"padding-right: 5px\">\n            \n\n<div class=\"kksr-icon\" style=\"width: 22px; height: 22px;\"><\/div>\n        <\/div>\n            <div class=\"kksr-star\" style=\"padding-right: 5px\">\n            \n\n<div class=\"kksr-icon\" style=\"width: 22px; height: 22px;\"><\/div>\n        <\/div>\n            <div class=\"kksr-star\" style=\"padding-right: 5px\">\n            \n\n<div class=\"kksr-icon\" style=\"width: 22px; height: 22px;\"><\/div>\n        <\/div>\n            <div class=\"kksr-star\" style=\"padding-right: 5px\">\n            \n\n<div class=\"kksr-icon\" style=\"width: 22px; height: 22px;\"><\/div>\n        <\/div>\n    <\/div>\n<\/div>\n                \n\n<div class=\"kksr-legend\" style=\"font-size: 17.6px;\">\n            <span class=\"kksr-muted\">Valora este post<\/span>\n    <\/div>\n    <\/div>\n","protected":false},"excerpt":{"rendered":"<p>Arresto en Linares por el Fallecimiento de un Menor de Dos A\u00f1os En la ciudad de Linares, un suceso ha conmocionado a la comunidad local tras &#8230; <a title=\"\u00a1Impactante! Detienen en Linares a hombre por la muerte del hijo de dos a\u00f1os de su pareja\" class=\"read-more\" href=\"https:\/\/www.diario21.tv\/noticias\/impactante-detienen-en-linares-a-hombre-por-la-muerte-del-hijo-de-dos-anos-de-su-pareja\/\" aria-label=\"Leer m\u00e1s sobre \u00a1Impactante! Detienen en Linares a hombre por la muerte del hijo de dos a\u00f1os de su pareja\">Seguir leyendo &rarr;<\/a><\/p>\n","protected":false},"author":20,"featured_media":1391,"comment_status":"open","ping_status":"open","sticky":false,"template":"","format":"standard","meta":{"footnotes":""},"categories":[13],"tags":[],"class_list":["post-1390","post","type-post","status-publish","format-standard","has-post-thumbnail","hentry","category-portada"],"yoast_head":"<!-- This site is optimized with the Yoast SEO plugin v25.6 - https:\/\/yoast.com\/wordpress\/plugins\/seo\/ -->\n<title>\u00a1Impactante! Detienen en Linares a hombre por la muerte del hijo de dos a\u00f1os de su pareja - Diario 21<\/title>\n<meta name=\"robots\" content=\"index, follow, max-snippet:-1, max-image-preview:large, max-video-preview:-1\" \/>\n<link rel=\"canonical\" href=\"https:\/\/www.diario21.tv\/noticias\/impactante-detienen-en-linares-a-hombre-por-la-muerte-del-hijo-de-dos-anos-de-su-pareja\/\" \/>\n<meta property=\"og:locale\" content=\"es_ES\" \/>\n<meta property=\"og:type\" content=\"article\" \/>\n<meta property=\"og:title\" content=\"\u00a1Impactante! Detienen en Linares a hombre por la muerte del hijo de dos a\u00f1os de su pareja - Diario 21\" \/>\n<meta property=\"og:description\" content=\"Arresto en Linares por el Fallecimiento de un Menor de Dos A\u00f1os En la ciudad de Linares, un suceso ha conmocionado a la comunidad local tras ... Seguir leyendo &rarr;\" \/>\n<meta property=\"og:url\" content=\"https:\/\/www.diario21.tv\/noticias\/impactante-detienen-en-linares-a-hombre-por-la-muerte-del-hijo-de-dos-anos-de-su-pareja\/\" \/>\n<meta property=\"og:site_name\" content=\"Diario 21\" \/>\n<meta property=\"article:published_time\" content=\"2024-12-03T02:29:46+00:00\" \/>\n<meta property=\"article:modified_time\" content=\"2024-12-03T02:29:53+00:00\" \/>\n<meta property=\"og:image\" content=\"https:\/\/www.diario21.tv\/noticias\/wp-content\/uploads\/2024\/12\/\u00a1Impactante-Detienen-en-Linares-a-hombre-por-la-muerte-del.png\" \/>\n\t<meta property=\"og:image:width\" content=\"1200\" \/>\n\t<meta property=\"og:image:height\" content=\"840\" \/>\n\t<meta property=\"og:image:type\" content=\"image\/png\" \/>\n<meta name=\"author\" content=\"Juan P\u00e9rez\" \/>\n<meta name=\"twitter:card\" content=\"summary_large_image\" \/>\n<meta name=\"twitter:label1\" content=\"Escrito por\" \/>\n\t<meta name=\"twitter:data1\" content=\"Juan P\u00e9rez\" \/>\n\t<meta name=\"twitter:label2\" content=\"Tiempo de lectura\" \/>\n\t<meta name=\"twitter:data2\" content=\"2 minutos\" \/>\n<script type=\"application\/ld+json\" class=\"yoast-schema-graph\">{\"@context\":\"https:\/\/schema.org\",\"@graph\":[{\"@type\":\"WebPage\",\"@id\":\"https:\/\/www.diario21.tv\/noticias\/impactante-detienen-en-linares-a-hombre-por-la-muerte-del-hijo-de-dos-anos-de-su-pareja\/\",\"url\":\"https:\/\/www.diario21.tv\/noticias\/impactante-detienen-en-linares-a-hombre-por-la-muerte-del-hijo-de-dos-anos-de-su-pareja\/\",\"name\":\"\u00a1Impactante! Detienen en Linares a hombre por la muerte del hijo de dos a\u00f1os de su pareja - Diario 21\",\"isPartOf\":{\"@id\":\"https:\/\/www.diario21.tv\/noticias\/#website\"},\"primaryImageOfPage\":{\"@id\":\"https:\/\/www.diario21.tv\/noticias\/impactante-detienen-en-linares-a-hombre-por-la-muerte-del-hijo-de-dos-anos-de-su-pareja\/#primaryimage\"},\"image\":{\"@id\":\"https:\/\/www.diario21.tv\/noticias\/impactante-detienen-en-linares-a-hombre-por-la-muerte-del-hijo-de-dos-anos-de-su-pareja\/#primaryimage\"},\"thumbnailUrl\":\"https:\/\/www.diario21.tv\/noticias\/wp-content\/uploads\/2024\/12\/\u00a1Impactante-Detienen-en-Linares-a-hombre-por-la-muerte-del.png\",\"datePublished\":\"2024-12-03T02:29:46+00:00\",\"dateModified\":\"2024-12-03T02:29:53+00:00\",\"author\":{\"@id\":\"https:\/\/www.diario21.tv\/noticias\/#\/schema\/person\/dfb778f73814d8f09f302618446a526b\"},\"breadcrumb\":{\"@id\":\"https:\/\/www.diario21.tv\/noticias\/impactante-detienen-en-linares-a-hombre-por-la-muerte-del-hijo-de-dos-anos-de-su-pareja\/#breadcrumb\"},\"inLanguage\":\"es-AR\",\"potentialAction\":[{\"@type\":\"ReadAction\",\"target\":[\"https:\/\/www.diario21.tv\/noticias\/impactante-detienen-en-linares-a-hombre-por-la-muerte-del-hijo-de-dos-anos-de-su-pareja\/\"]}]},{\"@type\":\"ImageObject\",\"inLanguage\":\"es-AR\",\"@id\":\"https:\/\/www.diario21.tv\/noticias\/impactante-detienen-en-linares-a-hombre-por-la-muerte-del-hijo-de-dos-anos-de-su-pareja\/#primaryimage\",\"url\":\"https:\/\/www.diario21.tv\/noticias\/wp-content\/uploads\/2024\/12\/\u00a1Impactante-Detienen-en-Linares-a-hombre-por-la-muerte-del.png\",\"contentUrl\":\"https:\/\/www.diario21.tv\/noticias\/wp-content\/uploads\/2024\/12\/\u00a1Impactante-Detienen-en-Linares-a-hombre-por-la-muerte-del.png\",\"width\":1200,\"height\":840,\"caption\":\"Detenido un hombre en Linares por la muerte de un ni\u00f1o de dos a\u00f1os, hijo de su pareja\"},{\"@type\":\"BreadcrumbList\",\"@id\":\"https:\/\/www.diario21.tv\/noticias\/impactante-detienen-en-linares-a-hombre-por-la-muerte-del-hijo-de-dos-anos-de-su-pareja\/#breadcrumb\",\"itemListElement\":[{\"@type\":\"ListItem\",\"position\":1,\"name\":\"Accueil\",\"item\":\"https:\/\/www.diario21.tv\/noticias\/\"},{\"@type\":\"ListItem\",\"position\":2,\"name\":\"\u00a1Impactante! Detienen en Linares a hombre por la muerte del hijo de dos a\u00f1os de su pareja\"}]},{\"@type\":\"WebSite\",\"@id\":\"https:\/\/www.diario21.tv\/noticias\/#website\",\"url\":\"https:\/\/www.diario21.tv\/noticias\/\",\"name\":\"Diario 21\",\"description\":\"\",\"potentialAction\":[{\"@type\":\"SearchAction\",\"target\":{\"@type\":\"EntryPoint\",\"urlTemplate\":\"https:\/\/www.diario21.tv\/noticias\/?s={search_term_string}\"},\"query-input\":{\"@type\":\"PropertyValueSpecification\",\"valueRequired\":true,\"valueName\":\"search_term_string\"}}],\"inLanguage\":\"es-AR\"},{\"@type\":\"Person\",\"@id\":\"https:\/\/www.diario21.tv\/noticias\/#\/schema\/person\/dfb778f73814d8f09f302618446a526b\",\"name\":\"Juan P\u00e9rez\",\"image\":{\"@type\":\"ImageObject\",\"inLanguage\":\"es-AR\",\"@id\":\"https:\/\/www.diario21.tv\/noticias\/#\/schema\/person\/image\/\",\"url\":\"https:\/\/secure.gravatar.com\/avatar\/c478a405bd10621167f4c3167cc770f5?s=96&d=mm&r=g\",\"contentUrl\":\"https:\/\/secure.gravatar.com\/avatar\/c478a405bd10621167f4c3167cc770f5?s=96&d=mm&r=g\",\"caption\":\"Juan P\u00e9rez\"},\"description\":\"Juan P\u00e9rez es el redactor en jefe de Diario 21. Con m\u00e1s de 10 a\u00f1os de experiencia en el periodismo, se especializa en pol\u00edtica nacional y an\u00e1lisis socioecon\u00f3mico. Su enfoque cr\u00edtico y riguroso aporta una perspectiva \u00fanica a cada art\u00edculo.\",\"sameAs\":[\"https:\/\/www.diario21.tv\/noticias\/\"],\"url\":\"https:\/\/www.diario21.tv\/noticias\/author\/juan-perez\/\"}]}<\/script>\n<!-- \/ Yoast SEO plugin. -->","yoast_head_json":{"title":"\u00a1Impactante! Detienen en Linares a hombre por la muerte del hijo de dos a\u00f1os de su pareja - Diario 21","robots":{"index":"index","follow":"follow","max-snippet":"max-snippet:-1","max-image-preview":"max-image-preview:large","max-video-preview":"max-video-preview:-1"},"canonical":"https:\/\/www.diario21.tv\/noticias\/impactante-detienen-en-linares-a-hombre-por-la-muerte-del-hijo-de-dos-anos-de-su-pareja\/","og_locale":"es_ES","og_type":"article","og_title":"\u00a1Impactante! Detienen en Linares a hombre por la muerte del hijo de dos a\u00f1os de su pareja - Diario 21","og_description":"Arresto en Linares por el Fallecimiento de un Menor de Dos A\u00f1os En la ciudad de Linares, un suceso ha conmocionado a la comunidad local tras ... Seguir leyendo &rarr;","og_url":"https:\/\/www.diario21.tv\/noticias\/impactante-detienen-en-linares-a-hombre-por-la-muerte-del-hijo-de-dos-anos-de-su-pareja\/","og_site_name":"Diario 21","article_published_time":"2024-12-03T02:29:46+00:00","article_modified_time":"2024-12-03T02:29:53+00:00","og_image":[{"width":1200,"height":840,"url":"https:\/\/www.diario21.tv\/noticias\/wp-content\/uploads\/2024\/12\/\u00a1Impactante-Detienen-en-Linares-a-hombre-por-la-muerte-del.png","type":"image\/png"}],"author":"Juan P\u00e9rez","twitter_card":"summary_large_image","twitter_misc":{"Escrito por":"Juan P\u00e9rez","Tiempo de lectura":"2 minutos"},"schema":{"@context":"https:\/\/schema.org","@graph":[{"@type":"WebPage","@id":"https:\/\/www.diario21.tv\/noticias\/impactante-detienen-en-linares-a-hombre-por-la-muerte-del-hijo-de-dos-anos-de-su-pareja\/","url":"https:\/\/www.diario21.tv\/noticias\/impactante-detienen-en-linares-a-hombre-por-la-muerte-del-hijo-de-dos-anos-de-su-pareja\/","name":"\u00a1Impactante! Detienen en Linares a hombre por la muerte del hijo de dos a\u00f1os de su pareja - Diario 21","isPartOf":{"@id":"https:\/\/www.diario21.tv\/noticias\/#website"},"primaryImageOfPage":{"@id":"https:\/\/www.diario21.tv\/noticias\/impactante-detienen-en-linares-a-hombre-por-la-muerte-del-hijo-de-dos-anos-de-su-pareja\/#primaryimage"},"image":{"@id":"https:\/\/www.diario21.tv\/noticias\/impactante-detienen-en-linares-a-hombre-por-la-muerte-del-hijo-de-dos-anos-de-su-pareja\/#primaryimage"},"thumbnailUrl":"https:\/\/www.diario21.tv\/noticias\/wp-content\/uploads\/2024\/12\/\u00a1Impactante-Detienen-en-Linares-a-hombre-por-la-muerte-del.png","datePublished":"2024-12-03T02:29:46+00:00","dateModified":"2024-12-03T02:29:53+00:00","author":{"@id":"https:\/\/www.diario21.tv\/noticias\/#\/schema\/person\/dfb778f73814d8f09f302618446a526b"},"breadcrumb":{"@id":"https:\/\/www.diario21.tv\/noticias\/impactante-detienen-en-linares-a-hombre-por-la-muerte-del-hijo-de-dos-anos-de-su-pareja\/#breadcrumb"},"inLanguage":"es-AR","potentialAction":[{"@type":"ReadAction","target":["https:\/\/www.diario21.tv\/noticias\/impactante-detienen-en-linares-a-hombre-por-la-muerte-del-hijo-de-dos-anos-de-su-pareja\/"]}]},{"@type":"ImageObject","inLanguage":"es-AR","@id":"https:\/\/www.diario21.tv\/noticias\/impactante-detienen-en-linares-a-hombre-por-la-muerte-del-hijo-de-dos-anos-de-su-pareja\/#primaryimage","url":"https:\/\/www.diario21.tv\/noticias\/wp-content\/uploads\/2024\/12\/\u00a1Impactante-Detienen-en-Linares-a-hombre-por-la-muerte-del.png","contentUrl":"https:\/\/www.diario21.tv\/noticias\/wp-content\/uploads\/2024\/12\/\u00a1Impactante-Detienen-en-Linares-a-hombre-por-la-muerte-del.png","width":1200,"height":840,"caption":"Detenido un hombre en Linares por la muerte de un ni\u00f1o de dos a\u00f1os, hijo de su pareja"},{"@type":"BreadcrumbList","@id":"https:\/\/www.diario21.tv\/noticias\/impactante-detienen-en-linares-a-hombre-por-la-muerte-del-hijo-de-dos-anos-de-su-pareja\/#breadcrumb","itemListElement":[{"@type":"ListItem","position":1,"name":"Accueil","item":"https:\/\/www.diario21.tv\/noticias\/"},{"@type":"ListItem","position":2,"name":"\u00a1Impactante! Detienen en Linares a hombre por la muerte del hijo de dos a\u00f1os de su pareja"}]},{"@type":"WebSite","@id":"https:\/\/www.diario21.tv\/noticias\/#website","url":"https:\/\/www.diario21.tv\/noticias\/","name":"Diario 21","description":"","potentialAction":[{"@type":"SearchAction","target":{"@type":"EntryPoint","urlTemplate":"https:\/\/www.diario21.tv\/noticias\/?s={search_term_string}"},"query-input":{"@type":"PropertyValueSpecification","valueRequired":true,"valueName":"search_term_string"}}],"inLanguage":"es-AR"},{"@type":"Person","@id":"https:\/\/www.diario21.tv\/noticias\/#\/schema\/person\/dfb778f73814d8f09f302618446a526b","name":"Juan P\u00e9rez","image":{"@type":"ImageObject","inLanguage":"es-AR","@id":"https:\/\/www.diario21.tv\/noticias\/#\/schema\/person\/image\/","url":"https:\/\/secure.gravatar.com\/avatar\/c478a405bd10621167f4c3167cc770f5?s=96&d=mm&r=g","contentUrl":"https:\/\/secure.gravatar.com\/avatar\/c478a405bd10621167f4c3167cc770f5?s=96&d=mm&r=g","caption":"Juan P\u00e9rez"},"description":"Juan P\u00e9rez es el redactor en jefe de Diario 21. Con m\u00e1s de 10 a\u00f1os de experiencia en el periodismo, se especializa en pol\u00edtica nacional y an\u00e1lisis socioecon\u00f3mico. Su enfoque cr\u00edtico y riguroso aporta una perspectiva \u00fanica a cada art\u00edculo.","sameAs":["https:\/\/www.diario21.tv\/noticias\/"],"url":"https:\/\/www.diario21.tv\/noticias\/author\/juan-perez\/"}]}},"_links":{"self":[{"href":"https:\/\/www.diario21.tv\/noticias\/wp-json\/wp\/v2\/posts\/1390"}],"collection":[{"href":"https:\/\/www.diario21.tv\/noticias\/wp-json\/wp\/v2\/posts"}],"about":[{"href":"https:\/\/www.diario21.tv\/noticias\/wp-json\/wp\/v2\/types\/post"}],"author":[{"embeddable":true,"href":"https:\/\/www.diario21.tv\/noticias\/wp-json\/wp\/v2\/users\/20"}],"replies":[{"embeddable":true,"href":"https:\/\/www.diario21.tv\/noticias\/wp-json\/wp\/v2\/comments?post=1390"}],"version-history":[{"count":1,"href":"https:\/\/www.diario21.tv\/noticias\/wp-json\/wp\/v2\/posts\/1390\/revisions"}],"predecessor-version":[{"id":1392,"href":"https:\/\/www.diario21.tv\/noticias\/wp-json\/wp\/v2\/posts\/1390\/revisions\/1392"}],"wp:featuredmedia":[{"embeddable":true,"href":"https:\/\/www.diario21.tv\/noticias\/wp-json\/wp\/v2\/media\/1391"}],"wp:attachment":[{"href":"https:\/\/www.diario21.tv\/noticias\/wp-json\/wp\/v2\/media?parent=1390"}],"wp:term":[{"taxonomy":"category","embeddable":true,"href":"https:\/\/www.diario21.tv\/noticias\/wp-json\/wp\/v2\/categories?post=1390"},{"taxonomy":"post_tag","embeddable":true,"href":"https:\/\/www.diario21.tv\/noticias\/wp-json\/wp\/v2\/tags?post=1390"}],"curies":[{"name":"wp","href":"https:\/\/api.w.org\/{rel}","templated":true}]}}