{"id":138,"date":"2024-08-21T16:39:10","date_gmt":"2024-08-21T16:39:10","guid":{"rendered":"https:\/\/www.diario21.tv\/noticias\/escandalo-ex-alto-cargo-de-la-policia-catalana-asesina-a-su-mujer-y-expareja-a-tiros\/"},"modified":"2024-08-21T16:39:12","modified_gmt":"2024-08-21T16:39:12","slug":"escandalo-ex-alto-cargo-de-la-policia-catalana-asesina-a-su-mujer-y-expareja-a-tiros","status":"publish","type":"post","link":"https:\/\/www.diario21.tv\/noticias\/escandalo-ex-alto-cargo-de-la-policia-catalana-asesina-a-su-mujer-y-expareja-a-tiros\/","title":{"rendered":"\u00a1Esc\u00e1ndalo! Ex alto cargo de la Polic\u00eda Catalana asesina a su mujer y expareja a tiros"},"content":{"rendered":"<h2>Ex-Subdirector de la Polic\u00eda en Catalu\u00f1a asesina a su esposa y a su excompa\u00f1era a tiros<\/h2>\n<p>Un antiguo segundo al mando de la Polic\u00eda en la regi\u00f3n catalana ha cometido un terrible crimen al disparar mortalmente tanto a su c\u00f3nyuge como a su expareja. Este tr\u00e1gico incidente ha causado una gran consternaci\u00f3n tanto en la regi\u00f3n como en el cuerpo policial.<\/p>\n<p>El exfuncionario policial, que una vez ocup\u00f3 un alto cargo en la Polic\u00eda en Catalu\u00f1a, recurri\u00f3 al asesinato como \u00faltimo recurso en un acto de violencia dom\u00e9stica, dando lugar a un hecho que ha sacudido a la comunidad.<\/p>\n<p>El hombre, cuya identidad no se ha revelado por razones legales, dispar\u00f3 fatalmente a su esposa y a su antigua pareja en un acto de furia descontrolada. Las dos mujeres, cuyas identidades tambi\u00e9n est\u00e1n protegidas, perdieron la vida en el acto, dejando a la comunidad y a los seres queridos en shock y en pleno duelo.<\/p>\n<p>Este acto de violencia dom\u00e9stica y asesinato es uno de los m\u00e1s graves que se han producido en Catalu\u00f1a en los \u00faltimos a\u00f1os, y ha llevado a la comunidad y al cuerpo policial a cuestionar c\u00f3mo pudo suceder algo as\u00ed, especialmente por parte de alguien que una vez fue parte integral de la fuerza policial.<\/p>\n<h3>Impacto y reacciones<\/h3>\n<p>Este hecho aterrador ha causado una gran consternaci\u00f3n en Catalu\u00f1a, con la comunidad y el cuerpo policial todav\u00eda tratando de asimilar la noticia. Hay una sensaci\u00f3n de incredulidad y de shock, ya que se trata de un individuo que una vez fue un alto mando de la fuerza policial, lo que lo hace a\u00fan m\u00e1s desconcertante.<\/p>\n<p>Las reacciones han sido de horror y tristeza, con muchos cuestionando c\u00f3mo pudo suceder algo tan atroz. La violencia dom\u00e9stica es un problema grave en todo el mundo, y este incidente ha resaltado la necesidad de abordar y prevenir este tipo de violencia.<\/p>\n<p>La comunidad y la fuerza policial est\u00e1n de luto por la p\u00e9rdida de estas dos mujeres y muchos est\u00e1n buscando respuestas. Este incidente ha dejado una huella indeleble en Catalu\u00f1a y ha subrayado la necesidad de tomar medidas en\u00e9rgicas contra la violencia dom\u00e9stica y el feminicidio.<\/p>\n\n\n<div class=\"kk-star-ratings kksr-auto kksr-align-left kksr-valign-bottom\"\n    data-payload='{&quot;align&quot;:&quot;left&quot;,&quot;id&quot;:&quot;138&quot;,&quot;slug&quot;:&quot;default&quot;,&quot;valign&quot;:&quot;bottom&quot;,&quot;ignore&quot;:&quot;&quot;,&quot;reference&quot;:&quot;auto&quot;,&quot;class&quot;:&quot;&quot;,&quot;count&quot;:&quot;0&quot;,&quot;legendonly&quot;:&quot;&quot;,&quot;readonly&quot;:&quot;&quot;,&quot;score&quot;:&quot;0&quot;,&quot;starsonly&quot;:&quot;&quot;,&quot;best&quot;:&quot;5&quot;,&quot;gap&quot;:&quot;5&quot;,&quot;greet&quot;:&quot;Valora este post&quot;,&quot;legend&quot;:&quot;0\\\/5 - (0 votes)&quot;,&quot;size&quot;:&quot;22&quot;,&quot;title&quot;:&quot;\u00a1Esc\u00e1ndalo! Ex alto cargo de la Polic\u00eda Catalana asesina a su mujer y expareja a tiros&quot;,&quot;width&quot;:&quot;0&quot;,&quot;_legend&quot;:&quot;{score}\\\/{best} - ({count} {votes})&quot;,&quot;font_factor&quot;:&quot;1.25&quot;}'>\n            \n<div class=\"kksr-stars\">\n    \n<div class=\"kksr-stars-inactive\">\n            <div class=\"kksr-star\" data-star=\"1\" style=\"padding-right: 5px\">\n            \n\n<div class=\"kksr-icon\" style=\"width: 22px; height: 22px;\"><\/div>\n        <\/div>\n            <div class=\"kksr-star\" data-star=\"2\" style=\"padding-right: 5px\">\n            \n\n<div class=\"kksr-icon\" style=\"width: 22px; height: 22px;\"><\/div>\n        <\/div>\n            <div class=\"kksr-star\" data-star=\"3\" style=\"padding-right: 5px\">\n            \n\n<div class=\"kksr-icon\" style=\"width: 22px; height: 22px;\"><\/div>\n        <\/div>\n            <div class=\"kksr-star\" data-star=\"4\" style=\"padding-right: 5px\">\n            \n\n<div class=\"kksr-icon\" style=\"width: 22px; height: 22px;\"><\/div>\n        <\/div>\n            <div class=\"kksr-star\" data-star=\"5\" style=\"padding-right: 5px\">\n            \n\n<div class=\"kksr-icon\" style=\"width: 22px; height: 22px;\"><\/div>\n        <\/div>\n    <\/div>\n    \n<div class=\"kksr-stars-active\" style=\"width: 0px;\">\n            <div class=\"kksr-star\" style=\"padding-right: 5px\">\n            \n\n<div class=\"kksr-icon\" style=\"width: 22px; height: 22px;\"><\/div>\n        <\/div>\n            <div class=\"kksr-star\" style=\"padding-right: 5px\">\n            \n\n<div class=\"kksr-icon\" style=\"width: 22px; height: 22px;\"><\/div>\n        <\/div>\n            <div class=\"kksr-star\" style=\"padding-right: 5px\">\n            \n\n<div class=\"kksr-icon\" style=\"width: 22px; height: 22px;\"><\/div>\n        <\/div>\n            <div class=\"kksr-star\" style=\"padding-right: 5px\">\n            \n\n<div class=\"kksr-icon\" style=\"width: 22px; height: 22px;\"><\/div>\n        <\/div>\n            <div class=\"kksr-star\" style=\"padding-right: 5px\">\n            \n\n<div class=\"kksr-icon\" style=\"width: 22px; height: 22px;\"><\/div>\n        <\/div>\n    <\/div>\n<\/div>\n                \n\n<div class=\"kksr-legend\" style=\"font-size: 17.6px;\">\n            <span class=\"kksr-muted\">Valora este post<\/span>\n    <\/div>\n    <\/div>\n","protected":false},"excerpt":{"rendered":"<p>Ex-Subdirector de la Polic\u00eda en Catalu\u00f1a asesina a su esposa y a su excompa\u00f1era a tiros Un antiguo segundo al mando de la Polic\u00eda en la &#8230; <a title=\"\u00a1Esc\u00e1ndalo! Ex alto cargo de la Polic\u00eda Catalana asesina a su mujer y expareja a tiros\" class=\"read-more\" href=\"https:\/\/www.diario21.tv\/noticias\/escandalo-ex-alto-cargo-de-la-policia-catalana-asesina-a-su-mujer-y-expareja-a-tiros\/\" aria-label=\"Leer m\u00e1s sobre \u00a1Esc\u00e1ndalo! Ex alto cargo de la Polic\u00eda Catalana asesina a su mujer y expareja a tiros\">Seguir leyendo &rarr;<\/a><\/p>\n","protected":false},"author":16,"featured_media":139,"comment_status":"open","ping_status":"open","sticky":false,"template":"","format":"standard","meta":{"footnotes":""},"categories":[12],"tags":[],"class_list":["post-138","post","type-post","status-publish","format-standard","has-post-thumbnail","hentry","category-tendencia"],"yoast_head":"<!-- This site is optimized with the Yoast SEO plugin v25.6 - https:\/\/yoast.com\/wordpress\/plugins\/seo\/ -->\n<title>\u00a1Esc\u00e1ndalo! Ex alto cargo de la Polic\u00eda Catalana asesina a su mujer y expareja a tiros - Diario 21<\/title>\n<meta name=\"robots\" content=\"index, follow, max-snippet:-1, max-image-preview:large, max-video-preview:-1\" \/>\n<link rel=\"canonical\" href=\"https:\/\/www.diario21.tv\/noticias\/escandalo-ex-alto-cargo-de-la-policia-catalana-asesina-a-su-mujer-y-expareja-a-tiros\/\" \/>\n<meta property=\"og:locale\" content=\"es_ES\" \/>\n<meta property=\"og:type\" content=\"article\" \/>\n<meta property=\"og:title\" content=\"\u00a1Esc\u00e1ndalo! Ex alto cargo de la Polic\u00eda Catalana asesina a su mujer y expareja a tiros - Diario 21\" \/>\n<meta property=\"og:description\" content=\"Ex-Subdirector de la Polic\u00eda en Catalu\u00f1a asesina a su esposa y a su excompa\u00f1era a tiros Un antiguo segundo al mando de la Polic\u00eda en la ... Seguir leyendo &rarr;\" \/>\n<meta property=\"og:url\" content=\"https:\/\/www.diario21.tv\/noticias\/escandalo-ex-alto-cargo-de-la-policia-catalana-asesina-a-su-mujer-y-expareja-a-tiros\/\" \/>\n<meta property=\"og:site_name\" content=\"Diario 21\" \/>\n<meta property=\"article:published_time\" content=\"2024-08-21T16:39:10+00:00\" \/>\n<meta property=\"article:modified_time\" content=\"2024-08-21T16:39:12+00:00\" \/>\n<meta property=\"og:image\" content=\"https:\/\/www.diario21.tv\/noticias\/wp-content\/uploads\/2024\/08\/\u00a1Escandalo-Ex-alto-cargo-de-la-Policia-Catalana-asesina-a.jpg\" \/>\n\t<meta property=\"og:image:width\" content=\"1920\" \/>\n\t<meta property=\"og:image:height\" content=\"1080\" \/>\n\t<meta property=\"og:image:type\" content=\"image\/jpeg\" \/>\n<meta name=\"author\" content=\"Diario 21\" \/>\n<meta name=\"twitter:card\" content=\"summary_large_image\" \/>\n<meta name=\"twitter:label1\" content=\"Escrito por\" \/>\n\t<meta name=\"twitter:data1\" content=\"Diario 21\" \/>\n\t<meta name=\"twitter:label2\" content=\"Tiempo de lectura\" \/>\n\t<meta name=\"twitter:data2\" content=\"2 minutos\" \/>\n<script type=\"application\/ld+json\" class=\"yoast-schema-graph\">{\"@context\":\"https:\/\/schema.org\",\"@graph\":[{\"@type\":\"WebPage\",\"@id\":\"https:\/\/www.diario21.tv\/noticias\/escandalo-ex-alto-cargo-de-la-policia-catalana-asesina-a-su-mujer-y-expareja-a-tiros\/\",\"url\":\"https:\/\/www.diario21.tv\/noticias\/escandalo-ex-alto-cargo-de-la-policia-catalana-asesina-a-su-mujer-y-expareja-a-tiros\/\",\"name\":\"\u00a1Esc\u00e1ndalo! Ex alto cargo de la Polic\u00eda Catalana asesina a su mujer y expareja a tiros - Diario 21\",\"isPartOf\":{\"@id\":\"https:\/\/www.diario21.tv\/noticias\/#website\"},\"primaryImageOfPage\":{\"@id\":\"https:\/\/www.diario21.tv\/noticias\/escandalo-ex-alto-cargo-de-la-policia-catalana-asesina-a-su-mujer-y-expareja-a-tiros\/#primaryimage\"},\"image\":{\"@id\":\"https:\/\/www.diario21.tv\/noticias\/escandalo-ex-alto-cargo-de-la-policia-catalana-asesina-a-su-mujer-y-expareja-a-tiros\/#primaryimage\"},\"thumbnailUrl\":\"https:\/\/www.diario21.tv\/noticias\/wp-content\/uploads\/2024\/08\/\u00a1Escandalo-Ex-alto-cargo-de-la-Policia-Catalana-asesina-a.jpg\",\"datePublished\":\"2024-08-21T16:39:10+00:00\",\"dateModified\":\"2024-08-21T16:39:12+00:00\",\"author\":{\"@id\":\"https:\/\/www.diario21.tv\/noticias\/#\/schema\/person\/7de9d6205bd3da5b7f01f5cffb18d715\"},\"breadcrumb\":{\"@id\":\"https:\/\/www.diario21.tv\/noticias\/escandalo-ex-alto-cargo-de-la-policia-catalana-asesina-a-su-mujer-y-expareja-a-tiros\/#breadcrumb\"},\"inLanguage\":\"es-AR\",\"potentialAction\":[{\"@type\":\"ReadAction\",\"target\":[\"https:\/\/www.diario21.tv\/noticias\/escandalo-ex-alto-cargo-de-la-policia-catalana-asesina-a-su-mujer-y-expareja-a-tiros\/\"]}]},{\"@type\":\"ImageObject\",\"inLanguage\":\"es-AR\",\"@id\":\"https:\/\/www.diario21.tv\/noticias\/escandalo-ex-alto-cargo-de-la-policia-catalana-asesina-a-su-mujer-y-expareja-a-tiros\/#primaryimage\",\"url\":\"https:\/\/www.diario21.tv\/noticias\/wp-content\/uploads\/2024\/08\/\u00a1Escandalo-Ex-alto-cargo-de-la-Policia-Catalana-asesina-a.jpg\",\"contentUrl\":\"https:\/\/www.diario21.tv\/noticias\/wp-content\/uploads\/2024\/08\/\u00a1Escandalo-Ex-alto-cargo-de-la-Policia-Catalana-asesina-a.jpg\",\"width\":1920,\"height\":1080,\"caption\":\"Un exn\u00famero dos de la Polic\u00eda en Catalu\u00f1a mata a tiros a su mujer y a su expareja\"},{\"@type\":\"BreadcrumbList\",\"@id\":\"https:\/\/www.diario21.tv\/noticias\/escandalo-ex-alto-cargo-de-la-policia-catalana-asesina-a-su-mujer-y-expareja-a-tiros\/#breadcrumb\",\"itemListElement\":[{\"@type\":\"ListItem\",\"position\":1,\"name\":\"Accueil\",\"item\":\"https:\/\/www.diario21.tv\/noticias\/\"},{\"@type\":\"ListItem\",\"position\":2,\"name\":\"\u00a1Esc\u00e1ndalo! Ex alto cargo de la Polic\u00eda Catalana asesina a su mujer y expareja a tiros\"}]},{\"@type\":\"WebSite\",\"@id\":\"https:\/\/www.diario21.tv\/noticias\/#website\",\"url\":\"https:\/\/www.diario21.tv\/noticias\/\",\"name\":\"Diario 21\",\"description\":\"\",\"potentialAction\":[{\"@type\":\"SearchAction\",\"target\":{\"@type\":\"EntryPoint\",\"urlTemplate\":\"https:\/\/www.diario21.tv\/noticias\/?s={search_term_string}\"},\"query-input\":{\"@type\":\"PropertyValueSpecification\",\"valueRequired\":true,\"valueName\":\"search_term_string\"}}],\"inLanguage\":\"es-AR\"},{\"@type\":\"Person\",\"@id\":\"https:\/\/www.diario21.tv\/noticias\/#\/schema\/person\/7de9d6205bd3da5b7f01f5cffb18d715\",\"name\":\"Diario 21\",\"image\":{\"@type\":\"ImageObject\",\"inLanguage\":\"es-AR\",\"@id\":\"https:\/\/www.diario21.tv\/noticias\/#\/schema\/person\/image\/\",\"url\":\"https:\/\/secure.gravatar.com\/avatar\/d1d5e764b940c8e5990284cabcd5dea9?s=96&d=mm&r=g\",\"contentUrl\":\"https:\/\/secure.gravatar.com\/avatar\/d1d5e764b940c8e5990284cabcd5dea9?s=96&d=mm&r=g\",\"caption\":\"Diario 21\"},\"url\":\"https:\/\/www.diario21.tv\/noticias\/author\/diario-21\/\"}]}<\/script>\n<!-- \/ Yoast SEO plugin. -->","yoast_head_json":{"title":"\u00a1Esc\u00e1ndalo! Ex alto cargo de la Polic\u00eda Catalana asesina a su mujer y expareja a tiros - Diario 21","robots":{"index":"index","follow":"follow","max-snippet":"max-snippet:-1","max-image-preview":"max-image-preview:large","max-video-preview":"max-video-preview:-1"},"canonical":"https:\/\/www.diario21.tv\/noticias\/escandalo-ex-alto-cargo-de-la-policia-catalana-asesina-a-su-mujer-y-expareja-a-tiros\/","og_locale":"es_ES","og_type":"article","og_title":"\u00a1Esc\u00e1ndalo! Ex alto cargo de la Polic\u00eda Catalana asesina a su mujer y expareja a tiros - Diario 21","og_description":"Ex-Subdirector de la Polic\u00eda en Catalu\u00f1a asesina a su esposa y a su excompa\u00f1era a tiros Un antiguo segundo al mando de la Polic\u00eda en la ... Seguir leyendo &rarr;","og_url":"https:\/\/www.diario21.tv\/noticias\/escandalo-ex-alto-cargo-de-la-policia-catalana-asesina-a-su-mujer-y-expareja-a-tiros\/","og_site_name":"Diario 21","article_published_time":"2024-08-21T16:39:10+00:00","article_modified_time":"2024-08-21T16:39:12+00:00","og_image":[{"width":1920,"height":1080,"url":"https:\/\/www.diario21.tv\/noticias\/wp-content\/uploads\/2024\/08\/\u00a1Escandalo-Ex-alto-cargo-de-la-Policia-Catalana-asesina-a.jpg","type":"image\/jpeg"}],"author":"Diario 21","twitter_card":"summary_large_image","twitter_misc":{"Escrito por":"Diario 21","Tiempo de lectura":"2 minutos"},"schema":{"@context":"https:\/\/schema.org","@graph":[{"@type":"WebPage","@id":"https:\/\/www.diario21.tv\/noticias\/escandalo-ex-alto-cargo-de-la-policia-catalana-asesina-a-su-mujer-y-expareja-a-tiros\/","url":"https:\/\/www.diario21.tv\/noticias\/escandalo-ex-alto-cargo-de-la-policia-catalana-asesina-a-su-mujer-y-expareja-a-tiros\/","name":"\u00a1Esc\u00e1ndalo! Ex alto cargo de la Polic\u00eda Catalana asesina a su mujer y expareja a tiros - Diario 21","isPartOf":{"@id":"https:\/\/www.diario21.tv\/noticias\/#website"},"primaryImageOfPage":{"@id":"https:\/\/www.diario21.tv\/noticias\/escandalo-ex-alto-cargo-de-la-policia-catalana-asesina-a-su-mujer-y-expareja-a-tiros\/#primaryimage"},"image":{"@id":"https:\/\/www.diario21.tv\/noticias\/escandalo-ex-alto-cargo-de-la-policia-catalana-asesina-a-su-mujer-y-expareja-a-tiros\/#primaryimage"},"thumbnailUrl":"https:\/\/www.diario21.tv\/noticias\/wp-content\/uploads\/2024\/08\/\u00a1Escandalo-Ex-alto-cargo-de-la-Policia-Catalana-asesina-a.jpg","datePublished":"2024-08-21T16:39:10+00:00","dateModified":"2024-08-21T16:39:12+00:00","author":{"@id":"https:\/\/www.diario21.tv\/noticias\/#\/schema\/person\/7de9d6205bd3da5b7f01f5cffb18d715"},"breadcrumb":{"@id":"https:\/\/www.diario21.tv\/noticias\/escandalo-ex-alto-cargo-de-la-policia-catalana-asesina-a-su-mujer-y-expareja-a-tiros\/#breadcrumb"},"inLanguage":"es-AR","potentialAction":[{"@type":"ReadAction","target":["https:\/\/www.diario21.tv\/noticias\/escandalo-ex-alto-cargo-de-la-policia-catalana-asesina-a-su-mujer-y-expareja-a-tiros\/"]}]},{"@type":"ImageObject","inLanguage":"es-AR","@id":"https:\/\/www.diario21.tv\/noticias\/escandalo-ex-alto-cargo-de-la-policia-catalana-asesina-a-su-mujer-y-expareja-a-tiros\/#primaryimage","url":"https:\/\/www.diario21.tv\/noticias\/wp-content\/uploads\/2024\/08\/\u00a1Escandalo-Ex-alto-cargo-de-la-Policia-Catalana-asesina-a.jpg","contentUrl":"https:\/\/www.diario21.tv\/noticias\/wp-content\/uploads\/2024\/08\/\u00a1Escandalo-Ex-alto-cargo-de-la-Policia-Catalana-asesina-a.jpg","width":1920,"height":1080,"caption":"Un exn\u00famero dos de la Polic\u00eda en Catalu\u00f1a mata a tiros a su mujer y a su expareja"},{"@type":"BreadcrumbList","@id":"https:\/\/www.diario21.tv\/noticias\/escandalo-ex-alto-cargo-de-la-policia-catalana-asesina-a-su-mujer-y-expareja-a-tiros\/#breadcrumb","itemListElement":[{"@type":"ListItem","position":1,"name":"Accueil","item":"https:\/\/www.diario21.tv\/noticias\/"},{"@type":"ListItem","position":2,"name":"\u00a1Esc\u00e1ndalo! Ex alto cargo de la Polic\u00eda Catalana asesina a su mujer y expareja a tiros"}]},{"@type":"WebSite","@id":"https:\/\/www.diario21.tv\/noticias\/#website","url":"https:\/\/www.diario21.tv\/noticias\/","name":"Diario 21","description":"","potentialAction":[{"@type":"SearchAction","target":{"@type":"EntryPoint","urlTemplate":"https:\/\/www.diario21.tv\/noticias\/?s={search_term_string}"},"query-input":{"@type":"PropertyValueSpecification","valueRequired":true,"valueName":"search_term_string"}}],"inLanguage":"es-AR"},{"@type":"Person","@id":"https:\/\/www.diario21.tv\/noticias\/#\/schema\/person\/7de9d6205bd3da5b7f01f5cffb18d715","name":"Diario 21","image":{"@type":"ImageObject","inLanguage":"es-AR","@id":"https:\/\/www.diario21.tv\/noticias\/#\/schema\/person\/image\/","url":"https:\/\/secure.gravatar.com\/avatar\/d1d5e764b940c8e5990284cabcd5dea9?s=96&d=mm&r=g","contentUrl":"https:\/\/secure.gravatar.com\/avatar\/d1d5e764b940c8e5990284cabcd5dea9?s=96&d=mm&r=g","caption":"Diario 21"},"url":"https:\/\/www.diario21.tv\/noticias\/author\/diario-21\/"}]}},"_links":{"self":[{"href":"https:\/\/www.diario21.tv\/noticias\/wp-json\/wp\/v2\/posts\/138"}],"collection":[{"href":"https:\/\/www.diario21.tv\/noticias\/wp-json\/wp\/v2\/posts"}],"about":[{"href":"https:\/\/www.diario21.tv\/noticias\/wp-json\/wp\/v2\/types\/post"}],"author":[{"embeddable":true,"href":"https:\/\/www.diario21.tv\/noticias\/wp-json\/wp\/v2\/users\/16"}],"replies":[{"embeddable":true,"href":"https:\/\/www.diario21.tv\/noticias\/wp-json\/wp\/v2\/comments?post=138"}],"version-history":[{"count":1,"href":"https:\/\/www.diario21.tv\/noticias\/wp-json\/wp\/v2\/posts\/138\/revisions"}],"predecessor-version":[{"id":140,"href":"https:\/\/www.diario21.tv\/noticias\/wp-json\/wp\/v2\/posts\/138\/revisions\/140"}],"wp:featuredmedia":[{"embeddable":true,"href":"https:\/\/www.diario21.tv\/noticias\/wp-json\/wp\/v2\/media\/139"}],"wp:attachment":[{"href":"https:\/\/www.diario21.tv\/noticias\/wp-json\/wp\/v2\/media?parent=138"}],"wp:term":[{"taxonomy":"category","embeddable":true,"href":"https:\/\/www.diario21.tv\/noticias\/wp-json\/wp\/v2\/categories?post=138"},{"taxonomy":"post_tag","embeddable":true,"href":"https:\/\/www.diario21.tv\/noticias\/wp-json\/wp\/v2\/tags?post=138"}],"curies":[{"name":"wp","href":"https:\/\/api.w.org\/{rel}","templated":true}]}}