{"id":1375,"date":"2024-12-01T19:07:31","date_gmt":"2024-12-01T19:07:31","guid":{"rendered":"https:\/\/www.diario21.tv\/noticias\/escandalo-en-universidad-contrata-a-profesores-de-lengua-de-signos-sin-dominarla-reclaman-sordos\/"},"modified":"2024-12-01T19:07:36","modified_gmt":"2024-12-01T19:07:36","slug":"escandalo-en-universidad-contrata-a-profesores-de-lengua-de-signos-sin-dominarla-reclaman-sordos","status":"publish","type":"post","link":"https:\/\/www.diario21.tv\/noticias\/escandalo-en-universidad-contrata-a-profesores-de-lengua-de-signos-sin-dominarla-reclaman-sordos\/","title":{"rendered":"\u00a1Esc\u00e1ndalo en universidad! Contrata a profesores de lengua de signos sin dominarla, reclaman sordos."},"content":{"rendered":"<h2>La Comunidad Sorda Exige Seriedad en la Contrataci\u00f3n de Profesores de Lengua de Signos<\/h2>\n<p>La comunidad sorda ha expresado su firme descontento y exige mayor seriedad a una universidad, la cual ha sido se\u00f1alada por contratar a docentes para ense\u00f1ar lengua de signos que, sorprendentemente, no est\u00e1n familiarizados con ella. Este hecho ha generado un amplio debate sobre la competencia y la adecuaci\u00f3n de los profesionales encargados de impartir este tipo de educaci\u00f3n esencial.<\/p>\n<h3>Falta de Conocimiento Evidente<\/h3>\n<p>La controversia surgi\u00f3 cuando varios estudiantes sordos notaron que los m\u00e9todos y signos utilizados por los profesores reci\u00e9n contratados no correspond\u00edan a los est\u00e1ndares aceptados de la lengua de signos. Esta situaci\u00f3n no solo afecta la calidad del aprendizaje, sino que tambi\u00e9n pone en evidencia la falta de medidas adecuadas en el proceso de selecci\u00f3n de personal docente especializado en esta \u00e1rea.<\/p>\n<h3>Reacciones y Consecuencias<\/h3>\n<p>Ante esta situaci\u00f3n, representantes de la comunidad sorda han reclamado a la instituci\u00f3n educativa que revise sus procesos de contrataci\u00f3n para asegurar que los profesores de lengua de signos posean las competencias necesarias para ense\u00f1ar de manera efectiva. Adem\u00e1s, han solicitado que se implementen programas de formaci\u00f3n continua que garanticen la actualizaci\u00f3n de los conocimientos de los docentes en esta lengua tan particular.<\/p>\n<p>La universidad, por su parte, ha reconocido la necesidad de reevaluar sus criterios de selecci\u00f3n y ha prometido tomar medidas correctivas para resolver este problema. El compromiso incluye la revisi\u00f3n de las credenciales de los profesores actuales y la posible incorporaci\u00f3n de expertos sordos en el proceso de selecci\u00f3n para futuras contrataciones.<\/p>\n<h3>Implicaciones a Largo Plazo<\/h3>\n<p>Este incidente ha resaltado la importancia de la competencia y la especializaci\u00f3n en la ense\u00f1anza de la lengua de signos. No solo se trata de respetar y valorar la cultura sorda, sino tambi\u00e9n de proporcionar una educaci\u00f3n de calidad que pueda realmente beneficiar a los estudiantes sordos y asegurar su plena integraci\u00f3n acad\u00e9mica y social.<\/p>\n<p>La comunidad sorda sigue vigilante y espera que este tipo de errores no se repitan en el futuro, no solo en esta universidad, sino en todas las instituciones educativas que ofrecen programas en lengua de signos. La lucha por un rigor acad\u00e9mico y profesional adecuado en la ense\u00f1anza de esta lengua es fundamental para garantizar que los derechos y las necesidades de las personas sordas sean siempre atendidos y respetados.<\/p>\n\n\n<div class=\"kk-star-ratings kksr-auto kksr-align-left kksr-valign-bottom\"\n    data-payload='{&quot;align&quot;:&quot;left&quot;,&quot;id&quot;:&quot;1375&quot;,&quot;slug&quot;:&quot;default&quot;,&quot;valign&quot;:&quot;bottom&quot;,&quot;ignore&quot;:&quot;&quot;,&quot;reference&quot;:&quot;auto&quot;,&quot;class&quot;:&quot;&quot;,&quot;count&quot;:&quot;0&quot;,&quot;legendonly&quot;:&quot;&quot;,&quot;readonly&quot;:&quot;&quot;,&quot;score&quot;:&quot;0&quot;,&quot;starsonly&quot;:&quot;&quot;,&quot;best&quot;:&quot;5&quot;,&quot;gap&quot;:&quot;5&quot;,&quot;greet&quot;:&quot;Valora este post&quot;,&quot;legend&quot;:&quot;0\\\/5 - (0 votes)&quot;,&quot;size&quot;:&quot;22&quot;,&quot;title&quot;:&quot;\u00a1Esc\u00e1ndalo en universidad! Contrata a profesores de lengua de signos sin dominarla, reclaman sordos.&quot;,&quot;width&quot;:&quot;0&quot;,&quot;_legend&quot;:&quot;{score}\\\/{best} - ({count} {votes})&quot;,&quot;font_factor&quot;:&quot;1.25&quot;}'>\n            \n<div class=\"kksr-stars\">\n    \n<div class=\"kksr-stars-inactive\">\n            <div class=\"kksr-star\" data-star=\"1\" style=\"padding-right: 5px\">\n            \n\n<div class=\"kksr-icon\" style=\"width: 22px; height: 22px;\"><\/div>\n        <\/div>\n            <div class=\"kksr-star\" data-star=\"2\" style=\"padding-right: 5px\">\n            \n\n<div class=\"kksr-icon\" style=\"width: 22px; height: 22px;\"><\/div>\n        <\/div>\n            <div class=\"kksr-star\" data-star=\"3\" style=\"padding-right: 5px\">\n            \n\n<div class=\"kksr-icon\" style=\"width: 22px; height: 22px;\"><\/div>\n        <\/div>\n            <div class=\"kksr-star\" data-star=\"4\" style=\"padding-right: 5px\">\n            \n\n<div class=\"kksr-icon\" style=\"width: 22px; height: 22px;\"><\/div>\n        <\/div>\n            <div class=\"kksr-star\" data-star=\"5\" style=\"padding-right: 5px\">\n            \n\n<div class=\"kksr-icon\" style=\"width: 22px; height: 22px;\"><\/div>\n        <\/div>\n    <\/div>\n    \n<div class=\"kksr-stars-active\" style=\"width: 0px;\">\n            <div class=\"kksr-star\" style=\"padding-right: 5px\">\n            \n\n<div class=\"kksr-icon\" style=\"width: 22px; height: 22px;\"><\/div>\n        <\/div>\n            <div class=\"kksr-star\" style=\"padding-right: 5px\">\n            \n\n<div class=\"kksr-icon\" style=\"width: 22px; height: 22px;\"><\/div>\n        <\/div>\n            <div class=\"kksr-star\" style=\"padding-right: 5px\">\n            \n\n<div class=\"kksr-icon\" style=\"width: 22px; height: 22px;\"><\/div>\n        <\/div>\n            <div class=\"kksr-star\" style=\"padding-right: 5px\">\n            \n\n<div class=\"kksr-icon\" style=\"width: 22px; height: 22px;\"><\/div>\n        <\/div>\n            <div class=\"kksr-star\" style=\"padding-right: 5px\">\n            \n\n<div class=\"kksr-icon\" style=\"width: 22px; height: 22px;\"><\/div>\n        <\/div>\n    <\/div>\n<\/div>\n                \n\n<div class=\"kksr-legend\" style=\"font-size: 17.6px;\">\n            <span class=\"kksr-muted\">Valora este post<\/span>\n    <\/div>\n    <\/div>\n","protected":false},"excerpt":{"rendered":"<p>La Comunidad Sorda Exige Seriedad en la Contrataci\u00f3n de Profesores de Lengua de Signos La comunidad sorda ha expresado su firme descontento y exige mayor seriedad &#8230; <a title=\"\u00a1Esc\u00e1ndalo en universidad! Contrata a profesores de lengua de signos sin dominarla, reclaman sordos.\" class=\"read-more\" href=\"https:\/\/www.diario21.tv\/noticias\/escandalo-en-universidad-contrata-a-profesores-de-lengua-de-signos-sin-dominarla-reclaman-sordos\/\" aria-label=\"Leer m\u00e1s sobre \u00a1Esc\u00e1ndalo en universidad! Contrata a profesores de lengua de signos sin dominarla, reclaman sordos.\">Seguir leyendo &rarr;<\/a><\/p>\n","protected":false},"author":20,"featured_media":1376,"comment_status":"open","ping_status":"open","sticky":false,"template":"","format":"standard","meta":{"footnotes":""},"categories":[13],"tags":[],"class_list":["post-1375","post","type-post","status-publish","format-standard","has-post-thumbnail","hentry","category-portada"],"yoast_head":"<!-- This site is optimized with the Yoast SEO plugin v25.6 - https:\/\/yoast.com\/wordpress\/plugins\/seo\/ -->\n<title>\u00a1Esc\u00e1ndalo en universidad! Contrata a profesores de lengua de signos sin dominarla, reclaman sordos. - Diario 21<\/title>\n<meta name=\"robots\" content=\"index, follow, max-snippet:-1, max-image-preview:large, max-video-preview:-1\" \/>\n<link rel=\"canonical\" href=\"https:\/\/www.diario21.tv\/noticias\/escandalo-en-universidad-contrata-a-profesores-de-lengua-de-signos-sin-dominarla-reclaman-sordos\/\" \/>\n<meta property=\"og:locale\" content=\"es_ES\" \/>\n<meta property=\"og:type\" content=\"article\" \/>\n<meta property=\"og:title\" content=\"\u00a1Esc\u00e1ndalo en universidad! Contrata a profesores de lengua de signos sin dominarla, reclaman sordos. - Diario 21\" \/>\n<meta property=\"og:description\" content=\"La Comunidad Sorda Exige Seriedad en la Contrataci\u00f3n de Profesores de Lengua de Signos La comunidad sorda ha expresado su firme descontento y exige mayor seriedad ... Seguir leyendo &rarr;\" \/>\n<meta property=\"og:url\" content=\"https:\/\/www.diario21.tv\/noticias\/escandalo-en-universidad-contrata-a-profesores-de-lengua-de-signos-sin-dominarla-reclaman-sordos\/\" \/>\n<meta property=\"og:site_name\" content=\"Diario 21\" \/>\n<meta property=\"article:published_time\" content=\"2024-12-01T19:07:31+00:00\" \/>\n<meta property=\"article:modified_time\" content=\"2024-12-01T19:07:36+00:00\" \/>\n<meta property=\"og:image\" content=\"https:\/\/www.diario21.tv\/noticias\/wp-content\/uploads\/2024\/12\/\u00a1Escandalo-en-universidad-Contrata-a-profesores-de-lengua-de-signos.JPG\" \/>\n\t<meta property=\"og:image:width\" content=\"1920\" \/>\n\t<meta property=\"og:image:height\" content=\"1080\" \/>\n\t<meta property=\"og:image:type\" content=\"image\/jpeg\" \/>\n<meta name=\"author\" content=\"Juan P\u00e9rez\" \/>\n<meta name=\"twitter:card\" content=\"summary_large_image\" \/>\n<meta name=\"twitter:label1\" content=\"Escrito por\" \/>\n\t<meta name=\"twitter:data1\" content=\"Juan P\u00e9rez\" \/>\n\t<meta name=\"twitter:label2\" content=\"Tiempo de lectura\" \/>\n\t<meta name=\"twitter:data2\" content=\"2 minutos\" \/>\n<script type=\"application\/ld+json\" class=\"yoast-schema-graph\">{\"@context\":\"https:\/\/schema.org\",\"@graph\":[{\"@type\":\"WebPage\",\"@id\":\"https:\/\/www.diario21.tv\/noticias\/escandalo-en-universidad-contrata-a-profesores-de-lengua-de-signos-sin-dominarla-reclaman-sordos\/\",\"url\":\"https:\/\/www.diario21.tv\/noticias\/escandalo-en-universidad-contrata-a-profesores-de-lengua-de-signos-sin-dominarla-reclaman-sordos\/\",\"name\":\"\u00a1Esc\u00e1ndalo en universidad! Contrata a profesores de lengua de signos sin dominarla, reclaman sordos. - Diario 21\",\"isPartOf\":{\"@id\":\"https:\/\/www.diario21.tv\/noticias\/#website\"},\"primaryImageOfPage\":{\"@id\":\"https:\/\/www.diario21.tv\/noticias\/escandalo-en-universidad-contrata-a-profesores-de-lengua-de-signos-sin-dominarla-reclaman-sordos\/#primaryimage\"},\"image\":{\"@id\":\"https:\/\/www.diario21.tv\/noticias\/escandalo-en-universidad-contrata-a-profesores-de-lengua-de-signos-sin-dominarla-reclaman-sordos\/#primaryimage\"},\"thumbnailUrl\":\"https:\/\/www.diario21.tv\/noticias\/wp-content\/uploads\/2024\/12\/\u00a1Escandalo-en-universidad-Contrata-a-profesores-de-lengua-de-signos.JPG\",\"datePublished\":\"2024-12-01T19:07:31+00:00\",\"dateModified\":\"2024-12-01T19:07:36+00:00\",\"author\":{\"@id\":\"https:\/\/www.diario21.tv\/noticias\/#\/schema\/person\/dfb778f73814d8f09f302618446a526b\"},\"breadcrumb\":{\"@id\":\"https:\/\/www.diario21.tv\/noticias\/escandalo-en-universidad-contrata-a-profesores-de-lengua-de-signos-sin-dominarla-reclaman-sordos\/#breadcrumb\"},\"inLanguage\":\"es-AR\",\"potentialAction\":[{\"@type\":\"ReadAction\",\"target\":[\"https:\/\/www.diario21.tv\/noticias\/escandalo-en-universidad-contrata-a-profesores-de-lengua-de-signos-sin-dominarla-reclaman-sordos\/\"]}]},{\"@type\":\"ImageObject\",\"inLanguage\":\"es-AR\",\"@id\":\"https:\/\/www.diario21.tv\/noticias\/escandalo-en-universidad-contrata-a-profesores-de-lengua-de-signos-sin-dominarla-reclaman-sordos\/#primaryimage\",\"url\":\"https:\/\/www.diario21.tv\/noticias\/wp-content\/uploads\/2024\/12\/\u00a1Escandalo-en-universidad-Contrata-a-profesores-de-lengua-de-signos.JPG\",\"contentUrl\":\"https:\/\/www.diario21.tv\/noticias\/wp-content\/uploads\/2024\/12\/\u00a1Escandalo-en-universidad-Contrata-a-profesores-de-lengua-de-signos.JPG\",\"width\":1920,\"height\":1080,\"caption\":\"Las personas sordas reclaman \u00abrigor\u00bb a una universidad que contrat\u00f3 profesores de lengua de signos sin conocerla\"},{\"@type\":\"BreadcrumbList\",\"@id\":\"https:\/\/www.diario21.tv\/noticias\/escandalo-en-universidad-contrata-a-profesores-de-lengua-de-signos-sin-dominarla-reclaman-sordos\/#breadcrumb\",\"itemListElement\":[{\"@type\":\"ListItem\",\"position\":1,\"name\":\"Accueil\",\"item\":\"https:\/\/www.diario21.tv\/noticias\/\"},{\"@type\":\"ListItem\",\"position\":2,\"name\":\"\u00a1Esc\u00e1ndalo en universidad! Contrata a profesores de lengua de signos sin dominarla, reclaman sordos.\"}]},{\"@type\":\"WebSite\",\"@id\":\"https:\/\/www.diario21.tv\/noticias\/#website\",\"url\":\"https:\/\/www.diario21.tv\/noticias\/\",\"name\":\"Diario 21\",\"description\":\"\",\"potentialAction\":[{\"@type\":\"SearchAction\",\"target\":{\"@type\":\"EntryPoint\",\"urlTemplate\":\"https:\/\/www.diario21.tv\/noticias\/?s={search_term_string}\"},\"query-input\":{\"@type\":\"PropertyValueSpecification\",\"valueRequired\":true,\"valueName\":\"search_term_string\"}}],\"inLanguage\":\"es-AR\"},{\"@type\":\"Person\",\"@id\":\"https:\/\/www.diario21.tv\/noticias\/#\/schema\/person\/dfb778f73814d8f09f302618446a526b\",\"name\":\"Juan P\u00e9rez\",\"image\":{\"@type\":\"ImageObject\",\"inLanguage\":\"es-AR\",\"@id\":\"https:\/\/www.diario21.tv\/noticias\/#\/schema\/person\/image\/\",\"url\":\"https:\/\/secure.gravatar.com\/avatar\/c478a405bd10621167f4c3167cc770f5?s=96&d=mm&r=g\",\"contentUrl\":\"https:\/\/secure.gravatar.com\/avatar\/c478a405bd10621167f4c3167cc770f5?s=96&d=mm&r=g\",\"caption\":\"Juan P\u00e9rez\"},\"description\":\"Juan P\u00e9rez es el redactor en jefe de Diario 21. Con m\u00e1s de 10 a\u00f1os de experiencia en el periodismo, se especializa en pol\u00edtica nacional y an\u00e1lisis socioecon\u00f3mico. Su enfoque cr\u00edtico y riguroso aporta una perspectiva \u00fanica a cada art\u00edculo.\",\"sameAs\":[\"https:\/\/www.diario21.tv\/noticias\/\"],\"url\":\"https:\/\/www.diario21.tv\/noticias\/author\/juan-perez\/\"}]}<\/script>\n<!-- \/ Yoast SEO plugin. -->","yoast_head_json":{"title":"\u00a1Esc\u00e1ndalo en universidad! Contrata a profesores de lengua de signos sin dominarla, reclaman sordos. - Diario 21","robots":{"index":"index","follow":"follow","max-snippet":"max-snippet:-1","max-image-preview":"max-image-preview:large","max-video-preview":"max-video-preview:-1"},"canonical":"https:\/\/www.diario21.tv\/noticias\/escandalo-en-universidad-contrata-a-profesores-de-lengua-de-signos-sin-dominarla-reclaman-sordos\/","og_locale":"es_ES","og_type":"article","og_title":"\u00a1Esc\u00e1ndalo en universidad! Contrata a profesores de lengua de signos sin dominarla, reclaman sordos. - Diario 21","og_description":"La Comunidad Sorda Exige Seriedad en la Contrataci\u00f3n de Profesores de Lengua de Signos La comunidad sorda ha expresado su firme descontento y exige mayor seriedad ... Seguir leyendo &rarr;","og_url":"https:\/\/www.diario21.tv\/noticias\/escandalo-en-universidad-contrata-a-profesores-de-lengua-de-signos-sin-dominarla-reclaman-sordos\/","og_site_name":"Diario 21","article_published_time":"2024-12-01T19:07:31+00:00","article_modified_time":"2024-12-01T19:07:36+00:00","og_image":[{"width":1920,"height":1080,"url":"https:\/\/www.diario21.tv\/noticias\/wp-content\/uploads\/2024\/12\/\u00a1Escandalo-en-universidad-Contrata-a-profesores-de-lengua-de-signos.JPG","type":"image\/jpeg"}],"author":"Juan P\u00e9rez","twitter_card":"summary_large_image","twitter_misc":{"Escrito por":"Juan P\u00e9rez","Tiempo de lectura":"2 minutos"},"schema":{"@context":"https:\/\/schema.org","@graph":[{"@type":"WebPage","@id":"https:\/\/www.diario21.tv\/noticias\/escandalo-en-universidad-contrata-a-profesores-de-lengua-de-signos-sin-dominarla-reclaman-sordos\/","url":"https:\/\/www.diario21.tv\/noticias\/escandalo-en-universidad-contrata-a-profesores-de-lengua-de-signos-sin-dominarla-reclaman-sordos\/","name":"\u00a1Esc\u00e1ndalo en universidad! Contrata a profesores de lengua de signos sin dominarla, reclaman sordos. - Diario 21","isPartOf":{"@id":"https:\/\/www.diario21.tv\/noticias\/#website"},"primaryImageOfPage":{"@id":"https:\/\/www.diario21.tv\/noticias\/escandalo-en-universidad-contrata-a-profesores-de-lengua-de-signos-sin-dominarla-reclaman-sordos\/#primaryimage"},"image":{"@id":"https:\/\/www.diario21.tv\/noticias\/escandalo-en-universidad-contrata-a-profesores-de-lengua-de-signos-sin-dominarla-reclaman-sordos\/#primaryimage"},"thumbnailUrl":"https:\/\/www.diario21.tv\/noticias\/wp-content\/uploads\/2024\/12\/\u00a1Escandalo-en-universidad-Contrata-a-profesores-de-lengua-de-signos.JPG","datePublished":"2024-12-01T19:07:31+00:00","dateModified":"2024-12-01T19:07:36+00:00","author":{"@id":"https:\/\/www.diario21.tv\/noticias\/#\/schema\/person\/dfb778f73814d8f09f302618446a526b"},"breadcrumb":{"@id":"https:\/\/www.diario21.tv\/noticias\/escandalo-en-universidad-contrata-a-profesores-de-lengua-de-signos-sin-dominarla-reclaman-sordos\/#breadcrumb"},"inLanguage":"es-AR","potentialAction":[{"@type":"ReadAction","target":["https:\/\/www.diario21.tv\/noticias\/escandalo-en-universidad-contrata-a-profesores-de-lengua-de-signos-sin-dominarla-reclaman-sordos\/"]}]},{"@type":"ImageObject","inLanguage":"es-AR","@id":"https:\/\/www.diario21.tv\/noticias\/escandalo-en-universidad-contrata-a-profesores-de-lengua-de-signos-sin-dominarla-reclaman-sordos\/#primaryimage","url":"https:\/\/www.diario21.tv\/noticias\/wp-content\/uploads\/2024\/12\/\u00a1Escandalo-en-universidad-Contrata-a-profesores-de-lengua-de-signos.JPG","contentUrl":"https:\/\/www.diario21.tv\/noticias\/wp-content\/uploads\/2024\/12\/\u00a1Escandalo-en-universidad-Contrata-a-profesores-de-lengua-de-signos.JPG","width":1920,"height":1080,"caption":"Las personas sordas reclaman \u00abrigor\u00bb a una universidad que contrat\u00f3 profesores de lengua de signos sin conocerla"},{"@type":"BreadcrumbList","@id":"https:\/\/www.diario21.tv\/noticias\/escandalo-en-universidad-contrata-a-profesores-de-lengua-de-signos-sin-dominarla-reclaman-sordos\/#breadcrumb","itemListElement":[{"@type":"ListItem","position":1,"name":"Accueil","item":"https:\/\/www.diario21.tv\/noticias\/"},{"@type":"ListItem","position":2,"name":"\u00a1Esc\u00e1ndalo en universidad! Contrata a profesores de lengua de signos sin dominarla, reclaman sordos."}]},{"@type":"WebSite","@id":"https:\/\/www.diario21.tv\/noticias\/#website","url":"https:\/\/www.diario21.tv\/noticias\/","name":"Diario 21","description":"","potentialAction":[{"@type":"SearchAction","target":{"@type":"EntryPoint","urlTemplate":"https:\/\/www.diario21.tv\/noticias\/?s={search_term_string}"},"query-input":{"@type":"PropertyValueSpecification","valueRequired":true,"valueName":"search_term_string"}}],"inLanguage":"es-AR"},{"@type":"Person","@id":"https:\/\/www.diario21.tv\/noticias\/#\/schema\/person\/dfb778f73814d8f09f302618446a526b","name":"Juan P\u00e9rez","image":{"@type":"ImageObject","inLanguage":"es-AR","@id":"https:\/\/www.diario21.tv\/noticias\/#\/schema\/person\/image\/","url":"https:\/\/secure.gravatar.com\/avatar\/c478a405bd10621167f4c3167cc770f5?s=96&d=mm&r=g","contentUrl":"https:\/\/secure.gravatar.com\/avatar\/c478a405bd10621167f4c3167cc770f5?s=96&d=mm&r=g","caption":"Juan P\u00e9rez"},"description":"Juan P\u00e9rez es el redactor en jefe de Diario 21. Con m\u00e1s de 10 a\u00f1os de experiencia en el periodismo, se especializa en pol\u00edtica nacional y an\u00e1lisis socioecon\u00f3mico. Su enfoque cr\u00edtico y riguroso aporta una perspectiva \u00fanica a cada art\u00edculo.","sameAs":["https:\/\/www.diario21.tv\/noticias\/"],"url":"https:\/\/www.diario21.tv\/noticias\/author\/juan-perez\/"}]}},"_links":{"self":[{"href":"https:\/\/www.diario21.tv\/noticias\/wp-json\/wp\/v2\/posts\/1375"}],"collection":[{"href":"https:\/\/www.diario21.tv\/noticias\/wp-json\/wp\/v2\/posts"}],"about":[{"href":"https:\/\/www.diario21.tv\/noticias\/wp-json\/wp\/v2\/types\/post"}],"author":[{"embeddable":true,"href":"https:\/\/www.diario21.tv\/noticias\/wp-json\/wp\/v2\/users\/20"}],"replies":[{"embeddable":true,"href":"https:\/\/www.diario21.tv\/noticias\/wp-json\/wp\/v2\/comments?post=1375"}],"version-history":[{"count":1,"href":"https:\/\/www.diario21.tv\/noticias\/wp-json\/wp\/v2\/posts\/1375\/revisions"}],"predecessor-version":[{"id":1377,"href":"https:\/\/www.diario21.tv\/noticias\/wp-json\/wp\/v2\/posts\/1375\/revisions\/1377"}],"wp:featuredmedia":[{"embeddable":true,"href":"https:\/\/www.diario21.tv\/noticias\/wp-json\/wp\/v2\/media\/1376"}],"wp:attachment":[{"href":"https:\/\/www.diario21.tv\/noticias\/wp-json\/wp\/v2\/media?parent=1375"}],"wp:term":[{"taxonomy":"category","embeddable":true,"href":"https:\/\/www.diario21.tv\/noticias\/wp-json\/wp\/v2\/categories?post=1375"},{"taxonomy":"post_tag","embeddable":true,"href":"https:\/\/www.diario21.tv\/noticias\/wp-json\/wp\/v2\/tags?post=1375"}],"curies":[{"name":"wp","href":"https:\/\/api.w.org\/{rel}","templated":true}]}}