{"id":1372,"date":"2024-12-01T13:06:20","date_gmt":"2024-12-01T13:06:20","guid":{"rendered":"https:\/\/www.diario21.tv\/noticias\/descubrimiento-impactante-el-oceano-enfria-el-clima-mucho-mas-de-lo-previsto-revelan-cientificos-espanoles\/"},"modified":"2024-12-01T13:06:23","modified_gmt":"2024-12-01T13:06:23","slug":"descubrimiento-impactante-el-oceano-enfria-el-clima-mucho-mas-de-lo-previsto-revelan-cientificos-espanoles","status":"publish","type":"post","link":"https:\/\/www.diario21.tv\/noticias\/descubrimiento-impactante-el-oceano-enfria-el-clima-mucho-mas-de-lo-previsto-revelan-cientificos-espanoles\/","title":{"rendered":"Descubrimiento impactante: el oc\u00e9ano enfr\u00eda el clima mucho m\u00e1s de lo previsto, revelan cient\u00edficos espa\u00f1oles"},"content":{"rendered":"<h2>Descubrimiento de Cient\u00edficos Espa\u00f1oles sobre el Impacto del Oc\u00e9ano en el Clima<\/h2>\n<p>Un equipo de investigadores espa\u00f1oles ha revelado recientemente que los oc\u00e9anos tienen una capacidad mayor para moderar las temperaturas globales de lo que se hab\u00eda estimado anteriormente. Este hallazgo podr\u00eda tener implicaciones significativas para las estrategias globales de mitigaci\u00f3n del cambio clim\u00e1tico.<\/p>\n<h3>Un Estudio Revelador<\/h3>\n<p>La investigaci\u00f3n, dirigida por destacados cient\u00edficos del clima en Espa\u00f1a, se enfoc\u00f3 en analizar la interacci\u00f3n entre los oc\u00e9anos y la atm\u00f3sfera, espec\u00edficamente c\u00f3mo los vastos cuerpos de agua absorben y redistribuyen el calor alrededor del planeta. Los resultados del estudio indicaron que los oc\u00e9anos no solo se limitan a absorber calor, sino que tambi\u00e9n juegan un rol crucial en su redistribuci\u00f3n, lo que a su vez influye en las condiciones clim\u00e1ticas globales de manera m\u00e1s significativa de lo que se pensaba.<\/p>\n<h3>Mecanismos de Enfriamiento Oce\u00e1nico<\/h3>\n<p>Los investigadores encontraron que los procesos oce\u00e1nicos, como las corrientes marinas y los ciclos de mezcla de aguas profundas, son m\u00e1s eficientes en el transporte de calor desde las regiones ecuatoriales hacia los polos de lo que se hab\u00eda registrado en estudios anteriores. Este fen\u00f3meno contribuye a un efecto de enfriamiento natural que puede ayudar a moderar las temperaturas superficiales del planeta.<\/p>\n<h3>Implicaciones para las Pol\u00edticas Clim\u00e1ticas<\/h3>\n<p>Este nuevo entendimiento sobre el papel del oc\u00e9ano en el sistema clim\u00e1tico global sugiere que las pol\u00edticas y modelos clim\u00e1ticos actuales podr\u00edan necesitar ajustes. Reconocer la capacidad de enfriamiento de los oc\u00e9anos podr\u00eda llevar a enfoques m\u00e1s integrados que consideren la din\u00e1mica oce\u00e1nica como un factor clave en la lucha contra el cambio clim\u00e1tico.<\/p>\n<h3>Pr\u00f3ximos Pasos en la Investigaci\u00f3n<\/h3>\n<p>El equipo de cient\u00edficos planea continuar su investigaci\u00f3n para explorar m\u00e1s a fondo c\u00f3mo los distintos factores oce\u00e1nicos contribuyen espec\u00edficamente al clima global. Tambi\u00e9n est\u00e1n interesados en investigar c\u00f3mo el aumento de las temperaturas globales afectar\u00e1 la capacidad de los oc\u00e9anos para actuar como reguladores t\u00e9rmicos.<\/p>\n<p>Este descubrimiento no solo resalta la importancia de los oc\u00e9anos en nuestro clima global, sino que tambi\u00e9n podr\u00eda ser crucial para desarrollar estrategias m\u00e1s efectivas para combatir el cambio clim\u00e1tico en el futuro.<\/p>\n\n\n<div class=\"kk-star-ratings kksr-auto kksr-align-left kksr-valign-bottom\"\n    data-payload='{&quot;align&quot;:&quot;left&quot;,&quot;id&quot;:&quot;1372&quot;,&quot;slug&quot;:&quot;default&quot;,&quot;valign&quot;:&quot;bottom&quot;,&quot;ignore&quot;:&quot;&quot;,&quot;reference&quot;:&quot;auto&quot;,&quot;class&quot;:&quot;&quot;,&quot;count&quot;:&quot;0&quot;,&quot;legendonly&quot;:&quot;&quot;,&quot;readonly&quot;:&quot;&quot;,&quot;score&quot;:&quot;0&quot;,&quot;starsonly&quot;:&quot;&quot;,&quot;best&quot;:&quot;5&quot;,&quot;gap&quot;:&quot;5&quot;,&quot;greet&quot;:&quot;Valora este post&quot;,&quot;legend&quot;:&quot;0\\\/5 - (0 votes)&quot;,&quot;size&quot;:&quot;22&quot;,&quot;title&quot;:&quot;Descubrimiento impactante: el oc\u00e9ano enfr\u00eda el clima mucho m\u00e1s de lo previsto, revelan cient\u00edficos espa\u00f1oles&quot;,&quot;width&quot;:&quot;0&quot;,&quot;_legend&quot;:&quot;{score}\\\/{best} - ({count} {votes})&quot;,&quot;font_factor&quot;:&quot;1.25&quot;}'>\n            \n<div class=\"kksr-stars\">\n    \n<div class=\"kksr-stars-inactive\">\n            <div class=\"kksr-star\" data-star=\"1\" style=\"padding-right: 5px\">\n            \n\n<div class=\"kksr-icon\" style=\"width: 22px; height: 22px;\"><\/div>\n        <\/div>\n            <div class=\"kksr-star\" data-star=\"2\" style=\"padding-right: 5px\">\n            \n\n<div class=\"kksr-icon\" style=\"width: 22px; height: 22px;\"><\/div>\n        <\/div>\n            <div class=\"kksr-star\" data-star=\"3\" style=\"padding-right: 5px\">\n            \n\n<div class=\"kksr-icon\" style=\"width: 22px; height: 22px;\"><\/div>\n        <\/div>\n            <div class=\"kksr-star\" data-star=\"4\" style=\"padding-right: 5px\">\n            \n\n<div class=\"kksr-icon\" style=\"width: 22px; height: 22px;\"><\/div>\n        <\/div>\n            <div class=\"kksr-star\" data-star=\"5\" style=\"padding-right: 5px\">\n            \n\n<div class=\"kksr-icon\" style=\"width: 22px; height: 22px;\"><\/div>\n        <\/div>\n    <\/div>\n    \n<div class=\"kksr-stars-active\" style=\"width: 0px;\">\n            <div class=\"kksr-star\" style=\"padding-right: 5px\">\n            \n\n<div class=\"kksr-icon\" style=\"width: 22px; height: 22px;\"><\/div>\n        <\/div>\n            <div class=\"kksr-star\" style=\"padding-right: 5px\">\n            \n\n<div class=\"kksr-icon\" style=\"width: 22px; height: 22px;\"><\/div>\n        <\/div>\n            <div class=\"kksr-star\" style=\"padding-right: 5px\">\n            \n\n<div class=\"kksr-icon\" style=\"width: 22px; height: 22px;\"><\/div>\n        <\/div>\n            <div class=\"kksr-star\" style=\"padding-right: 5px\">\n            \n\n<div class=\"kksr-icon\" style=\"width: 22px; height: 22px;\"><\/div>\n        <\/div>\n            <div class=\"kksr-star\" style=\"padding-right: 5px\">\n            \n\n<div class=\"kksr-icon\" style=\"width: 22px; height: 22px;\"><\/div>\n        <\/div>\n    <\/div>\n<\/div>\n                \n\n<div class=\"kksr-legend\" style=\"font-size: 17.6px;\">\n            <span class=\"kksr-muted\">Valora este post<\/span>\n    <\/div>\n    <\/div>\n","protected":false},"excerpt":{"rendered":"<p>Descubrimiento de Cient\u00edficos Espa\u00f1oles sobre el Impacto del Oc\u00e9ano en el Clima Un equipo de investigadores espa\u00f1oles ha revelado recientemente que los oc\u00e9anos tienen una capacidad &#8230; <a title=\"Descubrimiento impactante: el oc\u00e9ano enfr\u00eda el clima mucho m\u00e1s de lo previsto, revelan cient\u00edficos espa\u00f1oles\" class=\"read-more\" href=\"https:\/\/www.diario21.tv\/noticias\/descubrimiento-impactante-el-oceano-enfria-el-clima-mucho-mas-de-lo-previsto-revelan-cientificos-espanoles\/\" aria-label=\"Leer m\u00e1s sobre Descubrimiento impactante: el oc\u00e9ano enfr\u00eda el clima mucho m\u00e1s de lo previsto, revelan cient\u00edficos espa\u00f1oles\">Seguir leyendo &rarr;<\/a><\/p>\n","protected":false},"author":20,"featured_media":1373,"comment_status":"open","ping_status":"open","sticky":false,"template":"","format":"standard","meta":{"footnotes":""},"categories":[13],"tags":[],"class_list":["post-1372","post","type-post","status-publish","format-standard","has-post-thumbnail","hentry","category-portada"],"yoast_head":"<!-- This site is optimized with the Yoast SEO plugin v25.6 - https:\/\/yoast.com\/wordpress\/plugins\/seo\/ -->\n<title>Descubrimiento impactante: el oc\u00e9ano enfr\u00eda el clima mucho m\u00e1s de lo previsto, revelan cient\u00edficos espa\u00f1oles - Diario 21<\/title>\n<meta name=\"robots\" content=\"index, follow, max-snippet:-1, max-image-preview:large, max-video-preview:-1\" \/>\n<link rel=\"canonical\" href=\"https:\/\/www.diario21.tv\/noticias\/descubrimiento-impactante-el-oceano-enfria-el-clima-mucho-mas-de-lo-previsto-revelan-cientificos-espanoles\/\" \/>\n<meta property=\"og:locale\" content=\"es_ES\" \/>\n<meta property=\"og:type\" content=\"article\" \/>\n<meta property=\"og:title\" content=\"Descubrimiento impactante: el oc\u00e9ano enfr\u00eda el clima mucho m\u00e1s de lo previsto, revelan cient\u00edficos espa\u00f1oles - Diario 21\" \/>\n<meta property=\"og:description\" content=\"Descubrimiento de Cient\u00edficos Espa\u00f1oles sobre el Impacto del Oc\u00e9ano en el Clima Un equipo de investigadores espa\u00f1oles ha revelado recientemente que los oc\u00e9anos tienen una capacidad ... Seguir leyendo &rarr;\" \/>\n<meta property=\"og:url\" content=\"https:\/\/www.diario21.tv\/noticias\/descubrimiento-impactante-el-oceano-enfria-el-clima-mucho-mas-de-lo-previsto-revelan-cientificos-espanoles\/\" \/>\n<meta property=\"og:site_name\" content=\"Diario 21\" \/>\n<meta property=\"article:published_time\" content=\"2024-12-01T13:06:20+00:00\" \/>\n<meta property=\"article:modified_time\" content=\"2024-12-01T13:06:23+00:00\" \/>\n<meta property=\"og:image\" content=\"https:\/\/www.diario21.tv\/noticias\/wp-content\/uploads\/2024\/12\/Descubrimiento-impactante-el-oceano-enfria-el-clima-mucho-mas-de.JPG\" \/>\n\t<meta property=\"og:image:width\" content=\"1920\" \/>\n\t<meta property=\"og:image:height\" content=\"1080\" \/>\n\t<meta property=\"og:image:type\" content=\"image\/jpeg\" \/>\n<meta name=\"author\" content=\"Juan P\u00e9rez\" \/>\n<meta name=\"twitter:card\" content=\"summary_large_image\" \/>\n<meta name=\"twitter:label1\" content=\"Escrito por\" \/>\n\t<meta name=\"twitter:data1\" content=\"Juan P\u00e9rez\" \/>\n\t<meta name=\"twitter:label2\" content=\"Tiempo de lectura\" \/>\n\t<meta name=\"twitter:data2\" content=\"2 minutos\" \/>\n<script type=\"application\/ld+json\" class=\"yoast-schema-graph\">{\"@context\":\"https:\/\/schema.org\",\"@graph\":[{\"@type\":\"WebPage\",\"@id\":\"https:\/\/www.diario21.tv\/noticias\/descubrimiento-impactante-el-oceano-enfria-el-clima-mucho-mas-de-lo-previsto-revelan-cientificos-espanoles\/\",\"url\":\"https:\/\/www.diario21.tv\/noticias\/descubrimiento-impactante-el-oceano-enfria-el-clima-mucho-mas-de-lo-previsto-revelan-cientificos-espanoles\/\",\"name\":\"Descubrimiento impactante: el oc\u00e9ano enfr\u00eda el clima mucho m\u00e1s de lo previsto, revelan cient\u00edficos espa\u00f1oles - Diario 21\",\"isPartOf\":{\"@id\":\"https:\/\/www.diario21.tv\/noticias\/#website\"},\"primaryImageOfPage\":{\"@id\":\"https:\/\/www.diario21.tv\/noticias\/descubrimiento-impactante-el-oceano-enfria-el-clima-mucho-mas-de-lo-previsto-revelan-cientificos-espanoles\/#primaryimage\"},\"image\":{\"@id\":\"https:\/\/www.diario21.tv\/noticias\/descubrimiento-impactante-el-oceano-enfria-el-clima-mucho-mas-de-lo-previsto-revelan-cientificos-espanoles\/#primaryimage\"},\"thumbnailUrl\":\"https:\/\/www.diario21.tv\/noticias\/wp-content\/uploads\/2024\/12\/Descubrimiento-impactante-el-oceano-enfria-el-clima-mucho-mas-de.JPG\",\"datePublished\":\"2024-12-01T13:06:20+00:00\",\"dateModified\":\"2024-12-01T13:06:23+00:00\",\"author\":{\"@id\":\"https:\/\/www.diario21.tv\/noticias\/#\/schema\/person\/dfb778f73814d8f09f302618446a526b\"},\"breadcrumb\":{\"@id\":\"https:\/\/www.diario21.tv\/noticias\/descubrimiento-impactante-el-oceano-enfria-el-clima-mucho-mas-de-lo-previsto-revelan-cientificos-espanoles\/#breadcrumb\"},\"inLanguage\":\"es-AR\",\"potentialAction\":[{\"@type\":\"ReadAction\",\"target\":[\"https:\/\/www.diario21.tv\/noticias\/descubrimiento-impactante-el-oceano-enfria-el-clima-mucho-mas-de-lo-previsto-revelan-cientificos-espanoles\/\"]}]},{\"@type\":\"ImageObject\",\"inLanguage\":\"es-AR\",\"@id\":\"https:\/\/www.diario21.tv\/noticias\/descubrimiento-impactante-el-oceano-enfria-el-clima-mucho-mas-de-lo-previsto-revelan-cientificos-espanoles\/#primaryimage\",\"url\":\"https:\/\/www.diario21.tv\/noticias\/wp-content\/uploads\/2024\/12\/Descubrimiento-impactante-el-oceano-enfria-el-clima-mucho-mas-de.JPG\",\"contentUrl\":\"https:\/\/www.diario21.tv\/noticias\/wp-content\/uploads\/2024\/12\/Descubrimiento-impactante-el-oceano-enfria-el-clima-mucho-mas-de.JPG\",\"width\":1920,\"height\":1080,\"caption\":\"Cient\u00edficos espa\u00f1oles descubren que el oc\u00e9ano enfr\u00eda el clima m\u00e1s de lo que se pensaba\"},{\"@type\":\"BreadcrumbList\",\"@id\":\"https:\/\/www.diario21.tv\/noticias\/descubrimiento-impactante-el-oceano-enfria-el-clima-mucho-mas-de-lo-previsto-revelan-cientificos-espanoles\/#breadcrumb\",\"itemListElement\":[{\"@type\":\"ListItem\",\"position\":1,\"name\":\"Accueil\",\"item\":\"https:\/\/www.diario21.tv\/noticias\/\"},{\"@type\":\"ListItem\",\"position\":2,\"name\":\"Descubrimiento impactante: el oc\u00e9ano enfr\u00eda el clima mucho m\u00e1s de lo previsto, revelan cient\u00edficos espa\u00f1oles\"}]},{\"@type\":\"WebSite\",\"@id\":\"https:\/\/www.diario21.tv\/noticias\/#website\",\"url\":\"https:\/\/www.diario21.tv\/noticias\/\",\"name\":\"Diario 21\",\"description\":\"\",\"potentialAction\":[{\"@type\":\"SearchAction\",\"target\":{\"@type\":\"EntryPoint\",\"urlTemplate\":\"https:\/\/www.diario21.tv\/noticias\/?s={search_term_string}\"},\"query-input\":{\"@type\":\"PropertyValueSpecification\",\"valueRequired\":true,\"valueName\":\"search_term_string\"}}],\"inLanguage\":\"es-AR\"},{\"@type\":\"Person\",\"@id\":\"https:\/\/www.diario21.tv\/noticias\/#\/schema\/person\/dfb778f73814d8f09f302618446a526b\",\"name\":\"Juan P\u00e9rez\",\"image\":{\"@type\":\"ImageObject\",\"inLanguage\":\"es-AR\",\"@id\":\"https:\/\/www.diario21.tv\/noticias\/#\/schema\/person\/image\/\",\"url\":\"https:\/\/secure.gravatar.com\/avatar\/c478a405bd10621167f4c3167cc770f5?s=96&d=mm&r=g\",\"contentUrl\":\"https:\/\/secure.gravatar.com\/avatar\/c478a405bd10621167f4c3167cc770f5?s=96&d=mm&r=g\",\"caption\":\"Juan P\u00e9rez\"},\"description\":\"Juan P\u00e9rez es el redactor en jefe de Diario 21. Con m\u00e1s de 10 a\u00f1os de experiencia en el periodismo, se especializa en pol\u00edtica nacional y an\u00e1lisis socioecon\u00f3mico. Su enfoque cr\u00edtico y riguroso aporta una perspectiva \u00fanica a cada art\u00edculo.\",\"sameAs\":[\"https:\/\/www.diario21.tv\/noticias\/\"],\"url\":\"https:\/\/www.diario21.tv\/noticias\/author\/juan-perez\/\"}]}<\/script>\n<!-- \/ Yoast SEO plugin. -->","yoast_head_json":{"title":"Descubrimiento impactante: el oc\u00e9ano enfr\u00eda el clima mucho m\u00e1s de lo previsto, revelan cient\u00edficos espa\u00f1oles - Diario 21","robots":{"index":"index","follow":"follow","max-snippet":"max-snippet:-1","max-image-preview":"max-image-preview:large","max-video-preview":"max-video-preview:-1"},"canonical":"https:\/\/www.diario21.tv\/noticias\/descubrimiento-impactante-el-oceano-enfria-el-clima-mucho-mas-de-lo-previsto-revelan-cientificos-espanoles\/","og_locale":"es_ES","og_type":"article","og_title":"Descubrimiento impactante: el oc\u00e9ano enfr\u00eda el clima mucho m\u00e1s de lo previsto, revelan cient\u00edficos espa\u00f1oles - Diario 21","og_description":"Descubrimiento de Cient\u00edficos Espa\u00f1oles sobre el Impacto del Oc\u00e9ano en el Clima Un equipo de investigadores espa\u00f1oles ha revelado recientemente que los oc\u00e9anos tienen una capacidad ... Seguir leyendo &rarr;","og_url":"https:\/\/www.diario21.tv\/noticias\/descubrimiento-impactante-el-oceano-enfria-el-clima-mucho-mas-de-lo-previsto-revelan-cientificos-espanoles\/","og_site_name":"Diario 21","article_published_time":"2024-12-01T13:06:20+00:00","article_modified_time":"2024-12-01T13:06:23+00:00","og_image":[{"width":1920,"height":1080,"url":"https:\/\/www.diario21.tv\/noticias\/wp-content\/uploads\/2024\/12\/Descubrimiento-impactante-el-oceano-enfria-el-clima-mucho-mas-de.JPG","type":"image\/jpeg"}],"author":"Juan P\u00e9rez","twitter_card":"summary_large_image","twitter_misc":{"Escrito por":"Juan P\u00e9rez","Tiempo de lectura":"2 minutos"},"schema":{"@context":"https:\/\/schema.org","@graph":[{"@type":"WebPage","@id":"https:\/\/www.diario21.tv\/noticias\/descubrimiento-impactante-el-oceano-enfria-el-clima-mucho-mas-de-lo-previsto-revelan-cientificos-espanoles\/","url":"https:\/\/www.diario21.tv\/noticias\/descubrimiento-impactante-el-oceano-enfria-el-clima-mucho-mas-de-lo-previsto-revelan-cientificos-espanoles\/","name":"Descubrimiento impactante: el oc\u00e9ano enfr\u00eda el clima mucho m\u00e1s de lo previsto, revelan cient\u00edficos espa\u00f1oles - Diario 21","isPartOf":{"@id":"https:\/\/www.diario21.tv\/noticias\/#website"},"primaryImageOfPage":{"@id":"https:\/\/www.diario21.tv\/noticias\/descubrimiento-impactante-el-oceano-enfria-el-clima-mucho-mas-de-lo-previsto-revelan-cientificos-espanoles\/#primaryimage"},"image":{"@id":"https:\/\/www.diario21.tv\/noticias\/descubrimiento-impactante-el-oceano-enfria-el-clima-mucho-mas-de-lo-previsto-revelan-cientificos-espanoles\/#primaryimage"},"thumbnailUrl":"https:\/\/www.diario21.tv\/noticias\/wp-content\/uploads\/2024\/12\/Descubrimiento-impactante-el-oceano-enfria-el-clima-mucho-mas-de.JPG","datePublished":"2024-12-01T13:06:20+00:00","dateModified":"2024-12-01T13:06:23+00:00","author":{"@id":"https:\/\/www.diario21.tv\/noticias\/#\/schema\/person\/dfb778f73814d8f09f302618446a526b"},"breadcrumb":{"@id":"https:\/\/www.diario21.tv\/noticias\/descubrimiento-impactante-el-oceano-enfria-el-clima-mucho-mas-de-lo-previsto-revelan-cientificos-espanoles\/#breadcrumb"},"inLanguage":"es-AR","potentialAction":[{"@type":"ReadAction","target":["https:\/\/www.diario21.tv\/noticias\/descubrimiento-impactante-el-oceano-enfria-el-clima-mucho-mas-de-lo-previsto-revelan-cientificos-espanoles\/"]}]},{"@type":"ImageObject","inLanguage":"es-AR","@id":"https:\/\/www.diario21.tv\/noticias\/descubrimiento-impactante-el-oceano-enfria-el-clima-mucho-mas-de-lo-previsto-revelan-cientificos-espanoles\/#primaryimage","url":"https:\/\/www.diario21.tv\/noticias\/wp-content\/uploads\/2024\/12\/Descubrimiento-impactante-el-oceano-enfria-el-clima-mucho-mas-de.JPG","contentUrl":"https:\/\/www.diario21.tv\/noticias\/wp-content\/uploads\/2024\/12\/Descubrimiento-impactante-el-oceano-enfria-el-clima-mucho-mas-de.JPG","width":1920,"height":1080,"caption":"Cient\u00edficos espa\u00f1oles descubren que el oc\u00e9ano enfr\u00eda el clima m\u00e1s de lo que se pensaba"},{"@type":"BreadcrumbList","@id":"https:\/\/www.diario21.tv\/noticias\/descubrimiento-impactante-el-oceano-enfria-el-clima-mucho-mas-de-lo-previsto-revelan-cientificos-espanoles\/#breadcrumb","itemListElement":[{"@type":"ListItem","position":1,"name":"Accueil","item":"https:\/\/www.diario21.tv\/noticias\/"},{"@type":"ListItem","position":2,"name":"Descubrimiento impactante: el oc\u00e9ano enfr\u00eda el clima mucho m\u00e1s de lo previsto, revelan cient\u00edficos espa\u00f1oles"}]},{"@type":"WebSite","@id":"https:\/\/www.diario21.tv\/noticias\/#website","url":"https:\/\/www.diario21.tv\/noticias\/","name":"Diario 21","description":"","potentialAction":[{"@type":"SearchAction","target":{"@type":"EntryPoint","urlTemplate":"https:\/\/www.diario21.tv\/noticias\/?s={search_term_string}"},"query-input":{"@type":"PropertyValueSpecification","valueRequired":true,"valueName":"search_term_string"}}],"inLanguage":"es-AR"},{"@type":"Person","@id":"https:\/\/www.diario21.tv\/noticias\/#\/schema\/person\/dfb778f73814d8f09f302618446a526b","name":"Juan P\u00e9rez","image":{"@type":"ImageObject","inLanguage":"es-AR","@id":"https:\/\/www.diario21.tv\/noticias\/#\/schema\/person\/image\/","url":"https:\/\/secure.gravatar.com\/avatar\/c478a405bd10621167f4c3167cc770f5?s=96&d=mm&r=g","contentUrl":"https:\/\/secure.gravatar.com\/avatar\/c478a405bd10621167f4c3167cc770f5?s=96&d=mm&r=g","caption":"Juan P\u00e9rez"},"description":"Juan P\u00e9rez es el redactor en jefe de Diario 21. Con m\u00e1s de 10 a\u00f1os de experiencia en el periodismo, se especializa en pol\u00edtica nacional y an\u00e1lisis socioecon\u00f3mico. Su enfoque cr\u00edtico y riguroso aporta una perspectiva \u00fanica a cada art\u00edculo.","sameAs":["https:\/\/www.diario21.tv\/noticias\/"],"url":"https:\/\/www.diario21.tv\/noticias\/author\/juan-perez\/"}]}},"_links":{"self":[{"href":"https:\/\/www.diario21.tv\/noticias\/wp-json\/wp\/v2\/posts\/1372"}],"collection":[{"href":"https:\/\/www.diario21.tv\/noticias\/wp-json\/wp\/v2\/posts"}],"about":[{"href":"https:\/\/www.diario21.tv\/noticias\/wp-json\/wp\/v2\/types\/post"}],"author":[{"embeddable":true,"href":"https:\/\/www.diario21.tv\/noticias\/wp-json\/wp\/v2\/users\/20"}],"replies":[{"embeddable":true,"href":"https:\/\/www.diario21.tv\/noticias\/wp-json\/wp\/v2\/comments?post=1372"}],"version-history":[{"count":1,"href":"https:\/\/www.diario21.tv\/noticias\/wp-json\/wp\/v2\/posts\/1372\/revisions"}],"predecessor-version":[{"id":1374,"href":"https:\/\/www.diario21.tv\/noticias\/wp-json\/wp\/v2\/posts\/1372\/revisions\/1374"}],"wp:featuredmedia":[{"embeddable":true,"href":"https:\/\/www.diario21.tv\/noticias\/wp-json\/wp\/v2\/media\/1373"}],"wp:attachment":[{"href":"https:\/\/www.diario21.tv\/noticias\/wp-json\/wp\/v2\/media?parent=1372"}],"wp:term":[{"taxonomy":"category","embeddable":true,"href":"https:\/\/www.diario21.tv\/noticias\/wp-json\/wp\/v2\/categories?post=1372"},{"taxonomy":"post_tag","embeddable":true,"href":"https:\/\/www.diario21.tv\/noticias\/wp-json\/wp\/v2\/tags?post=1372"}],"curies":[{"name":"wp","href":"https:\/\/api.w.org\/{rel}","templated":true}]}}